{"id":1033,"date":"2024-01-16T09:00:00","date_gmt":"2024-01-16T08:00:00","guid":{"rendered":"https:\/\/reservofficerarna.se\/reservofficeren\/?p=1033"},"modified":"2023-12-18T12:17:03","modified_gmt":"2023-12-18T11:17:03","slug":"sa-ska-du-tanka-kring-premien","status":"publish","type":"post","link":"https:\/\/reservofficerarna.se\/reservofficeren\/avtal\/sa-ska-du-tanka-kring-premien\/","title":{"rendered":"S\u00e5 ska du t\u00e4nka kring premien"},"content":{"rendered":"\n<p class=\"has-lead-text-font-size\">Tack vare v\u00e5rt nya kollektivavtal f\u00e5r allt fler reserv\u00adofficerare nu r\u00e4tt till sin tj\u00e4nstg\u00f6ringspremie om tv\u00e5 prisbasbelopp, i \u00e5r 105\u2009000 kronor. \u201dKom ih\u00e5g att ans\u00f6ka om premien innan sista juni 2025 s\u00e5 det inte blir f\u00f6r sent\u201d, s\u00e4ger F\u00f6rbundet Reserv\u00adofficerarnas f\u00f6rhandlingschef Jonas Wiberg, som h\u00e4r svarar p\u00e5 de vanligaste fr\u00e5gorna om premien:<\/p>\n\n\n\n<p><strong>\u00c4r premien skattepliktig?<\/strong><\/p>\n\n\n\n<p>\u2013 Ja. Den r\u00e4knas som ers\u00e4ttning f\u00f6r arbete.<\/p>\n\n\n\n<p><strong>Jag har f\u00e5tt n\u00e5gon sorts premie tidigare \u00e4n 2010. Har jag r\u00e4tt till den h\u00e4r tj\u00e4nstg\u00f6ringspremien om tv\u00e5 prisbasbelopp \u00e4nd\u00e5?<\/strong><\/p>\n\n\n\n<p>\u2013 Har du f\u00e5tt en tj\u00e4nstg\u00f6ringspremie enligt nuvarande Officersf\u00f6rordning, s\u00e5 har du inte r\u00e4tt att f\u00e5 den igen. Har du f\u00e5tt tj\u00e4nstg\u00f6ringspremie som byggde p\u00e5 andra regelverk \u00e4n denna f\u00f6rordning, s\u00e5 har du r\u00e4tt att f\u00e5 den h\u00e4r premien.<\/p>\n\n\n\n<p><strong>Vad h\u00e4nder med tid inarbetad innan 2010 \u2013 gills inte den f\u00f6r att f\u00e5 premien?<\/strong><\/p>\n\n\n\n<p>\u2013 Nej, den gills inte.<\/p>\n\n\n\n<p><strong>Tidigare sade F\u00f6rsvarsmakten att tj\u00e4nstg\u00f6ring som RO 3 inte r\u00e4knades f\u00f6r premien. Kan jag med det nya avtalet tillgodor\u00e4kna mig \u00e4ven genomf\u00f6rd RO 3-tj\u00e4nstg\u00f6ring f\u00f6r att f\u00e5 premien?<\/strong><\/p>\n\n\n\n<p>\u2013 Ja. All tj\u00e4nstg\u00f6ring som reservofficer r\u00e4knas, oavsett om det var som RO1, RO2 eller RO3.<\/p>\n\n\n\n<p><strong>Kan jag f\u00e5 premien om tv\u00e5 prisbasbelopp en g\u00e5ng till om jag s\u00e4ger upp mig och p\u00e5b\u00f6rjar en ny anst\u00e4llning som reservofficer?<\/strong><\/p>\n\n\n\n<p>\u2013 Nej, du kan bara f\u00e5 tj\u00e4nstg\u00f6rings\u00adpremien om tv\u00e5 prisbasbelopp en g\u00e5ng.<\/p>\n\n\n\n<p><strong>R\u00e4knas tid som jag tj\u00e4nstgjort i Hemv\u00e4rnet som premiegrundande?<\/strong><\/p>\n\n\n\n<p>\u2013 Ja, f\u00f6rutsatt att du har tj\u00e4nstgjort som reservofficer med placering i Hemv\u00e4rnet. Om du har g\u00e5tt p\u00e5 Hemv\u00e4rnsavtal har du inte r\u00e4tt till premien.<\/p>\n\n\n\n<p><strong>Vad menas med att man antingen ska vara anst\u00e4lld enligt nu g\u00e4llande officersf\u00f6rordning, eller att ens anst\u00e4llning har omreglerats f\u00f6r att avse internationell tj\u00e4nstg\u00f6ringsskyldighet?<\/strong><\/p>\n\n\n\n<p>\u2013 Det inneb\u00e4r att du antingen anst\u00e4lldes efter reglerna i nuvarande Officersf\u00f6rordning, och d\u00e5 ska all din tj\u00e4nstg\u00f6ring r\u00e4knas som premiegrundande. Om du anst\u00e4lldes tidigare \u00e4n 2008, anst\u00e4lldes du enligt en f\u00f6rordning med andra regler. Det som h\u00e4nde 2010 var att all personal i F\u00f6rsvarsmakten fick nya anst\u00e4llningsbeslut, med anledning av internationell tj\u00e4nst\u00adg\u00f6ringsskyldighet. Det medf\u00f6rde att \u00e4ven den som anst\u00e4llts tidigare \u00e4n 2008 omfattas av nuvarande Officersf\u00f6rordnings regler.<\/p>\n\n\n\n<p><strong>Kan jag skjuta upp att beg\u00e4ra ut premien, \u00e4ven om jag redan har arbetat ihop mina tolv m\u00e5nader?<\/strong><\/p>\n\n\n\n<p>\u2013 Det \u00e4r upp till den enskilde ett best\u00e4mma n\u00e4r det ska g\u00f6ras utbetalning, men enligt avtalet ska framst\u00e4llan vara inne senast i juni 2025.<\/p>\n\n\n\n<p><strong>Om jag inte har arbetat ihop mina tolv m\u00e5nader \u00e4n, vad g\u00f6r jag d\u00e5?<\/strong><\/p>\n\n\n\n<p>\u2013 D\u00e5 v\u00e4ntar du tills att du har kommit upp i tolv inarbetade m\u00e5nader och beg\u00e4r ut premien n\u00e4r r\u00e4tt antal dagar eller m\u00e5nader \u00e4r intj\u00e4nade.<\/p>\n\n\n\n<p><strong>Vad g\u00e4ller f\u00f6r oss sjuksk\u00f6terskor som tidigare varit anst\u00e4llda som GSS\/T men nu f\u00e5tt beslut om att vi omvandlats till reservofficerare \u2013 har vi ocks\u00e5 r\u00e4tt till premien?<\/strong><\/p>\n\n\n\n<p>\u2013 F\u00f6rsvarsmakten f\u00e5r, enligt Officersf\u00f6rordningens \u00a7 20, anst\u00e4lla personer som reservofficer med s\u00e4rskild kompetens. Den anst\u00e4llde ska d\u00e5 genomg\u00e5 en s\u00e4rskild officersutbildning, som ska ge kunskap och f\u00e4rdighet enligt de grunder som anges f\u00f6r ordinarie reservofficersutbildning. D\u00e4rf\u00f6r utg\u00e5r F\u00f6rbundet Reservofficerarna ifr\u00e5n att \u00e4ven reserv\u00adofficerare anst\u00e4llda p\u00e5 \u00a7 20 (vilket m\u00e5nga sjuksk\u00f6terskor bland annat \u00e4r) ocks\u00e5 ska f\u00e5 sin premie efter tolv m\u00e5naders tj\u00e4nstg\u00f6ring.<\/p>\n\n\n\n<p><strong>Vad \u00e4r skillnaden mellan 365 dagar och tolv m\u00e5nader?<\/strong><\/p>\n\n\n\n<p>\u2013 F\u00f6r den som tj\u00e4nstg\u00f6r l\u00e4ngre perioder r\u00e4knas semester, FMD mm in i intj\u00e4nandet. Den som jobbar kortare perioder i taget eller enstaka dagar f\u00e5r inte g\u00f6ra det, utan m\u00e5ste allts\u00e5 jobba varenda dag f\u00f6r att tj\u00e4na in r\u00e4tt antal dagar.<\/p>\n\n\n\n<p><strong>S\u00c5 S\u00c4GER KOLLEKTIVAVTALET OM PREMIEN<\/strong><\/p>\n\n\n\n<ul class=\"wp-block-list\">\n<li>Den som efter att ha genomg\u00e5tt grundl\u00e4ggande officersutbildning och har tj\u00e4nstgjort som reservofficer under en tid av sammanlagt tolv m\u00e5nader f\u00e5r en tj\u00e4nstg\u00f6ringspremie som motsvarar tv\u00e5 prisbasbelopp enligt 2 kap. 6 och 7 \u00a7\u00a7 socialf\u00f6rs\u00e4kringsbalken.<\/li>\n\n\n\n<li>F\u00f6r den som anst\u00e4llts enligt Officers\u00adf\u00f6rordningen (2007:1268) r\u00e4knas all tj\u00e4nstg\u00f6ringstid som reservofficer fr\u00e5n anst\u00e4llningstillf\u00e4llet, till dess sammanlagt tolv m\u00e5naders tj\u00e4nstg\u00f6ringstid uppn\u00e5s. Motsvarande r\u00e4tt tillfaller ocks\u00e5 reserv\u00adofficerare vars anst\u00e4llning omreglerats f\u00f6r att \u00e4ven avse internationell tj\u00e4nstg\u00f6ringsskyldighet. Tj\u00e4nstg\u00f6ringstid f\u00f6r s\u00e5dan r\u00e4tt r\u00e4knas fr\u00e5n den nya anst\u00e4llningens ing\u00e5ende (2010). Med tolv m\u00e5nader avses 365 dagar.<\/li>\n\n\n\n<li>Som tj\u00e4nstg\u00f6ringstid r\u00e4knas tid under tj\u00e4nstg\u00f6ringen d\u00e5 reservofficeren haft semester, beviljats annan ledighet eller haft vilodagar n\u00e5gon g\u00e5ng under tj\u00e4nstg\u00f6ringsperioden.<\/li>\n\n\n\n<li>Tj\u00e4nstg\u00f6ringspremie kan bara utbetalas en g\u00e5ng per reservofficer.<\/li>\n\n\n\n<li>Utbetalning sker vid ordinarie l\u00f6ne\u00adutbetalning snarast m\u00f6jligt efter att arbetstagaren skickat in beg\u00e4ran om utbetalning av tj\u00e4nstg\u00f6ringspremie till arbetsgivaren.<\/li>\n\n\n\n<li>Yrkesofficer som sagt upp sig utan att g\u00e5 i pension (f\u00f6rtidsavg\u00e5ngen), men som d\u00e4refter anst\u00e4lls som reserv\u00adofficer, \u00e4r ber\u00e4ttigad till tj\u00e4nstg\u00f6ringspremie.<\/li>\n\n\n\n<li>Reservofficer som sagt upp sig utan att g\u00e5 i pension (f\u00f6rtidsavg\u00e5ngen), men som d\u00e4refter anst\u00e4lls som reservofficer, \u00e4r ber\u00e4ttigad till tj\u00e4nstg\u00f6ringspremie. S\u00e5dan r\u00e4tt f\u00f6religger dock inte om reserv\u00adofficeren i sin tidigare anst\u00e4llning redan erh\u00e5llit tj\u00e4nst\u00adg\u00f6ringspremie, oavsett f\u00f6rfattningsst\u00f6d.<\/li>\n\n\n\n<li>Yrkesofficer som avg\u00e5tt i pensioneringssyfte, men som d\u00e4refter anst\u00e4lls som reservofficer \u00e4r inte ber\u00e4ttigad till tj\u00e4nst\u00adg\u00f6ringspremie.<\/li>\n\n\n\n<li>Reservofficer som avg\u00e5tt i pensioneringssyfte \u00e4r inte ber\u00e4ttigad till tj\u00e4nst\u00adg\u00f6ringspremie.<\/li>\n<\/ul>\n\n\n\n<p><strong>G\u00d6R S\u00c5 H\u00c4R F\u00d6R ATT F\u00c5 DIN PREMIE<\/strong><\/p>\n\n\n\n<ul class=\"wp-block-list\">\n<li>Kontrollera att du har tj\u00e4nstgjort som reservofficer tolv m\u00e5nader from 2010. Om du \u00e4r os\u00e4ker, kolla med din lokala HR-avdelning. Om du inte vet vilket f\u00f6rband du tillh\u00f6r, kolla med <a href=\"mailto:H&#82;&#45;&#100;ire&#107;&#116;&#64;mil&#46;s&#101;\">H&#82;-d&#105;rek&#116;&#64;&#109;il.&#115;&#101;<\/a>.<\/li>\n\n\n\n<li>Meddela din chef och be denne skicka in blankett till HRC f\u00f6r utbetalning av premien.<\/li>\n<\/ul>\n","protected":false},"excerpt":{"rendered":"<p>Tack vare v\u00e5rt nya kollektivavtal f\u00e5r allt fler reserv\u00adofficerare nu r\u00e4tt till sin tj\u00e4nstg\u00f6ringspremie om tv\u00e5 prisbasbelopp, i \u00e5r 105\u2009000 kronor. \u201dKom ih\u00e5g att ans\u00f6ka om premien innan sista juni 2025 s\u00e5 det inte blir f\u00f6r sent\u201d, s\u00e4ger F\u00f6rbundet Reserv\u00adofficerarnas f\u00f6rhandlingschef Jonas Wiberg, som h\u00e4r svarar p\u00e5 de vanligaste fr\u00e5gorna om premien: \u00c4r premien skattepliktig? &hellip;<\/p>\n","protected":false},"author":1,"featured_media":1034,"comment_status":"closed","ping_status":"closed","sticky":true,"template":"","format":"standard","meta":{"_acf_changed":false,"footnotes":""},"categories":[19],"tags":[],"class_list":["post-1033","post","type-post","status-publish","format-standard","has-post-thumbnail","hentry","category-avtal"],"acf":[],"yoast_head":"<!-- This site is optimized with the Yoast SEO plugin v27.4 - https:\/\/yoast.com\/product\/yoast-seo-wordpress\/ -->\n<title>S\u00e5 ska du t\u00e4nka kring premien - Reservofficeren<\/title>\n<meta name=\"robots\" content=\"index, follow, max-snippet:-1, max-image-preview:large, max-video-preview:-1\" \/>\n<link rel=\"canonical\" href=\"https:\/\/reservofficerarna.se\/reservofficeren\/avtal\/sa-ska-du-tanka-kring-premien\/\" \/>\n<meta property=\"og:locale\" content=\"sv_SE\" \/>\n<meta property=\"og:type\" content=\"article\" \/>\n<meta property=\"og:title\" content=\"S\u00e5 ska du t\u00e4nka kring premien - Reservofficeren\" \/>\n<meta property=\"og:description\" content=\"Tack vare v\u00e5rt nya kollektivavtal f\u00e5r allt fler reserv\u00adofficerare nu r\u00e4tt till sin tj\u00e4nstg\u00f6ringspremie om tv\u00e5 prisbasbelopp, i \u00e5r 105\u2009000 kronor. \u201dKom ih\u00e5g att ans\u00f6ka om premien innan sista juni 2025 s\u00e5 det inte blir f\u00f6r sent\u201d, s\u00e4ger F\u00f6rbundet Reserv\u00adofficerarnas f\u00f6rhandlingschef Jonas Wiberg, som h\u00e4r svarar p\u00e5 de vanligaste fr\u00e5gorna om premien: \u00c4r premien skattepliktig? &hellip;\" \/>\n<meta property=\"og:url\" content=\"https:\/\/reservofficerarna.se\/reservofficeren\/avtal\/sa-ska-du-tanka-kring-premien\/\" \/>\n<meta property=\"og:site_name\" content=\"Reservofficeren\" \/>\n<meta property=\"article:published_time\" content=\"2024-01-16T08:00:00+00:00\" \/>\n<meta property=\"og:image\" content=\"https:\/\/reservofficerarna.se\/app\/uploads\/sites\/2\/2023\/12\/premie-dragare.jpg\" \/>\n\t<meta property=\"og:image:width\" content=\"1920\" \/>\n\t<meta property=\"og:image:height\" content=\"1080\" \/>\n\t<meta property=\"og:image:type\" content=\"image\/jpeg\" \/>\n<meta name=\"author\" content=\"wpreservofficerarna\" \/>\n<meta name=\"twitter:card\" content=\"summary_large_image\" \/>\n<meta name=\"twitter:label1\" content=\"Skriven av\" \/>\n\t<meta name=\"twitter:data1\" content=\"wpreservofficerarna\" \/>\n\t<meta name=\"twitter:label2\" content=\"Ber\u00e4knad l\u00e4stid\" \/>\n\t<meta name=\"twitter:data2\" content=\"5 minuter\" \/>\n<script type=\"application\/ld+json\" class=\"yoast-schema-graph\">{\"@context\":\"https:\\\/\\\/schema.org\",\"@graph\":[{\"@type\":\"Article\",\"@id\":\"https:\\\/\\\/reservofficerarna.se\\\/reservofficeren\\\/avtal\\\/sa-ska-du-tanka-kring-premien\\\/#article\",\"isPartOf\":{\"@id\":\"https:\\\/\\\/reservofficerarna.se\\\/reservofficeren\\\/avtal\\\/sa-ska-du-tanka-kring-premien\\\/\"},\"author\":{\"name\":\"wpreservofficerarna\",\"@id\":\"https:\\\/\\\/staging.reservofficerarna.se\\\/reservofficeren\\\/#\\\/schema\\\/person\\\/d63322fe51ba95c7e32e60a60190148c\"},\"headline\":\"S\u00e5 ska du t\u00e4nka kring premien\",\"datePublished\":\"2024-01-16T08:00:00+00:00\",\"mainEntityOfPage\":{\"@id\":\"https:\\\/\\\/reservofficerarna.se\\\/reservofficeren\\\/avtal\\\/sa-ska-du-tanka-kring-premien\\\/\"},\"wordCount\":1075,\"image\":{\"@id\":\"https:\\\/\\\/reservofficerarna.se\\\/reservofficeren\\\/avtal\\\/sa-ska-du-tanka-kring-premien\\\/#primaryimage\"},\"thumbnailUrl\":\"https:\\\/\\\/reservofficerarna.se\\\/app\\\/uploads\\\/sites\\\/2\\\/2023\\\/12\\\/premie-dragare.jpg\",\"articleSection\":[\"Avtal\"],\"inLanguage\":\"sv-SE\"},{\"@type\":\"WebPage\",\"@id\":\"https:\\\/\\\/reservofficerarna.se\\\/reservofficeren\\\/avtal\\\/sa-ska-du-tanka-kring-premien\\\/\",\"url\":\"https:\\\/\\\/reservofficerarna.se\\\/reservofficeren\\\/avtal\\\/sa-ska-du-tanka-kring-premien\\\/\",\"name\":\"S\u00e5 ska du t\u00e4nka kring premien - Reservofficeren\",\"isPartOf\":{\"@id\":\"https:\\\/\\\/staging.reservofficerarna.se\\\/reservofficeren\\\/#website\"},\"primaryImageOfPage\":{\"@id\":\"https:\\\/\\\/reservofficerarna.se\\\/reservofficeren\\\/avtal\\\/sa-ska-du-tanka-kring-premien\\\/#primaryimage\"},\"image\":{\"@id\":\"https:\\\/\\\/reservofficerarna.se\\\/reservofficeren\\\/avtal\\\/sa-ska-du-tanka-kring-premien\\\/#primaryimage\"},\"thumbnailUrl\":\"https:\\\/\\\/reservofficerarna.se\\\/app\\\/uploads\\\/sites\\\/2\\\/2023\\\/12\\\/premie-dragare.jpg\",\"datePublished\":\"2024-01-16T08:00:00+00:00\",\"author\":{\"@id\":\"https:\\\/\\\/staging.reservofficerarna.se\\\/reservofficeren\\\/#\\\/schema\\\/person\\\/d63322fe51ba95c7e32e60a60190148c\"},\"breadcrumb\":{\"@id\":\"https:\\\/\\\/reservofficerarna.se\\\/reservofficeren\\\/avtal\\\/sa-ska-du-tanka-kring-premien\\\/#breadcrumb\"},\"inLanguage\":\"sv-SE\",\"potentialAction\":[{\"@type\":\"ReadAction\",\"target\":[\"https:\\\/\\\/reservofficerarna.se\\\/reservofficeren\\\/avtal\\\/sa-ska-du-tanka-kring-premien\\\/\"]}]},{\"@type\":\"ImageObject\",\"inLanguage\":\"sv-SE\",\"@id\":\"https:\\\/\\\/reservofficerarna.se\\\/reservofficeren\\\/avtal\\\/sa-ska-du-tanka-kring-premien\\\/#primaryimage\",\"url\":\"https:\\\/\\\/reservofficerarna.se\\\/app\\\/uploads\\\/sites\\\/2\\\/2023\\\/12\\\/premie-dragare.jpg\",\"contentUrl\":\"https:\\\/\\\/reservofficerarna.se\\\/app\\\/uploads\\\/sites\\\/2\\\/2023\\\/12\\\/premie-dragare.jpg\",\"width\":1920,\"height\":1080},{\"@type\":\"BreadcrumbList\",\"@id\":\"https:\\\/\\\/reservofficerarna.se\\\/reservofficeren\\\/avtal\\\/sa-ska-du-tanka-kring-premien\\\/#breadcrumb\",\"itemListElement\":[{\"@type\":\"ListItem\",\"position\":1,\"name\":\"Hem\",\"item\":\"https:\\\/\\\/reservofficerarna.se\\\/reservofficeren\\\/\"},{\"@type\":\"ListItem\",\"position\":2,\"name\":\"S\u00e5 ska du t\u00e4nka kring premien\"}]},{\"@type\":\"WebSite\",\"@id\":\"https:\\\/\\\/staging.reservofficerarna.se\\\/reservofficeren\\\/#website\",\"url\":\"https:\\\/\\\/staging.reservofficerarna.se\\\/reservofficeren\\\/\",\"name\":\"Reservofficeren\",\"description\":\"F\u00f6rbundet Reservofficerarnas tidning\",\"potentialAction\":[{\"@type\":\"SearchAction\",\"target\":{\"@type\":\"EntryPoint\",\"urlTemplate\":\"https:\\\/\\\/staging.reservofficerarna.se\\\/reservofficeren\\\/?s={search_term_string}\"},\"query-input\":{\"@type\":\"PropertyValueSpecification\",\"valueRequired\":true,\"valueName\":\"search_term_string\"}}],\"inLanguage\":\"sv-SE\"},{\"@type\":\"Person\",\"@id\":\"https:\\\/\\\/staging.reservofficerarna.se\\\/reservofficeren\\\/#\\\/schema\\\/person\\\/d63322fe51ba95c7e32e60a60190148c\",\"name\":\"wpreservofficerarna\",\"sameAs\":[\"https:\\\/\\\/reservofficerarna.se\\\/wp\"]}]}<\/script>\n<!-- \/ Yoast SEO plugin. -->","yoast_head_json":{"title":"S\u00e5 ska du t\u00e4nka kring premien - Reservofficeren","robots":{"index":"index","follow":"follow","max-snippet":"max-snippet:-1","max-image-preview":"max-image-preview:large","max-video-preview":"max-video-preview:-1"},"canonical":"https:\/\/reservofficerarna.se\/reservofficeren\/avtal\/sa-ska-du-tanka-kring-premien\/","og_locale":"sv_SE","og_type":"article","og_title":"S\u00e5 ska du t\u00e4nka kring premien - Reservofficeren","og_description":"Tack vare v\u00e5rt nya kollektivavtal f\u00e5r allt fler reserv\u00adofficerare nu r\u00e4tt till sin tj\u00e4nstg\u00f6ringspremie om tv\u00e5 prisbasbelopp, i \u00e5r 105\u2009000 kronor. \u201dKom ih\u00e5g att ans\u00f6ka om premien innan sista juni 2025 s\u00e5 det inte blir f\u00f6r sent\u201d, s\u00e4ger F\u00f6rbundet Reserv\u00adofficerarnas f\u00f6rhandlingschef Jonas Wiberg, som h\u00e4r svarar p\u00e5 de vanligaste fr\u00e5gorna om premien: \u00c4r premien skattepliktig? &hellip;","og_url":"https:\/\/reservofficerarna.se\/reservofficeren\/avtal\/sa-ska-du-tanka-kring-premien\/","og_site_name":"Reservofficeren","article_published_time":"2024-01-16T08:00:00+00:00","og_image":[{"width":1920,"height":1080,"url":"https:\/\/reservofficerarna.se\/app\/uploads\/sites\/2\/2023\/12\/premie-dragare.jpg","type":"image\/jpeg"}],"author":"wpreservofficerarna","twitter_card":"summary_large_image","twitter_misc":{"Skriven av":"wpreservofficerarna","Ber\u00e4knad l\u00e4stid":"5 minuter"},"schema":{"@context":"https:\/\/schema.org","@graph":[{"@type":"Article","@id":"https:\/\/reservofficerarna.se\/reservofficeren\/avtal\/sa-ska-du-tanka-kring-premien\/#article","isPartOf":{"@id":"https:\/\/reservofficerarna.se\/reservofficeren\/avtal\/sa-ska-du-tanka-kring-premien\/"},"author":{"name":"wpreservofficerarna","@id":"https:\/\/staging.reservofficerarna.se\/reservofficeren\/#\/schema\/person\/d63322fe51ba95c7e32e60a60190148c"},"headline":"S\u00e5 ska du t\u00e4nka kring premien","datePublished":"2024-01-16T08:00:00+00:00","mainEntityOfPage":{"@id":"https:\/\/reservofficerarna.se\/reservofficeren\/avtal\/sa-ska-du-tanka-kring-premien\/"},"wordCount":1075,"image":{"@id":"https:\/\/reservofficerarna.se\/reservofficeren\/avtal\/sa-ska-du-tanka-kring-premien\/#primaryimage"},"thumbnailUrl":"https:\/\/reservofficerarna.se\/app\/uploads\/sites\/2\/2023\/12\/premie-dragare.jpg","articleSection":["Avtal"],"inLanguage":"sv-SE"},{"@type":"WebPage","@id":"https:\/\/reservofficerarna.se\/reservofficeren\/avtal\/sa-ska-du-tanka-kring-premien\/","url":"https:\/\/reservofficerarna.se\/reservofficeren\/avtal\/sa-ska-du-tanka-kring-premien\/","name":"S\u00e5 ska du t\u00e4nka kring premien - Reservofficeren","isPartOf":{"@id":"https:\/\/staging.reservofficerarna.se\/reservofficeren\/#website"},"primaryImageOfPage":{"@id":"https:\/\/reservofficerarna.se\/reservofficeren\/avtal\/sa-ska-du-tanka-kring-premien\/#primaryimage"},"image":{"@id":"https:\/\/reservofficerarna.se\/reservofficeren\/avtal\/sa-ska-du-tanka-kring-premien\/#primaryimage"},"thumbnailUrl":"https:\/\/reservofficerarna.se\/app\/uploads\/sites\/2\/2023\/12\/premie-dragare.jpg","datePublished":"2024-01-16T08:00:00+00:00","author":{"@id":"https:\/\/staging.reservofficerarna.se\/reservofficeren\/#\/schema\/person\/d63322fe51ba95c7e32e60a60190148c"},"breadcrumb":{"@id":"https:\/\/reservofficerarna.se\/reservofficeren\/avtal\/sa-ska-du-tanka-kring-premien\/#breadcrumb"},"inLanguage":"sv-SE","potentialAction":[{"@type":"ReadAction","target":["https:\/\/reservofficerarna.se\/reservofficeren\/avtal\/sa-ska-du-tanka-kring-premien\/"]}]},{"@type":"ImageObject","inLanguage":"sv-SE","@id":"https:\/\/reservofficerarna.se\/reservofficeren\/avtal\/sa-ska-du-tanka-kring-premien\/#primaryimage","url":"https:\/\/reservofficerarna.se\/app\/uploads\/sites\/2\/2023\/12\/premie-dragare.jpg","contentUrl":"https:\/\/reservofficerarna.se\/app\/uploads\/sites\/2\/2023\/12\/premie-dragare.jpg","width":1920,"height":1080},{"@type":"BreadcrumbList","@id":"https:\/\/reservofficerarna.se\/reservofficeren\/avtal\/sa-ska-du-tanka-kring-premien\/#breadcrumb","itemListElement":[{"@type":"ListItem","position":1,"name":"Hem","item":"https:\/\/reservofficerarna.se\/reservofficeren\/"},{"@type":"ListItem","position":2,"name":"S\u00e5 ska du t\u00e4nka kring premien"}]},{"@type":"WebSite","@id":"https:\/\/staging.reservofficerarna.se\/reservofficeren\/#website","url":"https:\/\/staging.reservofficerarna.se\/reservofficeren\/","name":"Reservofficeren","description":"F\u00f6rbundet Reservofficerarnas tidning","potentialAction":[{"@type":"SearchAction","target":{"@type":"EntryPoint","urlTemplate":"https:\/\/staging.reservofficerarna.se\/reservofficeren\/?s={search_term_string}"},"query-input":{"@type":"PropertyValueSpecification","valueRequired":true,"valueName":"search_term_string"}}],"inLanguage":"sv-SE"},{"@type":"Person","@id":"https:\/\/staging.reservofficerarna.se\/reservofficeren\/#\/schema\/person\/d63322fe51ba95c7e32e60a60190148c","name":"wpreservofficerarna","sameAs":["https:\/\/reservofficerarna.se\/wp"]}]}},"_links":{"self":[{"href":"https:\/\/reservofficerarna.se\/reservofficeren\/wp-json\/wp\/v2\/posts\/1033","targetHints":{"allow":["GET"]}}],"collection":[{"href":"https:\/\/reservofficerarna.se\/reservofficeren\/wp-json\/wp\/v2\/posts"}],"about":[{"href":"https:\/\/reservofficerarna.se\/reservofficeren\/wp-json\/wp\/v2\/types\/post"}],"author":[{"embeddable":true,"href":"https:\/\/reservofficerarna.se\/reservofficeren\/wp-json\/wp\/v2\/users\/1"}],"replies":[{"embeddable":true,"href":"https:\/\/reservofficerarna.se\/reservofficeren\/wp-json\/wp\/v2\/comments?post=1033"}],"version-history":[{"count":7,"href":"https:\/\/reservofficerarna.se\/reservofficeren\/wp-json\/wp\/v2\/posts\/1033\/revisions"}],"predecessor-version":[{"id":1041,"href":"https:\/\/reservofficerarna.se\/reservofficeren\/wp-json\/wp\/v2\/posts\/1033\/revisions\/1041"}],"wp:featuredmedia":[{"embeddable":true,"href":"https:\/\/reservofficerarna.se\/reservofficeren\/wp-json\/wp\/v2\/media\/1034"}],"wp:attachment":[{"href":"https:\/\/reservofficerarna.se\/reservofficeren\/wp-json\/wp\/v2\/media?parent=1033"}],"wp:term":[{"taxonomy":"category","embeddable":true,"href":"https:\/\/reservofficerarna.se\/reservofficeren\/wp-json\/wp\/v2\/categories?post=1033"},{"taxonomy":"post_tag","embeddable":true,"href":"https:\/\/reservofficerarna.se\/reservofficeren\/wp-json\/wp\/v2\/tags?post=1033"}],"curies":[{"name":"wp","href":"https:\/\/api.w.org\/{rel}","templated":true}]}}