{"id":1042,"date":"2024-01-23T09:00:00","date_gmt":"2024-01-23T08:00:00","guid":{"rendered":"https:\/\/reservofficerarna.se\/reservofficeren\/?p=1042"},"modified":"2023-12-18T12:30:30","modified_gmt":"2023-12-18T11:30:30","slug":"fm-logs-pilotprojekt-har-vidareutvecklats","status":"publish","type":"post","link":"https:\/\/reservofficerarna.se\/reservofficeren\/nyheter\/fm-logs-pilotprojekt-har-vidareutvecklats\/","title":{"rendered":"FM LOG:s pilotprojekt har vidareutvecklats"},"content":{"rendered":"\n<p class=\"has-lead-text-font-size\">F\u00f6r ett \u00e5r sedan startade FM LOG ett pilotf\u00f6rs\u00f6k d\u00e5 reservofficerare anlitades f\u00f6r att ge f\u00f6rbandets civila personal kombattantutbildning. Nu har f\u00f6rs\u00f6ket utvecklats till att omfatta \u00e4ven grundl\u00e4ggande soldatutbildning.<\/p>\n\n\n\n<p>\u2013 Det \u00e4r ett j\u00e4ttebra s\u00e4tt att ta tillvara p\u00e5 kraften som finns i reservofficersk\u00e5ren, s\u00e4ger \u00f6vningsledaren RO\/Kn Johnny Billstr\u00f6m.<\/p>\n\n\n<div class=\"wp-block-image\">\n<figure class=\"alignleft size-large is-resized\"><img loading=\"lazy\" decoding=\"async\" width=\"600\" height=\"900\" src=\"https:\/\/reservofficerarna.se\/app\/uploads\/sites\/2\/2023\/12\/instruktorer3-600x900.jpg\" alt=\"\" class=\"wp-image-1045\" style=\"aspect-ratio:0.6666666666666666;width:273px;height:auto\" srcset=\"https:\/\/reservofficerarna.se\/app\/uploads\/sites\/2\/2023\/12\/instruktorer3-600x900.jpg 600w, https:\/\/reservofficerarna.se\/app\/uploads\/sites\/2\/2023\/12\/instruktorer3-400x600.jpg 400w, https:\/\/reservofficerarna.se\/app\/uploads\/sites\/2\/2023\/12\/instruktorer3-800x1200.jpg 800w, https:\/\/reservofficerarna.se\/app\/uploads\/sites\/2\/2023\/12\/instruktorer3-1024x1536.jpg 1024w, https:\/\/reservofficerarna.se\/app\/uploads\/sites\/2\/2023\/12\/instruktorer3-300x450.jpg 300w, https:\/\/reservofficerarna.se\/app\/uploads\/sites\/2\/2023\/12\/instruktorer3.jpg 1200w\" sizes=\"auto, (max-width: 600px) 100vw, 600px\" \/><\/figure>\n<\/div>\n\n\n<p>Tillsammans med ett par instrukt\u00f6rer, som ocks\u00e5 \u00e4r reservofficerare, utbildar Johnny Billstr\u00f6m FM LOG:s civila personal. Under \u00e5ret ska fem kurser ges, b\u00e5de KombU och GSU.<\/p>\n\n\n\n<p>\u2013 Ut\u00f6ver att kursdeltagarna f\u00e5r den utbildning de beh\u00f6ver f\u00f6r att kunna krigsplaceras, \u00e4r det ett bra s\u00e4tt f\u00f6r reservofficerare att vidmakth\u00e5lla eller utveckla sin kunskap, konstaterar Johnny Billstr\u00f6m som till vardags jobbar med \u201db\u00e5tar, utrustning och kurser inom det marina livet\u201d.<\/p>\n\n\n\n<p>Ett exempel \u00e4r reservofficerare som saknar utbildning p\u00e5 AK5 C. F\u00f6r att kunna utbilda civila i vapen\u00adhantering, beh\u00f6ver de sj\u00e4lva upp\u00addatera sin kunskap.&nbsp;<\/p>\n\n\n\n<p>\u2013 S\u00e5 det blir en kombination av instrukt\u00f6rsjobb och egen kompetensutveckling, s\u00e4ger Johnny Billstr\u00f6m.<\/p>\n\n\n\n<p>Kursdeltagarna, som kommer fr\u00e5n hela landet eftersom FM LOG \u00e4r ett utspritt f\u00f6rband, f\u00e5r l\u00e4ra sig att upptr\u00e4da korrekt i uniform, att marschera, fysiskt stridsv\u00e4rde, vapenv\u00e5rd, CBRN, folkr\u00e4tt och v\u00e4rdegrund. Bland annat.<\/p>\n\n\n\n<p>\u2013 Det blir inte mycket skolb\u00e4nk, vi \u00e4r ute i skogen n\u00e4stan hela tiden. Det uppskattas, f\u00f6r de flesta \u00e4r ju skrivbordsfolk, s\u00e4ger Johnny Billstr\u00f6m, som ber\u00e4ttar att en positiv bonuseffekt av kursen \u00e4r det n\u00e4rverk och den sammanh\u00e5llning som skapas n\u00e4r kollegor f\u00e5r tr\u00e4ffas i verkliga livet ist\u00e4llet f\u00f6r enbart via mejl eller telefon.<\/p>\n\n\n<div class=\"wp-block-image\">\n<figure class=\"alignleft size-large is-resized\"><img loading=\"lazy\" decoding=\"async\" width=\"675\" height=\"900\" src=\"https:\/\/reservofficerarna.se\/app\/uploads\/sites\/2\/2023\/12\/skjutbana-liggande-675x900.jpg\" alt=\"\" class=\"wp-image-1044\" style=\"aspect-ratio:0.75;width:270px;height:auto\" srcset=\"https:\/\/reservofficerarna.se\/app\/uploads\/sites\/2\/2023\/12\/skjutbana-liggande-675x900.jpg 675w, https:\/\/reservofficerarna.se\/app\/uploads\/sites\/2\/2023\/12\/skjutbana-liggande-450x600.jpg 450w, https:\/\/reservofficerarna.se\/app\/uploads\/sites\/2\/2023\/12\/skjutbana-liggande-800x1066.jpg 800w, https:\/\/reservofficerarna.se\/app\/uploads\/sites\/2\/2023\/12\/skjutbana-liggande-300x400.jpg 300w, https:\/\/reservofficerarna.se\/app\/uploads\/sites\/2\/2023\/12\/skjutbana-liggande.jpg 1000w\" sizes=\"auto, (max-width: 675px) 100vw, 675px\" \/><\/figure>\n<\/div>\n\n\n<p>Att f\u00f6rl\u00e4gga utbildningen utomhus \u00e4r en av skillnaden mot andra kombattantutbildningar. En annan \u00e4r just att anv\u00e4nda reservofficerare som \u00f6vningsledare och instrukt\u00f6rer, till skillnad fr\u00e5n att anlita externa organisationer f\u00f6r utbildningen.<\/p>\n\n\n\n<p>\u2013 Reservofficerare \u00e4r ju s\u00e4llsamt underutnyttjade, men kunskaperna som tr\u00e4nas under GSU och kombattantutbildning \u00e4r desamma som f\u00f6r 20\u201330 \u00e5r sedan. Det g\u00e5r allts\u00e5 utm\u00e4rkt att anv\u00e4nda erfarna RO-kaptener tillsammans med yngre, nyexade RO-instrukt\u00f6rer, s\u00e4ger upphovsmannen till FM LOG:s satsning, Lt Daniel Rothes, planeringsofficer och utbildningssamordnare.<\/p>\n\n\n\n<p>De civila kursdeltagarna \u00e4r i varierande \u00e5lder och har olika kunskaper och f\u00f6rm\u00e5gor. Erfarna reservofficerare \u00e4r ofta bra att tolka och ta uppkomna fr\u00e5gor och behov, eftersom man har f\u00f6rst\u00e5else f\u00f6r b\u00e5de den civila och milit\u00e4ra v\u00e4rlden. Civila medarbetare med stort spann mellan \u00e5ldrar och arbetsuppgifter utg\u00f6r en komplex grupp att utbilda.<\/p>\n\n\n\n<p>Enligt Daniel Rothes skulle uppl\u00e4gget att anlita reservofficerare f\u00f6r att utbilda annan F\u00f6rsvarsmaktspersonal kunna anv\u00e4ndas p\u00e5 de flesta f\u00f6rband d\u00e4r civila arbetar. Det \u00e4r kostnadseffektivt, ger kunskaps\u00f6verf\u00f6ring mellan personalkategorier och ger b\u00e5de reservofficerare och civilanst\u00e4llda kompetensutveckling.<\/p>\n\n\n\n<p>\u2013 Man borde \u00e4ven anv\u00e4nda reserv\u00adofficerare f\u00f6r att utbilda v\u00e4rnpliktiga. Bara f\u00f6r att man inte \u00e4r 25 \u00e5r l\u00e4ngre, och inte g\u00f6r f\u00e4lttestet p\u00e5 10 minuter, betyder det inte att man inte kan utbilda trupp. Det skulle s\u00e4kert underl\u00e4tta arbetsb\u00f6rdan f\u00f6r m\u00e5nga yrkesofficerare, s\u00e4ger Daniel Rothes.<\/p>\n\n\n\n<p>FM LOG:s utbildning har nu v\u00e4ckt intresse fr\u00e5n fler f\u00f6rband, bland andra FM HRC och I 19.<\/p>\n\n\n\n<p>\u2013 Vi \u00e4r beroende av samarbete och har f\u00e5tt hj\u00e4lp att hitta reservofficerare, b\u00e5de fr\u00e5n Sverof och fr\u00e5n andra f\u00f6rband, som sl\u00e4pper sina reserv\u00adofficerare s\u00e5 att de kan jobba hos oss. Vi uppskattar den goda viljan, och att v\u00e5r f\u00f6rbandsledning ser detta som en m\u00f6jlighet, f\u00f6rklarar Anders Lundin, RO-handl\u00e4ggare p\u00e5 FM LOG.<\/p>\n\n\n\n<p>Projektet, som startade med en kurs f\u00f6rra \u00e5ret, kommer att forts\u00e4tta \u00e4ven 2024. D\u00e5 med tv\u00e5 GSU (inklusive kombattantutbildning) och minst tv\u00e5 kombattantutbildningar.<\/p>\n","protected":false},"excerpt":{"rendered":"<p>F\u00f6r ett \u00e5r sedan startade FM LOG ett pilotf\u00f6rs\u00f6k d\u00e5 reservofficerare anlitades f\u00f6r att ge f\u00f6rbandets civila personal kombattantutbildning. Nu har f\u00f6rs\u00f6ket utvecklats till att omfatta \u00e4ven grundl\u00e4ggande soldatutbildning. \u2013 Det \u00e4r ett j\u00e4ttebra s\u00e4tt att ta tillvara p\u00e5 kraften som finns i reservofficersk\u00e5ren, s\u00e4ger \u00f6vningsledaren RO\/Kn Johnny Billstr\u00f6m. Tillsammans med ett par instrukt\u00f6rer, som &hellip;<\/p>\n","protected":false},"author":1,"featured_media":1043,"comment_status":"closed","ping_status":"closed","sticky":true,"template":"","format":"standard","meta":{"_acf_changed":false,"footnotes":""},"categories":[1],"tags":[],"class_list":["post-1042","post","type-post","status-publish","format-standard","has-post-thumbnail","hentry","category-nyheter"],"acf":[],"yoast_head":"<!-- This site is optimized with the Yoast SEO plugin v27.4 - https:\/\/yoast.com\/product\/yoast-seo-wordpress\/ -->\n<title>FM LOG:s pilotprojekt har vidareutvecklats - Reservofficeren<\/title>\n<meta name=\"robots\" content=\"index, follow, max-snippet:-1, max-image-preview:large, max-video-preview:-1\" \/>\n<link rel=\"canonical\" href=\"https:\/\/reservofficerarna.se\/reservofficeren\/nyheter\/fm-logs-pilotprojekt-har-vidareutvecklats\/\" \/>\n<meta property=\"og:locale\" content=\"sv_SE\" \/>\n<meta property=\"og:type\" content=\"article\" \/>\n<meta property=\"og:title\" content=\"FM LOG:s pilotprojekt har vidareutvecklats - Reservofficeren\" \/>\n<meta property=\"og:description\" content=\"F\u00f6r ett \u00e5r sedan startade FM LOG ett pilotf\u00f6rs\u00f6k d\u00e5 reservofficerare anlitades f\u00f6r att ge f\u00f6rbandets civila personal kombattantutbildning. Nu har f\u00f6rs\u00f6ket utvecklats till att omfatta \u00e4ven grundl\u00e4ggande soldatutbildning. \u2013 Det \u00e4r ett j\u00e4ttebra s\u00e4tt att ta tillvara p\u00e5 kraften som finns i reservofficersk\u00e5ren, s\u00e4ger \u00f6vningsledaren RO\/Kn Johnny Billstr\u00f6m. Tillsammans med ett par instrukt\u00f6rer, som &hellip;\" \/>\n<meta property=\"og:url\" content=\"https:\/\/reservofficerarna.se\/reservofficeren\/nyheter\/fm-logs-pilotprojekt-har-vidareutvecklats\/\" \/>\n<meta property=\"og:site_name\" content=\"Reservofficeren\" \/>\n<meta property=\"article:published_time\" content=\"2024-01-23T08:00:00+00:00\" \/>\n<meta property=\"og:image\" content=\"https:\/\/reservofficerarna.se\/app\/uploads\/sites\/2\/2023\/12\/examinering.jpg\" \/>\n\t<meta property=\"og:image:width\" content=\"1200\" \/>\n\t<meta property=\"og:image:height\" content=\"665\" \/>\n\t<meta property=\"og:image:type\" content=\"image\/jpeg\" \/>\n<meta name=\"author\" content=\"wpreservofficerarna\" \/>\n<meta name=\"twitter:card\" content=\"summary_large_image\" \/>\n<meta name=\"twitter:label1\" content=\"Skriven av\" \/>\n\t<meta name=\"twitter:data1\" content=\"wpreservofficerarna\" \/>\n\t<meta name=\"twitter:label2\" content=\"Ber\u00e4knad l\u00e4stid\" \/>\n\t<meta name=\"twitter:data2\" content=\"4 minuter\" \/>\n<script type=\"application\/ld+json\" class=\"yoast-schema-graph\">{\"@context\":\"https:\\\/\\\/schema.org\",\"@graph\":[{\"@type\":\"Article\",\"@id\":\"https:\\\/\\\/reservofficerarna.se\\\/reservofficeren\\\/nyheter\\\/fm-logs-pilotprojekt-har-vidareutvecklats\\\/#article\",\"isPartOf\":{\"@id\":\"https:\\\/\\\/reservofficerarna.se\\\/reservofficeren\\\/nyheter\\\/fm-logs-pilotprojekt-har-vidareutvecklats\\\/\"},\"author\":{\"name\":\"wpreservofficerarna\",\"@id\":\"https:\\\/\\\/staging.reservofficerarna.se\\\/reservofficeren\\\/#\\\/schema\\\/person\\\/d63322fe51ba95c7e32e60a60190148c\"},\"headline\":\"FM LOG:s pilotprojekt har vidareutvecklats\",\"datePublished\":\"2024-01-23T08:00:00+00:00\",\"mainEntityOfPage\":{\"@id\":\"https:\\\/\\\/reservofficerarna.se\\\/reservofficeren\\\/nyheter\\\/fm-logs-pilotprojekt-har-vidareutvecklats\\\/\"},\"wordCount\":664,\"image\":{\"@id\":\"https:\\\/\\\/reservofficerarna.se\\\/reservofficeren\\\/nyheter\\\/fm-logs-pilotprojekt-har-vidareutvecklats\\\/#primaryimage\"},\"thumbnailUrl\":\"https:\\\/\\\/reservofficerarna.se\\\/app\\\/uploads\\\/sites\\\/2\\\/2023\\\/12\\\/examinering.jpg\",\"articleSection\":[\"Nyheter\"],\"inLanguage\":\"sv-SE\"},{\"@type\":\"WebPage\",\"@id\":\"https:\\\/\\\/reservofficerarna.se\\\/reservofficeren\\\/nyheter\\\/fm-logs-pilotprojekt-har-vidareutvecklats\\\/\",\"url\":\"https:\\\/\\\/reservofficerarna.se\\\/reservofficeren\\\/nyheter\\\/fm-logs-pilotprojekt-har-vidareutvecklats\\\/\",\"name\":\"FM LOG:s pilotprojekt har vidareutvecklats - Reservofficeren\",\"isPartOf\":{\"@id\":\"https:\\\/\\\/staging.reservofficerarna.se\\\/reservofficeren\\\/#website\"},\"primaryImageOfPage\":{\"@id\":\"https:\\\/\\\/reservofficerarna.se\\\/reservofficeren\\\/nyheter\\\/fm-logs-pilotprojekt-har-vidareutvecklats\\\/#primaryimage\"},\"image\":{\"@id\":\"https:\\\/\\\/reservofficerarna.se\\\/reservofficeren\\\/nyheter\\\/fm-logs-pilotprojekt-har-vidareutvecklats\\\/#primaryimage\"},\"thumbnailUrl\":\"https:\\\/\\\/reservofficerarna.se\\\/app\\\/uploads\\\/sites\\\/2\\\/2023\\\/12\\\/examinering.jpg\",\"datePublished\":\"2024-01-23T08:00:00+00:00\",\"author\":{\"@id\":\"https:\\\/\\\/staging.reservofficerarna.se\\\/reservofficeren\\\/#\\\/schema\\\/person\\\/d63322fe51ba95c7e32e60a60190148c\"},\"breadcrumb\":{\"@id\":\"https:\\\/\\\/reservofficerarna.se\\\/reservofficeren\\\/nyheter\\\/fm-logs-pilotprojekt-har-vidareutvecklats\\\/#breadcrumb\"},\"inLanguage\":\"sv-SE\",\"potentialAction\":[{\"@type\":\"ReadAction\",\"target\":[\"https:\\\/\\\/reservofficerarna.se\\\/reservofficeren\\\/nyheter\\\/fm-logs-pilotprojekt-har-vidareutvecklats\\\/\"]}]},{\"@type\":\"ImageObject\",\"inLanguage\":\"sv-SE\",\"@id\":\"https:\\\/\\\/reservofficerarna.se\\\/reservofficeren\\\/nyheter\\\/fm-logs-pilotprojekt-har-vidareutvecklats\\\/#primaryimage\",\"url\":\"https:\\\/\\\/reservofficerarna.se\\\/app\\\/uploads\\\/sites\\\/2\\\/2023\\\/12\\\/examinering.jpg\",\"contentUrl\":\"https:\\\/\\\/reservofficerarna.se\\\/app\\\/uploads\\\/sites\\\/2\\\/2023\\\/12\\\/examinering.jpg\",\"width\":1200,\"height\":665,\"caption\":\"N\u00e4r reservare utbildar civilanst\u00e4llda \u00e4r det utvecklande f\u00f6r alla.\"},{\"@type\":\"BreadcrumbList\",\"@id\":\"https:\\\/\\\/reservofficerarna.se\\\/reservofficeren\\\/nyheter\\\/fm-logs-pilotprojekt-har-vidareutvecklats\\\/#breadcrumb\",\"itemListElement\":[{\"@type\":\"ListItem\",\"position\":1,\"name\":\"Hem\",\"item\":\"https:\\\/\\\/reservofficerarna.se\\\/reservofficeren\\\/\"},{\"@type\":\"ListItem\",\"position\":2,\"name\":\"FM LOG:s pilotprojekt har vidareutvecklats\"}]},{\"@type\":\"WebSite\",\"@id\":\"https:\\\/\\\/staging.reservofficerarna.se\\\/reservofficeren\\\/#website\",\"url\":\"https:\\\/\\\/staging.reservofficerarna.se\\\/reservofficeren\\\/\",\"name\":\"Reservofficeren\",\"description\":\"F\u00f6rbundet Reservofficerarnas tidning\",\"potentialAction\":[{\"@type\":\"SearchAction\",\"target\":{\"@type\":\"EntryPoint\",\"urlTemplate\":\"https:\\\/\\\/staging.reservofficerarna.se\\\/reservofficeren\\\/?s={search_term_string}\"},\"query-input\":{\"@type\":\"PropertyValueSpecification\",\"valueRequired\":true,\"valueName\":\"search_term_string\"}}],\"inLanguage\":\"sv-SE\"},{\"@type\":\"Person\",\"@id\":\"https:\\\/\\\/staging.reservofficerarna.se\\\/reservofficeren\\\/#\\\/schema\\\/person\\\/d63322fe51ba95c7e32e60a60190148c\",\"name\":\"wpreservofficerarna\",\"sameAs\":[\"https:\\\/\\\/reservofficerarna.se\\\/wp\"]}]}<\/script>\n<!-- \/ Yoast SEO plugin. -->","yoast_head_json":{"title":"FM LOG:s pilotprojekt har vidareutvecklats - Reservofficeren","robots":{"index":"index","follow":"follow","max-snippet":"max-snippet:-1","max-image-preview":"max-image-preview:large","max-video-preview":"max-video-preview:-1"},"canonical":"https:\/\/reservofficerarna.se\/reservofficeren\/nyheter\/fm-logs-pilotprojekt-har-vidareutvecklats\/","og_locale":"sv_SE","og_type":"article","og_title":"FM LOG:s pilotprojekt har vidareutvecklats - Reservofficeren","og_description":"F\u00f6r ett \u00e5r sedan startade FM LOG ett pilotf\u00f6rs\u00f6k d\u00e5 reservofficerare anlitades f\u00f6r att ge f\u00f6rbandets civila personal kombattantutbildning. Nu har f\u00f6rs\u00f6ket utvecklats till att omfatta \u00e4ven grundl\u00e4ggande soldatutbildning. \u2013 Det \u00e4r ett j\u00e4ttebra s\u00e4tt att ta tillvara p\u00e5 kraften som finns i reservofficersk\u00e5ren, s\u00e4ger \u00f6vningsledaren RO\/Kn Johnny Billstr\u00f6m. Tillsammans med ett par instrukt\u00f6rer, som &hellip;","og_url":"https:\/\/reservofficerarna.se\/reservofficeren\/nyheter\/fm-logs-pilotprojekt-har-vidareutvecklats\/","og_site_name":"Reservofficeren","article_published_time":"2024-01-23T08:00:00+00:00","og_image":[{"width":1200,"height":665,"url":"https:\/\/reservofficerarna.se\/app\/uploads\/sites\/2\/2023\/12\/examinering.jpg","type":"image\/jpeg"}],"author":"wpreservofficerarna","twitter_card":"summary_large_image","twitter_misc":{"Skriven av":"wpreservofficerarna","Ber\u00e4knad l\u00e4stid":"4 minuter"},"schema":{"@context":"https:\/\/schema.org","@graph":[{"@type":"Article","@id":"https:\/\/reservofficerarna.se\/reservofficeren\/nyheter\/fm-logs-pilotprojekt-har-vidareutvecklats\/#article","isPartOf":{"@id":"https:\/\/reservofficerarna.se\/reservofficeren\/nyheter\/fm-logs-pilotprojekt-har-vidareutvecklats\/"},"author":{"name":"wpreservofficerarna","@id":"https:\/\/staging.reservofficerarna.se\/reservofficeren\/#\/schema\/person\/d63322fe51ba95c7e32e60a60190148c"},"headline":"FM LOG:s pilotprojekt har vidareutvecklats","datePublished":"2024-01-23T08:00:00+00:00","mainEntityOfPage":{"@id":"https:\/\/reservofficerarna.se\/reservofficeren\/nyheter\/fm-logs-pilotprojekt-har-vidareutvecklats\/"},"wordCount":664,"image":{"@id":"https:\/\/reservofficerarna.se\/reservofficeren\/nyheter\/fm-logs-pilotprojekt-har-vidareutvecklats\/#primaryimage"},"thumbnailUrl":"https:\/\/reservofficerarna.se\/app\/uploads\/sites\/2\/2023\/12\/examinering.jpg","articleSection":["Nyheter"],"inLanguage":"sv-SE"},{"@type":"WebPage","@id":"https:\/\/reservofficerarna.se\/reservofficeren\/nyheter\/fm-logs-pilotprojekt-har-vidareutvecklats\/","url":"https:\/\/reservofficerarna.se\/reservofficeren\/nyheter\/fm-logs-pilotprojekt-har-vidareutvecklats\/","name":"FM LOG:s pilotprojekt har vidareutvecklats - Reservofficeren","isPartOf":{"@id":"https:\/\/staging.reservofficerarna.se\/reservofficeren\/#website"},"primaryImageOfPage":{"@id":"https:\/\/reservofficerarna.se\/reservofficeren\/nyheter\/fm-logs-pilotprojekt-har-vidareutvecklats\/#primaryimage"},"image":{"@id":"https:\/\/reservofficerarna.se\/reservofficeren\/nyheter\/fm-logs-pilotprojekt-har-vidareutvecklats\/#primaryimage"},"thumbnailUrl":"https:\/\/reservofficerarna.se\/app\/uploads\/sites\/2\/2023\/12\/examinering.jpg","datePublished":"2024-01-23T08:00:00+00:00","author":{"@id":"https:\/\/staging.reservofficerarna.se\/reservofficeren\/#\/schema\/person\/d63322fe51ba95c7e32e60a60190148c"},"breadcrumb":{"@id":"https:\/\/reservofficerarna.se\/reservofficeren\/nyheter\/fm-logs-pilotprojekt-har-vidareutvecklats\/#breadcrumb"},"inLanguage":"sv-SE","potentialAction":[{"@type":"ReadAction","target":["https:\/\/reservofficerarna.se\/reservofficeren\/nyheter\/fm-logs-pilotprojekt-har-vidareutvecklats\/"]}]},{"@type":"ImageObject","inLanguage":"sv-SE","@id":"https:\/\/reservofficerarna.se\/reservofficeren\/nyheter\/fm-logs-pilotprojekt-har-vidareutvecklats\/#primaryimage","url":"https:\/\/reservofficerarna.se\/app\/uploads\/sites\/2\/2023\/12\/examinering.jpg","contentUrl":"https:\/\/reservofficerarna.se\/app\/uploads\/sites\/2\/2023\/12\/examinering.jpg","width":1200,"height":665,"caption":"N\u00e4r reservare utbildar civilanst\u00e4llda \u00e4r det utvecklande f\u00f6r alla."},{"@type":"BreadcrumbList","@id":"https:\/\/reservofficerarna.se\/reservofficeren\/nyheter\/fm-logs-pilotprojekt-har-vidareutvecklats\/#breadcrumb","itemListElement":[{"@type":"ListItem","position":1,"name":"Hem","item":"https:\/\/reservofficerarna.se\/reservofficeren\/"},{"@type":"ListItem","position":2,"name":"FM LOG:s pilotprojekt har vidareutvecklats"}]},{"@type":"WebSite","@id":"https:\/\/staging.reservofficerarna.se\/reservofficeren\/#website","url":"https:\/\/staging.reservofficerarna.se\/reservofficeren\/","name":"Reservofficeren","description":"F\u00f6rbundet Reservofficerarnas tidning","potentialAction":[{"@type":"SearchAction","target":{"@type":"EntryPoint","urlTemplate":"https:\/\/staging.reservofficerarna.se\/reservofficeren\/?s={search_term_string}"},"query-input":{"@type":"PropertyValueSpecification","valueRequired":true,"valueName":"search_term_string"}}],"inLanguage":"sv-SE"},{"@type":"Person","@id":"https:\/\/staging.reservofficerarna.se\/reservofficeren\/#\/schema\/person\/d63322fe51ba95c7e32e60a60190148c","name":"wpreservofficerarna","sameAs":["https:\/\/reservofficerarna.se\/wp"]}]}},"_links":{"self":[{"href":"https:\/\/reservofficerarna.se\/reservofficeren\/wp-json\/wp\/v2\/posts\/1042","targetHints":{"allow":["GET"]}}],"collection":[{"href":"https:\/\/reservofficerarna.se\/reservofficeren\/wp-json\/wp\/v2\/posts"}],"about":[{"href":"https:\/\/reservofficerarna.se\/reservofficeren\/wp-json\/wp\/v2\/types\/post"}],"author":[{"embeddable":true,"href":"https:\/\/reservofficerarna.se\/reservofficeren\/wp-json\/wp\/v2\/users\/1"}],"replies":[{"embeddable":true,"href":"https:\/\/reservofficerarna.se\/reservofficeren\/wp-json\/wp\/v2\/comments?post=1042"}],"version-history":[{"count":6,"href":"https:\/\/reservofficerarna.se\/reservofficeren\/wp-json\/wp\/v2\/posts\/1042\/revisions"}],"predecessor-version":[{"id":1051,"href":"https:\/\/reservofficerarna.se\/reservofficeren\/wp-json\/wp\/v2\/posts\/1042\/revisions\/1051"}],"wp:featuredmedia":[{"embeddable":true,"href":"https:\/\/reservofficerarna.se\/reservofficeren\/wp-json\/wp\/v2\/media\/1043"}],"wp:attachment":[{"href":"https:\/\/reservofficerarna.se\/reservofficeren\/wp-json\/wp\/v2\/media?parent=1042"}],"wp:term":[{"taxonomy":"category","embeddable":true,"href":"https:\/\/reservofficerarna.se\/reservofficeren\/wp-json\/wp\/v2\/categories?post=1042"},{"taxonomy":"post_tag","embeddable":true,"href":"https:\/\/reservofficerarna.se\/reservofficeren\/wp-json\/wp\/v2\/tags?post=1042"}],"curies":[{"name":"wp","href":"https:\/\/api.w.org\/{rel}","templated":true}]}}