{"id":1120,"date":"2024-04-29T09:00:00","date_gmt":"2024-04-29T07:00:00","guid":{"rendered":"https:\/\/reservofficerarna.se\/reservofficeren\/?p=1120"},"modified":"2024-04-11T10:49:44","modified_gmt":"2024-04-11T08:49:44","slug":"konteramiral-nykvist-agerar-blaslampa-for-hogre-tempo","status":"publish","type":"post","link":"https:\/\/reservofficerarna.se\/reservofficeren\/nyheter\/konteramiral-nykvist-agerar-blaslampa-for-hogre-tempo\/","title":{"rendered":"Konteramiral Nykvist agerar bl\u00e5slampa f\u00f6r h\u00f6gre tempo"},"content":{"rendered":"\n<p class=\"has-lead-text-font-size\">F\u00f6r att \u00f6ka tempot med att fylla krigsorganisationen med reservofficerare har f\u00f6rsvarsstabschefen utsett sin st\u00e4llf\u00f6retr\u00e4dare Jens Nykvist till \u201dbl\u00e5slampa\u201d.<\/p>\n\n\n<div class=\"wp-block-image\">\n<figure class=\"alignleft size-large is-resized\"><img loading=\"lazy\" decoding=\"async\" width=\"725\" height=\"694\" src=\"https:\/\/reservofficerarna.se\/app\/uploads\/sites\/2\/2024\/04\/john-richardson-and-jens-nykvist-170516-n-at895-210-33923798103-fixad-bw-edited.jpg\" alt=\"\" class=\"wp-image-1125\" style=\"aspect-ratio:1.0433333333333332;width:141px;height:auto\" srcset=\"https:\/\/reservofficerarna.se\/app\/uploads\/sites\/2\/2024\/04\/john-richardson-and-jens-nykvist-170516-n-at895-210-33923798103-fixad-bw-edited.jpg 725w, https:\/\/reservofficerarna.se\/app\/uploads\/sites\/2\/2024\/04\/john-richardson-and-jens-nykvist-170516-n-at895-210-33923798103-fixad-bw-edited-627x600.jpg 627w, https:\/\/reservofficerarna.se\/app\/uploads\/sites\/2\/2024\/04\/john-richardson-and-jens-nykvist-170516-n-at895-210-33923798103-fixad-bw-edited-300x287.jpg 300w\" sizes=\"auto, (max-width: 725px) 100vw, 725px\" \/><figcaption class=\"font-sans mt-2 text-sm md:text-base\" class=\"wp-element-caption\">Jens Nykvist.<\/figcaption><\/figure>\n<\/div>\n\n\n<p>\u2013 Det st\u00e4mmer att jag har f\u00e5tt Genlt Michael Claessons uppdrag att ha extra \u00f6ga p\u00e5 reservofficersfr\u00e5gan. Jag vill att krigsplacering s\u00e4tter fart och att vi tillser att det rekryteras, utbildas och inte minst anv\u00e4nds reservofficerare mer i \u00f6vningar och ordinarie verksamhet. Det finns f\u00f6rband och staber som \u00e4r mycket goda exempel, men det finns \u00e4ven delar i F\u00f6rsvarsmakten d\u00e4r f\u00f6rb\u00e4ttring kan och beh\u00f6ver ske.<\/p>\n\n\n\n<p><strong>Vad kommer du att g\u00f6ra f\u00f6r att l\u00f6sa uppgiften?<\/strong><\/p>\n\n\n\n<p>\u2013 Vara just \u201dbl\u00e5slampan\u201d och tillse att det finns ett driv fram\u00e5t. Det \u00e4r ett omr\u00e5de d\u00e4r vi kan finna n\u00e5gra av de l\u00f6sningar vi beh\u00f6ver f\u00f6r att bli mer effektiva och farligare f\u00f6r en fiende. Reserv\u00adofficerare \u00e4r en mycket viktig del i F\u00f6rsvarsmakten som i likhet med mycket annat under decennier av nedl\u00e4ggningar blivit nedprioriterade. Detta m\u00e5ste vi snarast \u00e4ndra p\u00e5. Det p\u00e5g\u00e5r en hel del arbete, men mer beh\u00f6ver g\u00f6ras.<\/p>\n\n\n\n<p>Innan f\u00f6rra sommaren sades att direktiv skulle g\u00e5 ut till f\u00f6rsvarsgrenarna att genomf\u00f6ra inventering av befintlig reservofficersk\u00e5r. \u00c4nnu har det inte kommit.<\/p>\n\n\n\n<p><strong>Varf\u00f6r dr\u00f6jer det?<\/strong><\/p>\n\n\n\n<p>\u2013 Detta har gjorts inom ramen f\u00f6r den ordinarie uppf\u00f6ljningen av verksamheten i F\u00f6rsvarsmakten F\u00f6rsvarsstaben har sammanst\u00e4llt f\u00f6rsvarsgrenarnas och stridskrafternas behov av och nuvarande tillg\u00e5ng till reservofficerare per f\u00f6rband i grundorganisationen (GRO). Med detta informationsl\u00e4ge finns nu f\u00f6ruts\u00e4ttningarna f\u00f6r att ta n\u00e4sta steg f\u00f6r att f\u00e5 en h\u00f6gre uppl\u00f6sning p\u00e5 tillg\u00e5ngen av reservofficerare. Det kommer att inneb\u00e4ra att f\u00f6rsvarsgrenar och stridskrafter s\u00e4rskilt klarl\u00e4gger vilka av de reservofficerare som inte tj\u00e4nstgjort under de senaste \u00e5ren som kan och vill ha en fortsatt aktiv tj\u00e4nstg\u00f6ring i F\u00f6rsvarsmakten. Direktiv f\u00f6r detta arbete kommer att tas fram i samverkan med reserv\u00adofficerarnas intresseorganisationer.<\/p>\n\n\n\n<blockquote class=\"wp-block-quote is-layout-flow wp-block-quote-is-layout-flow\">\n\n            <p>\n            <span class=\"block w-16 mb-5\">\n                <svg class=\"max-w-full fill-current\" viewBox=\"0 0 57 40\" version=\"1.1\" xmlns=\"http:\/\/www.w3.org\/2000\/svg\" xmlns:xlink=\"http:\/\/www.w3.org\/1999\/xlink\">\n                    <g stroke=\"none\" stroke-width=\"1\" fill=\"none\" fill-rule=\"evenodd\">\n                        <g fill=\"#131717\" fill-rule=\"nonzero\">\n                            <path d=\"M14.9513213,40 L28.8734353,22.2531293 L28.8734353,17.7329624 L15.1877608,0 L0,0 L10.3198887,20.0556328 L0,40 L14.9513213,40 Z M42.3087622,40 L56.2308762,22.2531293 L56.2308762,17.7329624 L42.6564673,0 L27.3574409,0 L37.6773296,20.0556328 L27.3574409,40 L42.3087622,40 Z\"><\/path>\n                        <\/g>\n                    <\/g>\n                <\/svg>\n            <\/span>\n            I det omv\u00e4rldsl\u00e4ge vi befinner oss beh\u00f6ver vi fokusera och optimera alla resurser f\u00f6r att kunna agera b\u00e5de h\u00e4r och nu och fram\u00e5t.<\/p>\n<cite>Jens Nykvist<\/cite><\/blockquote>\n\n\n\n<p><strong>Vad tror du \u00e4r viktigast f\u00f6r att f\u00e5 snabb effekt p\u00e5 bristen p\u00e5 anv\u00e4ndbara reservofficerare?<\/strong><\/p>\n\n\n\n<p>\u2013 I det omv\u00e4rldsl\u00e4ge vi befinner oss beh\u00f6ver vi fokusera och optimera alla resurser f\u00f6r att kunna agera b\u00e5de h\u00e4r och nu och fram\u00e5t. Vi kan konstatera att andelen reservofficerare \u00e4r alldeles f\u00f6r l\u00e5g. F\u00f6rsvarsmakten beh\u00f6ver bli b\u00e4ttre p\u00e5 att dra nytta av den investerade resurs som reservofficerare utg\u00f6r. Vi beh\u00f6ver identifiera s\u00e4rskilda kompetenser som beh\u00f6vs inom F\u00f6rsvarsmakten och d\u00e4r just reservofficerare sitter p\u00e5 m\u00e5nga av dessa. Styrkan med reservofficerare \u00e4r just den bredd av kompetens som reservofficerare f\u00f6r med sig fr\u00e5n sin civila vardag in i det milit\u00e4ra och h\u00e4r beh\u00f6ver vi bli b\u00e4ttre p\u00e5 att anv\u00e4nda den p\u00e5 b\u00e4sta s\u00e4tt. F\u00f6rsvarsmakten beh\u00f6ver tydligg\u00f6ra syfte och inriktning f\u00f6r anv\u00e4ndande av reservofficerare.<\/p>\n\n\n\n<p><strong>M\u00e5nga reservofficerare s\u00e4ger att de vill tj\u00e4nstg\u00f6ra, men f\u00e5r nej av f\u00f6rbanden. Vissa h\u00e4nvisar till ekonomi, andra prioriterar grundorganisationen f\u00f6rst. Vad tycker du om det?<\/strong><\/p>\n\n\n\n<p>\u2013 Det finns goda exempel men ocks\u00e5 platser d\u00e4r f\u00f6rb\u00e4ttring beh\u00f6ver ske. F\u00f6rsvarsstaben beh\u00f6ver bli tydligare med styrningar och resurser f\u00f6r att ge f\u00f6rsvarsgrenar och stridskrafter r\u00e4tt f\u00f6ruts\u00e4ttningar, vilket \u00e4r ett arbete som p\u00e5g\u00e5r.<\/p>\n","protected":false},"excerpt":{"rendered":"<p>F\u00f6r att \u00f6ka tempot med att fylla krigsorganisationen med reservofficerare har f\u00f6rsvarsstabschefen utsett sin st\u00e4llf\u00f6retr\u00e4dare Jens Nykvist till \u201dbl\u00e5slampa\u201d. \u2013 Det st\u00e4mmer att jag har f\u00e5tt Genlt Michael Claessons uppdrag att ha extra \u00f6ga p\u00e5 reservofficersfr\u00e5gan. Jag vill att krigsplacering s\u00e4tter fart och att vi tillser att det rekryteras, utbildas och inte minst anv\u00e4nds reservofficerare &hellip;<\/p>\n","protected":false},"author":1,"featured_media":0,"comment_status":"closed","ping_status":"closed","sticky":true,"template":"","format":"standard","meta":{"_acf_changed":false,"footnotes":""},"categories":[1],"tags":[],"class_list":["post-1120","post","type-post","status-publish","format-standard","hentry","category-nyheter"],"acf":[],"yoast_head":"<!-- This site is optimized with the Yoast SEO plugin v27.4 - https:\/\/yoast.com\/product\/yoast-seo-wordpress\/ -->\n<title>Konteramiral Nykvist agerar bl\u00e5slampa f\u00f6r h\u00f6gre tempo - Reservofficeren<\/title>\n<meta name=\"robots\" content=\"index, follow, max-snippet:-1, max-image-preview:large, max-video-preview:-1\" \/>\n<link rel=\"canonical\" href=\"https:\/\/reservofficerarna.se\/reservofficeren\/nyheter\/konteramiral-nykvist-agerar-blaslampa-for-hogre-tempo\/\" \/>\n<meta property=\"og:locale\" content=\"sv_SE\" \/>\n<meta property=\"og:type\" content=\"article\" \/>\n<meta property=\"og:title\" content=\"Konteramiral Nykvist agerar bl\u00e5slampa f\u00f6r h\u00f6gre tempo - Reservofficeren\" \/>\n<meta property=\"og:description\" content=\"F\u00f6r att \u00f6ka tempot med att fylla krigsorganisationen med reservofficerare har f\u00f6rsvarsstabschefen utsett sin st\u00e4llf\u00f6retr\u00e4dare Jens Nykvist till \u201dbl\u00e5slampa\u201d. \u2013 Det st\u00e4mmer att jag har f\u00e5tt Genlt Michael Claessons uppdrag att ha extra \u00f6ga p\u00e5 reservofficersfr\u00e5gan. Jag vill att krigsplacering s\u00e4tter fart och att vi tillser att det rekryteras, utbildas och inte minst anv\u00e4nds reservofficerare &hellip;\" \/>\n<meta property=\"og:url\" content=\"https:\/\/reservofficerarna.se\/reservofficeren\/nyheter\/konteramiral-nykvist-agerar-blaslampa-for-hogre-tempo\/\" \/>\n<meta property=\"og:site_name\" content=\"Reservofficeren\" \/>\n<meta property=\"article:published_time\" content=\"2024-04-29T07:00:00+00:00\" \/>\n<meta property=\"og:image\" content=\"https:\/\/reservofficerarna.se\/app\/uploads\/sites\/2\/2024\/04\/john-richardson-and-jens-nykvist-170516-n-at895-210-33923798103-fixad-bw-edited.jpg\" \/>\n<meta name=\"author\" content=\"wpreservofficerarna\" \/>\n<meta name=\"twitter:card\" content=\"summary_large_image\" \/>\n<meta name=\"twitter:label1\" content=\"Skriven av\" \/>\n\t<meta name=\"twitter:data1\" content=\"wpreservofficerarna\" \/>\n\t<meta name=\"twitter:label2\" content=\"Ber\u00e4knad l\u00e4stid\" \/>\n\t<meta name=\"twitter:data2\" content=\"3 minuter\" \/>\n<script type=\"application\/ld+json\" class=\"yoast-schema-graph\">{\"@context\":\"https:\\\/\\\/schema.org\",\"@graph\":[{\"@type\":\"Article\",\"@id\":\"https:\\\/\\\/reservofficerarna.se\\\/reservofficeren\\\/nyheter\\\/konteramiral-nykvist-agerar-blaslampa-for-hogre-tempo\\\/#article\",\"isPartOf\":{\"@id\":\"https:\\\/\\\/reservofficerarna.se\\\/reservofficeren\\\/nyheter\\\/konteramiral-nykvist-agerar-blaslampa-for-hogre-tempo\\\/\"},\"author\":{\"name\":\"wpreservofficerarna\",\"@id\":\"https:\\\/\\\/staging.reservofficerarna.se\\\/reservofficeren\\\/#\\\/schema\\\/person\\\/d63322fe51ba95c7e32e60a60190148c\"},\"headline\":\"Konteramiral Nykvist agerar bl\u00e5slampa f\u00f6r h\u00f6gre tempo\",\"datePublished\":\"2024-04-29T07:00:00+00:00\",\"mainEntityOfPage\":{\"@id\":\"https:\\\/\\\/reservofficerarna.se\\\/reservofficeren\\\/nyheter\\\/konteramiral-nykvist-agerar-blaslampa-for-hogre-tempo\\\/\"},\"wordCount\":639,\"image\":{\"@id\":\"https:\\\/\\\/reservofficerarna.se\\\/reservofficeren\\\/nyheter\\\/konteramiral-nykvist-agerar-blaslampa-for-hogre-tempo\\\/#primaryimage\"},\"thumbnailUrl\":\"https:\\\/\\\/reservofficerarna.se\\\/app\\\/uploads\\\/sites\\\/2\\\/2024\\\/04\\\/john-richardson-and-jens-nykvist-170516-n-at895-210-33923798103-fixad-bw-edited.jpg\",\"articleSection\":[\"Nyheter\"],\"inLanguage\":\"sv-SE\"},{\"@type\":\"WebPage\",\"@id\":\"https:\\\/\\\/reservofficerarna.se\\\/reservofficeren\\\/nyheter\\\/konteramiral-nykvist-agerar-blaslampa-for-hogre-tempo\\\/\",\"url\":\"https:\\\/\\\/reservofficerarna.se\\\/reservofficeren\\\/nyheter\\\/konteramiral-nykvist-agerar-blaslampa-for-hogre-tempo\\\/\",\"name\":\"Konteramiral Nykvist agerar bl\u00e5slampa f\u00f6r h\u00f6gre tempo - Reservofficeren\",\"isPartOf\":{\"@id\":\"https:\\\/\\\/staging.reservofficerarna.se\\\/reservofficeren\\\/#website\"},\"primaryImageOfPage\":{\"@id\":\"https:\\\/\\\/reservofficerarna.se\\\/reservofficeren\\\/nyheter\\\/konteramiral-nykvist-agerar-blaslampa-for-hogre-tempo\\\/#primaryimage\"},\"image\":{\"@id\":\"https:\\\/\\\/reservofficerarna.se\\\/reservofficeren\\\/nyheter\\\/konteramiral-nykvist-agerar-blaslampa-for-hogre-tempo\\\/#primaryimage\"},\"thumbnailUrl\":\"https:\\\/\\\/reservofficerarna.se\\\/app\\\/uploads\\\/sites\\\/2\\\/2024\\\/04\\\/john-richardson-and-jens-nykvist-170516-n-at895-210-33923798103-fixad-bw-edited.jpg\",\"datePublished\":\"2024-04-29T07:00:00+00:00\",\"author\":{\"@id\":\"https:\\\/\\\/staging.reservofficerarna.se\\\/reservofficeren\\\/#\\\/schema\\\/person\\\/d63322fe51ba95c7e32e60a60190148c\"},\"breadcrumb\":{\"@id\":\"https:\\\/\\\/reservofficerarna.se\\\/reservofficeren\\\/nyheter\\\/konteramiral-nykvist-agerar-blaslampa-for-hogre-tempo\\\/#breadcrumb\"},\"inLanguage\":\"sv-SE\",\"potentialAction\":[{\"@type\":\"ReadAction\",\"target\":[\"https:\\\/\\\/reservofficerarna.se\\\/reservofficeren\\\/nyheter\\\/konteramiral-nykvist-agerar-blaslampa-for-hogre-tempo\\\/\"]}]},{\"@type\":\"ImageObject\",\"inLanguage\":\"sv-SE\",\"@id\":\"https:\\\/\\\/reservofficerarna.se\\\/reservofficeren\\\/nyheter\\\/konteramiral-nykvist-agerar-blaslampa-for-hogre-tempo\\\/#primaryimage\",\"url\":\"https:\\\/\\\/reservofficerarna.se\\\/app\\\/uploads\\\/sites\\\/2\\\/2024\\\/04\\\/john-richardson-and-jens-nykvist-170516-n-at895-210-33923798103-fixad-bw-edited.jpg\",\"contentUrl\":\"https:\\\/\\\/reservofficerarna.se\\\/app\\\/uploads\\\/sites\\\/2\\\/2024\\\/04\\\/john-richardson-and-jens-nykvist-170516-n-at895-210-33923798103-fixad-bw-edited.jpg\"},{\"@type\":\"BreadcrumbList\",\"@id\":\"https:\\\/\\\/reservofficerarna.se\\\/reservofficeren\\\/nyheter\\\/konteramiral-nykvist-agerar-blaslampa-for-hogre-tempo\\\/#breadcrumb\",\"itemListElement\":[{\"@type\":\"ListItem\",\"position\":1,\"name\":\"Hem\",\"item\":\"https:\\\/\\\/reservofficerarna.se\\\/reservofficeren\\\/\"},{\"@type\":\"ListItem\",\"position\":2,\"name\":\"Konteramiral Nykvist agerar bl\u00e5slampa f\u00f6r h\u00f6gre tempo\"}]},{\"@type\":\"WebSite\",\"@id\":\"https:\\\/\\\/staging.reservofficerarna.se\\\/reservofficeren\\\/#website\",\"url\":\"https:\\\/\\\/staging.reservofficerarna.se\\\/reservofficeren\\\/\",\"name\":\"Reservofficeren\",\"description\":\"F\u00f6rbundet Reservofficerarnas tidning\",\"potentialAction\":[{\"@type\":\"SearchAction\",\"target\":{\"@type\":\"EntryPoint\",\"urlTemplate\":\"https:\\\/\\\/staging.reservofficerarna.se\\\/reservofficeren\\\/?s={search_term_string}\"},\"query-input\":{\"@type\":\"PropertyValueSpecification\",\"valueRequired\":true,\"valueName\":\"search_term_string\"}}],\"inLanguage\":\"sv-SE\"},{\"@type\":\"Person\",\"@id\":\"https:\\\/\\\/staging.reservofficerarna.se\\\/reservofficeren\\\/#\\\/schema\\\/person\\\/d63322fe51ba95c7e32e60a60190148c\",\"name\":\"wpreservofficerarna\",\"sameAs\":[\"https:\\\/\\\/reservofficerarna.se\\\/wp\"]}]}<\/script>\n<!-- \/ Yoast SEO plugin. -->","yoast_head_json":{"title":"Konteramiral Nykvist agerar bl\u00e5slampa f\u00f6r h\u00f6gre tempo - Reservofficeren","robots":{"index":"index","follow":"follow","max-snippet":"max-snippet:-1","max-image-preview":"max-image-preview:large","max-video-preview":"max-video-preview:-1"},"canonical":"https:\/\/reservofficerarna.se\/reservofficeren\/nyheter\/konteramiral-nykvist-agerar-blaslampa-for-hogre-tempo\/","og_locale":"sv_SE","og_type":"article","og_title":"Konteramiral Nykvist agerar bl\u00e5slampa f\u00f6r h\u00f6gre tempo - Reservofficeren","og_description":"F\u00f6r att \u00f6ka tempot med att fylla krigsorganisationen med reservofficerare har f\u00f6rsvarsstabschefen utsett sin st\u00e4llf\u00f6retr\u00e4dare Jens Nykvist till \u201dbl\u00e5slampa\u201d. \u2013 Det st\u00e4mmer att jag har f\u00e5tt Genlt Michael Claessons uppdrag att ha extra \u00f6ga p\u00e5 reservofficersfr\u00e5gan. Jag vill att krigsplacering s\u00e4tter fart och att vi tillser att det rekryteras, utbildas och inte minst anv\u00e4nds reservofficerare &hellip;","og_url":"https:\/\/reservofficerarna.se\/reservofficeren\/nyheter\/konteramiral-nykvist-agerar-blaslampa-for-hogre-tempo\/","og_site_name":"Reservofficeren","article_published_time":"2024-04-29T07:00:00+00:00","og_image":[{"url":"https:\/\/reservofficerarna.se\/app\/uploads\/sites\/2\/2024\/04\/john-richardson-and-jens-nykvist-170516-n-at895-210-33923798103-fixad-bw-edited.jpg","type":"","width":"","height":""}],"author":"wpreservofficerarna","twitter_card":"summary_large_image","twitter_misc":{"Skriven av":"wpreservofficerarna","Ber\u00e4knad l\u00e4stid":"3 minuter"},"schema":{"@context":"https:\/\/schema.org","@graph":[{"@type":"Article","@id":"https:\/\/reservofficerarna.se\/reservofficeren\/nyheter\/konteramiral-nykvist-agerar-blaslampa-for-hogre-tempo\/#article","isPartOf":{"@id":"https:\/\/reservofficerarna.se\/reservofficeren\/nyheter\/konteramiral-nykvist-agerar-blaslampa-for-hogre-tempo\/"},"author":{"name":"wpreservofficerarna","@id":"https:\/\/staging.reservofficerarna.se\/reservofficeren\/#\/schema\/person\/d63322fe51ba95c7e32e60a60190148c"},"headline":"Konteramiral Nykvist agerar bl\u00e5slampa f\u00f6r h\u00f6gre tempo","datePublished":"2024-04-29T07:00:00+00:00","mainEntityOfPage":{"@id":"https:\/\/reservofficerarna.se\/reservofficeren\/nyheter\/konteramiral-nykvist-agerar-blaslampa-for-hogre-tempo\/"},"wordCount":639,"image":{"@id":"https:\/\/reservofficerarna.se\/reservofficeren\/nyheter\/konteramiral-nykvist-agerar-blaslampa-for-hogre-tempo\/#primaryimage"},"thumbnailUrl":"https:\/\/reservofficerarna.se\/app\/uploads\/sites\/2\/2024\/04\/john-richardson-and-jens-nykvist-170516-n-at895-210-33923798103-fixad-bw-edited.jpg","articleSection":["Nyheter"],"inLanguage":"sv-SE"},{"@type":"WebPage","@id":"https:\/\/reservofficerarna.se\/reservofficeren\/nyheter\/konteramiral-nykvist-agerar-blaslampa-for-hogre-tempo\/","url":"https:\/\/reservofficerarna.se\/reservofficeren\/nyheter\/konteramiral-nykvist-agerar-blaslampa-for-hogre-tempo\/","name":"Konteramiral Nykvist agerar bl\u00e5slampa f\u00f6r h\u00f6gre tempo - Reservofficeren","isPartOf":{"@id":"https:\/\/staging.reservofficerarna.se\/reservofficeren\/#website"},"primaryImageOfPage":{"@id":"https:\/\/reservofficerarna.se\/reservofficeren\/nyheter\/konteramiral-nykvist-agerar-blaslampa-for-hogre-tempo\/#primaryimage"},"image":{"@id":"https:\/\/reservofficerarna.se\/reservofficeren\/nyheter\/konteramiral-nykvist-agerar-blaslampa-for-hogre-tempo\/#primaryimage"},"thumbnailUrl":"https:\/\/reservofficerarna.se\/app\/uploads\/sites\/2\/2024\/04\/john-richardson-and-jens-nykvist-170516-n-at895-210-33923798103-fixad-bw-edited.jpg","datePublished":"2024-04-29T07:00:00+00:00","author":{"@id":"https:\/\/staging.reservofficerarna.se\/reservofficeren\/#\/schema\/person\/d63322fe51ba95c7e32e60a60190148c"},"breadcrumb":{"@id":"https:\/\/reservofficerarna.se\/reservofficeren\/nyheter\/konteramiral-nykvist-agerar-blaslampa-for-hogre-tempo\/#breadcrumb"},"inLanguage":"sv-SE","potentialAction":[{"@type":"ReadAction","target":["https:\/\/reservofficerarna.se\/reservofficeren\/nyheter\/konteramiral-nykvist-agerar-blaslampa-for-hogre-tempo\/"]}]},{"@type":"ImageObject","inLanguage":"sv-SE","@id":"https:\/\/reservofficerarna.se\/reservofficeren\/nyheter\/konteramiral-nykvist-agerar-blaslampa-for-hogre-tempo\/#primaryimage","url":"https:\/\/reservofficerarna.se\/app\/uploads\/sites\/2\/2024\/04\/john-richardson-and-jens-nykvist-170516-n-at895-210-33923798103-fixad-bw-edited.jpg","contentUrl":"https:\/\/reservofficerarna.se\/app\/uploads\/sites\/2\/2024\/04\/john-richardson-and-jens-nykvist-170516-n-at895-210-33923798103-fixad-bw-edited.jpg"},{"@type":"BreadcrumbList","@id":"https:\/\/reservofficerarna.se\/reservofficeren\/nyheter\/konteramiral-nykvist-agerar-blaslampa-for-hogre-tempo\/#breadcrumb","itemListElement":[{"@type":"ListItem","position":1,"name":"Hem","item":"https:\/\/reservofficerarna.se\/reservofficeren\/"},{"@type":"ListItem","position":2,"name":"Konteramiral Nykvist agerar bl\u00e5slampa f\u00f6r h\u00f6gre tempo"}]},{"@type":"WebSite","@id":"https:\/\/staging.reservofficerarna.se\/reservofficeren\/#website","url":"https:\/\/staging.reservofficerarna.se\/reservofficeren\/","name":"Reservofficeren","description":"F\u00f6rbundet Reservofficerarnas tidning","potentialAction":[{"@type":"SearchAction","target":{"@type":"EntryPoint","urlTemplate":"https:\/\/staging.reservofficerarna.se\/reservofficeren\/?s={search_term_string}"},"query-input":{"@type":"PropertyValueSpecification","valueRequired":true,"valueName":"search_term_string"}}],"inLanguage":"sv-SE"},{"@type":"Person","@id":"https:\/\/staging.reservofficerarna.se\/reservofficeren\/#\/schema\/person\/d63322fe51ba95c7e32e60a60190148c","name":"wpreservofficerarna","sameAs":["https:\/\/reservofficerarna.se\/wp"]}]}},"_links":{"self":[{"href":"https:\/\/reservofficerarna.se\/reservofficeren\/wp-json\/wp\/v2\/posts\/1120","targetHints":{"allow":["GET"]}}],"collection":[{"href":"https:\/\/reservofficerarna.se\/reservofficeren\/wp-json\/wp\/v2\/posts"}],"about":[{"href":"https:\/\/reservofficerarna.se\/reservofficeren\/wp-json\/wp\/v2\/types\/post"}],"author":[{"embeddable":true,"href":"https:\/\/reservofficerarna.se\/reservofficeren\/wp-json\/wp\/v2\/users\/1"}],"replies":[{"embeddable":true,"href":"https:\/\/reservofficerarna.se\/reservofficeren\/wp-json\/wp\/v2\/comments?post=1120"}],"version-history":[{"count":6,"href":"https:\/\/reservofficerarna.se\/reservofficeren\/wp-json\/wp\/v2\/posts\/1120\/revisions"}],"predecessor-version":[{"id":1129,"href":"https:\/\/reservofficerarna.se\/reservofficeren\/wp-json\/wp\/v2\/posts\/1120\/revisions\/1129"}],"wp:attachment":[{"href":"https:\/\/reservofficerarna.se\/reservofficeren\/wp-json\/wp\/v2\/media?parent=1120"}],"wp:term":[{"taxonomy":"category","embeddable":true,"href":"https:\/\/reservofficerarna.se\/reservofficeren\/wp-json\/wp\/v2\/categories?post=1120"},{"taxonomy":"post_tag","embeddable":true,"href":"https:\/\/reservofficerarna.se\/reservofficeren\/wp-json\/wp\/v2\/tags?post=1120"}],"curies":[{"name":"wp","href":"https:\/\/api.w.org\/{rel}","templated":true}]}}