{"id":1205,"date":"2024-07-01T09:00:00","date_gmt":"2024-07-01T07:00:00","guid":{"rendered":"https:\/\/reservofficerarna.se\/reservofficeren\/?p=1205"},"modified":"2024-06-20T13:11:26","modified_gmt":"2024-06-20T11:11:26","slug":"sa-far-du-ratt-lon-som-reservare","status":"publish","type":"post","link":"https:\/\/reservofficerarna.se\/reservofficeren\/nyheter\/sa-far-du-ratt-lon-som-reservare\/","title":{"rendered":"S\u00e5 f\u00e5r du r\u00e4tt l\u00f6n som reservare"},"content":{"rendered":"\n<p class=\"has-lead-text-font-size\">Ska du b\u00f6rja tj\u00e4nstg\u00f6ra igen efter ett l\u00e4ngre uppeh\u00e5ll? Eller \u00e4r det f\u00f6rsta g\u00e5ngen? Ha koll p\u00e5 l\u00f6nem\u00e5lbilden s\u00e5 att du f\u00e5r r\u00e4tt l\u00f6n.<\/p>\n\n\n\n<p>Varje f\u00f6rband ska ha en l\u00f6nem\u00e5lbild, som ska ha f\u00f6rhandlats mellan arbetsgivaren och arbetstagarorganisationerna.<\/p>\n\n\n<div class=\"wp-block-image\">\n<figure class=\"alignleft size-full is-resized\"><img loading=\"lazy\" decoding=\"async\" width=\"217\" height=\"217\" src=\"https:\/\/reservofficerarna.se\/app\/uploads\/sites\/2\/2024\/06\/david-lidwall-edited.jpg\" alt=\"\" class=\"wp-image-1208\" style=\"aspect-ratio:1;width:167px;height:auto\" \/><figcaption class=\"font-sans mt-2 text-sm md:text-base\" class=\"wp-element-caption\">David Lindwall.<\/figcaption><\/figure>\n<\/div>\n\n\n<p>\u2013 Det \u00e4r inte graden som avg\u00f6r vilken l\u00f6n du f\u00e5r, utan arbetet som utf\u00f6rs, f\u00f6rklarar David Lidwall, ombudsman p\u00e5 Officersf\u00f6rbundet.<\/p>\n\n\n\n<p>Varje befattning, fr\u00e5n exempelvis signalist till f\u00f6rbandschef, ska v\u00e4rderas. Befattningens sv\u00e5righetsgrad och ansvar, liksom den kompetens som kr\u00e4vs \u00e4r kriterier som avg\u00f6r l\u00f6nes\u00e4ttningen.<\/p>\n\n\n\n<p>\u2013 L\u00f6nem\u00e5lbilden kan skilja mellan f\u00f6rbanden, och det \u00e4r inte alla som har f\u00f6rhandlat fram en s\u00e5dan heller, ber\u00e4ttar David Lidwall.<\/p>\n\n\n\n<p>L\u00f6nemodellen f\u00f6r reserv\u00adofficerare \u00e4r lite annorlunda \u00e4n f\u00f6r yrkes\u00adofficerare, eftersom man kan ha tv\u00e5 parallella anst\u00e4llningar. F\u00f6r tillsvidareanst\u00e4llningen (RO1, din krigsbefattning) g\u00e4ller att l\u00f6nen r\u00e4knas upp \u00e5rligen med ett uppr\u00e4kningsv\u00e4rde som i \u00e5r \u00e4r 4,34 procent. F\u00f6r en tillkommande tidsbegr\u00e4nsad anst\u00e4llning (RO2) kan en helt annan l\u00f6n g\u00e4lla, eftersom det \u00e4r en annan befattning.<\/p>\n\n\n\n<p>I \u00e5rets l\u00f6nerevisionsarbete av RO1-l\u00f6ner har l\u00e4gstal\u00f6nerna r\u00e4knats upp, d\u00e4refter har 4,34 procent lagts p\u00e5. Utbetalning av den retroaktiva l\u00f6nef\u00f6rh\u00f6jningen ska ske med maj\u00adl\u00f6nen och g\u00e4ller arbetad tid fr\u00e5n den 1 oktober i fjol. L\u00e4gsta l\u00f6n i \u00e5r \u00e4r 29\u2009000 kronor\/m\u00e5naden.<\/p>\n\n\n\n<p>Det finns dock ett revideringsarbete att g\u00f6ra, konstaterar David Lidwall, b\u00e5de vad g\u00e4ller att f\u00f6rhandla l\u00f6nem\u00e5lbilder och att se \u00f6ver att reservofficerares l\u00f6ner \u00e4r uppdaterade om de inte har tj\u00e4nstgjort p\u00e5 l\u00e4nge.<\/p>\n\n\n\n<p><strong>Hur ska man som enskild g\u00f6ra om man tror att man har f\u00f6r l\u00e5g l\u00f6n?<\/strong><\/p>\n\n\n\n<p>\u2013 I f\u00f6rsta hand v\u00e4nda sig till personalfunktionen. Ligger du under l\u00e4gsta l\u00f6neniv\u00e5n s\u00e5 \u00e4r det ju sv\u00e5rt att ducka f\u00f6r att l\u00f6nen \u00e4r fel. Beg\u00e4r ut l\u00f6nem\u00e5lbilden f\u00f6r just din befattning p\u00e5 just ditt f\u00f6rband. Om l\u00f6nen \u00e4r felaktigt satt och inte \u00e4ndras efter att du p\u00e5talat det, v\u00e4nd dig till ditt lokala fackf\u00f6rbund.<\/p>\n","protected":false},"excerpt":{"rendered":"<p>Ska du b\u00f6rja tj\u00e4nstg\u00f6ra igen efter ett l\u00e4ngre uppeh\u00e5ll? Eller \u00e4r det f\u00f6rsta g\u00e5ngen? Ha koll p\u00e5 l\u00f6nem\u00e5lbilden s\u00e5 att du f\u00e5r r\u00e4tt l\u00f6n. Varje f\u00f6rband ska ha en l\u00f6nem\u00e5lbild, som ska ha f\u00f6rhandlats mellan arbetsgivaren och arbetstagarorganisationerna. \u2013 Det \u00e4r inte graden som avg\u00f6r vilken l\u00f6n du f\u00e5r, utan arbetet som utf\u00f6rs, f\u00f6rklarar David &hellip;<\/p>\n","protected":false},"author":1,"featured_media":1206,"comment_status":"closed","ping_status":"closed","sticky":true,"template":"","format":"standard","meta":{"_acf_changed":false,"footnotes":""},"categories":[1],"tags":[],"class_list":["post-1205","post","type-post","status-publish","format-standard","has-post-thumbnail","hentry","category-nyheter"],"acf":[],"yoast_head":"<!-- This site is optimized with the Yoast SEO plugin v27.4 - https:\/\/yoast.com\/product\/yoast-seo-wordpress\/ -->\n<title>S\u00e5 f\u00e5r du r\u00e4tt l\u00f6n som reservare - Reservofficeren<\/title>\n<meta name=\"robots\" content=\"index, follow, max-snippet:-1, max-image-preview:large, max-video-preview:-1\" \/>\n<link rel=\"canonical\" href=\"https:\/\/reservofficerarna.se\/reservofficeren\/nyheter\/sa-far-du-ratt-lon-som-reservare\/\" \/>\n<meta property=\"og:locale\" content=\"sv_SE\" \/>\n<meta property=\"og:type\" content=\"article\" \/>\n<meta property=\"og:title\" content=\"S\u00e5 f\u00e5r du r\u00e4tt l\u00f6n som reservare - Reservofficeren\" \/>\n<meta property=\"og:description\" content=\"Ska du b\u00f6rja tj\u00e4nstg\u00f6ra igen efter ett l\u00e4ngre uppeh\u00e5ll? Eller \u00e4r det f\u00f6rsta g\u00e5ngen? Ha koll p\u00e5 l\u00f6nem\u00e5lbilden s\u00e5 att du f\u00e5r r\u00e4tt l\u00f6n. Varje f\u00f6rband ska ha en l\u00f6nem\u00e5lbild, som ska ha f\u00f6rhandlats mellan arbetsgivaren och arbetstagarorganisationerna. \u2013 Det \u00e4r inte graden som avg\u00f6r vilken l\u00f6n du f\u00e5r, utan arbetet som utf\u00f6rs, f\u00f6rklarar David &hellip;\" \/>\n<meta property=\"og:url\" content=\"https:\/\/reservofficerarna.se\/reservofficeren\/nyheter\/sa-far-du-ratt-lon-som-reservare\/\" \/>\n<meta property=\"og:site_name\" content=\"Reservofficeren\" \/>\n<meta property=\"article:published_time\" content=\"2024-07-01T07:00:00+00:00\" \/>\n<meta property=\"og:image\" content=\"https:\/\/reservofficerarna.se\/app\/uploads\/sites\/2\/2024\/06\/fa-ratt-lon-dragare.jpg\" \/>\n\t<meta property=\"og:image:width\" content=\"1920\" \/>\n\t<meta property=\"og:image:height\" content=\"1080\" \/>\n\t<meta property=\"og:image:type\" content=\"image\/jpeg\" \/>\n<meta name=\"author\" content=\"wpreservofficerarna\" \/>\n<meta name=\"twitter:card\" content=\"summary_large_image\" \/>\n<meta name=\"twitter:label1\" content=\"Skriven av\" \/>\n\t<meta name=\"twitter:data1\" content=\"wpreservofficerarna\" \/>\n\t<meta name=\"twitter:label2\" content=\"Ber\u00e4knad l\u00e4stid\" \/>\n\t<meta name=\"twitter:data2\" content=\"2 minuter\" \/>\n<script type=\"application\/ld+json\" class=\"yoast-schema-graph\">{\"@context\":\"https:\\\/\\\/schema.org\",\"@graph\":[{\"@type\":\"Article\",\"@id\":\"https:\\\/\\\/reservofficerarna.se\\\/reservofficeren\\\/nyheter\\\/sa-far-du-ratt-lon-som-reservare\\\/#article\",\"isPartOf\":{\"@id\":\"https:\\\/\\\/reservofficerarna.se\\\/reservofficeren\\\/nyheter\\\/sa-far-du-ratt-lon-som-reservare\\\/\"},\"author\":{\"name\":\"wpreservofficerarna\",\"@id\":\"https:\\\/\\\/staging.reservofficerarna.se\\\/reservofficeren\\\/#\\\/schema\\\/person\\\/d63322fe51ba95c7e32e60a60190148c\"},\"headline\":\"S\u00e5 f\u00e5r du r\u00e4tt l\u00f6n som reservare\",\"datePublished\":\"2024-07-01T07:00:00+00:00\",\"mainEntityOfPage\":{\"@id\":\"https:\\\/\\\/reservofficerarna.se\\\/reservofficeren\\\/nyheter\\\/sa-far-du-ratt-lon-som-reservare\\\/\"},\"wordCount\":407,\"image\":{\"@id\":\"https:\\\/\\\/reservofficerarna.se\\\/reservofficeren\\\/nyheter\\\/sa-far-du-ratt-lon-som-reservare\\\/#primaryimage\"},\"thumbnailUrl\":\"https:\\\/\\\/reservofficerarna.se\\\/app\\\/uploads\\\/sites\\\/2\\\/2024\\\/06\\\/fa-ratt-lon-dragare.jpg\",\"articleSection\":[\"Nyheter\"],\"inLanguage\":\"sv-SE\"},{\"@type\":\"WebPage\",\"@id\":\"https:\\\/\\\/reservofficerarna.se\\\/reservofficeren\\\/nyheter\\\/sa-far-du-ratt-lon-som-reservare\\\/\",\"url\":\"https:\\\/\\\/reservofficerarna.se\\\/reservofficeren\\\/nyheter\\\/sa-far-du-ratt-lon-som-reservare\\\/\",\"name\":\"S\u00e5 f\u00e5r du r\u00e4tt l\u00f6n som reservare - Reservofficeren\",\"isPartOf\":{\"@id\":\"https:\\\/\\\/staging.reservofficerarna.se\\\/reservofficeren\\\/#website\"},\"primaryImageOfPage\":{\"@id\":\"https:\\\/\\\/reservofficerarna.se\\\/reservofficeren\\\/nyheter\\\/sa-far-du-ratt-lon-som-reservare\\\/#primaryimage\"},\"image\":{\"@id\":\"https:\\\/\\\/reservofficerarna.se\\\/reservofficeren\\\/nyheter\\\/sa-far-du-ratt-lon-som-reservare\\\/#primaryimage\"},\"thumbnailUrl\":\"https:\\\/\\\/reservofficerarna.se\\\/app\\\/uploads\\\/sites\\\/2\\\/2024\\\/06\\\/fa-ratt-lon-dragare.jpg\",\"datePublished\":\"2024-07-01T07:00:00+00:00\",\"author\":{\"@id\":\"https:\\\/\\\/staging.reservofficerarna.se\\\/reservofficeren\\\/#\\\/schema\\\/person\\\/d63322fe51ba95c7e32e60a60190148c\"},\"breadcrumb\":{\"@id\":\"https:\\\/\\\/reservofficerarna.se\\\/reservofficeren\\\/nyheter\\\/sa-far-du-ratt-lon-som-reservare\\\/#breadcrumb\"},\"inLanguage\":\"sv-SE\",\"potentialAction\":[{\"@type\":\"ReadAction\",\"target\":[\"https:\\\/\\\/reservofficerarna.se\\\/reservofficeren\\\/nyheter\\\/sa-far-du-ratt-lon-som-reservare\\\/\"]}]},{\"@type\":\"ImageObject\",\"inLanguage\":\"sv-SE\",\"@id\":\"https:\\\/\\\/reservofficerarna.se\\\/reservofficeren\\\/nyheter\\\/sa-far-du-ratt-lon-som-reservare\\\/#primaryimage\",\"url\":\"https:\\\/\\\/reservofficerarna.se\\\/app\\\/uploads\\\/sites\\\/2\\\/2024\\\/06\\\/fa-ratt-lon-dragare.jpg\",\"contentUrl\":\"https:\\\/\\\/reservofficerarna.se\\\/app\\\/uploads\\\/sites\\\/2\\\/2024\\\/06\\\/fa-ratt-lon-dragare.jpg\",\"width\":1920,\"height\":1080,\"caption\":\"Resor, boende och traktamente ska du ha koll p\u00e5.\"},{\"@type\":\"BreadcrumbList\",\"@id\":\"https:\\\/\\\/reservofficerarna.se\\\/reservofficeren\\\/nyheter\\\/sa-far-du-ratt-lon-som-reservare\\\/#breadcrumb\",\"itemListElement\":[{\"@type\":\"ListItem\",\"position\":1,\"name\":\"Hem\",\"item\":\"https:\\\/\\\/reservofficerarna.se\\\/reservofficeren\\\/\"},{\"@type\":\"ListItem\",\"position\":2,\"name\":\"S\u00e5 f\u00e5r du r\u00e4tt l\u00f6n som reservare\"}]},{\"@type\":\"WebSite\",\"@id\":\"https:\\\/\\\/staging.reservofficerarna.se\\\/reservofficeren\\\/#website\",\"url\":\"https:\\\/\\\/staging.reservofficerarna.se\\\/reservofficeren\\\/\",\"name\":\"Reservofficeren\",\"description\":\"F\u00f6rbundet Reservofficerarnas tidning\",\"potentialAction\":[{\"@type\":\"SearchAction\",\"target\":{\"@type\":\"EntryPoint\",\"urlTemplate\":\"https:\\\/\\\/staging.reservofficerarna.se\\\/reservofficeren\\\/?s={search_term_string}\"},\"query-input\":{\"@type\":\"PropertyValueSpecification\",\"valueRequired\":true,\"valueName\":\"search_term_string\"}}],\"inLanguage\":\"sv-SE\"},{\"@type\":\"Person\",\"@id\":\"https:\\\/\\\/staging.reservofficerarna.se\\\/reservofficeren\\\/#\\\/schema\\\/person\\\/d63322fe51ba95c7e32e60a60190148c\",\"name\":\"wpreservofficerarna\",\"sameAs\":[\"https:\\\/\\\/reservofficerarna.se\\\/wp\"]}]}<\/script>\n<!-- \/ Yoast SEO plugin. -->","yoast_head_json":{"title":"S\u00e5 f\u00e5r du r\u00e4tt l\u00f6n som reservare - Reservofficeren","robots":{"index":"index","follow":"follow","max-snippet":"max-snippet:-1","max-image-preview":"max-image-preview:large","max-video-preview":"max-video-preview:-1"},"canonical":"https:\/\/reservofficerarna.se\/reservofficeren\/nyheter\/sa-far-du-ratt-lon-som-reservare\/","og_locale":"sv_SE","og_type":"article","og_title":"S\u00e5 f\u00e5r du r\u00e4tt l\u00f6n som reservare - Reservofficeren","og_description":"Ska du b\u00f6rja tj\u00e4nstg\u00f6ra igen efter ett l\u00e4ngre uppeh\u00e5ll? Eller \u00e4r det f\u00f6rsta g\u00e5ngen? Ha koll p\u00e5 l\u00f6nem\u00e5lbilden s\u00e5 att du f\u00e5r r\u00e4tt l\u00f6n. Varje f\u00f6rband ska ha en l\u00f6nem\u00e5lbild, som ska ha f\u00f6rhandlats mellan arbetsgivaren och arbetstagarorganisationerna. \u2013 Det \u00e4r inte graden som avg\u00f6r vilken l\u00f6n du f\u00e5r, utan arbetet som utf\u00f6rs, f\u00f6rklarar David &hellip;","og_url":"https:\/\/reservofficerarna.se\/reservofficeren\/nyheter\/sa-far-du-ratt-lon-som-reservare\/","og_site_name":"Reservofficeren","article_published_time":"2024-07-01T07:00:00+00:00","og_image":[{"width":1920,"height":1080,"url":"https:\/\/reservofficerarna.se\/app\/uploads\/sites\/2\/2024\/06\/fa-ratt-lon-dragare.jpg","type":"image\/jpeg"}],"author":"wpreservofficerarna","twitter_card":"summary_large_image","twitter_misc":{"Skriven av":"wpreservofficerarna","Ber\u00e4knad l\u00e4stid":"2 minuter"},"schema":{"@context":"https:\/\/schema.org","@graph":[{"@type":"Article","@id":"https:\/\/reservofficerarna.se\/reservofficeren\/nyheter\/sa-far-du-ratt-lon-som-reservare\/#article","isPartOf":{"@id":"https:\/\/reservofficerarna.se\/reservofficeren\/nyheter\/sa-far-du-ratt-lon-som-reservare\/"},"author":{"name":"wpreservofficerarna","@id":"https:\/\/staging.reservofficerarna.se\/reservofficeren\/#\/schema\/person\/d63322fe51ba95c7e32e60a60190148c"},"headline":"S\u00e5 f\u00e5r du r\u00e4tt l\u00f6n som reservare","datePublished":"2024-07-01T07:00:00+00:00","mainEntityOfPage":{"@id":"https:\/\/reservofficerarna.se\/reservofficeren\/nyheter\/sa-far-du-ratt-lon-som-reservare\/"},"wordCount":407,"image":{"@id":"https:\/\/reservofficerarna.se\/reservofficeren\/nyheter\/sa-far-du-ratt-lon-som-reservare\/#primaryimage"},"thumbnailUrl":"https:\/\/reservofficerarna.se\/app\/uploads\/sites\/2\/2024\/06\/fa-ratt-lon-dragare.jpg","articleSection":["Nyheter"],"inLanguage":"sv-SE"},{"@type":"WebPage","@id":"https:\/\/reservofficerarna.se\/reservofficeren\/nyheter\/sa-far-du-ratt-lon-som-reservare\/","url":"https:\/\/reservofficerarna.se\/reservofficeren\/nyheter\/sa-far-du-ratt-lon-som-reservare\/","name":"S\u00e5 f\u00e5r du r\u00e4tt l\u00f6n som reservare - Reservofficeren","isPartOf":{"@id":"https:\/\/staging.reservofficerarna.se\/reservofficeren\/#website"},"primaryImageOfPage":{"@id":"https:\/\/reservofficerarna.se\/reservofficeren\/nyheter\/sa-far-du-ratt-lon-som-reservare\/#primaryimage"},"image":{"@id":"https:\/\/reservofficerarna.se\/reservofficeren\/nyheter\/sa-far-du-ratt-lon-som-reservare\/#primaryimage"},"thumbnailUrl":"https:\/\/reservofficerarna.se\/app\/uploads\/sites\/2\/2024\/06\/fa-ratt-lon-dragare.jpg","datePublished":"2024-07-01T07:00:00+00:00","author":{"@id":"https:\/\/staging.reservofficerarna.se\/reservofficeren\/#\/schema\/person\/d63322fe51ba95c7e32e60a60190148c"},"breadcrumb":{"@id":"https:\/\/reservofficerarna.se\/reservofficeren\/nyheter\/sa-far-du-ratt-lon-som-reservare\/#breadcrumb"},"inLanguage":"sv-SE","potentialAction":[{"@type":"ReadAction","target":["https:\/\/reservofficerarna.se\/reservofficeren\/nyheter\/sa-far-du-ratt-lon-som-reservare\/"]}]},{"@type":"ImageObject","inLanguage":"sv-SE","@id":"https:\/\/reservofficerarna.se\/reservofficeren\/nyheter\/sa-far-du-ratt-lon-som-reservare\/#primaryimage","url":"https:\/\/reservofficerarna.se\/app\/uploads\/sites\/2\/2024\/06\/fa-ratt-lon-dragare.jpg","contentUrl":"https:\/\/reservofficerarna.se\/app\/uploads\/sites\/2\/2024\/06\/fa-ratt-lon-dragare.jpg","width":1920,"height":1080,"caption":"Resor, boende och traktamente ska du ha koll p\u00e5."},{"@type":"BreadcrumbList","@id":"https:\/\/reservofficerarna.se\/reservofficeren\/nyheter\/sa-far-du-ratt-lon-som-reservare\/#breadcrumb","itemListElement":[{"@type":"ListItem","position":1,"name":"Hem","item":"https:\/\/reservofficerarna.se\/reservofficeren\/"},{"@type":"ListItem","position":2,"name":"S\u00e5 f\u00e5r du r\u00e4tt l\u00f6n som reservare"}]},{"@type":"WebSite","@id":"https:\/\/staging.reservofficerarna.se\/reservofficeren\/#website","url":"https:\/\/staging.reservofficerarna.se\/reservofficeren\/","name":"Reservofficeren","description":"F\u00f6rbundet Reservofficerarnas tidning","potentialAction":[{"@type":"SearchAction","target":{"@type":"EntryPoint","urlTemplate":"https:\/\/staging.reservofficerarna.se\/reservofficeren\/?s={search_term_string}"},"query-input":{"@type":"PropertyValueSpecification","valueRequired":true,"valueName":"search_term_string"}}],"inLanguage":"sv-SE"},{"@type":"Person","@id":"https:\/\/staging.reservofficerarna.se\/reservofficeren\/#\/schema\/person\/d63322fe51ba95c7e32e60a60190148c","name":"wpreservofficerarna","sameAs":["https:\/\/reservofficerarna.se\/wp"]}]}},"_links":{"self":[{"href":"https:\/\/reservofficerarna.se\/reservofficeren\/wp-json\/wp\/v2\/posts\/1205","targetHints":{"allow":["GET"]}}],"collection":[{"href":"https:\/\/reservofficerarna.se\/reservofficeren\/wp-json\/wp\/v2\/posts"}],"about":[{"href":"https:\/\/reservofficerarna.se\/reservofficeren\/wp-json\/wp\/v2\/types\/post"}],"author":[{"embeddable":true,"href":"https:\/\/reservofficerarna.se\/reservofficeren\/wp-json\/wp\/v2\/users\/1"}],"replies":[{"embeddable":true,"href":"https:\/\/reservofficerarna.se\/reservofficeren\/wp-json\/wp\/v2\/comments?post=1205"}],"version-history":[{"count":8,"href":"https:\/\/reservofficerarna.se\/reservofficeren\/wp-json\/wp\/v2\/posts\/1205\/revisions"}],"predecessor-version":[{"id":1216,"href":"https:\/\/reservofficerarna.se\/reservofficeren\/wp-json\/wp\/v2\/posts\/1205\/revisions\/1216"}],"wp:featuredmedia":[{"embeddable":true,"href":"https:\/\/reservofficerarna.se\/reservofficeren\/wp-json\/wp\/v2\/media\/1206"}],"wp:attachment":[{"href":"https:\/\/reservofficerarna.se\/reservofficeren\/wp-json\/wp\/v2\/media?parent=1205"}],"wp:term":[{"taxonomy":"category","embeddable":true,"href":"https:\/\/reservofficerarna.se\/reservofficeren\/wp-json\/wp\/v2\/categories?post=1205"},{"taxonomy":"post_tag","embeddable":true,"href":"https:\/\/reservofficerarna.se\/reservofficeren\/wp-json\/wp\/v2\/tags?post=1205"}],"curies":[{"name":"wp","href":"https:\/\/api.w.org\/{rel}","templated":true}]}}