{"id":1257,"date":"2024-08-12T09:00:00","date_gmt":"2024-08-12T07:00:00","guid":{"rendered":"https:\/\/reservofficerarna.se\/reservofficeren\/?p=1257"},"modified":"2024-06-20T15:20:52","modified_gmt":"2024-06-20T13:20:52","slug":"fack-infor-loneutfyllnad-for-att-starka-beredskapen","status":"publish","type":"post","link":"https:\/\/reservofficerarna.se\/reservofficeren\/nyheter\/fack-infor-loneutfyllnad-for-att-starka-beredskapen\/","title":{"rendered":"Fack inf\u00f6r l\u00f6neutfyllnad f\u00f6r att st\u00e4rka beredskapen"},"content":{"rendered":"\n<p class=\"has-lead-text-font-size\">Allt fler f\u00f6retag inf\u00f6r l\u00f6neutfyllnad f\u00f6r sina anst\u00e4llda n\u00e4r de tj\u00e4nstg\u00f6r i F\u00f6rsvarsmakten. Nu s\u00e4llar sig \u00e4ven ett fackf\u00f6rbund till akt\u00f6rerna som vill st\u00e4rka beredskapen.<\/p>\n\n\n\n<p>\u2013 F\u00f6r oss \u00e4r det viktigt att i alla delar medverka att se till att det finns en stark beredskap i Sverige, och d\u00e5 m\u00e5ste alla vara med och bidra. Att ge reell m\u00f6jlighet till detta genom l\u00f6neutfyllnad k\u00e4nns sj\u00e4lvklart, s\u00e4ger Johanna Lindell, f\u00f6rbundsdirekt\u00f6r p\u00e5 DIK, fackf\u00f6rbundet f\u00f6r kultur, kommunikation och kreativ sektor.<\/p>\n\n\n\n<p><strong>Vad st\u00e5r det i kollektivavtalet som ni har tecknat?<\/strong><\/p>\n\n\n\n<p>\u2013 Vid ledighet f\u00f6r milit\u00e4rtj\u00e4nst\u00adg\u00f6ring p\u00e5 h\u00f6gst 30 dagar per \u00e5r utg\u00e5r ers\u00e4ttning fr\u00e5n arbetsgivaren s\u00e5 att ers\u00e4ttningen fr\u00e5n den\u202fmilit\u00e4ra\u202ftj\u00e4nstg\u00f6ringen och fr\u00e5n arbetsgivaren tillsammans utg\u00f6r 90 procent av den anst\u00e4lldes l\u00f6n.<\/p>\n\n\n\n<p>\u2013 Vid ledighet f\u00f6r milit\u00e4rtj\u00e4nst p\u00e5\u202fmer \u00e4n\u202f30 dagar, dock h\u00f6gst 360 dagar, utg\u00e5r ers\u00e4ttning fr\u00e5n arbetsgivaren s\u00e5 att ers\u00e4ttningen fr\u00e5n den\u202fmilit\u00e4ra tj\u00e4nstg\u00f6ringen och fr\u00e5n arbetsgivaren tillsammans utg\u00f6r 80 procent av den anst\u00e4lldes l\u00f6n.\u202f Med milit\u00e4rtj\u00e4nst likst\u00e4lls ocks\u00e5 repetitions\u00f6vningar, vapenfri tj\u00e4nst, civilf\u00f6rsvar,\u202fverkskydd, frivillig f\u00f6rsvarsutbildning och tj\u00e4nstg\u00f6ring samt beredskapsplacering. \u202f<\/p>\n\n\n\n<p><strong>Vilka g\u00e4ller avtalet?<\/strong><\/p>\n\n\n\n<p>\u2013 Alla p\u00e5 arbetsplatsen f\u00f6r DIK.<\/p>\n\n\n\n<p><strong>Tips till andra som vill teckna ett liknande avtal?<\/strong><\/p>\n\n\n\n<p>\u2013 Vi fick hj\u00e4lp av Fremia, som vi har serviceavtal med, hur vi skulle formulera oss, men annars t\u00e4nker jag att det g\u00e5r bra att kika p\u00e5 hur andra har gjort. Och man f\u00e5r g\u00e4rna g\u00f6ra en copy paste p\u00e5 oss.<\/p>\n\n\n\n<p><strong>FLER ARBETSGIVARE SOM FYLLER UT L\u00d6NEN<\/strong><\/p>\n\n\n\n<ul class=\"wp-block-list\">\n<li>Volvo AB g\u00f6r det, liksom Volvo Cars AB. AFRY, Nammo, Saab och statliga myndigheter. Fyller \u00e4ven din arbetsgivare ut l\u00f6nen n\u00e4r du tj\u00e4nstg\u00f6r i F\u00f6rsvars\u00admakten? Tipsa oss (och andra reservofficers\u00adkollegor) om denna f\u00f6rebild p\u00e5 arbetsmarknaden p\u00e5 kan&#115;&#108;&#105;&#64;&#114;&#101;&#115;&#101;&#114;&#118;&#111;f&#102;&#105;cera&#114;n&#97;.&#115;&#101;<\/li>\n<\/ul>\n\n\n\n<figure class=\"wp-block-image size-large\"><img loading=\"lazy\" decoding=\"async\" width=\"1600\" height=\"900\" src=\"https:\/\/reservofficerarna.se\/app\/uploads\/sites\/2\/2024\/06\/lakarrock-1600x900.jpg\" alt=\"\" class=\"wp-image-1258\" srcset=\"https:\/\/reservofficerarna.se\/app\/uploads\/sites\/2\/2024\/06\/lakarrock-1600x900.jpg 1600w, https:\/\/reservofficerarna.se\/app\/uploads\/sites\/2\/2024\/06\/lakarrock-800x450.jpg 800w, https:\/\/reservofficerarna.se\/app\/uploads\/sites\/2\/2024\/06\/lakarrock-1536x864.jpg 1536w, https:\/\/reservofficerarna.se\/app\/uploads\/sites\/2\/2024\/06\/lakarrock-300x169.jpg 300w, https:\/\/reservofficerarna.se\/app\/uploads\/sites\/2\/2024\/06\/lakarrock.jpg 1920w\" sizes=\"auto, (max-width: 1600px) 100vw, 1600px\" \/><\/figure>\n\n\n\n<h2 class=\"wp-block-heading\">Medicinal-RO g\u00e5r miste om l\u00f6neutfyllnad<\/h2>\n\n\n\n<p>Tidigare fick sjuksk\u00f6terskor och l\u00e4kare som tj\u00e4nstgjorde som reservofficerare viss l\u00f6neutfyllnad fr\u00e5n sina civila arbetsgivare under tj\u00e4nstg\u00f6ringen i F\u00f6rsvarsmakten. Avtalet med Sveriges Kommuner och Regioner, SKR, l\u00f6pte dock ut \u00e5r 2020, och i det nya avtalet finns ingen motsvarande l\u00f6neutfyllnad.<\/p>\n\n\n\n<p>\u2013 Vi har en hel del reservofficerare som drabbas ekonomiskt av detta. Jag \u00e4r orolig f\u00f6r att allt fler fr\u00e5n sjukv\u00e5rden inte kommer att ha r\u00e5d att tj\u00e4nstg\u00f6ra i F\u00f6rsvarsmakten om man f\u00e5r f\u00f6r stort inkomstbortfall, s\u00e4ger Magnus Konradsson, ordf\u00f6rande f\u00f6r F\u00f6rbundet Reservofficerarna.<\/p>\n","protected":false},"excerpt":{"rendered":"<p>Allt fler f\u00f6retag inf\u00f6r l\u00f6neutfyllnad f\u00f6r sina anst\u00e4llda n\u00e4r de tj\u00e4nstg\u00f6r i F\u00f6rsvarsmakten. Nu s\u00e4llar sig \u00e4ven ett fackf\u00f6rbund till akt\u00f6rerna som vill st\u00e4rka beredskapen. \u2013 F\u00f6r oss \u00e4r det viktigt att i alla delar medverka att se till att det finns en stark beredskap i Sverige, och d\u00e5 m\u00e5ste alla vara med och bidra. &hellip;<\/p>\n","protected":false},"author":1,"featured_media":1259,"comment_status":"closed","ping_status":"closed","sticky":true,"template":"","format":"standard","meta":{"_acf_changed":false,"footnotes":""},"categories":[1],"tags":[],"class_list":["post-1257","post","type-post","status-publish","format-standard","has-post-thumbnail","hentry","category-nyheter"],"acf":[],"yoast_head":"<!-- This site is optimized with the Yoast SEO plugin v27.4 - https:\/\/yoast.com\/product\/yoast-seo-wordpress\/ -->\n<title>Fack inf\u00f6r l\u00f6neutfyllnad f\u00f6r att st\u00e4rka beredskapen - Reservofficeren<\/title>\n<meta name=\"robots\" content=\"index, follow, max-snippet:-1, max-image-preview:large, max-video-preview:-1\" \/>\n<link rel=\"canonical\" href=\"https:\/\/reservofficerarna.se\/reservofficeren\/nyheter\/fack-infor-loneutfyllnad-for-att-starka-beredskapen\/\" \/>\n<meta property=\"og:locale\" content=\"sv_SE\" \/>\n<meta property=\"og:type\" content=\"article\" \/>\n<meta property=\"og:title\" content=\"Fack inf\u00f6r l\u00f6neutfyllnad f\u00f6r att st\u00e4rka beredskapen - Reservofficeren\" \/>\n<meta property=\"og:description\" content=\"Allt fler f\u00f6retag inf\u00f6r l\u00f6neutfyllnad f\u00f6r sina anst\u00e4llda n\u00e4r de tj\u00e4nstg\u00f6r i F\u00f6rsvarsmakten. Nu s\u00e4llar sig \u00e4ven ett fackf\u00f6rbund till akt\u00f6rerna som vill st\u00e4rka beredskapen. \u2013 F\u00f6r oss \u00e4r det viktigt att i alla delar medverka att se till att det finns en stark beredskap i Sverige, och d\u00e5 m\u00e5ste alla vara med och bidra. &hellip;\" \/>\n<meta property=\"og:url\" content=\"https:\/\/reservofficerarna.se\/reservofficeren\/nyheter\/fack-infor-loneutfyllnad-for-att-starka-beredskapen\/\" \/>\n<meta property=\"og:site_name\" content=\"Reservofficeren\" \/>\n<meta property=\"article:published_time\" content=\"2024-08-12T07:00:00+00:00\" \/>\n<meta property=\"og:image\" content=\"https:\/\/reservofficerarna.se\/app\/uploads\/sites\/2\/2024\/06\/johanna-lindell-forbundsdirektor-pa-dik.jpg\" \/>\n\t<meta property=\"og:image:width\" content=\"1920\" \/>\n\t<meta property=\"og:image:height\" content=\"1080\" \/>\n\t<meta property=\"og:image:type\" content=\"image\/jpeg\" \/>\n<meta name=\"author\" content=\"wpreservofficerarna\" \/>\n<meta name=\"twitter:card\" content=\"summary_large_image\" \/>\n<meta name=\"twitter:label1\" content=\"Skriven av\" \/>\n\t<meta name=\"twitter:data1\" content=\"wpreservofficerarna\" \/>\n\t<meta name=\"twitter:label2\" content=\"Ber\u00e4knad l\u00e4stid\" \/>\n\t<meta name=\"twitter:data2\" content=\"2 minuter\" \/>\n<script type=\"application\/ld+json\" class=\"yoast-schema-graph\">{\"@context\":\"https:\\\/\\\/schema.org\",\"@graph\":[{\"@type\":\"Article\",\"@id\":\"https:\\\/\\\/reservofficerarna.se\\\/reservofficeren\\\/nyheter\\\/fack-infor-loneutfyllnad-for-att-starka-beredskapen\\\/#article\",\"isPartOf\":{\"@id\":\"https:\\\/\\\/reservofficerarna.se\\\/reservofficeren\\\/nyheter\\\/fack-infor-loneutfyllnad-for-att-starka-beredskapen\\\/\"},\"author\":{\"name\":\"wpreservofficerarna\",\"@id\":\"https:\\\/\\\/staging.reservofficerarna.se\\\/reservofficeren\\\/#\\\/schema\\\/person\\\/d63322fe51ba95c7e32e60a60190148c\"},\"headline\":\"Fack inf\u00f6r l\u00f6neutfyllnad f\u00f6r att st\u00e4rka beredskapen\",\"datePublished\":\"2024-08-12T07:00:00+00:00\",\"mainEntityOfPage\":{\"@id\":\"https:\\\/\\\/reservofficerarna.se\\\/reservofficeren\\\/nyheter\\\/fack-infor-loneutfyllnad-for-att-starka-beredskapen\\\/\"},\"wordCount\":473,\"image\":{\"@id\":\"https:\\\/\\\/reservofficerarna.se\\\/reservofficeren\\\/nyheter\\\/fack-infor-loneutfyllnad-for-att-starka-beredskapen\\\/#primaryimage\"},\"thumbnailUrl\":\"https:\\\/\\\/reservofficerarna.se\\\/app\\\/uploads\\\/sites\\\/2\\\/2024\\\/06\\\/johanna-lindell-forbundsdirektor-pa-dik.jpg\",\"articleSection\":[\"Nyheter\"],\"inLanguage\":\"sv-SE\"},{\"@type\":\"WebPage\",\"@id\":\"https:\\\/\\\/reservofficerarna.se\\\/reservofficeren\\\/nyheter\\\/fack-infor-loneutfyllnad-for-att-starka-beredskapen\\\/\",\"url\":\"https:\\\/\\\/reservofficerarna.se\\\/reservofficeren\\\/nyheter\\\/fack-infor-loneutfyllnad-for-att-starka-beredskapen\\\/\",\"name\":\"Fack inf\u00f6r l\u00f6neutfyllnad f\u00f6r att st\u00e4rka beredskapen - Reservofficeren\",\"isPartOf\":{\"@id\":\"https:\\\/\\\/staging.reservofficerarna.se\\\/reservofficeren\\\/#website\"},\"primaryImageOfPage\":{\"@id\":\"https:\\\/\\\/reservofficerarna.se\\\/reservofficeren\\\/nyheter\\\/fack-infor-loneutfyllnad-for-att-starka-beredskapen\\\/#primaryimage\"},\"image\":{\"@id\":\"https:\\\/\\\/reservofficerarna.se\\\/reservofficeren\\\/nyheter\\\/fack-infor-loneutfyllnad-for-att-starka-beredskapen\\\/#primaryimage\"},\"thumbnailUrl\":\"https:\\\/\\\/reservofficerarna.se\\\/app\\\/uploads\\\/sites\\\/2\\\/2024\\\/06\\\/johanna-lindell-forbundsdirektor-pa-dik.jpg\",\"datePublished\":\"2024-08-12T07:00:00+00:00\",\"author\":{\"@id\":\"https:\\\/\\\/staging.reservofficerarna.se\\\/reservofficeren\\\/#\\\/schema\\\/person\\\/d63322fe51ba95c7e32e60a60190148c\"},\"breadcrumb\":{\"@id\":\"https:\\\/\\\/reservofficerarna.se\\\/reservofficeren\\\/nyheter\\\/fack-infor-loneutfyllnad-for-att-starka-beredskapen\\\/#breadcrumb\"},\"inLanguage\":\"sv-SE\",\"potentialAction\":[{\"@type\":\"ReadAction\",\"target\":[\"https:\\\/\\\/reservofficerarna.se\\\/reservofficeren\\\/nyheter\\\/fack-infor-loneutfyllnad-for-att-starka-beredskapen\\\/\"]}]},{\"@type\":\"ImageObject\",\"inLanguage\":\"sv-SE\",\"@id\":\"https:\\\/\\\/reservofficerarna.se\\\/reservofficeren\\\/nyheter\\\/fack-infor-loneutfyllnad-for-att-starka-beredskapen\\\/#primaryimage\",\"url\":\"https:\\\/\\\/reservofficerarna.se\\\/app\\\/uploads\\\/sites\\\/2\\\/2024\\\/06\\\/johanna-lindell-forbundsdirektor-pa-dik.jpg\",\"contentUrl\":\"https:\\\/\\\/reservofficerarna.se\\\/app\\\/uploads\\\/sites\\\/2\\\/2024\\\/06\\\/johanna-lindell-forbundsdirektor-pa-dik.jpg\",\"width\":1920,\"height\":1080,\"caption\":\"Johanna Lindell, f\u00f6rbundsdirekt\u00f6r p\u00e5 DIK\"},{\"@type\":\"BreadcrumbList\",\"@id\":\"https:\\\/\\\/reservofficerarna.se\\\/reservofficeren\\\/nyheter\\\/fack-infor-loneutfyllnad-for-att-starka-beredskapen\\\/#breadcrumb\",\"itemListElement\":[{\"@type\":\"ListItem\",\"position\":1,\"name\":\"Hem\",\"item\":\"https:\\\/\\\/reservofficerarna.se\\\/reservofficeren\\\/\"},{\"@type\":\"ListItem\",\"position\":2,\"name\":\"Fack inf\u00f6r l\u00f6neutfyllnad f\u00f6r att st\u00e4rka beredskapen\"}]},{\"@type\":\"WebSite\",\"@id\":\"https:\\\/\\\/staging.reservofficerarna.se\\\/reservofficeren\\\/#website\",\"url\":\"https:\\\/\\\/staging.reservofficerarna.se\\\/reservofficeren\\\/\",\"name\":\"Reservofficeren\",\"description\":\"F\u00f6rbundet Reservofficerarnas tidning\",\"potentialAction\":[{\"@type\":\"SearchAction\",\"target\":{\"@type\":\"EntryPoint\",\"urlTemplate\":\"https:\\\/\\\/staging.reservofficerarna.se\\\/reservofficeren\\\/?s={search_term_string}\"},\"query-input\":{\"@type\":\"PropertyValueSpecification\",\"valueRequired\":true,\"valueName\":\"search_term_string\"}}],\"inLanguage\":\"sv-SE\"},{\"@type\":\"Person\",\"@id\":\"https:\\\/\\\/staging.reservofficerarna.se\\\/reservofficeren\\\/#\\\/schema\\\/person\\\/d63322fe51ba95c7e32e60a60190148c\",\"name\":\"wpreservofficerarna\",\"sameAs\":[\"https:\\\/\\\/reservofficerarna.se\\\/wp\"]}]}<\/script>\n<!-- \/ Yoast SEO plugin. -->","yoast_head_json":{"title":"Fack inf\u00f6r l\u00f6neutfyllnad f\u00f6r att st\u00e4rka beredskapen - Reservofficeren","robots":{"index":"index","follow":"follow","max-snippet":"max-snippet:-1","max-image-preview":"max-image-preview:large","max-video-preview":"max-video-preview:-1"},"canonical":"https:\/\/reservofficerarna.se\/reservofficeren\/nyheter\/fack-infor-loneutfyllnad-for-att-starka-beredskapen\/","og_locale":"sv_SE","og_type":"article","og_title":"Fack inf\u00f6r l\u00f6neutfyllnad f\u00f6r att st\u00e4rka beredskapen - Reservofficeren","og_description":"Allt fler f\u00f6retag inf\u00f6r l\u00f6neutfyllnad f\u00f6r sina anst\u00e4llda n\u00e4r de tj\u00e4nstg\u00f6r i F\u00f6rsvarsmakten. Nu s\u00e4llar sig \u00e4ven ett fackf\u00f6rbund till akt\u00f6rerna som vill st\u00e4rka beredskapen. \u2013 F\u00f6r oss \u00e4r det viktigt att i alla delar medverka att se till att det finns en stark beredskap i Sverige, och d\u00e5 m\u00e5ste alla vara med och bidra. &hellip;","og_url":"https:\/\/reservofficerarna.se\/reservofficeren\/nyheter\/fack-infor-loneutfyllnad-for-att-starka-beredskapen\/","og_site_name":"Reservofficeren","article_published_time":"2024-08-12T07:00:00+00:00","og_image":[{"width":1920,"height":1080,"url":"https:\/\/reservofficerarna.se\/app\/uploads\/sites\/2\/2024\/06\/johanna-lindell-forbundsdirektor-pa-dik.jpg","type":"image\/jpeg"}],"author":"wpreservofficerarna","twitter_card":"summary_large_image","twitter_misc":{"Skriven av":"wpreservofficerarna","Ber\u00e4knad l\u00e4stid":"2 minuter"},"schema":{"@context":"https:\/\/schema.org","@graph":[{"@type":"Article","@id":"https:\/\/reservofficerarna.se\/reservofficeren\/nyheter\/fack-infor-loneutfyllnad-for-att-starka-beredskapen\/#article","isPartOf":{"@id":"https:\/\/reservofficerarna.se\/reservofficeren\/nyheter\/fack-infor-loneutfyllnad-for-att-starka-beredskapen\/"},"author":{"name":"wpreservofficerarna","@id":"https:\/\/staging.reservofficerarna.se\/reservofficeren\/#\/schema\/person\/d63322fe51ba95c7e32e60a60190148c"},"headline":"Fack inf\u00f6r l\u00f6neutfyllnad f\u00f6r att st\u00e4rka beredskapen","datePublished":"2024-08-12T07:00:00+00:00","mainEntityOfPage":{"@id":"https:\/\/reservofficerarna.se\/reservofficeren\/nyheter\/fack-infor-loneutfyllnad-for-att-starka-beredskapen\/"},"wordCount":473,"image":{"@id":"https:\/\/reservofficerarna.se\/reservofficeren\/nyheter\/fack-infor-loneutfyllnad-for-att-starka-beredskapen\/#primaryimage"},"thumbnailUrl":"https:\/\/reservofficerarna.se\/app\/uploads\/sites\/2\/2024\/06\/johanna-lindell-forbundsdirektor-pa-dik.jpg","articleSection":["Nyheter"],"inLanguage":"sv-SE"},{"@type":"WebPage","@id":"https:\/\/reservofficerarna.se\/reservofficeren\/nyheter\/fack-infor-loneutfyllnad-for-att-starka-beredskapen\/","url":"https:\/\/reservofficerarna.se\/reservofficeren\/nyheter\/fack-infor-loneutfyllnad-for-att-starka-beredskapen\/","name":"Fack inf\u00f6r l\u00f6neutfyllnad f\u00f6r att st\u00e4rka beredskapen - Reservofficeren","isPartOf":{"@id":"https:\/\/staging.reservofficerarna.se\/reservofficeren\/#website"},"primaryImageOfPage":{"@id":"https:\/\/reservofficerarna.se\/reservofficeren\/nyheter\/fack-infor-loneutfyllnad-for-att-starka-beredskapen\/#primaryimage"},"image":{"@id":"https:\/\/reservofficerarna.se\/reservofficeren\/nyheter\/fack-infor-loneutfyllnad-for-att-starka-beredskapen\/#primaryimage"},"thumbnailUrl":"https:\/\/reservofficerarna.se\/app\/uploads\/sites\/2\/2024\/06\/johanna-lindell-forbundsdirektor-pa-dik.jpg","datePublished":"2024-08-12T07:00:00+00:00","author":{"@id":"https:\/\/staging.reservofficerarna.se\/reservofficeren\/#\/schema\/person\/d63322fe51ba95c7e32e60a60190148c"},"breadcrumb":{"@id":"https:\/\/reservofficerarna.se\/reservofficeren\/nyheter\/fack-infor-loneutfyllnad-for-att-starka-beredskapen\/#breadcrumb"},"inLanguage":"sv-SE","potentialAction":[{"@type":"ReadAction","target":["https:\/\/reservofficerarna.se\/reservofficeren\/nyheter\/fack-infor-loneutfyllnad-for-att-starka-beredskapen\/"]}]},{"@type":"ImageObject","inLanguage":"sv-SE","@id":"https:\/\/reservofficerarna.se\/reservofficeren\/nyheter\/fack-infor-loneutfyllnad-for-att-starka-beredskapen\/#primaryimage","url":"https:\/\/reservofficerarna.se\/app\/uploads\/sites\/2\/2024\/06\/johanna-lindell-forbundsdirektor-pa-dik.jpg","contentUrl":"https:\/\/reservofficerarna.se\/app\/uploads\/sites\/2\/2024\/06\/johanna-lindell-forbundsdirektor-pa-dik.jpg","width":1920,"height":1080,"caption":"Johanna Lindell, f\u00f6rbundsdirekt\u00f6r p\u00e5 DIK"},{"@type":"BreadcrumbList","@id":"https:\/\/reservofficerarna.se\/reservofficeren\/nyheter\/fack-infor-loneutfyllnad-for-att-starka-beredskapen\/#breadcrumb","itemListElement":[{"@type":"ListItem","position":1,"name":"Hem","item":"https:\/\/reservofficerarna.se\/reservofficeren\/"},{"@type":"ListItem","position":2,"name":"Fack inf\u00f6r l\u00f6neutfyllnad f\u00f6r att st\u00e4rka beredskapen"}]},{"@type":"WebSite","@id":"https:\/\/staging.reservofficerarna.se\/reservofficeren\/#website","url":"https:\/\/staging.reservofficerarna.se\/reservofficeren\/","name":"Reservofficeren","description":"F\u00f6rbundet Reservofficerarnas tidning","potentialAction":[{"@type":"SearchAction","target":{"@type":"EntryPoint","urlTemplate":"https:\/\/staging.reservofficerarna.se\/reservofficeren\/?s={search_term_string}"},"query-input":{"@type":"PropertyValueSpecification","valueRequired":true,"valueName":"search_term_string"}}],"inLanguage":"sv-SE"},{"@type":"Person","@id":"https:\/\/staging.reservofficerarna.se\/reservofficeren\/#\/schema\/person\/d63322fe51ba95c7e32e60a60190148c","name":"wpreservofficerarna","sameAs":["https:\/\/reservofficerarna.se\/wp"]}]}},"_links":{"self":[{"href":"https:\/\/reservofficerarna.se\/reservofficeren\/wp-json\/wp\/v2\/posts\/1257","targetHints":{"allow":["GET"]}}],"collection":[{"href":"https:\/\/reservofficerarna.se\/reservofficeren\/wp-json\/wp\/v2\/posts"}],"about":[{"href":"https:\/\/reservofficerarna.se\/reservofficeren\/wp-json\/wp\/v2\/types\/post"}],"author":[{"embeddable":true,"href":"https:\/\/reservofficerarna.se\/reservofficeren\/wp-json\/wp\/v2\/users\/1"}],"replies":[{"embeddable":true,"href":"https:\/\/reservofficerarna.se\/reservofficeren\/wp-json\/wp\/v2\/comments?post=1257"}],"version-history":[{"count":4,"href":"https:\/\/reservofficerarna.se\/reservofficeren\/wp-json\/wp\/v2\/posts\/1257\/revisions"}],"predecessor-version":[{"id":1263,"href":"https:\/\/reservofficerarna.se\/reservofficeren\/wp-json\/wp\/v2\/posts\/1257\/revisions\/1263"}],"wp:featuredmedia":[{"embeddable":true,"href":"https:\/\/reservofficerarna.se\/reservofficeren\/wp-json\/wp\/v2\/media\/1259"}],"wp:attachment":[{"href":"https:\/\/reservofficerarna.se\/reservofficeren\/wp-json\/wp\/v2\/media?parent=1257"}],"wp:term":[{"taxonomy":"category","embeddable":true,"href":"https:\/\/reservofficerarna.se\/reservofficeren\/wp-json\/wp\/v2\/categories?post=1257"},{"taxonomy":"post_tag","embeddable":true,"href":"https:\/\/reservofficerarna.se\/reservofficeren\/wp-json\/wp\/v2\/tags?post=1257"}],"curies":[{"name":"wp","href":"https:\/\/api.w.org\/{rel}","templated":true}]}}