{"id":1325,"date":"2024-10-29T09:00:00","date_gmt":"2024-10-29T08:00:00","guid":{"rendered":"https:\/\/reservofficerarna.se\/reservofficeren\/?p=1325"},"modified":"2024-10-14T14:30:15","modified_gmt":"2024-10-14T12:30:15","slug":"edvin-dribe-ny-ombudsman-pa-reservofficerarna","status":"publish","type":"post","link":"https:\/\/reservofficerarna.se\/reservofficeren\/nyheter\/edvin-dribe-ny-ombudsman-pa-reservofficerarna\/","title":{"rendered":"Edvin Dribe ny ombudsman p\u00e5 Reservofficerarna"},"content":{"rendered":"\n<p class=\"has-lead-text-font-size\">I mitten av oktober b\u00f6rjade Edvin Dribe som ombudsman p\u00e5 F\u00f6rbundet Reserv\u00adofficerarna. \u201dVi \u00e4r oerh\u00f6rt glada. N\u00e4r F\u00f6rsvarsmakten v\u00e4xer och f\u00e5r fler reservofficerare, beh\u00f6vs ocks\u00e5 mer st\u00f6d f\u00f6r att f\u00e5 systemet att fungera\u201d, s\u00e4ger Magnus Konradsson, ordf\u00f6rande.<\/p>\n\n\n<div class=\"wp-block-image\">\n<figure class=\"alignleft size-large is-resized\"><img loading=\"lazy\" decoding=\"async\" width=\"600\" height=\"900\" src=\"https:\/\/reservofficerarna.se\/app\/uploads\/sites\/2\/2024\/10\/s-5.-edvin-dribe-scaled-1-600x900.jpg\" alt=\"\" class=\"wp-image-1326\" style=\"aspect-ratio:0.6666666666666666;width:284px;height:auto\" srcset=\"https:\/\/reservofficerarna.se\/app\/uploads\/sites\/2\/2024\/10\/s-5.-edvin-dribe-scaled-1-600x900.jpg 600w, https:\/\/reservofficerarna.se\/app\/uploads\/sites\/2\/2024\/10\/s-5.-edvin-dribe-scaled-1-400x600.jpg 400w, https:\/\/reservofficerarna.se\/app\/uploads\/sites\/2\/2024\/10\/s-5.-edvin-dribe-scaled-1-800x1200.jpg 800w, https:\/\/reservofficerarna.se\/app\/uploads\/sites\/2\/2024\/10\/s-5.-edvin-dribe-scaled-1-1024x1536.jpg 1024w, https:\/\/reservofficerarna.se\/app\/uploads\/sites\/2\/2024\/10\/s-5.-edvin-dribe-scaled-1-1366x2048.jpg 1366w, https:\/\/reservofficerarna.se\/app\/uploads\/sites\/2\/2024\/10\/s-5.-edvin-dribe-scaled-1-300x450.jpg 300w, https:\/\/reservofficerarna.se\/app\/uploads\/sites\/2\/2024\/10\/s-5.-edvin-dribe-scaled-1.jpg 1707w\" sizes=\"auto, (max-width: 600px) 100vw, 600px\" \/><figcaption class=\"font-sans mt-2 text-sm md:text-base\" class=\"wp-element-caption\">Edvin Dribe. <span class=\"text-gray-500\"><span class=\"uppercase\">Foto:<\/span> SSB<\/span><\/figcaption><\/figure>\n<\/div>\n\n\n<p>Edvin Dribe har avslutat studierna p\u00e5 Handelsh\u00f6gskolan i Stockholm och nu g\u00e5tt \u00f6ver till att plugga juridik. Han har tidigare jobbat f\u00f6r Scouterna, varit ordf\u00f6rande f\u00f6r Akademiska Officerss\u00e4llskapet i Stockholm och tj\u00e4nstg\u00f6r p\u00e5 1. Divisionsstaben som GSS\/T.<\/p>\n\n\n\n<p><strong>Varf\u00f6r s\u00f6kte du det h\u00e4r jobbet?<\/strong><\/p>\n\n\n\n<p>\u2013 F\u00f6r att reservofficerare \u00e4r en av F\u00f6rsvarsmaktens viktigaste resurser och k\u00e5ren m\u00e5ste v\u00e4xa. I tider av ett f\u00f6rs\u00e4mrat s\u00e4kerhetsl\u00e4ge och en allt m\u00f6rkare omv\u00e4rld beh\u00f6vs alla goda krafter som finns. Jag ville hoppa p\u00e5 t\u00e5get f\u00f6r att vara med p\u00e5 resan att g\u00f6ra verklighet av detta.<\/p>\n\n\n\n<p><strong>Vad kommer du att fokusera p\u00e5?<\/strong><\/p>\n\n\n\n<p>\u2013 F\u00f6rst och fr\u00e4mst att bygga upp f\u00f6rbundets verksamhet i takt med att vi v\u00e4xer! Det \u00e4r en utmaning v\u00e4rd namnet som b\u00e5de vi p\u00e5 kansliet, de f\u00f6rtroendevalda och alla medlemmar kommer beh\u00f6va vara med och jobba med. Det ska bli superkul att vara med och driva den verksamhets\u00adutveckling som kommer kr\u00e4vas.<\/p>\n\n\n\n<p>\u2013 Annars att bli mycket r\u00e5dgivning och f\u00f6rhandling. Tyv\u00e4rr m\u00f6ts medlemmar av en m\u00e4ngd problem i sin vardag som reservofficerare; b\u00e5de f\u00f6re, under och efter tj\u00e4nstg\u00f6ring. Det \u00e4r synd och k\u00e4nns ofta frustrerande \u2013 men det \u00e4r ocks\u00e5 d\u00e4rf\u00f6r vi finns.<\/p>\n\n\n\n<p><strong>Vilka f\u00f6rv\u00e4ntningar har du?<\/strong><\/p>\n\n\n\n<p>\u2013 Jag tror att det kommer bli ett tidvis sv\u00e5rt, tidvis j\u00e4ttekul jobb. Jag tror ocks\u00e5 att jag kommer bli besviken p\u00e5 den verklighet som v\u00e5ra medlemmar m\u00f6ter: Komplicerade system, motstridiga beslut och otacksamma villkor \u00e4r tyv\u00e4rr alltf\u00f6r vanligt f\u00f6rekommande. Till tr\u00f6st kommer jag ocks\u00e5 bli imponerad och motiverad av det engagemang som jag vet finns bland v\u00e5ra medlemmar. D\u00e4r \u00e4r mina f\u00f6rv\u00e4ntningar skyh\u00f6ga! Jag hoppas och tror att vi kommer kunna utr\u00e4tta stord\u00e5d med en engagerad r\u00f6relse i ryggen.<\/p>\n","protected":false},"excerpt":{"rendered":"<p>I mitten av oktober b\u00f6rjade Edvin Dribe som ombudsman p\u00e5 F\u00f6rbundet Reserv\u00adofficerarna. \u201dVi \u00e4r oerh\u00f6rt glada. N\u00e4r F\u00f6rsvarsmakten v\u00e4xer och f\u00e5r fler reservofficerare, beh\u00f6vs ocks\u00e5 mer st\u00f6d f\u00f6r att f\u00e5 systemet att fungera\u201d, s\u00e4ger Magnus Konradsson, ordf\u00f6rande. Edvin Dribe har avslutat studierna p\u00e5 Handelsh\u00f6gskolan i Stockholm och nu g\u00e5tt \u00f6ver till att plugga juridik. Han &hellip;<\/p>\n","protected":false},"author":1,"featured_media":0,"comment_status":"closed","ping_status":"closed","sticky":true,"template":"","format":"standard","meta":{"_acf_changed":false,"footnotes":""},"categories":[1],"tags":[],"class_list":["post-1325","post","type-post","status-publish","format-standard","hentry","category-nyheter"],"acf":[],"yoast_head":"<!-- This site is optimized with the Yoast SEO plugin v27.4 - https:\/\/yoast.com\/product\/yoast-seo-wordpress\/ -->\n<title>Edvin Dribe ny ombudsman p\u00e5 Reservofficerarna - Reservofficeren<\/title>\n<meta name=\"robots\" content=\"index, follow, max-snippet:-1, max-image-preview:large, max-video-preview:-1\" \/>\n<link rel=\"canonical\" href=\"https:\/\/reservofficerarna.se\/reservofficeren\/nyheter\/edvin-dribe-ny-ombudsman-pa-reservofficerarna\/\" \/>\n<meta property=\"og:locale\" content=\"sv_SE\" \/>\n<meta property=\"og:type\" content=\"article\" \/>\n<meta property=\"og:title\" content=\"Edvin Dribe ny ombudsman p\u00e5 Reservofficerarna - Reservofficeren\" \/>\n<meta property=\"og:description\" content=\"I mitten av oktober b\u00f6rjade Edvin Dribe som ombudsman p\u00e5 F\u00f6rbundet Reserv\u00adofficerarna. \u201dVi \u00e4r oerh\u00f6rt glada. N\u00e4r F\u00f6rsvarsmakten v\u00e4xer och f\u00e5r fler reservofficerare, beh\u00f6vs ocks\u00e5 mer st\u00f6d f\u00f6r att f\u00e5 systemet att fungera\u201d, s\u00e4ger Magnus Konradsson, ordf\u00f6rande. Edvin Dribe har avslutat studierna p\u00e5 Handelsh\u00f6gskolan i Stockholm och nu g\u00e5tt \u00f6ver till att plugga juridik. Han &hellip;\" \/>\n<meta property=\"og:url\" content=\"https:\/\/reservofficerarna.se\/reservofficeren\/nyheter\/edvin-dribe-ny-ombudsman-pa-reservofficerarna\/\" \/>\n<meta property=\"og:site_name\" content=\"Reservofficeren\" \/>\n<meta property=\"article:published_time\" content=\"2024-10-29T08:00:00+00:00\" \/>\n<meta property=\"og:image\" content=\"https:\/\/reservofficerarna.se\/app\/uploads\/sites\/2\/2024\/10\/s-5.-edvin-dribe-scaled-1-600x900.jpg\" \/>\n<meta name=\"author\" content=\"wpreservofficerarna\" \/>\n<meta name=\"twitter:card\" content=\"summary_large_image\" \/>\n<meta name=\"twitter:label1\" content=\"Skriven av\" \/>\n\t<meta name=\"twitter:data1\" content=\"wpreservofficerarna\" \/>\n\t<meta name=\"twitter:label2\" content=\"Ber\u00e4knad l\u00e4stid\" \/>\n\t<meta name=\"twitter:data2\" content=\"2 minuter\" \/>\n<script type=\"application\/ld+json\" class=\"yoast-schema-graph\">{\"@context\":\"https:\\\/\\\/schema.org\",\"@graph\":[{\"@type\":\"Article\",\"@id\":\"https:\\\/\\\/reservofficerarna.se\\\/reservofficeren\\\/nyheter\\\/edvin-dribe-ny-ombudsman-pa-reservofficerarna\\\/#article\",\"isPartOf\":{\"@id\":\"https:\\\/\\\/reservofficerarna.se\\\/reservofficeren\\\/nyheter\\\/edvin-dribe-ny-ombudsman-pa-reservofficerarna\\\/\"},\"author\":{\"name\":\"wpreservofficerarna\",\"@id\":\"https:\\\/\\\/staging.reservofficerarna.se\\\/reservofficeren\\\/#\\\/schema\\\/person\\\/d63322fe51ba95c7e32e60a60190148c\"},\"headline\":\"Edvin Dribe ny ombudsman p\u00e5 Reservofficerarna\",\"datePublished\":\"2024-10-29T08:00:00+00:00\",\"mainEntityOfPage\":{\"@id\":\"https:\\\/\\\/reservofficerarna.se\\\/reservofficeren\\\/nyheter\\\/edvin-dribe-ny-ombudsman-pa-reservofficerarna\\\/\"},\"wordCount\":392,\"image\":{\"@id\":\"https:\\\/\\\/reservofficerarna.se\\\/reservofficeren\\\/nyheter\\\/edvin-dribe-ny-ombudsman-pa-reservofficerarna\\\/#primaryimage\"},\"thumbnailUrl\":\"https:\\\/\\\/reservofficerarna.se\\\/app\\\/uploads\\\/sites\\\/2\\\/2024\\\/10\\\/s-5.-edvin-dribe-scaled-1-600x900.jpg\",\"articleSection\":[\"Nyheter\"],\"inLanguage\":\"sv-SE\"},{\"@type\":\"WebPage\",\"@id\":\"https:\\\/\\\/reservofficerarna.se\\\/reservofficeren\\\/nyheter\\\/edvin-dribe-ny-ombudsman-pa-reservofficerarna\\\/\",\"url\":\"https:\\\/\\\/reservofficerarna.se\\\/reservofficeren\\\/nyheter\\\/edvin-dribe-ny-ombudsman-pa-reservofficerarna\\\/\",\"name\":\"Edvin Dribe ny ombudsman p\u00e5 Reservofficerarna - Reservofficeren\",\"isPartOf\":{\"@id\":\"https:\\\/\\\/staging.reservofficerarna.se\\\/reservofficeren\\\/#website\"},\"primaryImageOfPage\":{\"@id\":\"https:\\\/\\\/reservofficerarna.se\\\/reservofficeren\\\/nyheter\\\/edvin-dribe-ny-ombudsman-pa-reservofficerarna\\\/#primaryimage\"},\"image\":{\"@id\":\"https:\\\/\\\/reservofficerarna.se\\\/reservofficeren\\\/nyheter\\\/edvin-dribe-ny-ombudsman-pa-reservofficerarna\\\/#primaryimage\"},\"thumbnailUrl\":\"https:\\\/\\\/reservofficerarna.se\\\/app\\\/uploads\\\/sites\\\/2\\\/2024\\\/10\\\/s-5.-edvin-dribe-scaled-1-600x900.jpg\",\"datePublished\":\"2024-10-29T08:00:00+00:00\",\"author\":{\"@id\":\"https:\\\/\\\/staging.reservofficerarna.se\\\/reservofficeren\\\/#\\\/schema\\\/person\\\/d63322fe51ba95c7e32e60a60190148c\"},\"breadcrumb\":{\"@id\":\"https:\\\/\\\/reservofficerarna.se\\\/reservofficeren\\\/nyheter\\\/edvin-dribe-ny-ombudsman-pa-reservofficerarna\\\/#breadcrumb\"},\"inLanguage\":\"sv-SE\",\"potentialAction\":[{\"@type\":\"ReadAction\",\"target\":[\"https:\\\/\\\/reservofficerarna.se\\\/reservofficeren\\\/nyheter\\\/edvin-dribe-ny-ombudsman-pa-reservofficerarna\\\/\"]}]},{\"@type\":\"ImageObject\",\"inLanguage\":\"sv-SE\",\"@id\":\"https:\\\/\\\/reservofficerarna.se\\\/reservofficeren\\\/nyheter\\\/edvin-dribe-ny-ombudsman-pa-reservofficerarna\\\/#primaryimage\",\"url\":\"https:\\\/\\\/reservofficerarna.se\\\/app\\\/uploads\\\/sites\\\/2\\\/2024\\\/10\\\/s-5.-edvin-dribe-scaled-1-600x900.jpg\",\"contentUrl\":\"https:\\\/\\\/reservofficerarna.se\\\/app\\\/uploads\\\/sites\\\/2\\\/2024\\\/10\\\/s-5.-edvin-dribe-scaled-1-600x900.jpg\"},{\"@type\":\"BreadcrumbList\",\"@id\":\"https:\\\/\\\/reservofficerarna.se\\\/reservofficeren\\\/nyheter\\\/edvin-dribe-ny-ombudsman-pa-reservofficerarna\\\/#breadcrumb\",\"itemListElement\":[{\"@type\":\"ListItem\",\"position\":1,\"name\":\"Hem\",\"item\":\"https:\\\/\\\/reservofficerarna.se\\\/reservofficeren\\\/\"},{\"@type\":\"ListItem\",\"position\":2,\"name\":\"Edvin Dribe ny ombudsman p\u00e5 Reservofficerarna\"}]},{\"@type\":\"WebSite\",\"@id\":\"https:\\\/\\\/staging.reservofficerarna.se\\\/reservofficeren\\\/#website\",\"url\":\"https:\\\/\\\/staging.reservofficerarna.se\\\/reservofficeren\\\/\",\"name\":\"Reservofficeren\",\"description\":\"F\u00f6rbundet Reservofficerarnas tidning\",\"potentialAction\":[{\"@type\":\"SearchAction\",\"target\":{\"@type\":\"EntryPoint\",\"urlTemplate\":\"https:\\\/\\\/staging.reservofficerarna.se\\\/reservofficeren\\\/?s={search_term_string}\"},\"query-input\":{\"@type\":\"PropertyValueSpecification\",\"valueRequired\":true,\"valueName\":\"search_term_string\"}}],\"inLanguage\":\"sv-SE\"},{\"@type\":\"Person\",\"@id\":\"https:\\\/\\\/staging.reservofficerarna.se\\\/reservofficeren\\\/#\\\/schema\\\/person\\\/d63322fe51ba95c7e32e60a60190148c\",\"name\":\"wpreservofficerarna\",\"sameAs\":[\"https:\\\/\\\/reservofficerarna.se\\\/wp\"]}]}<\/script>\n<!-- \/ Yoast SEO plugin. -->","yoast_head_json":{"title":"Edvin Dribe ny ombudsman p\u00e5 Reservofficerarna - Reservofficeren","robots":{"index":"index","follow":"follow","max-snippet":"max-snippet:-1","max-image-preview":"max-image-preview:large","max-video-preview":"max-video-preview:-1"},"canonical":"https:\/\/reservofficerarna.se\/reservofficeren\/nyheter\/edvin-dribe-ny-ombudsman-pa-reservofficerarna\/","og_locale":"sv_SE","og_type":"article","og_title":"Edvin Dribe ny ombudsman p\u00e5 Reservofficerarna - Reservofficeren","og_description":"I mitten av oktober b\u00f6rjade Edvin Dribe som ombudsman p\u00e5 F\u00f6rbundet Reserv\u00adofficerarna. \u201dVi \u00e4r oerh\u00f6rt glada. N\u00e4r F\u00f6rsvarsmakten v\u00e4xer och f\u00e5r fler reservofficerare, beh\u00f6vs ocks\u00e5 mer st\u00f6d f\u00f6r att f\u00e5 systemet att fungera\u201d, s\u00e4ger Magnus Konradsson, ordf\u00f6rande. Edvin Dribe har avslutat studierna p\u00e5 Handelsh\u00f6gskolan i Stockholm och nu g\u00e5tt \u00f6ver till att plugga juridik. Han &hellip;","og_url":"https:\/\/reservofficerarna.se\/reservofficeren\/nyheter\/edvin-dribe-ny-ombudsman-pa-reservofficerarna\/","og_site_name":"Reservofficeren","article_published_time":"2024-10-29T08:00:00+00:00","og_image":[{"url":"https:\/\/reservofficerarna.se\/app\/uploads\/sites\/2\/2024\/10\/s-5.-edvin-dribe-scaled-1-600x900.jpg","type":"","width":"","height":""}],"author":"wpreservofficerarna","twitter_card":"summary_large_image","twitter_misc":{"Skriven av":"wpreservofficerarna","Ber\u00e4knad l\u00e4stid":"2 minuter"},"schema":{"@context":"https:\/\/schema.org","@graph":[{"@type":"Article","@id":"https:\/\/reservofficerarna.se\/reservofficeren\/nyheter\/edvin-dribe-ny-ombudsman-pa-reservofficerarna\/#article","isPartOf":{"@id":"https:\/\/reservofficerarna.se\/reservofficeren\/nyheter\/edvin-dribe-ny-ombudsman-pa-reservofficerarna\/"},"author":{"name":"wpreservofficerarna","@id":"https:\/\/staging.reservofficerarna.se\/reservofficeren\/#\/schema\/person\/d63322fe51ba95c7e32e60a60190148c"},"headline":"Edvin Dribe ny ombudsman p\u00e5 Reservofficerarna","datePublished":"2024-10-29T08:00:00+00:00","mainEntityOfPage":{"@id":"https:\/\/reservofficerarna.se\/reservofficeren\/nyheter\/edvin-dribe-ny-ombudsman-pa-reservofficerarna\/"},"wordCount":392,"image":{"@id":"https:\/\/reservofficerarna.se\/reservofficeren\/nyheter\/edvin-dribe-ny-ombudsman-pa-reservofficerarna\/#primaryimage"},"thumbnailUrl":"https:\/\/reservofficerarna.se\/app\/uploads\/sites\/2\/2024\/10\/s-5.-edvin-dribe-scaled-1-600x900.jpg","articleSection":["Nyheter"],"inLanguage":"sv-SE"},{"@type":"WebPage","@id":"https:\/\/reservofficerarna.se\/reservofficeren\/nyheter\/edvin-dribe-ny-ombudsman-pa-reservofficerarna\/","url":"https:\/\/reservofficerarna.se\/reservofficeren\/nyheter\/edvin-dribe-ny-ombudsman-pa-reservofficerarna\/","name":"Edvin Dribe ny ombudsman p\u00e5 Reservofficerarna - Reservofficeren","isPartOf":{"@id":"https:\/\/staging.reservofficerarna.se\/reservofficeren\/#website"},"primaryImageOfPage":{"@id":"https:\/\/reservofficerarna.se\/reservofficeren\/nyheter\/edvin-dribe-ny-ombudsman-pa-reservofficerarna\/#primaryimage"},"image":{"@id":"https:\/\/reservofficerarna.se\/reservofficeren\/nyheter\/edvin-dribe-ny-ombudsman-pa-reservofficerarna\/#primaryimage"},"thumbnailUrl":"https:\/\/reservofficerarna.se\/app\/uploads\/sites\/2\/2024\/10\/s-5.-edvin-dribe-scaled-1-600x900.jpg","datePublished":"2024-10-29T08:00:00+00:00","author":{"@id":"https:\/\/staging.reservofficerarna.se\/reservofficeren\/#\/schema\/person\/d63322fe51ba95c7e32e60a60190148c"},"breadcrumb":{"@id":"https:\/\/reservofficerarna.se\/reservofficeren\/nyheter\/edvin-dribe-ny-ombudsman-pa-reservofficerarna\/#breadcrumb"},"inLanguage":"sv-SE","potentialAction":[{"@type":"ReadAction","target":["https:\/\/reservofficerarna.se\/reservofficeren\/nyheter\/edvin-dribe-ny-ombudsman-pa-reservofficerarna\/"]}]},{"@type":"ImageObject","inLanguage":"sv-SE","@id":"https:\/\/reservofficerarna.se\/reservofficeren\/nyheter\/edvin-dribe-ny-ombudsman-pa-reservofficerarna\/#primaryimage","url":"https:\/\/reservofficerarna.se\/app\/uploads\/sites\/2\/2024\/10\/s-5.-edvin-dribe-scaled-1-600x900.jpg","contentUrl":"https:\/\/reservofficerarna.se\/app\/uploads\/sites\/2\/2024\/10\/s-5.-edvin-dribe-scaled-1-600x900.jpg"},{"@type":"BreadcrumbList","@id":"https:\/\/reservofficerarna.se\/reservofficeren\/nyheter\/edvin-dribe-ny-ombudsman-pa-reservofficerarna\/#breadcrumb","itemListElement":[{"@type":"ListItem","position":1,"name":"Hem","item":"https:\/\/reservofficerarna.se\/reservofficeren\/"},{"@type":"ListItem","position":2,"name":"Edvin Dribe ny ombudsman p\u00e5 Reservofficerarna"}]},{"@type":"WebSite","@id":"https:\/\/staging.reservofficerarna.se\/reservofficeren\/#website","url":"https:\/\/staging.reservofficerarna.se\/reservofficeren\/","name":"Reservofficeren","description":"F\u00f6rbundet Reservofficerarnas tidning","potentialAction":[{"@type":"SearchAction","target":{"@type":"EntryPoint","urlTemplate":"https:\/\/staging.reservofficerarna.se\/reservofficeren\/?s={search_term_string}"},"query-input":{"@type":"PropertyValueSpecification","valueRequired":true,"valueName":"search_term_string"}}],"inLanguage":"sv-SE"},{"@type":"Person","@id":"https:\/\/staging.reservofficerarna.se\/reservofficeren\/#\/schema\/person\/d63322fe51ba95c7e32e60a60190148c","name":"wpreservofficerarna","sameAs":["https:\/\/reservofficerarna.se\/wp"]}]}},"_links":{"self":[{"href":"https:\/\/reservofficerarna.se\/reservofficeren\/wp-json\/wp\/v2\/posts\/1325","targetHints":{"allow":["GET"]}}],"collection":[{"href":"https:\/\/reservofficerarna.se\/reservofficeren\/wp-json\/wp\/v2\/posts"}],"about":[{"href":"https:\/\/reservofficerarna.se\/reservofficeren\/wp-json\/wp\/v2\/types\/post"}],"author":[{"embeddable":true,"href":"https:\/\/reservofficerarna.se\/reservofficeren\/wp-json\/wp\/v2\/users\/1"}],"replies":[{"embeddable":true,"href":"https:\/\/reservofficerarna.se\/reservofficeren\/wp-json\/wp\/v2\/comments?post=1325"}],"version-history":[{"count":12,"href":"https:\/\/reservofficerarna.se\/reservofficeren\/wp-json\/wp\/v2\/posts\/1325\/revisions"}],"predecessor-version":[{"id":1339,"href":"https:\/\/reservofficerarna.se\/reservofficeren\/wp-json\/wp\/v2\/posts\/1325\/revisions\/1339"}],"wp:attachment":[{"href":"https:\/\/reservofficerarna.se\/reservofficeren\/wp-json\/wp\/v2\/media?parent=1325"}],"wp:term":[{"taxonomy":"category","embeddable":true,"href":"https:\/\/reservofficerarna.se\/reservofficeren\/wp-json\/wp\/v2\/categories?post=1325"},{"taxonomy":"post_tag","embeddable":true,"href":"https:\/\/reservofficerarna.se\/reservofficeren\/wp-json\/wp\/v2\/tags?post=1325"}],"curies":[{"name":"wp","href":"https:\/\/api.w.org\/{rel}","templated":true}]}}