{"id":1340,"date":"2024-11-04T09:00:00","date_gmt":"2024-11-04T08:00:00","guid":{"rendered":"https:\/\/reservofficerarna.se\/reservofficeren\/?p=1340"},"modified":"2024-10-14T14:50:46","modified_gmt":"2024-10-14T12:50:46","slug":"reservofficerare-kan-forlora-tusentals-kronor-i-manaden-i-pension","status":"publish","type":"post","link":"https:\/\/reservofficerarna.se\/reservofficeren\/nyheter\/reservofficerare-kan-forlora-tusentals-kronor-i-manaden-i-pension\/","title":{"rendered":"Reservofficerare kan f\u00f6rlora tusentals kronor i m\u00e5naden i pension"},"content":{"rendered":"\n<p class=\"has-lead-text-font-size\">M\u00e5nga f\u00e5r r\u00e4kna med kraftigt s\u00e4nkt l\u00f6n n\u00e4r de tj\u00e4nstg\u00f6r som reservofficerare. F\u00f6r en del riskerar dessutom den kommande pensionen att minskas med upp till ett par tusen kronor i m\u00e5naden. \u201dDet \u00e4r f\u00f6r j\u00e4vligt, s\u00e4ger Magnus Konradsson\u201d, ordf\u00f6rande i F\u00f6rbundet Reservofficerarna.<\/p>\n\n\n<div class=\"wp-block-image\">\n<figure class=\"portrait alignleft size-large is-resized\"><img loading=\"lazy\" decoding=\"async\" width=\"1019\" height=\"1542\" src=\"https:\/\/reservofficerarna.se\/app\/uploads\/sites\/2\/2024\/10\/konradsson-allvarlig-edited.jpg\" alt=\"\" class=\"wp-image-1353\" style=\"aspect-ratio:0.6611111111111111;width:197px;height:auto\" srcset=\"https:\/\/reservofficerarna.se\/app\/uploads\/sites\/2\/2024\/10\/konradsson-allvarlig-edited.jpg 1019w, https:\/\/reservofficerarna.se\/app\/uploads\/sites\/2\/2024\/10\/konradsson-allvarlig-edited-396x600.jpg 396w, https:\/\/reservofficerarna.se\/app\/uploads\/sites\/2\/2024\/10\/konradsson-allvarlig-edited-595x900.jpg 595w, https:\/\/reservofficerarna.se\/app\/uploads\/sites\/2\/2024\/10\/konradsson-allvarlig-edited-800x1211.jpg 800w, https:\/\/reservofficerarna.se\/app\/uploads\/sites\/2\/2024\/10\/konradsson-allvarlig-edited-1015x1536.jpg 1015w, https:\/\/reservofficerarna.se\/app\/uploads\/sites\/2\/2024\/10\/konradsson-allvarlig-edited-300x454.jpg 300w\" sizes=\"auto, (max-width: 1019px) 100vw, 1019px\" \/><figcaption class=\"font-sans mt-2 text-sm md:text-base\" class=\"wp-element-caption\">Magnus Konradsson.<\/figcaption><\/figure>\n<\/div>\n\n\n<p>Ska F\u00f6rsvarsmakten kunna v\u00e4xa som det \u00e4r t\u00e4nkt beh\u00f6ver fler utbilda sig till reserv\u00adofficerare. Men det kr\u00e4vs \u00e4ven att m\u00e5nga \u00e5terkommande vill tj\u00e4nstg\u00f6ra.<\/p>\n\n\n\n<p>\u2013 I dag f\u00f6rlorar m\u00e5nga reservofficerare ekonomiskt p\u00e5 att g\u00f6ra en insats f\u00f6r Sverige, vilket av flera sk\u00e4l \u00e4r helt orimligt. Jag tror dessutom att det g\u00f6r att det i framtiden blir \u00e4nnu sv\u00e5rare att f\u00e5 m\u00e4nniskor att vilja st\u00e4lla upp, s\u00e4ger Magnus Konradsson.<\/p>\n\n\n\n<p>P\u00e5 tidningen Reservofficerens uppdrag har pensions- och f\u00f6rs\u00e4kringsexperten Svante Uhlin vid Offentliganst\u00e4lldas F\u00f6rhandlingsr\u00e5d (OFR) ber\u00e4knat hur mycket ett antal fiktiva personer f\u00f6rlorar ekonomisk, b\u00e5de i form av l\u00f6n och pension (se tabell h\u00e4r bredvid), p\u00e5 att tj\u00e4nstg\u00f6ra som reservofficerare fyra veckor per \u00e5r.<\/p>\n\n\n\n<p>\u2013 Hur mycket personerna tj\u00e4nar i sina civila befattningar, hur gamla de \u00e4r, hur tidigt och snabbt de gjort civil l\u00f6nekarri\u00e4r och om de arbetar i statlig, privat eller kommunal sektor har stor betydelse f\u00f6r det ekonomiska utfallet, s\u00e4ger Svante Uhlin.<\/p>\n\n\n\n<p><strong>N\u00e5gra exempel:<\/strong><\/p>\n\n\n\n<ul class=\"wp-block-list\">\n<li>En h\u00f6gavl\u00f6nad privatanst\u00e4lld civilingenj\u00f6r i 55-\u00e5rs \u00e5ldern f\u00e5r r\u00e4kna med kraftigt s\u00e4nkt l\u00f6n vid tj\u00e4nstg\u00f6ring som reservofficer om hen inte arbetar p\u00e5 ett f\u00f6retag som kompenserar sina anst\u00e4llda ekonomiskt f\u00f6r l\u00f6nebortfallet, vilket f\u00e5 g\u00f6r.<\/li>\n\n\n\n<li>Med tanke p\u00e5 civilingenj\u00f6rens \u00e5lder \u00e4r sannolikheten stor att hen omfattas av ett s\u00e5 kallat f\u00f6rm\u00e5nsbest\u00e4mt pensionsavtal vilket g\u00f6r att pensionen inte ber\u00f6rs av fyra veckors tj\u00e4nstledighet f\u00f6r reservofficersarbete.<\/li>\n\n\n\n<li>\u00c4r personen statligt anst\u00e4lld kan hen r\u00e4kna med en l\u00f6neutfyllnad p\u00e5 20 procent av den civila l\u00f6nen.<\/li>\n\n\n\n<li>En privatanst\u00e4lld reservofficer i 45-\u00e5rs \u00e5ldern som i sin civila tj\u00e4nst tj\u00e4nar exempelvis 70000 kronor i m\u00e5naden och som officer 40000 kronor i m\u00e5naden, f\u00e5r vid tj\u00e4nstg\u00f6ring som reservofficer d\u00e4remot r\u00e4kna med att s\u00e5v\u00e4l l\u00f6nen som inbetalningen till tj\u00e4nstepensionen s\u00e4nks kraftigt.<\/li>\n\n\n\n<li>R\u00e4nta-p\u00e5-r\u00e4nta-effekten g\u00f6r att n\u00e5gra veckors reseversofficerstj\u00e4nstg\u00f6ring per \u00e5r under l\u00e5ng tid kan f\u00e5 stor negativ betydelse p\u00e5 den slutliga pensionen, framf\u00f6r allt f\u00f6r privatanst\u00e4llda reservofficerare.<\/li>\n<\/ul>\n\n\n<div class=\"wp-block-image\">\n<figure class=\"portrait alignleft size-large is-resized\"><img loading=\"lazy\" decoding=\"async\" width=\"595\" height=\"900\" src=\"https:\/\/reservofficerarna.se\/app\/uploads\/sites\/2\/2024\/10\/svante-uhlin-595x900.jpg\" alt=\"\" class=\"wp-image-1352\" style=\"aspect-ratio:0.6611111111111111;width:194px;height:auto\" srcset=\"https:\/\/reservofficerarna.se\/app\/uploads\/sites\/2\/2024\/10\/svante-uhlin-595x900.jpg 595w, https:\/\/reservofficerarna.se\/app\/uploads\/sites\/2\/2024\/10\/svante-uhlin-397x600.jpg 397w, https:\/\/reservofficerarna.se\/app\/uploads\/sites\/2\/2024\/10\/svante-uhlin-800x1211.jpg 800w, https:\/\/reservofficerarna.se\/app\/uploads\/sites\/2\/2024\/10\/svante-uhlin-1015x1536.jpg 1015w, https:\/\/reservofficerarna.se\/app\/uploads\/sites\/2\/2024\/10\/svante-uhlin-300x454.jpg 300w, https:\/\/reservofficerarna.se\/app\/uploads\/sites\/2\/2024\/10\/svante-uhlin.jpg 1284w\" sizes=\"auto, (max-width: 595px) 100vw, 595px\" \/><figcaption class=\"font-sans mt-2 text-sm md:text-base\" class=\"wp-element-caption\">Svante Uhlin.<\/figcaption><\/figure>\n<\/div>\n\n\n<p>\u2013 Exakt hur mycket \u00e4r sv\u00e5rt att ber\u00e4kna och beror p\u00e5 en m\u00e4ngd olika saker, bland annat hur h\u00f6g civil l\u00f6n man har haft under olika delar av sin karri\u00e4r och hur mycket man har arbetat som reservofficer. Men att det f\u00f6r en del privatanst\u00e4llda med relativt h\u00f6g l\u00f6n kan handla om ett par tusen kronor per m\u00e5nad i l\u00e4gre pension livsl\u00e5ngt fr\u00e5n 65 \u00e5rs \u00e5lder \u00e4r en rimlig bed\u00f6mning, s\u00e4ger Svante Uhlin.<\/p>\n\n\n\n<p><strong>Varf\u00f6r skiljer det mellan olika \u00e5ldrar?<\/strong><\/p>\n\n\n\n<p>\u2013 Det beror p\u00e5 de olika tj\u00e4nstepensionsavtalen. I v\u00e5rt r\u00e4kneexempel har vi utg\u00e5tt ifr\u00e5n tv\u00e5 av de st\u00f6rsta, det vill s\u00e4ga ITP inom privat sektor och PA 16 p\u00e5 det statliga omr\u00e5det.<\/p>\n\n\n\n<p>Privatanst\u00e4llda tj\u00e4nstem\u00e4n som omfattas av ITP2 (f\u00f6dda 1978 eller tidigare) har s\u00e5 kallat f\u00f6rm\u00e5nsbest\u00e4mda pensionsdelar, vilket bland annat inneb\u00e4r att pensionen inte p\u00e5verkas av tj\u00e4nstledighet p\u00e5 upp till en m\u00e5nad. Samma sak g\u00e4ller i stor utstr\u00e4ckning f\u00f6r statligt anst\u00e4llda som omfattas av PA 16 Avd II (f\u00f6dda 1987 eller tidigare). Enligt regelverket i PA Avdelning II tj\u00e4nas dessutom den f\u00f6rm\u00e5nsbest\u00e4mda delen in \u00e4ven vid tj\u00e4nstg\u00f6ring som RO.<\/p>\n\n\n\n<p>\u2013 Man ska allts\u00e5 inte f\u00f6rlora p\u00e5 att under en kortare period byta myndighet, till exempel fr\u00e5n Skatteverket till F\u00f6rsvarsmakten.<\/p>\n\n\n\n<p>\u2013 De som d\u00e4remot omfattas av ITP1 (f\u00f6dda 1979 eller senare) respektive PA 16 Avd 1 (f\u00f6dda 1988 eller senare) har en premiebest\u00e4md tj\u00e4nstepension som baseras p\u00e5 hur mycket pengar som betalas in vilket i sin tur beror p\u00e5 hur h\u00f6g l\u00f6n en person har.<\/p>\n\n\n\n<p>Privatanst\u00e4llda som \u00e4r f\u00f6dda f\u00f6re 1978 kan i vissa fall omfattas av ITP1, till exempel om de arbetar i helt nystartade f\u00f6retag.<\/p>\n\n\n\n<p>\u2013 Rent generellt kan man s\u00e4ga att reglerna \u00e4r betydligt gener\u00f6sare f\u00f6r medel\u00e5lders personer, som ofta omfattas av de \u00e4ldre avtalen, \u00e4n f\u00f6r yngre.<\/p>\n\n\n\n<p>Flygledarna p\u00e5 F\u00f6rsvarsmaktens flygplatser \u00e4r anst\u00e4llda av Luftfartsverket och civila. En del av dem \u00e4r \u00e4ven reservofficerare. N\u00e4r de sistn\u00e4mnda kallas in f\u00f6r att under \u00f6vningar eller liknande tj\u00e4nstg\u00f6ra som milit\u00e4ra flygledare har de samma l\u00f6n som n\u00e4r de arbetar civilt.<\/p>\n\n\n\n<p>\u2013 Det borde \u00e4ven andra reservofficerare ha. \u00c4r de statligt anst\u00e4llda har de i dag r\u00e4tt till en l\u00f6neutfyllnad av staten p\u00e5 20 procent av sin civila l\u00f6n, men inte mer. Det finns \u00e4ven en del privata f\u00f6retag \u2013 framf\u00f6r allt s\u00e5dana som \u00e4r verksamma i f\u00f6rsvarssektorn \u2013 som praktiserar l\u00f6neutfyllnad. Men alldeles f\u00f6r f\u00e5, s\u00e4ger Magnus Konradsson.<\/p>\n\n\n\n<p>\u2013 I Storbritannien har det statliga svenska bolaget Vattenfalls personal r\u00e4tt till l\u00f6neutfyllnad vid tj\u00e4nstg\u00f6ring som reservofficerare i den brittiska f\u00f6rsvarsmakten. Motsvarande regler g\u00e4ller dock inte f\u00f6r Vattenfalls personal i Sverige som tj\u00e4nstg\u00f6r i den svenska f\u00f6rsvarsmakten.<\/p>\n\n\n\n<p>Magnus Konradsson s\u00e4ger att det \u00e4r helt orimligt att reservofficerare f\u00f6rlorar ekonomiskt p\u00e5 att ta ansvar f\u00f6r Sveriges s\u00e4kerhet.<\/p>\n\n\n\n<p>\u2013 Till att b\u00f6rja med borde stat, kommuner och regioner fullt ut ekonomiskt kompensera anst\u00e4llda som tj\u00e4nstg\u00f6r som reservofficerare, s\u00e5v\u00e4l l\u00f6ne- som pensionsm\u00e4ssigt. Jag tycker att \u00e4ven privata arbetsgivare borde g\u00f6ra samma sak.<\/p>\n\n\n\n<p>\u2013 F\u00f6r\u00e4ldraf\u00f6rs\u00e4kringen kan delvis fungera som en f\u00f6rebild. M\u00e5nga arbetsgivare fyller \u00e5tminstone till viss del ut skillnaden mellan den f\u00f6r\u00e4ldralediges l\u00f6n och vad som betalas ut via f\u00f6r\u00e4ldraf\u00f6rs\u00e4kringen. Eventuellt skulle man kunna s\u00e4nka arbetsgivaravgiften i motsvarande grad f\u00f6r att kompensera f\u00f6retagen.<\/p>\n","protected":false},"excerpt":{"rendered":"<p>M\u00e5nga f\u00e5r r\u00e4kna med kraftigt s\u00e4nkt l\u00f6n n\u00e4r de tj\u00e4nstg\u00f6r som reservofficerare. F\u00f6r en del riskerar dessutom den kommande pensionen att minskas med upp till ett par tusen kronor i m\u00e5naden. \u201dDet \u00e4r f\u00f6r j\u00e4vligt, s\u00e4ger Magnus Konradsson\u201d, ordf\u00f6rande i F\u00f6rbundet Reservofficerarna. Ska F\u00f6rsvarsmakten kunna v\u00e4xa som det \u00e4r t\u00e4nkt beh\u00f6ver fler utbilda sig till &hellip;<\/p>\n","protected":false},"author":1,"featured_media":1341,"comment_status":"closed","ping_status":"closed","sticky":true,"template":"","format":"standard","meta":{"_acf_changed":false,"footnotes":""},"categories":[1],"tags":[],"class_list":["post-1340","post","type-post","status-publish","format-standard","has-post-thumbnail","hentry","category-nyheter"],"acf":[],"yoast_head":"<!-- This site is optimized with the Yoast SEO plugin v27.4 - https:\/\/yoast.com\/product\/yoast-seo-wordpress\/ -->\n<title>Reservofficerare kan f\u00f6rlora tusentals kronor i m\u00e5naden i pension - Reservofficeren<\/title>\n<meta name=\"robots\" content=\"index, follow, max-snippet:-1, max-image-preview:large, max-video-preview:-1\" \/>\n<link rel=\"canonical\" href=\"https:\/\/reservofficerarna.se\/reservofficeren\/nyheter\/reservofficerare-kan-forlora-tusentals-kronor-i-manaden-i-pension\/\" \/>\n<meta property=\"og:locale\" content=\"sv_SE\" \/>\n<meta property=\"og:type\" content=\"article\" \/>\n<meta property=\"og:title\" content=\"Reservofficerare kan f\u00f6rlora tusentals kronor i m\u00e5naden i pension - Reservofficeren\" \/>\n<meta property=\"og:description\" content=\"M\u00e5nga f\u00e5r r\u00e4kna med kraftigt s\u00e4nkt l\u00f6n n\u00e4r de tj\u00e4nstg\u00f6r som reservofficerare. F\u00f6r en del riskerar dessutom den kommande pensionen att minskas med upp till ett par tusen kronor i m\u00e5naden. \u201dDet \u00e4r f\u00f6r j\u00e4vligt, s\u00e4ger Magnus Konradsson\u201d, ordf\u00f6rande i F\u00f6rbundet Reservofficerarna. Ska F\u00f6rsvarsmakten kunna v\u00e4xa som det \u00e4r t\u00e4nkt beh\u00f6ver fler utbilda sig till &hellip;\" \/>\n<meta property=\"og:url\" content=\"https:\/\/reservofficerarna.se\/reservofficeren\/nyheter\/reservofficerare-kan-forlora-tusentals-kronor-i-manaden-i-pension\/\" \/>\n<meta property=\"og:site_name\" content=\"Reservofficeren\" \/>\n<meta property=\"article:published_time\" content=\"2024-11-04T08:00:00+00:00\" \/>\n<meta property=\"og:image\" content=\"https:\/\/reservofficerarna.se\/app\/uploads\/sites\/2\/2024\/10\/grafik-pension-2024.png\" \/>\n\t<meta property=\"og:image:width\" content=\"1607\" \/>\n\t<meta property=\"og:image:height\" content=\"1106\" \/>\n\t<meta property=\"og:image:type\" content=\"image\/png\" \/>\n<meta name=\"author\" content=\"wpreservofficerarna\" \/>\n<meta name=\"twitter:card\" content=\"summary_large_image\" \/>\n<meta name=\"twitter:label1\" content=\"Skriven av\" \/>\n\t<meta name=\"twitter:data1\" content=\"wpreservofficerarna\" \/>\n\t<meta name=\"twitter:label2\" content=\"Ber\u00e4knad l\u00e4stid\" \/>\n\t<meta name=\"twitter:data2\" content=\"5 minuter\" \/>\n<script type=\"application\/ld+json\" class=\"yoast-schema-graph\">{\"@context\":\"https:\\\/\\\/schema.org\",\"@graph\":[{\"@type\":\"Article\",\"@id\":\"https:\\\/\\\/reservofficerarna.se\\\/reservofficeren\\\/nyheter\\\/reservofficerare-kan-forlora-tusentals-kronor-i-manaden-i-pension\\\/#article\",\"isPartOf\":{\"@id\":\"https:\\\/\\\/reservofficerarna.se\\\/reservofficeren\\\/nyheter\\\/reservofficerare-kan-forlora-tusentals-kronor-i-manaden-i-pension\\\/\"},\"author\":{\"name\":\"wpreservofficerarna\",\"@id\":\"https:\\\/\\\/staging.reservofficerarna.se\\\/reservofficeren\\\/#\\\/schema\\\/person\\\/d63322fe51ba95c7e32e60a60190148c\"},\"headline\":\"Reservofficerare kan f\u00f6rlora tusentals kronor i m\u00e5naden i pension\",\"datePublished\":\"2024-11-04T08:00:00+00:00\",\"mainEntityOfPage\":{\"@id\":\"https:\\\/\\\/reservofficerarna.se\\\/reservofficeren\\\/nyheter\\\/reservofficerare-kan-forlora-tusentals-kronor-i-manaden-i-pension\\\/\"},\"wordCount\":1080,\"image\":{\"@id\":\"https:\\\/\\\/reservofficerarna.se\\\/reservofficeren\\\/nyheter\\\/reservofficerare-kan-forlora-tusentals-kronor-i-manaden-i-pension\\\/#primaryimage\"},\"thumbnailUrl\":\"https:\\\/\\\/reservofficerarna.se\\\/app\\\/uploads\\\/sites\\\/2\\\/2024\\\/10\\\/grafik-pension-2024.png\",\"articleSection\":[\"Nyheter\"],\"inLanguage\":\"sv-SE\"},{\"@type\":\"WebPage\",\"@id\":\"https:\\\/\\\/reservofficerarna.se\\\/reservofficeren\\\/nyheter\\\/reservofficerare-kan-forlora-tusentals-kronor-i-manaden-i-pension\\\/\",\"url\":\"https:\\\/\\\/reservofficerarna.se\\\/reservofficeren\\\/nyheter\\\/reservofficerare-kan-forlora-tusentals-kronor-i-manaden-i-pension\\\/\",\"name\":\"Reservofficerare kan f\u00f6rlora tusentals kronor i m\u00e5naden i pension - Reservofficeren\",\"isPartOf\":{\"@id\":\"https:\\\/\\\/staging.reservofficerarna.se\\\/reservofficeren\\\/#website\"},\"primaryImageOfPage\":{\"@id\":\"https:\\\/\\\/reservofficerarna.se\\\/reservofficeren\\\/nyheter\\\/reservofficerare-kan-forlora-tusentals-kronor-i-manaden-i-pension\\\/#primaryimage\"},\"image\":{\"@id\":\"https:\\\/\\\/reservofficerarna.se\\\/reservofficeren\\\/nyheter\\\/reservofficerare-kan-forlora-tusentals-kronor-i-manaden-i-pension\\\/#primaryimage\"},\"thumbnailUrl\":\"https:\\\/\\\/reservofficerarna.se\\\/app\\\/uploads\\\/sites\\\/2\\\/2024\\\/10\\\/grafik-pension-2024.png\",\"datePublished\":\"2024-11-04T08:00:00+00:00\",\"author\":{\"@id\":\"https:\\\/\\\/staging.reservofficerarna.se\\\/reservofficeren\\\/#\\\/schema\\\/person\\\/d63322fe51ba95c7e32e60a60190148c\"},\"breadcrumb\":{\"@id\":\"https:\\\/\\\/reservofficerarna.se\\\/reservofficeren\\\/nyheter\\\/reservofficerare-kan-forlora-tusentals-kronor-i-manaden-i-pension\\\/#breadcrumb\"},\"inLanguage\":\"sv-SE\",\"potentialAction\":[{\"@type\":\"ReadAction\",\"target\":[\"https:\\\/\\\/reservofficerarna.se\\\/reservofficeren\\\/nyheter\\\/reservofficerare-kan-forlora-tusentals-kronor-i-manaden-i-pension\\\/\"]}]},{\"@type\":\"ImageObject\",\"inLanguage\":\"sv-SE\",\"@id\":\"https:\\\/\\\/reservofficerarna.se\\\/reservofficeren\\\/nyheter\\\/reservofficerare-kan-forlora-tusentals-kronor-i-manaden-i-pension\\\/#primaryimage\",\"url\":\"https:\\\/\\\/reservofficerarna.se\\\/app\\\/uploads\\\/sites\\\/2\\\/2024\\\/10\\\/grafik-pension-2024.png\",\"contentUrl\":\"https:\\\/\\\/reservofficerarna.se\\\/app\\\/uploads\\\/sites\\\/2\\\/2024\\\/10\\\/grafik-pension-2024.png\",\"width\":1607,\"height\":1106,\"caption\":\"Skillnad i pension mellan personer som \u00e4r f\u00f6dda olika \u00e5r.\"},{\"@type\":\"BreadcrumbList\",\"@id\":\"https:\\\/\\\/reservofficerarna.se\\\/reservofficeren\\\/nyheter\\\/reservofficerare-kan-forlora-tusentals-kronor-i-manaden-i-pension\\\/#breadcrumb\",\"itemListElement\":[{\"@type\":\"ListItem\",\"position\":1,\"name\":\"Hem\",\"item\":\"https:\\\/\\\/reservofficerarna.se\\\/reservofficeren\\\/\"},{\"@type\":\"ListItem\",\"position\":2,\"name\":\"Reservofficerare kan f\u00f6rlora tusentals kronor i m\u00e5naden i pension\"}]},{\"@type\":\"WebSite\",\"@id\":\"https:\\\/\\\/staging.reservofficerarna.se\\\/reservofficeren\\\/#website\",\"url\":\"https:\\\/\\\/staging.reservofficerarna.se\\\/reservofficeren\\\/\",\"name\":\"Reservofficeren\",\"description\":\"F\u00f6rbundet Reservofficerarnas tidning\",\"potentialAction\":[{\"@type\":\"SearchAction\",\"target\":{\"@type\":\"EntryPoint\",\"urlTemplate\":\"https:\\\/\\\/staging.reservofficerarna.se\\\/reservofficeren\\\/?s={search_term_string}\"},\"query-input\":{\"@type\":\"PropertyValueSpecification\",\"valueRequired\":true,\"valueName\":\"search_term_string\"}}],\"inLanguage\":\"sv-SE\"},{\"@type\":\"Person\",\"@id\":\"https:\\\/\\\/staging.reservofficerarna.se\\\/reservofficeren\\\/#\\\/schema\\\/person\\\/d63322fe51ba95c7e32e60a60190148c\",\"name\":\"wpreservofficerarna\",\"sameAs\":[\"https:\\\/\\\/reservofficerarna.se\\\/wp\"]}]}<\/script>\n<!-- \/ Yoast SEO plugin. -->","yoast_head_json":{"title":"Reservofficerare kan f\u00f6rlora tusentals kronor i m\u00e5naden i pension - Reservofficeren","robots":{"index":"index","follow":"follow","max-snippet":"max-snippet:-1","max-image-preview":"max-image-preview:large","max-video-preview":"max-video-preview:-1"},"canonical":"https:\/\/reservofficerarna.se\/reservofficeren\/nyheter\/reservofficerare-kan-forlora-tusentals-kronor-i-manaden-i-pension\/","og_locale":"sv_SE","og_type":"article","og_title":"Reservofficerare kan f\u00f6rlora tusentals kronor i m\u00e5naden i pension - Reservofficeren","og_description":"M\u00e5nga f\u00e5r r\u00e4kna med kraftigt s\u00e4nkt l\u00f6n n\u00e4r de tj\u00e4nstg\u00f6r som reservofficerare. F\u00f6r en del riskerar dessutom den kommande pensionen att minskas med upp till ett par tusen kronor i m\u00e5naden. \u201dDet \u00e4r f\u00f6r j\u00e4vligt, s\u00e4ger Magnus Konradsson\u201d, ordf\u00f6rande i F\u00f6rbundet Reservofficerarna. Ska F\u00f6rsvarsmakten kunna v\u00e4xa som det \u00e4r t\u00e4nkt beh\u00f6ver fler utbilda sig till &hellip;","og_url":"https:\/\/reservofficerarna.se\/reservofficeren\/nyheter\/reservofficerare-kan-forlora-tusentals-kronor-i-manaden-i-pension\/","og_site_name":"Reservofficeren","article_published_time":"2024-11-04T08:00:00+00:00","og_image":[{"width":1607,"height":1106,"url":"https:\/\/reservofficerarna.se\/app\/uploads\/sites\/2\/2024\/10\/grafik-pension-2024.png","type":"image\/png"}],"author":"wpreservofficerarna","twitter_card":"summary_large_image","twitter_misc":{"Skriven av":"wpreservofficerarna","Ber\u00e4knad l\u00e4stid":"5 minuter"},"schema":{"@context":"https:\/\/schema.org","@graph":[{"@type":"Article","@id":"https:\/\/reservofficerarna.se\/reservofficeren\/nyheter\/reservofficerare-kan-forlora-tusentals-kronor-i-manaden-i-pension\/#article","isPartOf":{"@id":"https:\/\/reservofficerarna.se\/reservofficeren\/nyheter\/reservofficerare-kan-forlora-tusentals-kronor-i-manaden-i-pension\/"},"author":{"name":"wpreservofficerarna","@id":"https:\/\/staging.reservofficerarna.se\/reservofficeren\/#\/schema\/person\/d63322fe51ba95c7e32e60a60190148c"},"headline":"Reservofficerare kan f\u00f6rlora tusentals kronor i m\u00e5naden i pension","datePublished":"2024-11-04T08:00:00+00:00","mainEntityOfPage":{"@id":"https:\/\/reservofficerarna.se\/reservofficeren\/nyheter\/reservofficerare-kan-forlora-tusentals-kronor-i-manaden-i-pension\/"},"wordCount":1080,"image":{"@id":"https:\/\/reservofficerarna.se\/reservofficeren\/nyheter\/reservofficerare-kan-forlora-tusentals-kronor-i-manaden-i-pension\/#primaryimage"},"thumbnailUrl":"https:\/\/reservofficerarna.se\/app\/uploads\/sites\/2\/2024\/10\/grafik-pension-2024.png","articleSection":["Nyheter"],"inLanguage":"sv-SE"},{"@type":"WebPage","@id":"https:\/\/reservofficerarna.se\/reservofficeren\/nyheter\/reservofficerare-kan-forlora-tusentals-kronor-i-manaden-i-pension\/","url":"https:\/\/reservofficerarna.se\/reservofficeren\/nyheter\/reservofficerare-kan-forlora-tusentals-kronor-i-manaden-i-pension\/","name":"Reservofficerare kan f\u00f6rlora tusentals kronor i m\u00e5naden i pension - Reservofficeren","isPartOf":{"@id":"https:\/\/staging.reservofficerarna.se\/reservofficeren\/#website"},"primaryImageOfPage":{"@id":"https:\/\/reservofficerarna.se\/reservofficeren\/nyheter\/reservofficerare-kan-forlora-tusentals-kronor-i-manaden-i-pension\/#primaryimage"},"image":{"@id":"https:\/\/reservofficerarna.se\/reservofficeren\/nyheter\/reservofficerare-kan-forlora-tusentals-kronor-i-manaden-i-pension\/#primaryimage"},"thumbnailUrl":"https:\/\/reservofficerarna.se\/app\/uploads\/sites\/2\/2024\/10\/grafik-pension-2024.png","datePublished":"2024-11-04T08:00:00+00:00","author":{"@id":"https:\/\/staging.reservofficerarna.se\/reservofficeren\/#\/schema\/person\/d63322fe51ba95c7e32e60a60190148c"},"breadcrumb":{"@id":"https:\/\/reservofficerarna.se\/reservofficeren\/nyheter\/reservofficerare-kan-forlora-tusentals-kronor-i-manaden-i-pension\/#breadcrumb"},"inLanguage":"sv-SE","potentialAction":[{"@type":"ReadAction","target":["https:\/\/reservofficerarna.se\/reservofficeren\/nyheter\/reservofficerare-kan-forlora-tusentals-kronor-i-manaden-i-pension\/"]}]},{"@type":"ImageObject","inLanguage":"sv-SE","@id":"https:\/\/reservofficerarna.se\/reservofficeren\/nyheter\/reservofficerare-kan-forlora-tusentals-kronor-i-manaden-i-pension\/#primaryimage","url":"https:\/\/reservofficerarna.se\/app\/uploads\/sites\/2\/2024\/10\/grafik-pension-2024.png","contentUrl":"https:\/\/reservofficerarna.se\/app\/uploads\/sites\/2\/2024\/10\/grafik-pension-2024.png","width":1607,"height":1106,"caption":"Skillnad i pension mellan personer som \u00e4r f\u00f6dda olika \u00e5r."},{"@type":"BreadcrumbList","@id":"https:\/\/reservofficerarna.se\/reservofficeren\/nyheter\/reservofficerare-kan-forlora-tusentals-kronor-i-manaden-i-pension\/#breadcrumb","itemListElement":[{"@type":"ListItem","position":1,"name":"Hem","item":"https:\/\/reservofficerarna.se\/reservofficeren\/"},{"@type":"ListItem","position":2,"name":"Reservofficerare kan f\u00f6rlora tusentals kronor i m\u00e5naden i pension"}]},{"@type":"WebSite","@id":"https:\/\/staging.reservofficerarna.se\/reservofficeren\/#website","url":"https:\/\/staging.reservofficerarna.se\/reservofficeren\/","name":"Reservofficeren","description":"F\u00f6rbundet Reservofficerarnas tidning","potentialAction":[{"@type":"SearchAction","target":{"@type":"EntryPoint","urlTemplate":"https:\/\/staging.reservofficerarna.se\/reservofficeren\/?s={search_term_string}"},"query-input":{"@type":"PropertyValueSpecification","valueRequired":true,"valueName":"search_term_string"}}],"inLanguage":"sv-SE"},{"@type":"Person","@id":"https:\/\/staging.reservofficerarna.se\/reservofficeren\/#\/schema\/person\/d63322fe51ba95c7e32e60a60190148c","name":"wpreservofficerarna","sameAs":["https:\/\/reservofficerarna.se\/wp"]}]}},"_links":{"self":[{"href":"https:\/\/reservofficerarna.se\/reservofficeren\/wp-json\/wp\/v2\/posts\/1340","targetHints":{"allow":["GET"]}}],"collection":[{"href":"https:\/\/reservofficerarna.se\/reservofficeren\/wp-json\/wp\/v2\/posts"}],"about":[{"href":"https:\/\/reservofficerarna.se\/reservofficeren\/wp-json\/wp\/v2\/types\/post"}],"author":[{"embeddable":true,"href":"https:\/\/reservofficerarna.se\/reservofficeren\/wp-json\/wp\/v2\/users\/1"}],"replies":[{"embeddable":true,"href":"https:\/\/reservofficerarna.se\/reservofficeren\/wp-json\/wp\/v2\/comments?post=1340"}],"version-history":[{"count":15,"href":"https:\/\/reservofficerarna.se\/reservofficeren\/wp-json\/wp\/v2\/posts\/1340\/revisions"}],"predecessor-version":[{"id":1360,"href":"https:\/\/reservofficerarna.se\/reservofficeren\/wp-json\/wp\/v2\/posts\/1340\/revisions\/1360"}],"wp:featuredmedia":[{"embeddable":true,"href":"https:\/\/reservofficerarna.se\/reservofficeren\/wp-json\/wp\/v2\/media\/1341"}],"wp:attachment":[{"href":"https:\/\/reservofficerarna.se\/reservofficeren\/wp-json\/wp\/v2\/media?parent=1340"}],"wp:term":[{"taxonomy":"category","embeddable":true,"href":"https:\/\/reservofficerarna.se\/reservofficeren\/wp-json\/wp\/v2\/categories?post=1340"},{"taxonomy":"post_tag","embeddable":true,"href":"https:\/\/reservofficerarna.se\/reservofficeren\/wp-json\/wp\/v2\/tags?post=1340"}],"curies":[{"name":"wp","href":"https:\/\/api.w.org\/{rel}","templated":true}]}}