{"id":1380,"date":"2024-11-14T09:00:00","date_gmt":"2024-11-14T08:00:00","guid":{"rendered":"https:\/\/reservofficerarna.se\/reservofficeren\/?p=1380"},"modified":"2024-10-14T15:38:54","modified_gmt":"2024-10-14T13:38:54","slug":"ny-uniform-for-markstrid","status":"publish","type":"post","link":"https:\/\/reservofficerarna.se\/reservofficeren\/nyheter\/ny-uniform-for-markstrid\/","title":{"rendered":"Ny uniform f\u00f6r markstrid"},"content":{"rendered":"\n<p class=\"has-lead-text-font-size\">I vinter v\u00e4ntas den nya den nya markstridsuniformen b\u00f6rja levereras ut till de f\u00f6rsta f\u00f6rbanden. \u201dD\u00e4refter ska ytterligare leveranser ske succesivt\u201d, s\u00e4ger projektledare Robert Skyllberg Averin vid F\u00f6rsvarets materielverk.<\/p>\n\n\n\n<p>Markstridsuniform 24 (MSU24), som den nya uniformen heter, \u00e4r som namnet antyder avsedd f\u00f6r stridande f\u00f6rband.<\/p>\n\n\n\n<p>\u2013 I det dagliga arbetet p\u00e5 regementen, staber och liknande kommer M90 \u2013 det nuvarande uniformssystemet \u2013 vara baskl\u00e4dsel under l\u00e5ng tid fram\u00f6ver.<\/p>\n\n\n\n<p>MSU24 \u00e4r ett samnordiskt uniformssystem som har tagits fram inom ramen f\u00f6r f\u00f6rsvarssamarbetet Nordefco (Nordic Defence Cooperation).<\/p>\n\n\n\n<blockquote class=\"wp-block-quote is-layout-flow wp-block-quote-is-layout-flow\">\n\n            <p>\n            <span class=\"block w-16 mb-5\">\n                <svg class=\"max-w-full fill-current\" viewBox=\"0 0 57 40\" version=\"1.1\" xmlns=\"http:\/\/www.w3.org\/2000\/svg\" xmlns:xlink=\"http:\/\/www.w3.org\/1999\/xlink\">\n                    <g stroke=\"none\" stroke-width=\"1\" fill=\"none\" fill-rule=\"evenodd\">\n                        <g fill=\"#131717\" fill-rule=\"nonzero\">\n                            <path d=\"M14.9513213,40 L28.8734353,22.2531293 L28.8734353,17.7329624 L15.1877608,0 L0,0 L10.3198887,20.0556328 L0,40 L14.9513213,40 Z M42.3087622,40 L56.2308762,22.2531293 L56.2308762,17.7329624 L42.6564673,0 L27.3574409,0 L37.6773296,20.0556328 L27.3574409,40 L42.3087622,40 Z\"><\/path>\n                        <\/g>\n                    <\/g>\n                <\/svg>\n            <\/span>\n            Uniformerna \u00e4r till stora delar lika mellan l\u00e4nderna. Den mest betydande skillnaden \u00e4r respektive nations kamouflagem\u00f6nster.<\/p>\n<cite>Robert Skyllberg Averin, F\u00f6rsvarets materielverk<\/cite><\/blockquote>\n\n\n\n<p>Efter att l\u00e4ndernas krav och behov lagts samman arbetades det fram en gemensam kravspecifikation som anv\u00e4ndes i upphandlingsarbetet.<\/p>\n\n\n\n<p>\u2013 Inom Nordefco g\u00e5r det nya uniforms\u00adsystemet under bet\u00e4ckningen NCU (Nordic Combat Uniform). Uniformerna \u00e4r till stora delar lika mellan l\u00e4nderna. Den mest betydande skillnaden \u00e4r respektive nations kamouflagem\u00f6nster, ber\u00e4ttar Robert Skyllberg Averin.<\/p>\n\n\n\n<p><strong>Varf\u00f6r d\u00e5?<\/strong><\/p>\n\n\n\n<p>\u2013 Fr\u00e5n b\u00f6rjan var tanken att \u00e4ven kamouflaget skulle vara lika. Men sedan ins\u00e5g man att det skulle ta f\u00f6r l\u00e5ng tid att ta fram ett enhetligt kamouflage.<br>Blir det billigare f\u00f6r de nordiska l\u00e4nderna med ett gemensamt uniformssystem?<\/p>\n\n\n\n<p>\u2013 Den stora volymen g\u00f6r att priset blir l\u00e4gre \u00e4n om varje land hade utvecklat och k\u00f6pt in egna. Dessutom g\u00f6r flera l\u00e4nders gemensamma erfarenheter och krav att slutprodukten blir b\u00e4ttre.<\/p>\n\n\n\n<p>Det nya uniformssystemet finns i olika varianter: Djungel, \u00f6ken, traditionell\/europeisk samt en f\u00f6r vinterbruk med sn\u00f6 och str\u00e4ng kyla.<\/p>\n\n\n\n<p><strong>Hur skiljer sig MSU24 mot dess f\u00f6reg\u00e5ngare?<\/strong><\/p>\n\n\n\n<p>\u2013 En grundl\u00e4ggande skillnad \u00e4r man i arbetet med ett ta fram det nya uniformssystemet har utg\u00e5tt ifr\u00e5n ett antal scenarier och st\u00e4llt tydliga funktions- och tekniska krav som systemet ska uppfylla. Det ska ocks\u00e5 vara enkelt att anpassa utifr\u00e5n bland annat passform, v\u00e4derlek och milj\u00f6.<\/p>\n\n\n\n<p>\u2013 N\u00e4r man tog fram M90 st\u00e4llde FMV i st\u00e4llet en m\u00e4ngd detaljkrav g\u00e4llande vilka material som skulle anv\u00e4ndas och liknande. Sedan dess har det skett en otrolig materialutveckling som vi har kunnat dra nytta av.<\/p>\n\n\n\n<p><strong>Nya uniformssystemet<\/strong><\/p>\n\n\n\n<ul class=\"wp-block-list\">\n<li>MSU24 \u00e4r ett samman\u00adh\u00e5llet system, fr\u00e5n det innersta lagret \u2013 kalsonger, trosor och BH \u2013 till det yttersta.<\/li>\n\n\n\n<li>BH:n \u00e4r tillverkad av 100 procent merinoull och storleks\u00adanpassad efter l\u00e4ngd och br\u00f6stvidd.<\/li>\n\n\n\n<li>Underkl\u00e4derna \u00e4r tillverkade i 100 procent merinoull som har en svalkande effekt n\u00e4r det \u00e4r varmt och en v\u00e4rmande n\u00e4r det \u00e4r kallt.<\/li>\n\n\n\n<li>Lagren kombineras utifr\u00e5n r\u00e5dande f\u00f6ruts\u00e4ttningar, till exempel v\u00e4derlek.<\/li>\n\n\n\n<li>En soldat som har p\u00e5 sig alla f\u00f6rst\u00e4rkningsplagg ska kunna var ute i minus 40 grader Celsius utan att frysa.<\/li>\n\n\n\n<li>Ska finnas i cirka 30 storlekar.<\/li>\n\n\n\n<li>Storlek v\u00e4ljs f\u00f6r \u00f6verdelar utifr\u00e5n kroppsl\u00e4ngd och br\u00f6stm\u00e5tt och f\u00f6r nederdelar utifr\u00e5n innerbensl\u00e4ngd kombinerat med midje\u00adm\u00e5tt f\u00f6r m\u00e4n och stussm\u00e5tt f\u00f6r kvinnor, till skillnad fr\u00e5n M90 som utg\u00e5r fr\u00e5n kroppsl\u00e4ngd och vikt.<\/li>\n\n\n\n<li>Uniformssystemet ska vara enkelt att anpassa utifr\u00e5n b\u00e4rarens kroppsbyggnad.<\/li>\n\n\n\n<li>Storleksmatrisen uppges t\u00e4cka 95 procent av alla soldater. F\u00f6r \u00f6vriga g\u00e5r det att sy upp storleks\u00adanpassade uniformer.<\/li>\n\n\n\n<li>\u00c4r k\u00f6nsneutralt, bortsett fr\u00e5n underkl\u00e4der och underst\u00e4ll.<\/li>\n\n\n\n<li>En majoritet av de som i Sverige testade prov\u00aduniformerna var kvinnor.<\/li>\n\n\n\n<li>Stridsjackan \u00e4r tillverkad av flamskyddande tyg och har l\u00f6stagbara armb\u00e5gsskydd.<\/li>\n\n\n\n<li>Skaljackan och skalbyxan \u00e4r vind- och vattent\u00e4ta.<\/li>\n\n\n\n<li>V\u00e4rmejackan finns i tv\u00e5 varianter med olika detaljer och rymlighet. Den rymligare har l\u00e4ngsg\u00e5ende dragkedjor b\u00e5de fram och bak f\u00f6r att kunna expanderas och d\u00e4rmed kunna b\u00e4ras utanp\u00e5 den andra v\u00e4rmejackan samt \u00f6ver kroppsskydd vid extrem kyla.<\/li>\n\n\n\n<li>Stridsbyxan \u2013 \u00e4ven den i flamskyddande tyg \u2013 har p\u00e5sydda kn\u00e4skydd. \u00c4ven l\u00f6stagbara kn\u00e4skydd ing\u00e5r. Skydden kan niv\u00e5regleras. I midjan finns kardborre\u00adkn\u00e4ppning med reglage f\u00f6r anpassning utifr\u00e5n midjem\u00e5tt.<\/li>\n\n\n\n<li>\u00c4ven v\u00e4rmebyxan finns i tv\u00e5 varianter. B\u00e5da varianter har l\u00e4ngsg\u00e5ende dragkedjor p\u00e5 benen f\u00f6r l\u00e4ttare p\u00e5- och avtagning.<\/li>\n\n\n\n<li>Leverant\u00f6r \u00e4r det norska f\u00f6retaget Oskar Pedersen AS. Underleverant\u00f6rer finns bland annat i Grekland, Estland och Sverige.<\/li>\n<\/ul>\n","protected":false},"excerpt":{"rendered":"<p>I vinter v\u00e4ntas den nya den nya markstridsuniformen b\u00f6rja levereras ut till de f\u00f6rsta f\u00f6rbanden. \u201dD\u00e4refter ska ytterligare leveranser ske succesivt\u201d, s\u00e4ger projektledare Robert Skyllberg Averin vid F\u00f6rsvarets materielverk. Markstridsuniform 24 (MSU24), som den nya uniformen heter, \u00e4r som namnet antyder avsedd f\u00f6r stridande f\u00f6rband. \u2013 I det dagliga arbetet p\u00e5 regementen, staber och liknande &hellip;<\/p>\n","protected":false},"author":1,"featured_media":1384,"comment_status":"closed","ping_status":"closed","sticky":true,"template":"","format":"standard","meta":{"_acf_changed":false,"footnotes":""},"categories":[1],"tags":[],"class_list":["post-1380","post","type-post","status-publish","format-standard","has-post-thumbnail","hentry","category-nyheter"],"acf":[],"yoast_head":"<!-- This site is optimized with the Yoast SEO plugin v27.4 - https:\/\/yoast.com\/product\/yoast-seo-wordpress\/ -->\n<title>Ny uniform f\u00f6r markstrid - Reservofficeren<\/title>\n<meta name=\"robots\" content=\"index, follow, max-snippet:-1, max-image-preview:large, max-video-preview:-1\" \/>\n<link rel=\"canonical\" href=\"https:\/\/reservofficerarna.se\/reservofficeren\/nyheter\/ny-uniform-for-markstrid\/\" \/>\n<meta property=\"og:locale\" content=\"sv_SE\" \/>\n<meta property=\"og:type\" content=\"article\" \/>\n<meta property=\"og:title\" content=\"Ny uniform f\u00f6r markstrid - Reservofficeren\" \/>\n<meta property=\"og:description\" content=\"I vinter v\u00e4ntas den nya den nya markstridsuniformen b\u00f6rja levereras ut till de f\u00f6rsta f\u00f6rbanden. \u201dD\u00e4refter ska ytterligare leveranser ske succesivt\u201d, s\u00e4ger projektledare Robert Skyllberg Averin vid F\u00f6rsvarets materielverk. Markstridsuniform 24 (MSU24), som den nya uniformen heter, \u00e4r som namnet antyder avsedd f\u00f6r stridande f\u00f6rband. \u2013 I det dagliga arbetet p\u00e5 regementen, staber och liknande &hellip;\" \/>\n<meta property=\"og:url\" content=\"https:\/\/reservofficerarna.se\/reservofficeren\/nyheter\/ny-uniform-for-markstrid\/\" \/>\n<meta property=\"og:site_name\" content=\"Reservofficeren\" \/>\n<meta property=\"article:published_time\" content=\"2024-11-14T08:00:00+00:00\" \/>\n<meta property=\"og:image\" content=\"https:\/\/reservofficerarna.se\/app\/uploads\/sites\/2\/2024\/11\/nyauniformen.jpg\" \/>\n\t<meta property=\"og:image:width\" content=\"1920\" \/>\n\t<meta property=\"og:image:height\" content=\"1080\" \/>\n\t<meta property=\"og:image:type\" content=\"image\/jpeg\" \/>\n<meta name=\"author\" content=\"wpreservofficerarna\" \/>\n<meta name=\"twitter:card\" content=\"summary_large_image\" \/>\n<meta name=\"twitter:label1\" content=\"Skriven av\" \/>\n\t<meta name=\"twitter:data1\" content=\"wpreservofficerarna\" \/>\n\t<meta name=\"twitter:label2\" content=\"Ber\u00e4knad l\u00e4stid\" \/>\n\t<meta name=\"twitter:data2\" content=\"3 minuter\" \/>\n<script type=\"application\/ld+json\" class=\"yoast-schema-graph\">{\"@context\":\"https:\\\/\\\/schema.org\",\"@graph\":[{\"@type\":\"Article\",\"@id\":\"https:\\\/\\\/reservofficerarna.se\\\/reservofficeren\\\/nyheter\\\/ny-uniform-for-markstrid\\\/#article\",\"isPartOf\":{\"@id\":\"https:\\\/\\\/reservofficerarna.se\\\/reservofficeren\\\/nyheter\\\/ny-uniform-for-markstrid\\\/\"},\"author\":{\"name\":\"wpreservofficerarna\",\"@id\":\"https:\\\/\\\/staging.reservofficerarna.se\\\/reservofficeren\\\/#\\\/schema\\\/person\\\/d63322fe51ba95c7e32e60a60190148c\"},\"headline\":\"Ny uniform f\u00f6r markstrid\",\"datePublished\":\"2024-11-14T08:00:00+00:00\",\"mainEntityOfPage\":{\"@id\":\"https:\\\/\\\/reservofficerarna.se\\\/reservofficeren\\\/nyheter\\\/ny-uniform-for-markstrid\\\/\"},\"wordCount\":743,\"image\":{\"@id\":\"https:\\\/\\\/reservofficerarna.se\\\/reservofficeren\\\/nyheter\\\/ny-uniform-for-markstrid\\\/#primaryimage\"},\"thumbnailUrl\":\"https:\\\/\\\/reservofficerarna.se\\\/app\\\/uploads\\\/sites\\\/2\\\/2024\\\/11\\\/nyauniformen.jpg\",\"articleSection\":[\"Nyheter\"],\"inLanguage\":\"sv-SE\"},{\"@type\":\"WebPage\",\"@id\":\"https:\\\/\\\/reservofficerarna.se\\\/reservofficeren\\\/nyheter\\\/ny-uniform-for-markstrid\\\/\",\"url\":\"https:\\\/\\\/reservofficerarna.se\\\/reservofficeren\\\/nyheter\\\/ny-uniform-for-markstrid\\\/\",\"name\":\"Ny uniform f\u00f6r markstrid - Reservofficeren\",\"isPartOf\":{\"@id\":\"https:\\\/\\\/staging.reservofficerarna.se\\\/reservofficeren\\\/#website\"},\"primaryImageOfPage\":{\"@id\":\"https:\\\/\\\/reservofficerarna.se\\\/reservofficeren\\\/nyheter\\\/ny-uniform-for-markstrid\\\/#primaryimage\"},\"image\":{\"@id\":\"https:\\\/\\\/reservofficerarna.se\\\/reservofficeren\\\/nyheter\\\/ny-uniform-for-markstrid\\\/#primaryimage\"},\"thumbnailUrl\":\"https:\\\/\\\/reservofficerarna.se\\\/app\\\/uploads\\\/sites\\\/2\\\/2024\\\/11\\\/nyauniformen.jpg\",\"datePublished\":\"2024-11-14T08:00:00+00:00\",\"author\":{\"@id\":\"https:\\\/\\\/staging.reservofficerarna.se\\\/reservofficeren\\\/#\\\/schema\\\/person\\\/d63322fe51ba95c7e32e60a60190148c\"},\"breadcrumb\":{\"@id\":\"https:\\\/\\\/reservofficerarna.se\\\/reservofficeren\\\/nyheter\\\/ny-uniform-for-markstrid\\\/#breadcrumb\"},\"inLanguage\":\"sv-SE\",\"potentialAction\":[{\"@type\":\"ReadAction\",\"target\":[\"https:\\\/\\\/reservofficerarna.se\\\/reservofficeren\\\/nyheter\\\/ny-uniform-for-markstrid\\\/\"]}]},{\"@type\":\"ImageObject\",\"inLanguage\":\"sv-SE\",\"@id\":\"https:\\\/\\\/reservofficerarna.se\\\/reservofficeren\\\/nyheter\\\/ny-uniform-for-markstrid\\\/#primaryimage\",\"url\":\"https:\\\/\\\/reservofficerarna.se\\\/app\\\/uploads\\\/sites\\\/2\\\/2024\\\/11\\\/nyauniformen.jpg\",\"contentUrl\":\"https:\\\/\\\/reservofficerarna.se\\\/app\\\/uploads\\\/sites\\\/2\\\/2024\\\/11\\\/nyauniformen.jpg\",\"width\":1920,\"height\":1080,\"caption\":\"Markstridsuniform 24 (MSU24).\"},{\"@type\":\"BreadcrumbList\",\"@id\":\"https:\\\/\\\/reservofficerarna.se\\\/reservofficeren\\\/nyheter\\\/ny-uniform-for-markstrid\\\/#breadcrumb\",\"itemListElement\":[{\"@type\":\"ListItem\",\"position\":1,\"name\":\"Hem\",\"item\":\"https:\\\/\\\/reservofficerarna.se\\\/reservofficeren\\\/\"},{\"@type\":\"ListItem\",\"position\":2,\"name\":\"Ny uniform f\u00f6r markstrid\"}]},{\"@type\":\"WebSite\",\"@id\":\"https:\\\/\\\/staging.reservofficerarna.se\\\/reservofficeren\\\/#website\",\"url\":\"https:\\\/\\\/staging.reservofficerarna.se\\\/reservofficeren\\\/\",\"name\":\"Reservofficeren\",\"description\":\"F\u00f6rbundet Reservofficerarnas tidning\",\"potentialAction\":[{\"@type\":\"SearchAction\",\"target\":{\"@type\":\"EntryPoint\",\"urlTemplate\":\"https:\\\/\\\/staging.reservofficerarna.se\\\/reservofficeren\\\/?s={search_term_string}\"},\"query-input\":{\"@type\":\"PropertyValueSpecification\",\"valueRequired\":true,\"valueName\":\"search_term_string\"}}],\"inLanguage\":\"sv-SE\"},{\"@type\":\"Person\",\"@id\":\"https:\\\/\\\/staging.reservofficerarna.se\\\/reservofficeren\\\/#\\\/schema\\\/person\\\/d63322fe51ba95c7e32e60a60190148c\",\"name\":\"wpreservofficerarna\",\"sameAs\":[\"https:\\\/\\\/reservofficerarna.se\\\/wp\"]}]}<\/script>\n<!-- \/ Yoast SEO plugin. -->","yoast_head_json":{"title":"Ny uniform f\u00f6r markstrid - Reservofficeren","robots":{"index":"index","follow":"follow","max-snippet":"max-snippet:-1","max-image-preview":"max-image-preview:large","max-video-preview":"max-video-preview:-1"},"canonical":"https:\/\/reservofficerarna.se\/reservofficeren\/nyheter\/ny-uniform-for-markstrid\/","og_locale":"sv_SE","og_type":"article","og_title":"Ny uniform f\u00f6r markstrid - Reservofficeren","og_description":"I vinter v\u00e4ntas den nya den nya markstridsuniformen b\u00f6rja levereras ut till de f\u00f6rsta f\u00f6rbanden. \u201dD\u00e4refter ska ytterligare leveranser ske succesivt\u201d, s\u00e4ger projektledare Robert Skyllberg Averin vid F\u00f6rsvarets materielverk. Markstridsuniform 24 (MSU24), som den nya uniformen heter, \u00e4r som namnet antyder avsedd f\u00f6r stridande f\u00f6rband. \u2013 I det dagliga arbetet p\u00e5 regementen, staber och liknande &hellip;","og_url":"https:\/\/reservofficerarna.se\/reservofficeren\/nyheter\/ny-uniform-for-markstrid\/","og_site_name":"Reservofficeren","article_published_time":"2024-11-14T08:00:00+00:00","og_image":[{"width":1920,"height":1080,"url":"https:\/\/reservofficerarna.se\/app\/uploads\/sites\/2\/2024\/11\/nyauniformen.jpg","type":"image\/jpeg"}],"author":"wpreservofficerarna","twitter_card":"summary_large_image","twitter_misc":{"Skriven av":"wpreservofficerarna","Ber\u00e4knad l\u00e4stid":"3 minuter"},"schema":{"@context":"https:\/\/schema.org","@graph":[{"@type":"Article","@id":"https:\/\/reservofficerarna.se\/reservofficeren\/nyheter\/ny-uniform-for-markstrid\/#article","isPartOf":{"@id":"https:\/\/reservofficerarna.se\/reservofficeren\/nyheter\/ny-uniform-for-markstrid\/"},"author":{"name":"wpreservofficerarna","@id":"https:\/\/staging.reservofficerarna.se\/reservofficeren\/#\/schema\/person\/d63322fe51ba95c7e32e60a60190148c"},"headline":"Ny uniform f\u00f6r markstrid","datePublished":"2024-11-14T08:00:00+00:00","mainEntityOfPage":{"@id":"https:\/\/reservofficerarna.se\/reservofficeren\/nyheter\/ny-uniform-for-markstrid\/"},"wordCount":743,"image":{"@id":"https:\/\/reservofficerarna.se\/reservofficeren\/nyheter\/ny-uniform-for-markstrid\/#primaryimage"},"thumbnailUrl":"https:\/\/reservofficerarna.se\/app\/uploads\/sites\/2\/2024\/11\/nyauniformen.jpg","articleSection":["Nyheter"],"inLanguage":"sv-SE"},{"@type":"WebPage","@id":"https:\/\/reservofficerarna.se\/reservofficeren\/nyheter\/ny-uniform-for-markstrid\/","url":"https:\/\/reservofficerarna.se\/reservofficeren\/nyheter\/ny-uniform-for-markstrid\/","name":"Ny uniform f\u00f6r markstrid - Reservofficeren","isPartOf":{"@id":"https:\/\/staging.reservofficerarna.se\/reservofficeren\/#website"},"primaryImageOfPage":{"@id":"https:\/\/reservofficerarna.se\/reservofficeren\/nyheter\/ny-uniform-for-markstrid\/#primaryimage"},"image":{"@id":"https:\/\/reservofficerarna.se\/reservofficeren\/nyheter\/ny-uniform-for-markstrid\/#primaryimage"},"thumbnailUrl":"https:\/\/reservofficerarna.se\/app\/uploads\/sites\/2\/2024\/11\/nyauniformen.jpg","datePublished":"2024-11-14T08:00:00+00:00","author":{"@id":"https:\/\/staging.reservofficerarna.se\/reservofficeren\/#\/schema\/person\/d63322fe51ba95c7e32e60a60190148c"},"breadcrumb":{"@id":"https:\/\/reservofficerarna.se\/reservofficeren\/nyheter\/ny-uniform-for-markstrid\/#breadcrumb"},"inLanguage":"sv-SE","potentialAction":[{"@type":"ReadAction","target":["https:\/\/reservofficerarna.se\/reservofficeren\/nyheter\/ny-uniform-for-markstrid\/"]}]},{"@type":"ImageObject","inLanguage":"sv-SE","@id":"https:\/\/reservofficerarna.se\/reservofficeren\/nyheter\/ny-uniform-for-markstrid\/#primaryimage","url":"https:\/\/reservofficerarna.se\/app\/uploads\/sites\/2\/2024\/11\/nyauniformen.jpg","contentUrl":"https:\/\/reservofficerarna.se\/app\/uploads\/sites\/2\/2024\/11\/nyauniformen.jpg","width":1920,"height":1080,"caption":"Markstridsuniform 24 (MSU24)."},{"@type":"BreadcrumbList","@id":"https:\/\/reservofficerarna.se\/reservofficeren\/nyheter\/ny-uniform-for-markstrid\/#breadcrumb","itemListElement":[{"@type":"ListItem","position":1,"name":"Hem","item":"https:\/\/reservofficerarna.se\/reservofficeren\/"},{"@type":"ListItem","position":2,"name":"Ny uniform f\u00f6r markstrid"}]},{"@type":"WebSite","@id":"https:\/\/staging.reservofficerarna.se\/reservofficeren\/#website","url":"https:\/\/staging.reservofficerarna.se\/reservofficeren\/","name":"Reservofficeren","description":"F\u00f6rbundet Reservofficerarnas tidning","potentialAction":[{"@type":"SearchAction","target":{"@type":"EntryPoint","urlTemplate":"https:\/\/staging.reservofficerarna.se\/reservofficeren\/?s={search_term_string}"},"query-input":{"@type":"PropertyValueSpecification","valueRequired":true,"valueName":"search_term_string"}}],"inLanguage":"sv-SE"},{"@type":"Person","@id":"https:\/\/staging.reservofficerarna.se\/reservofficeren\/#\/schema\/person\/d63322fe51ba95c7e32e60a60190148c","name":"wpreservofficerarna","sameAs":["https:\/\/reservofficerarna.se\/wp"]}]}},"_links":{"self":[{"href":"https:\/\/reservofficerarna.se\/reservofficeren\/wp-json\/wp\/v2\/posts\/1380","targetHints":{"allow":["GET"]}}],"collection":[{"href":"https:\/\/reservofficerarna.se\/reservofficeren\/wp-json\/wp\/v2\/posts"}],"about":[{"href":"https:\/\/reservofficerarna.se\/reservofficeren\/wp-json\/wp\/v2\/types\/post"}],"author":[{"embeddable":true,"href":"https:\/\/reservofficerarna.se\/reservofficeren\/wp-json\/wp\/v2\/users\/1"}],"replies":[{"embeddable":true,"href":"https:\/\/reservofficerarna.se\/reservofficeren\/wp-json\/wp\/v2\/comments?post=1380"}],"version-history":[{"count":9,"href":"https:\/\/reservofficerarna.se\/reservofficeren\/wp-json\/wp\/v2\/posts\/1380\/revisions"}],"predecessor-version":[{"id":1392,"href":"https:\/\/reservofficerarna.se\/reservofficeren\/wp-json\/wp\/v2\/posts\/1380\/revisions\/1392"}],"wp:featuredmedia":[{"embeddable":true,"href":"https:\/\/reservofficerarna.se\/reservofficeren\/wp-json\/wp\/v2\/media\/1384"}],"wp:attachment":[{"href":"https:\/\/reservofficerarna.se\/reservofficeren\/wp-json\/wp\/v2\/media?parent=1380"}],"wp:term":[{"taxonomy":"category","embeddable":true,"href":"https:\/\/reservofficerarna.se\/reservofficeren\/wp-json\/wp\/v2\/categories?post=1380"},{"taxonomy":"post_tag","embeddable":true,"href":"https:\/\/reservofficerarna.se\/reservofficeren\/wp-json\/wp\/v2\/tags?post=1380"}],"curies":[{"name":"wp","href":"https:\/\/api.w.org\/{rel}","templated":true}]}}