{"id":1473,"date":"2024-12-16T09:00:00","date_gmt":"2024-12-16T08:00:00","guid":{"rendered":"https:\/\/reservofficerarna.se\/reservofficeren\/?p=1473"},"modified":"2024-12-04T16:35:14","modified_gmt":"2024-12-04T15:35:14","slug":"nu-avgors-vilka-reservare-som-ska-krigsplaceras-och-var","status":"publish","type":"post","link":"https:\/\/reservofficerarna.se\/reservofficeren\/nyheter\/nu-avgors-vilka-reservare-som-ska-krigsplaceras-och-var\/","title":{"rendered":"Nu avg\u00f6rs vilka reservare som ska krigsplaceras \u2013 och var"},"content":{"rendered":"\n<p class=\"has-lead-text-font-size\">Inventeringen av reserv\u00adofficersk\u00e5ren har f\u00f6rsenats, men nu \u00e4r den p\u00e5 g\u00e5ng med direktiv och deadline, enligt \u00f6vlt Lennart Ek. \u201dDet \u00e4r varje chefs ansvar att genomf\u00f6ra detta\u201d, s\u00e4ger han.<\/p>\n\n\n<div class=\"wp-block-image\">\n<figure class=\"portrait alignleft size-large is-resized\"><img loading=\"lazy\" decoding=\"async\" width=\"849\" height=\"1276\" src=\"https:\/\/reservofficerarna.se\/app\/uploads\/sites\/2\/2024\/12\/lennart-ek-edited.jpg\" alt=\"\" class=\"wp-image-1479\" style=\"aspect-ratio:0.6655555555555556;width:312px;height:auto\" srcset=\"https:\/\/reservofficerarna.se\/app\/uploads\/sites\/2\/2024\/12\/lennart-ek-edited.jpg 849w, https:\/\/reservofficerarna.se\/app\/uploads\/sites\/2\/2024\/12\/lennart-ek-edited-399x600.jpg 399w, https:\/\/reservofficerarna.se\/app\/uploads\/sites\/2\/2024\/12\/lennart-ek-edited-599x900.jpg 599w, https:\/\/reservofficerarna.se\/app\/uploads\/sites\/2\/2024\/12\/lennart-ek-edited-800x1202.jpg 800w, https:\/\/reservofficerarna.se\/app\/uploads\/sites\/2\/2024\/12\/lennart-ek-edited-300x451.jpg 300w\" sizes=\"auto, (max-width: 849px) 100vw, 849px\" \/><figcaption class=\"font-sans mt-2 text-sm md:text-base\" class=\"wp-element-caption\">Lennart Ek.<\/figcaption><\/figure>\n<\/div>\n\n\n<p>\u2013 Vi hade f\u00f6rhoppningen att ge direktiv om en inventering av reservofficers\u00adk\u00e5ren innan sommaren, men det blev inte s\u00e5. Utredningen om ett \u00e4ndam\u00e5lsenligt reservofficerssystem gav 80 f\u00f6rslag p\u00e5 stort och sm\u00e5tt, och det kr\u00e4vdes analys f\u00f6r att se vilka fr\u00e5gor som ska hanteras f\u00f6rst, s\u00e4ger \u00f6vlt Lennart Ek vars uppgift \u00e4r att utveckla ett tids- och \u00e4ndam\u00e5lsenligt reservofficerssystem, med st\u00f6d av den utredning som \u00f6v Zetterberg l\u00e4mnade in tidigare i \u00e5r.<\/p>\n\n\n\n<p><strong>Vad kom ni fram till?<\/strong><br>\u2013 Vi har tittat p\u00e5 vad som \u00e4r oacceptabla respektive acceptabla tillst\u00e5nd och sorterat utredningens f\u00f6rslag p\u00e5 det s\u00e4ttet. Ett acceptabelt tillst\u00e5nd \u00e4r till exempel RO-utbildningen; \u00e4ven om den kan utvecklas s\u00e5 genomf\u00f6rs faktiskt RO-utbildning.<\/p>\n\n\n\n<p><strong>Vilka \u00e4r de oacceptabla tillst\u00e5nden?<\/strong><br>\u2013 Det f\u00f6rsta \u00e4r att vi inte tillr\u00e4ckligt v\u00e4l har definierat behovet av reserv\u00adofficerare, vilket p\u00e5verkar hela bef\u00e4ls\u00adsystemet. Det handlar om var de kompetensm\u00e4ssiga skiljelinjerna mellan v\u00e4rnpliktigt bef\u00e4l, reservofficerare och yrkesofficerare ska g\u00e5. Det p\u00e5verkar till exempel hur h\u00f6gt upp i organisationen vi kan ha reserv\u00adofficerare.<\/p>\n\n\n\n<p>\u2013 Fr\u00e5gan om hur m\u00e5nga reservofficerare som ska vara specialistofficerare \u00e4r ocks\u00e5 mycket relevant. Ur de fr\u00e5gorna faller sedan ut behov av utbildnings\u00advolymer och grundutbildningsvolymer. Vi kommer inte vidare f\u00f6rr\u00e4n vi f\u00e5r en klar bild av detta. F\u00f6rsvarsstaben ska tillsammans med f\u00f6rsvarsgrenar och strids\u00adkrafter h\u00e5lla seminarier under senh\u00f6sten f\u00f6r att f\u00e5 bilden att klarna.<\/p>\n\n\n\n<p><strong>Och det andra oacceptabla tillst\u00e5ndet?<\/strong><br>\u2013 F\u00f6rsvarsmaktens kunskap om de reserv\u00adofficerare som finns. Vi kan knappast s\u00e4ga att de nyttjas optimalt. Vi beh\u00f6ver g\u00f6ra en inventering p\u00e5 individniv\u00e5 och se vilka som ska placeras i KRO, vilka som ska vara p\u00e5 milit\u00e4rbaser eller nyttjas p\u00e5 annat s\u00e4tt. N\u00e4r vi vet hur m\u00e5nga som \u00e4r krigsplaceringsbara beh\u00f6ver vi vidta \u00e5tg\u00e4rder f\u00f6r att nyttja dem b\u00e4ttre. De som \u00e4r anv\u00e4ndbara ska tj\u00e4nstg\u00f6ra. N\u00e4r man \u00e4nd\u00e5 g\u00f6r inventeringen kan man passa p\u00e5 att plocka de l\u00e5gt h\u00e4ngande frukterna; att dela ut reservofficersmedaljer och v\u00e4rdigt tacka av de som n\u00e5tt pensions\u00e5lder.<\/p>\n\n\n\n<p><strong>N\u00e4r ska detta vara klart?<\/strong><br>\u2013 20251231 ska det vara klart i hela F\u00f6rsvarsmakten.<\/p>\n\n\n\n<p><strong>Beh\u00f6vs det verkligen s\u00e5 l\u00e5ng tid?<\/strong><br>\u2013 Den h\u00e4r inventeringen skulle kunna g\u00f6ras ganska snabbt om man bara har resurser.<\/p>\n\n\n\n<p><strong>F\u00f6rsvarsmakten har s\u00e4llan haft s\u00e5 mycket pengar som idag. Kan man inte aktivera reserv\u00adofficerare f\u00f6r att g\u00f6ra inventeringen?<\/strong><br>\u2013 Jo, det skulle man kunna g\u00f6ra.\u00a0<\/p>\n\n\n\n<p><strong>\u00d6B \u00e4r tydlig med att han vill ha ett h\u00f6gt tempo vad g\u00e4ller krigs\u00adplaceringar. F\u00e5r man pluspo\u00e4ng om man blir klar tidigare \u00e4n om ett \u00e5r?<\/strong><br>\u2013 Ja, det f\u00e5r man. Varje chef har ansvar att g\u00f6ra detta. N\u00e4sta steg \u00e4r att se \u00f6ver F\u00f6rsvarsmaktens interna regler f\u00f6r att f\u00e5 till ett funktionellt reservofficers\u00adsystem. Till detta kommer regeringens utredning om En \u00f6kad tillg\u00e5ng till personal och en \u00f6kad uth\u00e5llighet inom det milit\u00e4ra f\u00f6rsvaret (F\u00f6 2024:01), som bland annat hanterar reservofficerens r\u00e4tt till tj\u00e4nstledighet fr\u00e5n civil arbetsgivare och tj\u00e4nstg\u00f6rings\u00adskyldighet i F\u00f6rsvarsmakten.<\/p>\n","protected":false},"excerpt":{"rendered":"<p>Inventeringen av reserv\u00adofficersk\u00e5ren har f\u00f6rsenats, men nu \u00e4r den p\u00e5 g\u00e5ng med direktiv och deadline, enligt \u00f6vlt Lennart Ek. \u201dDet \u00e4r varje chefs ansvar att genomf\u00f6ra detta\u201d, s\u00e4ger han. \u2013 Vi hade f\u00f6rhoppningen att ge direktiv om en inventering av reservofficers\u00adk\u00e5ren innan sommaren, men det blev inte s\u00e5. Utredningen om ett \u00e4ndam\u00e5lsenligt reservofficerssystem gav 80 &hellip;<\/p>\n","protected":false},"author":1,"featured_media":0,"comment_status":"closed","ping_status":"closed","sticky":true,"template":"","format":"standard","meta":{"_acf_changed":false,"footnotes":""},"categories":[1],"tags":[],"class_list":["post-1473","post","type-post","status-publish","format-standard","hentry","category-nyheter"],"acf":[],"yoast_head":"<!-- This site is optimized with the Yoast SEO plugin v27.4 - https:\/\/yoast.com\/product\/yoast-seo-wordpress\/ -->\n<title>Nu avg\u00f6rs vilka reservare som ska krigsplaceras \u2013 och var - Reservofficeren<\/title>\n<meta name=\"robots\" content=\"index, follow, max-snippet:-1, max-image-preview:large, max-video-preview:-1\" \/>\n<link rel=\"canonical\" href=\"https:\/\/reservofficerarna.se\/reservofficeren\/nyheter\/nu-avgors-vilka-reservare-som-ska-krigsplaceras-och-var\/\" \/>\n<meta property=\"og:locale\" content=\"sv_SE\" \/>\n<meta property=\"og:type\" content=\"article\" \/>\n<meta property=\"og:title\" content=\"Nu avg\u00f6rs vilka reservare som ska krigsplaceras \u2013 och var - Reservofficeren\" \/>\n<meta property=\"og:description\" content=\"Inventeringen av reserv\u00adofficersk\u00e5ren har f\u00f6rsenats, men nu \u00e4r den p\u00e5 g\u00e5ng med direktiv och deadline, enligt \u00f6vlt Lennart Ek. \u201dDet \u00e4r varje chefs ansvar att genomf\u00f6ra detta\u201d, s\u00e4ger han. \u2013 Vi hade f\u00f6rhoppningen att ge direktiv om en inventering av reservofficers\u00adk\u00e5ren innan sommaren, men det blev inte s\u00e5. Utredningen om ett \u00e4ndam\u00e5lsenligt reservofficerssystem gav 80 &hellip;\" \/>\n<meta property=\"og:url\" content=\"https:\/\/reservofficerarna.se\/reservofficeren\/nyheter\/nu-avgors-vilka-reservare-som-ska-krigsplaceras-och-var\/\" \/>\n<meta property=\"og:site_name\" content=\"Reservofficeren\" \/>\n<meta property=\"article:published_time\" content=\"2024-12-16T08:00:00+00:00\" \/>\n<meta property=\"og:image\" content=\"https:\/\/reservofficerarna.se\/app\/uploads\/sites\/2\/2024\/12\/lennart-ek-edited.jpg\" \/>\n<meta name=\"author\" content=\"wpreservofficerarna\" \/>\n<meta name=\"twitter:card\" content=\"summary_large_image\" \/>\n<meta name=\"twitter:label1\" content=\"Skriven av\" \/>\n\t<meta name=\"twitter:data1\" content=\"wpreservofficerarna\" \/>\n\t<meta name=\"twitter:label2\" content=\"Ber\u00e4knad l\u00e4stid\" \/>\n\t<meta name=\"twitter:data2\" content=\"3 minuter\" \/>\n<script type=\"application\/ld+json\" class=\"yoast-schema-graph\">{\"@context\":\"https:\\\/\\\/schema.org\",\"@graph\":[{\"@type\":\"Article\",\"@id\":\"https:\\\/\\\/reservofficerarna.se\\\/reservofficeren\\\/nyheter\\\/nu-avgors-vilka-reservare-som-ska-krigsplaceras-och-var\\\/#article\",\"isPartOf\":{\"@id\":\"https:\\\/\\\/reservofficerarna.se\\\/reservofficeren\\\/nyheter\\\/nu-avgors-vilka-reservare-som-ska-krigsplaceras-och-var\\\/\"},\"author\":{\"name\":\"wpreservofficerarna\",\"@id\":\"https:\\\/\\\/staging.reservofficerarna.se\\\/reservofficeren\\\/#\\\/schema\\\/person\\\/d63322fe51ba95c7e32e60a60190148c\"},\"headline\":\"Nu avg\u00f6rs vilka reservare som ska krigsplaceras \u2013 och var\",\"datePublished\":\"2024-12-16T08:00:00+00:00\",\"mainEntityOfPage\":{\"@id\":\"https:\\\/\\\/reservofficerarna.se\\\/reservofficeren\\\/nyheter\\\/nu-avgors-vilka-reservare-som-ska-krigsplaceras-och-var\\\/\"},\"wordCount\":601,\"image\":{\"@id\":\"https:\\\/\\\/reservofficerarna.se\\\/reservofficeren\\\/nyheter\\\/nu-avgors-vilka-reservare-som-ska-krigsplaceras-och-var\\\/#primaryimage\"},\"thumbnailUrl\":\"https:\\\/\\\/reservofficerarna.se\\\/app\\\/uploads\\\/sites\\\/2\\\/2024\\\/12\\\/lennart-ek-edited.jpg\",\"articleSection\":[\"Nyheter\"],\"inLanguage\":\"sv-SE\"},{\"@type\":\"WebPage\",\"@id\":\"https:\\\/\\\/reservofficerarna.se\\\/reservofficeren\\\/nyheter\\\/nu-avgors-vilka-reservare-som-ska-krigsplaceras-och-var\\\/\",\"url\":\"https:\\\/\\\/reservofficerarna.se\\\/reservofficeren\\\/nyheter\\\/nu-avgors-vilka-reservare-som-ska-krigsplaceras-och-var\\\/\",\"name\":\"Nu avg\u00f6rs vilka reservare som ska krigsplaceras \u2013 och var - Reservofficeren\",\"isPartOf\":{\"@id\":\"https:\\\/\\\/staging.reservofficerarna.se\\\/reservofficeren\\\/#website\"},\"primaryImageOfPage\":{\"@id\":\"https:\\\/\\\/reservofficerarna.se\\\/reservofficeren\\\/nyheter\\\/nu-avgors-vilka-reservare-som-ska-krigsplaceras-och-var\\\/#primaryimage\"},\"image\":{\"@id\":\"https:\\\/\\\/reservofficerarna.se\\\/reservofficeren\\\/nyheter\\\/nu-avgors-vilka-reservare-som-ska-krigsplaceras-och-var\\\/#primaryimage\"},\"thumbnailUrl\":\"https:\\\/\\\/reservofficerarna.se\\\/app\\\/uploads\\\/sites\\\/2\\\/2024\\\/12\\\/lennart-ek-edited.jpg\",\"datePublished\":\"2024-12-16T08:00:00+00:00\",\"author\":{\"@id\":\"https:\\\/\\\/staging.reservofficerarna.se\\\/reservofficeren\\\/#\\\/schema\\\/person\\\/d63322fe51ba95c7e32e60a60190148c\"},\"breadcrumb\":{\"@id\":\"https:\\\/\\\/reservofficerarna.se\\\/reservofficeren\\\/nyheter\\\/nu-avgors-vilka-reservare-som-ska-krigsplaceras-och-var\\\/#breadcrumb\"},\"inLanguage\":\"sv-SE\",\"potentialAction\":[{\"@type\":\"ReadAction\",\"target\":[\"https:\\\/\\\/reservofficerarna.se\\\/reservofficeren\\\/nyheter\\\/nu-avgors-vilka-reservare-som-ska-krigsplaceras-och-var\\\/\"]}]},{\"@type\":\"ImageObject\",\"inLanguage\":\"sv-SE\",\"@id\":\"https:\\\/\\\/reservofficerarna.se\\\/reservofficeren\\\/nyheter\\\/nu-avgors-vilka-reservare-som-ska-krigsplaceras-och-var\\\/#primaryimage\",\"url\":\"https:\\\/\\\/reservofficerarna.se\\\/app\\\/uploads\\\/sites\\\/2\\\/2024\\\/12\\\/lennart-ek-edited.jpg\",\"contentUrl\":\"https:\\\/\\\/reservofficerarna.se\\\/app\\\/uploads\\\/sites\\\/2\\\/2024\\\/12\\\/lennart-ek-edited.jpg\"},{\"@type\":\"BreadcrumbList\",\"@id\":\"https:\\\/\\\/reservofficerarna.se\\\/reservofficeren\\\/nyheter\\\/nu-avgors-vilka-reservare-som-ska-krigsplaceras-och-var\\\/#breadcrumb\",\"itemListElement\":[{\"@type\":\"ListItem\",\"position\":1,\"name\":\"Hem\",\"item\":\"https:\\\/\\\/reservofficerarna.se\\\/reservofficeren\\\/\"},{\"@type\":\"ListItem\",\"position\":2,\"name\":\"Nu avg\u00f6rs vilka reservare som ska krigsplaceras \u2013 och var\"}]},{\"@type\":\"WebSite\",\"@id\":\"https:\\\/\\\/staging.reservofficerarna.se\\\/reservofficeren\\\/#website\",\"url\":\"https:\\\/\\\/staging.reservofficerarna.se\\\/reservofficeren\\\/\",\"name\":\"Reservofficeren\",\"description\":\"F\u00f6rbundet Reservofficerarnas tidning\",\"potentialAction\":[{\"@type\":\"SearchAction\",\"target\":{\"@type\":\"EntryPoint\",\"urlTemplate\":\"https:\\\/\\\/staging.reservofficerarna.se\\\/reservofficeren\\\/?s={search_term_string}\"},\"query-input\":{\"@type\":\"PropertyValueSpecification\",\"valueRequired\":true,\"valueName\":\"search_term_string\"}}],\"inLanguage\":\"sv-SE\"},{\"@type\":\"Person\",\"@id\":\"https:\\\/\\\/staging.reservofficerarna.se\\\/reservofficeren\\\/#\\\/schema\\\/person\\\/d63322fe51ba95c7e32e60a60190148c\",\"name\":\"wpreservofficerarna\",\"sameAs\":[\"https:\\\/\\\/reservofficerarna.se\\\/wp\"]}]}<\/script>\n<!-- \/ Yoast SEO plugin. -->","yoast_head_json":{"title":"Nu avg\u00f6rs vilka reservare som ska krigsplaceras \u2013 och var - Reservofficeren","robots":{"index":"index","follow":"follow","max-snippet":"max-snippet:-1","max-image-preview":"max-image-preview:large","max-video-preview":"max-video-preview:-1"},"canonical":"https:\/\/reservofficerarna.se\/reservofficeren\/nyheter\/nu-avgors-vilka-reservare-som-ska-krigsplaceras-och-var\/","og_locale":"sv_SE","og_type":"article","og_title":"Nu avg\u00f6rs vilka reservare som ska krigsplaceras \u2013 och var - Reservofficeren","og_description":"Inventeringen av reserv\u00adofficersk\u00e5ren har f\u00f6rsenats, men nu \u00e4r den p\u00e5 g\u00e5ng med direktiv och deadline, enligt \u00f6vlt Lennart Ek. \u201dDet \u00e4r varje chefs ansvar att genomf\u00f6ra detta\u201d, s\u00e4ger han. \u2013 Vi hade f\u00f6rhoppningen att ge direktiv om en inventering av reservofficers\u00adk\u00e5ren innan sommaren, men det blev inte s\u00e5. Utredningen om ett \u00e4ndam\u00e5lsenligt reservofficerssystem gav 80 &hellip;","og_url":"https:\/\/reservofficerarna.se\/reservofficeren\/nyheter\/nu-avgors-vilka-reservare-som-ska-krigsplaceras-och-var\/","og_site_name":"Reservofficeren","article_published_time":"2024-12-16T08:00:00+00:00","og_image":[{"url":"https:\/\/reservofficerarna.se\/app\/uploads\/sites\/2\/2024\/12\/lennart-ek-edited.jpg","type":"","width":"","height":""}],"author":"wpreservofficerarna","twitter_card":"summary_large_image","twitter_misc":{"Skriven av":"wpreservofficerarna","Ber\u00e4knad l\u00e4stid":"3 minuter"},"schema":{"@context":"https:\/\/schema.org","@graph":[{"@type":"Article","@id":"https:\/\/reservofficerarna.se\/reservofficeren\/nyheter\/nu-avgors-vilka-reservare-som-ska-krigsplaceras-och-var\/#article","isPartOf":{"@id":"https:\/\/reservofficerarna.se\/reservofficeren\/nyheter\/nu-avgors-vilka-reservare-som-ska-krigsplaceras-och-var\/"},"author":{"name":"wpreservofficerarna","@id":"https:\/\/staging.reservofficerarna.se\/reservofficeren\/#\/schema\/person\/d63322fe51ba95c7e32e60a60190148c"},"headline":"Nu avg\u00f6rs vilka reservare som ska krigsplaceras \u2013 och var","datePublished":"2024-12-16T08:00:00+00:00","mainEntityOfPage":{"@id":"https:\/\/reservofficerarna.se\/reservofficeren\/nyheter\/nu-avgors-vilka-reservare-som-ska-krigsplaceras-och-var\/"},"wordCount":601,"image":{"@id":"https:\/\/reservofficerarna.se\/reservofficeren\/nyheter\/nu-avgors-vilka-reservare-som-ska-krigsplaceras-och-var\/#primaryimage"},"thumbnailUrl":"https:\/\/reservofficerarna.se\/app\/uploads\/sites\/2\/2024\/12\/lennart-ek-edited.jpg","articleSection":["Nyheter"],"inLanguage":"sv-SE"},{"@type":"WebPage","@id":"https:\/\/reservofficerarna.se\/reservofficeren\/nyheter\/nu-avgors-vilka-reservare-som-ska-krigsplaceras-och-var\/","url":"https:\/\/reservofficerarna.se\/reservofficeren\/nyheter\/nu-avgors-vilka-reservare-som-ska-krigsplaceras-och-var\/","name":"Nu avg\u00f6rs vilka reservare som ska krigsplaceras \u2013 och var - Reservofficeren","isPartOf":{"@id":"https:\/\/staging.reservofficerarna.se\/reservofficeren\/#website"},"primaryImageOfPage":{"@id":"https:\/\/reservofficerarna.se\/reservofficeren\/nyheter\/nu-avgors-vilka-reservare-som-ska-krigsplaceras-och-var\/#primaryimage"},"image":{"@id":"https:\/\/reservofficerarna.se\/reservofficeren\/nyheter\/nu-avgors-vilka-reservare-som-ska-krigsplaceras-och-var\/#primaryimage"},"thumbnailUrl":"https:\/\/reservofficerarna.se\/app\/uploads\/sites\/2\/2024\/12\/lennart-ek-edited.jpg","datePublished":"2024-12-16T08:00:00+00:00","author":{"@id":"https:\/\/staging.reservofficerarna.se\/reservofficeren\/#\/schema\/person\/d63322fe51ba95c7e32e60a60190148c"},"breadcrumb":{"@id":"https:\/\/reservofficerarna.se\/reservofficeren\/nyheter\/nu-avgors-vilka-reservare-som-ska-krigsplaceras-och-var\/#breadcrumb"},"inLanguage":"sv-SE","potentialAction":[{"@type":"ReadAction","target":["https:\/\/reservofficerarna.se\/reservofficeren\/nyheter\/nu-avgors-vilka-reservare-som-ska-krigsplaceras-och-var\/"]}]},{"@type":"ImageObject","inLanguage":"sv-SE","@id":"https:\/\/reservofficerarna.se\/reservofficeren\/nyheter\/nu-avgors-vilka-reservare-som-ska-krigsplaceras-och-var\/#primaryimage","url":"https:\/\/reservofficerarna.se\/app\/uploads\/sites\/2\/2024\/12\/lennart-ek-edited.jpg","contentUrl":"https:\/\/reservofficerarna.se\/app\/uploads\/sites\/2\/2024\/12\/lennart-ek-edited.jpg"},{"@type":"BreadcrumbList","@id":"https:\/\/reservofficerarna.se\/reservofficeren\/nyheter\/nu-avgors-vilka-reservare-som-ska-krigsplaceras-och-var\/#breadcrumb","itemListElement":[{"@type":"ListItem","position":1,"name":"Hem","item":"https:\/\/reservofficerarna.se\/reservofficeren\/"},{"@type":"ListItem","position":2,"name":"Nu avg\u00f6rs vilka reservare som ska krigsplaceras \u2013 och var"}]},{"@type":"WebSite","@id":"https:\/\/staging.reservofficerarna.se\/reservofficeren\/#website","url":"https:\/\/staging.reservofficerarna.se\/reservofficeren\/","name":"Reservofficeren","description":"F\u00f6rbundet Reservofficerarnas tidning","potentialAction":[{"@type":"SearchAction","target":{"@type":"EntryPoint","urlTemplate":"https:\/\/staging.reservofficerarna.se\/reservofficeren\/?s={search_term_string}"},"query-input":{"@type":"PropertyValueSpecification","valueRequired":true,"valueName":"search_term_string"}}],"inLanguage":"sv-SE"},{"@type":"Person","@id":"https:\/\/staging.reservofficerarna.se\/reservofficeren\/#\/schema\/person\/d63322fe51ba95c7e32e60a60190148c","name":"wpreservofficerarna","sameAs":["https:\/\/reservofficerarna.se\/wp"]}]}},"_links":{"self":[{"href":"https:\/\/reservofficerarna.se\/reservofficeren\/wp-json\/wp\/v2\/posts\/1473","targetHints":{"allow":["GET"]}}],"collection":[{"href":"https:\/\/reservofficerarna.se\/reservofficeren\/wp-json\/wp\/v2\/posts"}],"about":[{"href":"https:\/\/reservofficerarna.se\/reservofficeren\/wp-json\/wp\/v2\/types\/post"}],"author":[{"embeddable":true,"href":"https:\/\/reservofficerarna.se\/reservofficeren\/wp-json\/wp\/v2\/users\/1"}],"replies":[{"embeddable":true,"href":"https:\/\/reservofficerarna.se\/reservofficeren\/wp-json\/wp\/v2\/comments?post=1473"}],"version-history":[{"count":12,"href":"https:\/\/reservofficerarna.se\/reservofficeren\/wp-json\/wp\/v2\/posts\/1473\/revisions"}],"predecessor-version":[{"id":1507,"href":"https:\/\/reservofficerarna.se\/reservofficeren\/wp-json\/wp\/v2\/posts\/1473\/revisions\/1507"}],"wp:attachment":[{"href":"https:\/\/reservofficerarna.se\/reservofficeren\/wp-json\/wp\/v2\/media?parent=1473"}],"wp:term":[{"taxonomy":"category","embeddable":true,"href":"https:\/\/reservofficerarna.se\/reservofficeren\/wp-json\/wp\/v2\/categories?post=1473"},{"taxonomy":"post_tag","embeddable":true,"href":"https:\/\/reservofficerarna.se\/reservofficeren\/wp-json\/wp\/v2\/tags?post=1473"}],"curies":[{"name":"wp","href":"https:\/\/api.w.org\/{rel}","templated":true}]}}