{"id":1501,"date":"2024-12-30T09:00:00","date_gmt":"2024-12-30T08:00:00","guid":{"rendered":"https:\/\/reservofficerarna.se\/reservofficeren\/?p=1501"},"modified":"2024-12-04T16:32:36","modified_gmt":"2024-12-04T15:32:36","slug":"bra-att-veta-infor-tjanstgoring","status":"publish","type":"post","link":"https:\/\/reservofficerarna.se\/reservofficeren\/vardefullt-vetande\/bra-att-veta-infor-tjanstgoring\/","title":{"rendered":"Bra att veta inf\u00f6r tj\u00e4nstg\u00f6ring"},"content":{"rendered":"\n<p class=\"has-lead-text-font-size\">F\u00f6rbundet Reservofficerarna f\u00e5r m\u00e5nga fr\u00e5gor fr\u00e5n reserv\u00adofficerare som b\u00f6rjat tj\u00e4nstg\u00f6ra igen efter strategisk timeout. H\u00e4r \u00e4r svaren p\u00e5 n\u00e5gra av de vanligaste:<\/p>\n\n\n\n<p><strong>Hur ska jag veta vilken l\u00f6n jag ska ha?\u00a0<\/strong><br>L\u00f6neniv\u00e5 \u00e4r kopplad till befattningens sv\u00e5righetsgrad. P\u00e5 varje OrgE ska parterna komma \u00f6verens om vilken l\u00f6nem\u00e5lbild som ska g\u00e4lla f\u00f6r respektive befattning. Den kan skilja sig mellan f\u00f6rbanden. Kolla med lokal HR-avdelning eller lokal Officersf\u00f6rening vilken l\u00f6nem\u00e5lbild som g\u00e4ller f\u00f6r just din befattning. Som reserv\u00adofficer kan du ha flera befattningar: En i din tillsvidareanst\u00e4llning (RO1) i krigsbefattningen, och n\u00e5gon annan tillkommande visstidsanst\u00e4llning (RO2). L\u00f6nerna kan skilja sig mellan de olika befattningarna.<\/p>\n\n\n\n<p><strong>Vad \u00e4r 3\/8-regeln?\u00a0<\/strong><br>I Officersf\u00f6rordningen st\u00e5r f\u00f6ljande:<\/p>\n\n\n\n<p><strong>15 \u00a7 |<\/strong> Den som efter att ha genomg\u00e5tt grundl\u00e4ggande officersutbildning inom F\u00f6rsvarsmakten har tj\u00e4nstgjort som reservofficer under en tid av sammanlagt 12 m\u00e5nader f\u00e5r en premie som motsvarar tv\u00e5 prisbasbelopp enligt 2 kap. 6 och 7 \u00a7\u00a7 socialf\u00f6rs\u00e4kringsbalken. F\u00f6rordning (2010:1733).<\/p>\n\n\n\n<p><strong>18 \u00a7 |<\/strong> Den som genomg\u00e5tt grundl\u00e4ggande officersutbildning inom F\u00f6rsvarsmakten eller utbildning som leder till officersexamen vid F\u00f6rsvarsh\u00f6gskolan f\u00e5r anst\u00e4llas som reservofficer i F\u00f6rsvarsmakten. F\u00f6r tj\u00e4nstg\u00f6ring i F\u00f6rsvarsmakten f\u00e5r reservofficer, ut\u00f6ver den tid som anges i 15 \u00a7, anst\u00e4llas under h\u00f6gst tre \u00e5r inom en period om \u00e5tta \u00e5r. Anst\u00e4llningen f\u00e5r f\u00f6rnyas.<\/p>\n\n\n\n<p>Anst\u00e4llning som reservofficer beslutas av F\u00f6rsvarsmakten.<br>F\u00f6rordning (2008:289).<\/p>\n\n\n\n<p>F\u00f6rsvarsmaktens tolkning av ovanst\u00e5ende har hittills varit att tj\u00e4nstg\u00f6ring i krigsbefattning (allts\u00e5 tillsvidareanst\u00e4llningen RO1) inte r\u00e4knas, men att de tillkommande visstidsanst\u00e4llningarna (RO2) sammanlagt inte f\u00e5r \u00f6verskrida tre \u00e5r p\u00e5 en \u00e5tta\u00e5rsperiod.<\/p>\n\n\n\n<p>F\u00f6rbundet Reservofficerarna menar att regeln \u00e4r otidsenlig och direkt kontra\u00adproduktiv f\u00f6r en F\u00f6rsvarsmakt i tillv\u00e4xt. F\u00f6r att skydda individen b\u00f6r en reserv\u00adofficer som tj\u00e4nstg\u00f6r s\u00e5 mycket erbjudas en yrkes\u00adofficersanst\u00e4llning. Men om reserv\u00adofficeren vill forts\u00e4tta som just reserv\u00adofficer b\u00f6r det till\u00e5tas.&nbsp;<\/p>\n\n\n\n<p>I v\u00e4ntan p\u00e5 f\u00f6r\u00e4ndring g\u00e4ller dock F\u00f6rsvarsmaktens tolkning.<\/p>\n\n\n\n<p><strong>Hur f\u00e5r jag min tj\u00e4nstg\u00f6ringspremie?\u00a0<\/strong><br>N\u00e4r du har jobbat som reservofficer i 12 m\u00e5nader eller 365 dagar ska du f\u00e5 en premie om tv\u00e5 prisbasbelopp. Jobbar du l\u00e4ngre sammanh\u00e4ngande perioder r\u00e4knas \u00e4ven semester och annan ledighet in, d\u00e4rav skillnaden mellan 12 m\u00e5nader och 365 dagar.<\/p>\n\n\n\n<p>F\u00f6r att ta reda p\u00e5 att du verkligen har uppn\u00e5tt tidskravet, skicka ett mejl till <strong><a href=\"mailto:hr-&#100;&#105;re&#107;t&#64;&#109;&#105;&#108;.&#115;&#101;\">&#104;&#114;&#45;&#100;i&#114;&#101;kt&#64;m&#105;&#108;.&#115;e<\/a><\/strong> och be dem kontrollera. St\u00e4ll d\u00e4refter skriftlig beg\u00e4ran till din chef om att f\u00e5 premien utbetalad, mall f\u00f6r detta finns p\u00e5 <strong><a href=\"http:\/\/www.reservofficerarna.se\">www.reservofficerarna.se<\/a><\/strong> under r\u00e5d och st\u00f6d, reservofficerspremien.<\/p>\n\n\n\n<p>Premien \u00e4r skattepliktig. R\u00e4tten till premie regleras b\u00e5de i Officersf\u00f6rordningen och i kollektivavtal med F\u00f6rsvarsmakten.<\/p>\n\n\n\n<p><strong>Har jag r\u00e4tt till tj\u00e4nstekort?\u00a0<\/strong><br>Det korta svaret \u00e4r ja. I FIB 2017:7, 4 kap 1\u00a7 st\u00e5r att l\u00e4sa: Ett tj\u00e4nstekort f\u00e5r utf\u00e4rdas f\u00f6r den som \u00e4r anst\u00e4lld i F\u00f6rsvarsmakten f\u00f6r en tid av minst 6 m\u00e5nader, om tj\u00e4nstg\u00f6ringen huvudsakligen ska fullg\u00f6ras i Sverige. I 3 \u00a7 samma kapitel st\u00e5r: Den som innehar en civil anst\u00e4llning i F\u00f6rsvarsmakten och som \u00e4r reservofficer f\u00e5r inneha tj\u00e4nstekort f\u00f6r s\u00e5v\u00e4l den civila som den milit\u00e4ra anst\u00e4llningen i myndigheten.<\/p>\n\n\n\n<p>Har du fler eller andra fr\u00e5gor? Du hittar de flesta av svaren p\u00e5 <strong><a href=\"http:\/\/www.reservofficerarna.se\">www.reservofficerarna.se<\/a><\/strong> under fliken r\u00e5d och st\u00f6d.<\/p>\n","protected":false},"excerpt":{"rendered":"<p>F\u00f6rbundet Reservofficerarna f\u00e5r m\u00e5nga fr\u00e5gor fr\u00e5n reserv\u00adofficerare som b\u00f6rjat tj\u00e4nstg\u00f6ra igen efter strategisk timeout. H\u00e4r \u00e4r svaren p\u00e5 n\u00e5gra av de vanligaste: Hur ska jag veta vilken l\u00f6n jag ska ha?\u00a0L\u00f6neniv\u00e5 \u00e4r kopplad till befattningens sv\u00e5righetsgrad. P\u00e5 varje OrgE ska parterna komma \u00f6verens om vilken l\u00f6nem\u00e5lbild som ska g\u00e4lla f\u00f6r respektive befattning. Den kan skilja &hellip;<\/p>\n","protected":false},"author":6,"featured_media":0,"comment_status":"closed","ping_status":"closed","sticky":true,"template":"","format":"standard","meta":{"_acf_changed":false,"footnotes":""},"categories":[25],"tags":[],"class_list":["post-1501","post","type-post","status-publish","format-standard","hentry","category-vardefullt-vetande"],"acf":[],"yoast_head":"<!-- This site is optimized with the Yoast SEO plugin v27.4 - https:\/\/yoast.com\/product\/yoast-seo-wordpress\/ -->\n<title>Bra att veta inf\u00f6r tj\u00e4nstg\u00f6ring - Reservofficeren<\/title>\n<meta name=\"robots\" content=\"index, follow, max-snippet:-1, max-image-preview:large, max-video-preview:-1\" \/>\n<link rel=\"canonical\" href=\"https:\/\/reservofficerarna.se\/reservofficeren\/vardefullt-vetande\/bra-att-veta-infor-tjanstgoring\/\" \/>\n<meta property=\"og:locale\" content=\"sv_SE\" \/>\n<meta property=\"og:type\" content=\"article\" \/>\n<meta property=\"og:title\" content=\"Bra att veta inf\u00f6r tj\u00e4nstg\u00f6ring - Reservofficeren\" \/>\n<meta property=\"og:description\" content=\"F\u00f6rbundet Reservofficerarna f\u00e5r m\u00e5nga fr\u00e5gor fr\u00e5n reserv\u00adofficerare som b\u00f6rjat tj\u00e4nstg\u00f6ra igen efter strategisk timeout. H\u00e4r \u00e4r svaren p\u00e5 n\u00e5gra av de vanligaste: Hur ska jag veta vilken l\u00f6n jag ska ha?\u00a0L\u00f6neniv\u00e5 \u00e4r kopplad till befattningens sv\u00e5righetsgrad. P\u00e5 varje OrgE ska parterna komma \u00f6verens om vilken l\u00f6nem\u00e5lbild som ska g\u00e4lla f\u00f6r respektive befattning. Den kan skilja &hellip;\" \/>\n<meta property=\"og:url\" content=\"https:\/\/reservofficerarna.se\/reservofficeren\/vardefullt-vetande\/bra-att-veta-infor-tjanstgoring\/\" \/>\n<meta property=\"og:site_name\" content=\"Reservofficeren\" \/>\n<meta property=\"article:published_time\" content=\"2024-12-30T08:00:00+00:00\" \/>\n<meta property=\"og:image\" content=\"https:\/\/reservofficerarna.se\/app\/uploads\/sites\/2\/2022\/04\/og-reservofficerarna.png\" \/>\n\t<meta property=\"og:image:width\" content=\"1200\" \/>\n\t<meta property=\"og:image:height\" content=\"630\" \/>\n\t<meta property=\"og:image:type\" content=\"image\/png\" \/>\n<meta name=\"author\" content=\"stefankarlsson\" \/>\n<meta name=\"twitter:card\" content=\"summary_large_image\" \/>\n<meta name=\"twitter:label1\" content=\"Skriven av\" \/>\n\t<meta name=\"twitter:data1\" content=\"stefankarlsson\" \/>\n\t<meta name=\"twitter:label2\" content=\"Ber\u00e4knad l\u00e4stid\" \/>\n\t<meta name=\"twitter:data2\" content=\"3 minuter\" \/>\n<script type=\"application\/ld+json\" class=\"yoast-schema-graph\">{\"@context\":\"https:\\\/\\\/schema.org\",\"@graph\":[{\"@type\":\"Article\",\"@id\":\"https:\\\/\\\/reservofficerarna.se\\\/reservofficeren\\\/vardefullt-vetande\\\/bra-att-veta-infor-tjanstgoring\\\/#article\",\"isPartOf\":{\"@id\":\"https:\\\/\\\/reservofficerarna.se\\\/reservofficeren\\\/vardefullt-vetande\\\/bra-att-veta-infor-tjanstgoring\\\/\"},\"author\":{\"name\":\"stefankarlsson\",\"@id\":\"https:\\\/\\\/staging.reservofficerarna.se\\\/reservofficeren\\\/#\\\/schema\\\/person\\\/4651143909a9d29449002ffe05af7cc0\"},\"headline\":\"Bra att veta inf\u00f6r tj\u00e4nstg\u00f6ring\",\"datePublished\":\"2024-12-30T08:00:00+00:00\",\"mainEntityOfPage\":{\"@id\":\"https:\\\/\\\/reservofficerarna.se\\\/reservofficeren\\\/vardefullt-vetande\\\/bra-att-veta-infor-tjanstgoring\\\/\"},\"wordCount\":620,\"articleSection\":[\"V\u00e4rdefullt vetande\"],\"inLanguage\":\"sv-SE\"},{\"@type\":\"WebPage\",\"@id\":\"https:\\\/\\\/reservofficerarna.se\\\/reservofficeren\\\/vardefullt-vetande\\\/bra-att-veta-infor-tjanstgoring\\\/\",\"url\":\"https:\\\/\\\/reservofficerarna.se\\\/reservofficeren\\\/vardefullt-vetande\\\/bra-att-veta-infor-tjanstgoring\\\/\",\"name\":\"Bra att veta inf\u00f6r tj\u00e4nstg\u00f6ring - Reservofficeren\",\"isPartOf\":{\"@id\":\"https:\\\/\\\/staging.reservofficerarna.se\\\/reservofficeren\\\/#website\"},\"datePublished\":\"2024-12-30T08:00:00+00:00\",\"author\":{\"@id\":\"https:\\\/\\\/staging.reservofficerarna.se\\\/reservofficeren\\\/#\\\/schema\\\/person\\\/4651143909a9d29449002ffe05af7cc0\"},\"breadcrumb\":{\"@id\":\"https:\\\/\\\/reservofficerarna.se\\\/reservofficeren\\\/vardefullt-vetande\\\/bra-att-veta-infor-tjanstgoring\\\/#breadcrumb\"},\"inLanguage\":\"sv-SE\",\"potentialAction\":[{\"@type\":\"ReadAction\",\"target\":[\"https:\\\/\\\/reservofficerarna.se\\\/reservofficeren\\\/vardefullt-vetande\\\/bra-att-veta-infor-tjanstgoring\\\/\"]}]},{\"@type\":\"BreadcrumbList\",\"@id\":\"https:\\\/\\\/reservofficerarna.se\\\/reservofficeren\\\/vardefullt-vetande\\\/bra-att-veta-infor-tjanstgoring\\\/#breadcrumb\",\"itemListElement\":[{\"@type\":\"ListItem\",\"position\":1,\"name\":\"Hem\",\"item\":\"https:\\\/\\\/reservofficerarna.se\\\/reservofficeren\\\/\"},{\"@type\":\"ListItem\",\"position\":2,\"name\":\"Bra att veta inf\u00f6r tj\u00e4nstg\u00f6ring\"}]},{\"@type\":\"WebSite\",\"@id\":\"https:\\\/\\\/staging.reservofficerarna.se\\\/reservofficeren\\\/#website\",\"url\":\"https:\\\/\\\/staging.reservofficerarna.se\\\/reservofficeren\\\/\",\"name\":\"Reservofficeren\",\"description\":\"F\u00f6rbundet Reservofficerarnas tidning\",\"potentialAction\":[{\"@type\":\"SearchAction\",\"target\":{\"@type\":\"EntryPoint\",\"urlTemplate\":\"https:\\\/\\\/staging.reservofficerarna.se\\\/reservofficeren\\\/?s={search_term_string}\"},\"query-input\":{\"@type\":\"PropertyValueSpecification\",\"valueRequired\":true,\"valueName\":\"search_term_string\"}}],\"inLanguage\":\"sv-SE\"},{\"@type\":\"Person\",\"@id\":\"https:\\\/\\\/staging.reservofficerarna.se\\\/reservofficeren\\\/#\\\/schema\\\/person\\\/4651143909a9d29449002ffe05af7cc0\",\"name\":\"stefankarlsson\"}]}<\/script>\n<!-- \/ Yoast SEO plugin. -->","yoast_head_json":{"title":"Bra att veta inf\u00f6r tj\u00e4nstg\u00f6ring - Reservofficeren","robots":{"index":"index","follow":"follow","max-snippet":"max-snippet:-1","max-image-preview":"max-image-preview:large","max-video-preview":"max-video-preview:-1"},"canonical":"https:\/\/reservofficerarna.se\/reservofficeren\/vardefullt-vetande\/bra-att-veta-infor-tjanstgoring\/","og_locale":"sv_SE","og_type":"article","og_title":"Bra att veta inf\u00f6r tj\u00e4nstg\u00f6ring - Reservofficeren","og_description":"F\u00f6rbundet Reservofficerarna f\u00e5r m\u00e5nga fr\u00e5gor fr\u00e5n reserv\u00adofficerare som b\u00f6rjat tj\u00e4nstg\u00f6ra igen efter strategisk timeout. H\u00e4r \u00e4r svaren p\u00e5 n\u00e5gra av de vanligaste: Hur ska jag veta vilken l\u00f6n jag ska ha?\u00a0L\u00f6neniv\u00e5 \u00e4r kopplad till befattningens sv\u00e5righetsgrad. P\u00e5 varje OrgE ska parterna komma \u00f6verens om vilken l\u00f6nem\u00e5lbild som ska g\u00e4lla f\u00f6r respektive befattning. Den kan skilja &hellip;","og_url":"https:\/\/reservofficerarna.se\/reservofficeren\/vardefullt-vetande\/bra-att-veta-infor-tjanstgoring\/","og_site_name":"Reservofficeren","article_published_time":"2024-12-30T08:00:00+00:00","og_image":[{"width":1200,"height":630,"url":"https:\/\/reservofficerarna.se\/app\/uploads\/sites\/2\/2022\/04\/og-reservofficerarna.png","type":"image\/png"}],"author":"stefankarlsson","twitter_card":"summary_large_image","twitter_misc":{"Skriven av":"stefankarlsson","Ber\u00e4knad l\u00e4stid":"3 minuter"},"schema":{"@context":"https:\/\/schema.org","@graph":[{"@type":"Article","@id":"https:\/\/reservofficerarna.se\/reservofficeren\/vardefullt-vetande\/bra-att-veta-infor-tjanstgoring\/#article","isPartOf":{"@id":"https:\/\/reservofficerarna.se\/reservofficeren\/vardefullt-vetande\/bra-att-veta-infor-tjanstgoring\/"},"author":{"name":"stefankarlsson","@id":"https:\/\/staging.reservofficerarna.se\/reservofficeren\/#\/schema\/person\/4651143909a9d29449002ffe05af7cc0"},"headline":"Bra att veta inf\u00f6r tj\u00e4nstg\u00f6ring","datePublished":"2024-12-30T08:00:00+00:00","mainEntityOfPage":{"@id":"https:\/\/reservofficerarna.se\/reservofficeren\/vardefullt-vetande\/bra-att-veta-infor-tjanstgoring\/"},"wordCount":620,"articleSection":["V\u00e4rdefullt vetande"],"inLanguage":"sv-SE"},{"@type":"WebPage","@id":"https:\/\/reservofficerarna.se\/reservofficeren\/vardefullt-vetande\/bra-att-veta-infor-tjanstgoring\/","url":"https:\/\/reservofficerarna.se\/reservofficeren\/vardefullt-vetande\/bra-att-veta-infor-tjanstgoring\/","name":"Bra att veta inf\u00f6r tj\u00e4nstg\u00f6ring - Reservofficeren","isPartOf":{"@id":"https:\/\/staging.reservofficerarna.se\/reservofficeren\/#website"},"datePublished":"2024-12-30T08:00:00+00:00","author":{"@id":"https:\/\/staging.reservofficerarna.se\/reservofficeren\/#\/schema\/person\/4651143909a9d29449002ffe05af7cc0"},"breadcrumb":{"@id":"https:\/\/reservofficerarna.se\/reservofficeren\/vardefullt-vetande\/bra-att-veta-infor-tjanstgoring\/#breadcrumb"},"inLanguage":"sv-SE","potentialAction":[{"@type":"ReadAction","target":["https:\/\/reservofficerarna.se\/reservofficeren\/vardefullt-vetande\/bra-att-veta-infor-tjanstgoring\/"]}]},{"@type":"BreadcrumbList","@id":"https:\/\/reservofficerarna.se\/reservofficeren\/vardefullt-vetande\/bra-att-veta-infor-tjanstgoring\/#breadcrumb","itemListElement":[{"@type":"ListItem","position":1,"name":"Hem","item":"https:\/\/reservofficerarna.se\/reservofficeren\/"},{"@type":"ListItem","position":2,"name":"Bra att veta inf\u00f6r tj\u00e4nstg\u00f6ring"}]},{"@type":"WebSite","@id":"https:\/\/staging.reservofficerarna.se\/reservofficeren\/#website","url":"https:\/\/staging.reservofficerarna.se\/reservofficeren\/","name":"Reservofficeren","description":"F\u00f6rbundet Reservofficerarnas tidning","potentialAction":[{"@type":"SearchAction","target":{"@type":"EntryPoint","urlTemplate":"https:\/\/staging.reservofficerarna.se\/reservofficeren\/?s={search_term_string}"},"query-input":{"@type":"PropertyValueSpecification","valueRequired":true,"valueName":"search_term_string"}}],"inLanguage":"sv-SE"},{"@type":"Person","@id":"https:\/\/staging.reservofficerarna.se\/reservofficeren\/#\/schema\/person\/4651143909a9d29449002ffe05af7cc0","name":"stefankarlsson"}]}},"_links":{"self":[{"href":"https:\/\/reservofficerarna.se\/reservofficeren\/wp-json\/wp\/v2\/posts\/1501","targetHints":{"allow":["GET"]}}],"collection":[{"href":"https:\/\/reservofficerarna.se\/reservofficeren\/wp-json\/wp\/v2\/posts"}],"about":[{"href":"https:\/\/reservofficerarna.se\/reservofficeren\/wp-json\/wp\/v2\/types\/post"}],"author":[{"embeddable":true,"href":"https:\/\/reservofficerarna.se\/reservofficeren\/wp-json\/wp\/v2\/users\/6"}],"replies":[{"embeddable":true,"href":"https:\/\/reservofficerarna.se\/reservofficeren\/wp-json\/wp\/v2\/comments?post=1501"}],"version-history":[{"count":4,"href":"https:\/\/reservofficerarna.se\/reservofficeren\/wp-json\/wp\/v2\/posts\/1501\/revisions"}],"predecessor-version":[{"id":1505,"href":"https:\/\/reservofficerarna.se\/reservofficeren\/wp-json\/wp\/v2\/posts\/1501\/revisions\/1505"}],"wp:attachment":[{"href":"https:\/\/reservofficerarna.se\/reservofficeren\/wp-json\/wp\/v2\/media?parent=1501"}],"wp:term":[{"taxonomy":"category","embeddable":true,"href":"https:\/\/reservofficerarna.se\/reservofficeren\/wp-json\/wp\/v2\/categories?post=1501"},{"taxonomy":"post_tag","embeddable":true,"href":"https:\/\/reservofficerarna.se\/reservofficeren\/wp-json\/wp\/v2\/tags?post=1501"}],"curies":[{"name":"wp","href":"https:\/\/api.w.org\/{rel}","templated":true}]}}