{"id":1595,"date":"2025-05-05T09:00:00","date_gmt":"2025-05-05T07:00:00","guid":{"rendered":"https:\/\/reservofficerarna.se\/reservofficeren\/?p=1595"},"modified":"2025-04-01T15:48:14","modified_gmt":"2025-04-01T13:48:14","slug":"forsvarsmakten-dubbelt-sa-manga-utbildningsplatser","status":"publish","type":"post","link":"https:\/\/reservofficerarna.se\/reservofficeren\/nyheter\/forsvarsmakten-dubbelt-sa-manga-utbildningsplatser\/","title":{"rendered":"F\u00f6rsvarsmakten: Dubbelt s\u00e5 m\u00e5nga utbildningsplatser"},"content":{"rendered":"\n<p class=\"has-lead-text-font-size\">F\u00f6rsvarsmakten vill att det om n\u00e5gra \u00e5r ska utbildas dubbelt s\u00e5 m\u00e5nga reserv\u00adofficerare som idag. \u201dMen det \u00e4r inte tillr\u00e4ckligt f\u00f6r att t\u00e4cka behovet. F\u00f6rsvaret m\u00e5ste t\u00e4nka nytt\u201d, s\u00e4ger F\u00f6rbundet Reserv\u00adofficerarnas ordf\u00f6rande Magnus Konradsson.<\/p>\n\n\n\n<p>Enligt F\u00f6rsvarsmaktens senaste genomf\u00f6randeplan \u2013 fr\u00e5n december 2024 \u2013 ska det 2025 utbildas 90 reservofficerare. \u00c5r 2030 ska antalet ha \u00f6kat till 110.<\/p>\n\n\n\n<p>\u2013 Med tanke p\u00e5 omv\u00e4rldsl\u00e4get och det v\u00e4xande behovet borde det utbildas betydligt fler, 150 i \u00e5r och 300 \u00e5r 2030. En del av de som utbildas kommer ju inte att krigsplaceras i F\u00f6rsvarsmakten, utan i andra befattningar, s\u00e4ger Magnus Konradsson.<\/p>\n\n\n\n<p>Idag uppg\u00e5r antalet reservofficerare i Sverige till 7 200, enligt \u00f6verstel\u00f6jtnant Carl-Magnus R Svensson som \u00e4r chef f\u00f6r personalf\u00f6rs\u00f6rjningssektionen p\u00e5 F\u00f6rsvarsstabens utbildningsavdelning.<\/p>\n\n\n\n<p>Reservofficerarna \u00e4r i genomsnitt 55 \u00e5r. Knappt h\u00e4lften uppn\u00e5r \u00e5lderspension (69 \u00e5r) under de kommande tio \u00e5ren.<\/p>\n\n\n\n<p>18 procent \u00e4r under 45 \u00e5r enligt F\u00f6rsvarsmaktens \u00e5rsredovisning.<\/p>\n\n\n\n<p>\u2013 S\u00e5 \u00e4ven om vi inte g\u00f6r n\u00e5got kommer vi att klara de kommande \u00e5rens volymm\u00e5l n\u00e4r det g\u00e4ller reserv\u00adofficerare, menar Carl Magnus R Svensson och till\u00e4gger:<\/p>\n\n\n\n<p>\u2013 Men det skulle inneb\u00e4ra att vi beh\u00e5ller obalansen i \u00e5lders\u00adstrukturen.<\/p>\n\n\n\n<blockquote class=\"wp-block-quote is-layout-flow wp-block-quote-is-layout-flow\">\n\n            <p>\n            <span class=\"block w-16 mb-5\">\n                <svg class=\"max-w-full fill-current\" viewBox=\"0 0 57 40\" version=\"1.1\" xmlns=\"http:\/\/www.w3.org\/2000\/svg\" xmlns:xlink=\"http:\/\/www.w3.org\/1999\/xlink\">\n                    <g stroke=\"none\" stroke-width=\"1\" fill=\"none\" fill-rule=\"evenodd\">\n                        <g fill=\"#131717\" fill-rule=\"nonzero\">\n                            <path d=\"M14.9513213,40 L28.8734353,22.2531293 L28.8734353,17.7329624 L15.1877608,0 L0,0 L10.3198887,20.0556328 L0,40 L14.9513213,40 Z M42.3087622,40 L56.2308762,22.2531293 L56.2308762,17.7329624 L42.6564673,0 L27.3574409,0 L37.6773296,20.0556328 L27.3574409,40 L42.3087622,40 Z\"><\/path>\n                        <\/g>\n                    <\/g>\n                <\/svg>\n            <\/span>\n            Enligt v\u00e5r bed\u00f6mning beh\u00f6ver antalet \u00f6ka fr\u00e5n cirka 90 i \u00e5r till mellan 150 och 200 per \u00e5r fram till \u00e5r 2030<\/p>\n<cite>Carl-Magnus R Svensson<\/cite><\/blockquote>\n\n\n<div class=\"wp-block-image\">\n<figure class=\"alignleft size-large is-resized\"><img loading=\"lazy\" decoding=\"async\" width=\"686\" height=\"900\" src=\"https:\/\/reservofficerarna.se\/app\/uploads\/sites\/2\/2025\/04\/carl-magnus-r-svensson-edited-686x900.jpg\" alt=\"\" class=\"wp-image-1583\" style=\"aspect-ratio:0.7622222222222222;width:183px;height:auto\" srcset=\"https:\/\/reservofficerarna.se\/app\/uploads\/sites\/2\/2025\/04\/carl-magnus-r-svensson-edited-686x900.jpg 686w, https:\/\/reservofficerarna.se\/app\/uploads\/sites\/2\/2025\/04\/carl-magnus-r-svensson-edited-458x600.jpg 458w, https:\/\/reservofficerarna.se\/app\/uploads\/sites\/2\/2025\/04\/carl-magnus-r-svensson-edited-300x393.jpg 300w, https:\/\/reservofficerarna.se\/app\/uploads\/sites\/2\/2025\/04\/carl-magnus-r-svensson-edited.jpg 697w\" sizes=\"auto, (max-width: 686px) 100vw, 686px\" \/><figcaption class=\"font-sans mt-2 text-sm md:text-base\" class=\"wp-element-caption\">Carl-Magnus R Svensson.<\/figcaption><\/figure>\n<\/div>\n\n\n<p>Carl-Magnus R Svensson lyfter fram tre huvudsk\u00e4l till att det beh\u00f6ver utbildas fler reservofficerare \u00e4n vad som sker idag (f\u00f6rutom det f\u00f6r\u00e4ndrade omv\u00e4rldsl\u00e4get):<\/p>\n\n\n\n<blockquote class=\"wp-block-quote is-layout-flow wp-block-quote-is-layout-flow\">\n<ul class=\"wp-block-list\">\n<li>F\u00f6ryngring. En betydligt st\u00f6rre andel av reservofficerarna beh\u00f6ver vara under 45 \u00e5r och m\u00f6jliga att placera i f\u00e4ltf\u00f6rband \u00e4n vad som \u00e4r fallet idag.<\/li>\n\n\n\n<li>Behov av ny kompetens.<\/li>\n\n\n\n<li>J\u00e4mnare k\u00f6nsf\u00f6rdelning.<\/li>\n<\/ul>\n<\/blockquote>\n\n\n\n<p><strong>S\u00e5 hur m\u00e5nga fler beh\u00f6ver utbildas varje \u00e5r?<\/strong><br>\u2013 Enligt v\u00e5r bed\u00f6mning beh\u00f6ver antalet \u00f6ka fr\u00e5n cirka 90 i \u00e5r till mellan 150 och 200 per \u00e5r fram till \u00e5r 2030. F\u00f6r att klara det r\u00e4cker det inte att bara \u00f6ka antalet utbildningsplatser. Fler beh\u00f6ver ocks\u00e5 vilja bli \u2013 och \u00e4ven tj\u00e4nstg\u00f6ra \u2013 som reservofficerare.<br><\/p>\n\n\n\n<p><strong>Genom b\u00e4ttre ekonomiska villkor?<\/strong><br>\u2013 Som vi uppfattar det har vi redan ganska konkurrenskraftiga ekonomiska villkor.<\/p>\n\n\n\n<p>\u2013 F\u00f6r att reservofficerare ska tycka att det \u00e4r attraktivt att tj\u00e4nstg\u00f6ra \u00e4r det viktigt \u2013 f\u00f6rutom viljan att g\u00f6ra en insats \u2013 att det finns goda m\u00f6jligheter att \u00f6va och k\u00e4nslan av att vara en del av ett krigsf\u00f6rband, s\u00e4ger Carl-Magnus R Svensson<\/p>\n\n\n\n<p>Reservofficerarnas ordf\u00f6rande Magnus Konradsson tror att de ekonomiska villkoren spelar roll. Det \u00e4r orimligt att f\u00f6rlora ekonomiskt p\u00e5 att tj\u00e4nstg\u00f6ra som reservofficer, vilket \u00e4r fallet f\u00f6r m\u00e5nga idag, menar han.<\/p>\n\n\n\n<p>\u2013 Det m\u00e5ste \u00e4ndras. Det beh\u00f6vs \u00e4ven en f\u00f6r\u00e4ndrad syn p\u00e5 det kollektiva ansvaret. En konsekvens av de senaste \u00e5rens individualisering \u00e4r att vi har gl\u00f6mt bort att vi alla \u00e4r en del av samh\u00e4llet och beroende av varandra.<\/p>\n\n\n\n<p>H\u00f6sten 2023 ber\u00e4ttade general\u00admajor Michael Cherinet i en intervju med Reservofficeren att F\u00f6rsvarsmaktens d\u00e5varande m\u00e5ls\u00e4ttning om 4\u2009800 reservofficerare \u00e5r 2033 kr\u00e4vde \u201dminst 200\u2013250 nya reservofficerare per \u00e5r under l\u00e5ng tid fram\u00f6ver\u201d.<\/p>\n\n\n\n<p>\u2013 Det inneb\u00e4r att vi beh\u00f6ver utbilda ungef\u00e4r fyra g\u00e5nger s\u00e5 m\u00e5nga vi g\u00f6r som idag, sade han.<br>Magnus Konradsson \u00e4r inne p\u00e5 liknande tankar:<\/p>\n\n\n\n<p>\u2013 F\u00f6rsvarsmakten m\u00e5ste t\u00e4nka nytt och utanf\u00f6r den ber\u00f6mda boxen, inte minst f\u00f6r att snabbt kunna \u00f6ka antalet reservofficerare. En del av officersutbildningen skulle till exempel kunna genomf\u00f6ras p\u00e5 civila h\u00f6gskolor. Man kan ocks\u00e5 t\u00e4nka sig ett system d\u00e4r det kr\u00e4vs en kandidat\u00adexamen f\u00f6r att komma in p\u00e5 en ett\u00e5rig officersutbildning. Efter officers\u00adexamen v\u00e4ljer man hur mycket man vill tj\u00e4nstg\u00f6ra, det vill s\u00e4ga om man vill vara motsvarande reserv- eller yrkesofficer.<\/p>\n\n\n\n<p>\u2013 Vissa delar i officersutbildningen och officersyrket \u00e4r speciell, men mycket \u00e4r inte det. Att st\u00e4lla andra beh\u00f6righetskrav f\u00f6r att komma in p\u00e5 officersutbildningen skulle ge \u00f6kad m\u00e5ngfald och en breddad kompetens, s\u00e4ger han.<\/p>\n","protected":false},"excerpt":{"rendered":"<p>F\u00f6rsvarsmakten vill att det om n\u00e5gra \u00e5r ska utbildas dubbelt s\u00e5 m\u00e5nga reserv\u00adofficerare som idag. \u201dMen det \u00e4r inte tillr\u00e4ckligt f\u00f6r att t\u00e4cka behovet. F\u00f6rsvaret m\u00e5ste t\u00e4nka nytt\u201d, s\u00e4ger F\u00f6rbundet Reserv\u00adofficerarnas ordf\u00f6rande Magnus Konradsson. Enligt F\u00f6rsvarsmaktens senaste genomf\u00f6randeplan \u2013 fr\u00e5n december 2024 \u2013 ska det 2025 utbildas 90 reservofficerare. \u00c5r 2030 ska antalet ha \u00f6kat &hellip;<\/p>\n","protected":false},"author":1,"featured_media":1594,"comment_status":"closed","ping_status":"closed","sticky":true,"template":"","format":"standard","meta":{"_acf_changed":false,"footnotes":""},"categories":[1],"tags":[],"class_list":["post-1595","post","type-post","status-publish","format-standard","has-post-thumbnail","hentry","category-nyheter"],"acf":[],"yoast_head":"<!-- This site is optimized with the Yoast SEO plugin v27.4 - https:\/\/yoast.com\/product\/yoast-seo-wordpress\/ -->\n<title>F\u00f6rsvarsmakten: Dubbelt s\u00e5 m\u00e5nga utbildningsplatser - Reservofficeren<\/title>\n<meta name=\"robots\" content=\"index, follow, max-snippet:-1, max-image-preview:large, max-video-preview:-1\" \/>\n<link rel=\"canonical\" href=\"https:\/\/reservofficerarna.se\/reservofficeren\/nyheter\/forsvarsmakten-dubbelt-sa-manga-utbildningsplatser\/\" \/>\n<meta property=\"og:locale\" content=\"sv_SE\" \/>\n<meta property=\"og:type\" content=\"article\" \/>\n<meta property=\"og:title\" content=\"F\u00f6rsvarsmakten: Dubbelt s\u00e5 m\u00e5nga utbildningsplatser - Reservofficeren\" \/>\n<meta property=\"og:description\" content=\"F\u00f6rsvarsmakten vill att det om n\u00e5gra \u00e5r ska utbildas dubbelt s\u00e5 m\u00e5nga reserv\u00adofficerare som idag. \u201dMen det \u00e4r inte tillr\u00e4ckligt f\u00f6r att t\u00e4cka behovet. F\u00f6rsvaret m\u00e5ste t\u00e4nka nytt\u201d, s\u00e4ger F\u00f6rbundet Reserv\u00adofficerarnas ordf\u00f6rande Magnus Konradsson. Enligt F\u00f6rsvarsmaktens senaste genomf\u00f6randeplan \u2013 fr\u00e5n december 2024 \u2013 ska det 2025 utbildas 90 reservofficerare. \u00c5r 2030 ska antalet ha \u00f6kat &hellip;\" \/>\n<meta property=\"og:url\" content=\"https:\/\/reservofficerarna.se\/reservofficeren\/nyheter\/forsvarsmakten-dubbelt-sa-manga-utbildningsplatser\/\" \/>\n<meta property=\"og:site_name\" content=\"Reservofficeren\" \/>\n<meta property=\"article:published_time\" content=\"2025-05-05T07:00:00+00:00\" \/>\n<meta property=\"og:image\" content=\"https:\/\/reservofficerarna.se\/app\/uploads\/sites\/2\/2025\/04\/cybersoldat-tangentbord-dator.jpg\" \/>\n\t<meta property=\"og:image:width\" content=\"1920\" \/>\n\t<meta property=\"og:image:height\" content=\"1280\" \/>\n\t<meta property=\"og:image:type\" content=\"image\/jpeg\" \/>\n<meta name=\"author\" content=\"wpreservofficerarna\" \/>\n<meta name=\"twitter:card\" content=\"summary_large_image\" \/>\n<meta name=\"twitter:label1\" content=\"Skriven av\" \/>\n\t<meta name=\"twitter:data1\" content=\"wpreservofficerarna\" \/>\n\t<meta name=\"twitter:label2\" content=\"Ber\u00e4knad l\u00e4stid\" \/>\n\t<meta name=\"twitter:data2\" content=\"3 minuter\" \/>\n<script type=\"application\/ld+json\" class=\"yoast-schema-graph\">{\"@context\":\"https:\\\/\\\/schema.org\",\"@graph\":[{\"@type\":\"Article\",\"@id\":\"https:\\\/\\\/reservofficerarna.se\\\/reservofficeren\\\/nyheter\\\/forsvarsmakten-dubbelt-sa-manga-utbildningsplatser\\\/#article\",\"isPartOf\":{\"@id\":\"https:\\\/\\\/reservofficerarna.se\\\/reservofficeren\\\/nyheter\\\/forsvarsmakten-dubbelt-sa-manga-utbildningsplatser\\\/\"},\"author\":{\"name\":\"wpreservofficerarna\",\"@id\":\"https:\\\/\\\/staging.reservofficerarna.se\\\/reservofficeren\\\/#\\\/schema\\\/person\\\/d63322fe51ba95c7e32e60a60190148c\"},\"headline\":\"F\u00f6rsvarsmakten: Dubbelt s\u00e5 m\u00e5nga utbildningsplatser\",\"datePublished\":\"2025-05-05T07:00:00+00:00\",\"mainEntityOfPage\":{\"@id\":\"https:\\\/\\\/reservofficerarna.se\\\/reservofficeren\\\/nyheter\\\/forsvarsmakten-dubbelt-sa-manga-utbildningsplatser\\\/\"},\"wordCount\":708,\"image\":{\"@id\":\"https:\\\/\\\/reservofficerarna.se\\\/reservofficeren\\\/nyheter\\\/forsvarsmakten-dubbelt-sa-manga-utbildningsplatser\\\/#primaryimage\"},\"thumbnailUrl\":\"https:\\\/\\\/reservofficerarna.se\\\/app\\\/uploads\\\/sites\\\/2\\\/2025\\\/04\\\/cybersoldat-tangentbord-dator.jpg\",\"articleSection\":[\"Nyheter\"],\"inLanguage\":\"sv-SE\"},{\"@type\":\"WebPage\",\"@id\":\"https:\\\/\\\/reservofficerarna.se\\\/reservofficeren\\\/nyheter\\\/forsvarsmakten-dubbelt-sa-manga-utbildningsplatser\\\/\",\"url\":\"https:\\\/\\\/reservofficerarna.se\\\/reservofficeren\\\/nyheter\\\/forsvarsmakten-dubbelt-sa-manga-utbildningsplatser\\\/\",\"name\":\"F\u00f6rsvarsmakten: Dubbelt s\u00e5 m\u00e5nga utbildningsplatser - Reservofficeren\",\"isPartOf\":{\"@id\":\"https:\\\/\\\/staging.reservofficerarna.se\\\/reservofficeren\\\/#website\"},\"primaryImageOfPage\":{\"@id\":\"https:\\\/\\\/reservofficerarna.se\\\/reservofficeren\\\/nyheter\\\/forsvarsmakten-dubbelt-sa-manga-utbildningsplatser\\\/#primaryimage\"},\"image\":{\"@id\":\"https:\\\/\\\/reservofficerarna.se\\\/reservofficeren\\\/nyheter\\\/forsvarsmakten-dubbelt-sa-manga-utbildningsplatser\\\/#primaryimage\"},\"thumbnailUrl\":\"https:\\\/\\\/reservofficerarna.se\\\/app\\\/uploads\\\/sites\\\/2\\\/2025\\\/04\\\/cybersoldat-tangentbord-dator.jpg\",\"datePublished\":\"2025-05-05T07:00:00+00:00\",\"author\":{\"@id\":\"https:\\\/\\\/staging.reservofficerarna.se\\\/reservofficeren\\\/#\\\/schema\\\/person\\\/d63322fe51ba95c7e32e60a60190148c\"},\"breadcrumb\":{\"@id\":\"https:\\\/\\\/reservofficerarna.se\\\/reservofficeren\\\/nyheter\\\/forsvarsmakten-dubbelt-sa-manga-utbildningsplatser\\\/#breadcrumb\"},\"inLanguage\":\"sv-SE\",\"potentialAction\":[{\"@type\":\"ReadAction\",\"target\":[\"https:\\\/\\\/reservofficerarna.se\\\/reservofficeren\\\/nyheter\\\/forsvarsmakten-dubbelt-sa-manga-utbildningsplatser\\\/\"]}]},{\"@type\":\"ImageObject\",\"inLanguage\":\"sv-SE\",\"@id\":\"https:\\\/\\\/reservofficerarna.se\\\/reservofficeren\\\/nyheter\\\/forsvarsmakten-dubbelt-sa-manga-utbildningsplatser\\\/#primaryimage\",\"url\":\"https:\\\/\\\/reservofficerarna.se\\\/app\\\/uploads\\\/sites\\\/2\\\/2025\\\/04\\\/cybersoldat-tangentbord-dator.jpg\",\"contentUrl\":\"https:\\\/\\\/reservofficerarna.se\\\/app\\\/uploads\\\/sites\\\/2\\\/2025\\\/04\\\/cybersoldat-tangentbord-dator.jpg\",\"width\":1920,\"height\":1280},{\"@type\":\"BreadcrumbList\",\"@id\":\"https:\\\/\\\/reservofficerarna.se\\\/reservofficeren\\\/nyheter\\\/forsvarsmakten-dubbelt-sa-manga-utbildningsplatser\\\/#breadcrumb\",\"itemListElement\":[{\"@type\":\"ListItem\",\"position\":1,\"name\":\"Hem\",\"item\":\"https:\\\/\\\/reservofficerarna.se\\\/reservofficeren\\\/\"},{\"@type\":\"ListItem\",\"position\":2,\"name\":\"F\u00f6rsvarsmakten: Dubbelt s\u00e5 m\u00e5nga utbildningsplatser\"}]},{\"@type\":\"WebSite\",\"@id\":\"https:\\\/\\\/staging.reservofficerarna.se\\\/reservofficeren\\\/#website\",\"url\":\"https:\\\/\\\/staging.reservofficerarna.se\\\/reservofficeren\\\/\",\"name\":\"Reservofficeren\",\"description\":\"F\u00f6rbundet Reservofficerarnas tidning\",\"potentialAction\":[{\"@type\":\"SearchAction\",\"target\":{\"@type\":\"EntryPoint\",\"urlTemplate\":\"https:\\\/\\\/staging.reservofficerarna.se\\\/reservofficeren\\\/?s={search_term_string}\"},\"query-input\":{\"@type\":\"PropertyValueSpecification\",\"valueRequired\":true,\"valueName\":\"search_term_string\"}}],\"inLanguage\":\"sv-SE\"},{\"@type\":\"Person\",\"@id\":\"https:\\\/\\\/staging.reservofficerarna.se\\\/reservofficeren\\\/#\\\/schema\\\/person\\\/d63322fe51ba95c7e32e60a60190148c\",\"name\":\"wpreservofficerarna\",\"sameAs\":[\"https:\\\/\\\/reservofficerarna.se\\\/wp\"]}]}<\/script>\n<!-- \/ Yoast SEO plugin. -->","yoast_head_json":{"title":"F\u00f6rsvarsmakten: Dubbelt s\u00e5 m\u00e5nga utbildningsplatser - Reservofficeren","robots":{"index":"index","follow":"follow","max-snippet":"max-snippet:-1","max-image-preview":"max-image-preview:large","max-video-preview":"max-video-preview:-1"},"canonical":"https:\/\/reservofficerarna.se\/reservofficeren\/nyheter\/forsvarsmakten-dubbelt-sa-manga-utbildningsplatser\/","og_locale":"sv_SE","og_type":"article","og_title":"F\u00f6rsvarsmakten: Dubbelt s\u00e5 m\u00e5nga utbildningsplatser - Reservofficeren","og_description":"F\u00f6rsvarsmakten vill att det om n\u00e5gra \u00e5r ska utbildas dubbelt s\u00e5 m\u00e5nga reserv\u00adofficerare som idag. \u201dMen det \u00e4r inte tillr\u00e4ckligt f\u00f6r att t\u00e4cka behovet. F\u00f6rsvaret m\u00e5ste t\u00e4nka nytt\u201d, s\u00e4ger F\u00f6rbundet Reserv\u00adofficerarnas ordf\u00f6rande Magnus Konradsson. Enligt F\u00f6rsvarsmaktens senaste genomf\u00f6randeplan \u2013 fr\u00e5n december 2024 \u2013 ska det 2025 utbildas 90 reservofficerare. \u00c5r 2030 ska antalet ha \u00f6kat &hellip;","og_url":"https:\/\/reservofficerarna.se\/reservofficeren\/nyheter\/forsvarsmakten-dubbelt-sa-manga-utbildningsplatser\/","og_site_name":"Reservofficeren","article_published_time":"2025-05-05T07:00:00+00:00","og_image":[{"width":1920,"height":1280,"url":"https:\/\/reservofficerarna.se\/app\/uploads\/sites\/2\/2025\/04\/cybersoldat-tangentbord-dator.jpg","type":"image\/jpeg"}],"author":"wpreservofficerarna","twitter_card":"summary_large_image","twitter_misc":{"Skriven av":"wpreservofficerarna","Ber\u00e4knad l\u00e4stid":"3 minuter"},"schema":{"@context":"https:\/\/schema.org","@graph":[{"@type":"Article","@id":"https:\/\/reservofficerarna.se\/reservofficeren\/nyheter\/forsvarsmakten-dubbelt-sa-manga-utbildningsplatser\/#article","isPartOf":{"@id":"https:\/\/reservofficerarna.se\/reservofficeren\/nyheter\/forsvarsmakten-dubbelt-sa-manga-utbildningsplatser\/"},"author":{"name":"wpreservofficerarna","@id":"https:\/\/staging.reservofficerarna.se\/reservofficeren\/#\/schema\/person\/d63322fe51ba95c7e32e60a60190148c"},"headline":"F\u00f6rsvarsmakten: Dubbelt s\u00e5 m\u00e5nga utbildningsplatser","datePublished":"2025-05-05T07:00:00+00:00","mainEntityOfPage":{"@id":"https:\/\/reservofficerarna.se\/reservofficeren\/nyheter\/forsvarsmakten-dubbelt-sa-manga-utbildningsplatser\/"},"wordCount":708,"image":{"@id":"https:\/\/reservofficerarna.se\/reservofficeren\/nyheter\/forsvarsmakten-dubbelt-sa-manga-utbildningsplatser\/#primaryimage"},"thumbnailUrl":"https:\/\/reservofficerarna.se\/app\/uploads\/sites\/2\/2025\/04\/cybersoldat-tangentbord-dator.jpg","articleSection":["Nyheter"],"inLanguage":"sv-SE"},{"@type":"WebPage","@id":"https:\/\/reservofficerarna.se\/reservofficeren\/nyheter\/forsvarsmakten-dubbelt-sa-manga-utbildningsplatser\/","url":"https:\/\/reservofficerarna.se\/reservofficeren\/nyheter\/forsvarsmakten-dubbelt-sa-manga-utbildningsplatser\/","name":"F\u00f6rsvarsmakten: Dubbelt s\u00e5 m\u00e5nga utbildningsplatser - Reservofficeren","isPartOf":{"@id":"https:\/\/staging.reservofficerarna.se\/reservofficeren\/#website"},"primaryImageOfPage":{"@id":"https:\/\/reservofficerarna.se\/reservofficeren\/nyheter\/forsvarsmakten-dubbelt-sa-manga-utbildningsplatser\/#primaryimage"},"image":{"@id":"https:\/\/reservofficerarna.se\/reservofficeren\/nyheter\/forsvarsmakten-dubbelt-sa-manga-utbildningsplatser\/#primaryimage"},"thumbnailUrl":"https:\/\/reservofficerarna.se\/app\/uploads\/sites\/2\/2025\/04\/cybersoldat-tangentbord-dator.jpg","datePublished":"2025-05-05T07:00:00+00:00","author":{"@id":"https:\/\/staging.reservofficerarna.se\/reservofficeren\/#\/schema\/person\/d63322fe51ba95c7e32e60a60190148c"},"breadcrumb":{"@id":"https:\/\/reservofficerarna.se\/reservofficeren\/nyheter\/forsvarsmakten-dubbelt-sa-manga-utbildningsplatser\/#breadcrumb"},"inLanguage":"sv-SE","potentialAction":[{"@type":"ReadAction","target":["https:\/\/reservofficerarna.se\/reservofficeren\/nyheter\/forsvarsmakten-dubbelt-sa-manga-utbildningsplatser\/"]}]},{"@type":"ImageObject","inLanguage":"sv-SE","@id":"https:\/\/reservofficerarna.se\/reservofficeren\/nyheter\/forsvarsmakten-dubbelt-sa-manga-utbildningsplatser\/#primaryimage","url":"https:\/\/reservofficerarna.se\/app\/uploads\/sites\/2\/2025\/04\/cybersoldat-tangentbord-dator.jpg","contentUrl":"https:\/\/reservofficerarna.se\/app\/uploads\/sites\/2\/2025\/04\/cybersoldat-tangentbord-dator.jpg","width":1920,"height":1280},{"@type":"BreadcrumbList","@id":"https:\/\/reservofficerarna.se\/reservofficeren\/nyheter\/forsvarsmakten-dubbelt-sa-manga-utbildningsplatser\/#breadcrumb","itemListElement":[{"@type":"ListItem","position":1,"name":"Hem","item":"https:\/\/reservofficerarna.se\/reservofficeren\/"},{"@type":"ListItem","position":2,"name":"F\u00f6rsvarsmakten: Dubbelt s\u00e5 m\u00e5nga utbildningsplatser"}]},{"@type":"WebSite","@id":"https:\/\/staging.reservofficerarna.se\/reservofficeren\/#website","url":"https:\/\/staging.reservofficerarna.se\/reservofficeren\/","name":"Reservofficeren","description":"F\u00f6rbundet Reservofficerarnas tidning","potentialAction":[{"@type":"SearchAction","target":{"@type":"EntryPoint","urlTemplate":"https:\/\/staging.reservofficerarna.se\/reservofficeren\/?s={search_term_string}"},"query-input":{"@type":"PropertyValueSpecification","valueRequired":true,"valueName":"search_term_string"}}],"inLanguage":"sv-SE"},{"@type":"Person","@id":"https:\/\/staging.reservofficerarna.se\/reservofficeren\/#\/schema\/person\/d63322fe51ba95c7e32e60a60190148c","name":"wpreservofficerarna","sameAs":["https:\/\/reservofficerarna.se\/wp"]}]}},"_links":{"self":[{"href":"https:\/\/reservofficerarna.se\/reservofficeren\/wp-json\/wp\/v2\/posts\/1595","targetHints":{"allow":["GET"]}}],"collection":[{"href":"https:\/\/reservofficerarna.se\/reservofficeren\/wp-json\/wp\/v2\/posts"}],"about":[{"href":"https:\/\/reservofficerarna.se\/reservofficeren\/wp-json\/wp\/v2\/types\/post"}],"author":[{"embeddable":true,"href":"https:\/\/reservofficerarna.se\/reservofficeren\/wp-json\/wp\/v2\/users\/1"}],"replies":[{"embeddable":true,"href":"https:\/\/reservofficerarna.se\/reservofficeren\/wp-json\/wp\/v2\/comments?post=1595"}],"version-history":[{"count":12,"href":"https:\/\/reservofficerarna.se\/reservofficeren\/wp-json\/wp\/v2\/posts\/1595\/revisions"}],"predecessor-version":[{"id":1608,"href":"https:\/\/reservofficerarna.se\/reservofficeren\/wp-json\/wp\/v2\/posts\/1595\/revisions\/1608"}],"wp:featuredmedia":[{"embeddable":true,"href":"https:\/\/reservofficerarna.se\/reservofficeren\/wp-json\/wp\/v2\/media\/1594"}],"wp:attachment":[{"href":"https:\/\/reservofficerarna.se\/reservofficeren\/wp-json\/wp\/v2\/media?parent=1595"}],"wp:term":[{"taxonomy":"category","embeddable":true,"href":"https:\/\/reservofficerarna.se\/reservofficeren\/wp-json\/wp\/v2\/categories?post=1595"},{"taxonomy":"post_tag","embeddable":true,"href":"https:\/\/reservofficerarna.se\/reservofficeren\/wp-json\/wp\/v2\/tags?post=1595"}],"curies":[{"name":"wp","href":"https:\/\/api.w.org\/{rel}","templated":true}]}}