{"id":1610,"date":"2025-05-12T09:00:00","date_gmt":"2025-05-12T07:00:00","guid":{"rendered":"https:\/\/reservofficerarna.se\/reservofficeren\/?p=1610"},"modified":"2025-04-01T16:20:21","modified_gmt":"2025-04-01T14:20:21","slug":"lar-av-datiden-for-framtidensdasdasd","status":"publish","type":"post","link":"https:\/\/reservofficerarna.se\/reservofficeren\/reportage\/lar-av-datiden-for-framtidensdasdasd\/","title":{"rendered":"L\u00e4r av d\u00e5tiden f\u00f6r framtidensdasdasd"},"content":{"rendered":"\n<p class=\"has-lead-text-font-size\">N\u00f6jd kursledning och n\u00f6jda kadetter. P\u00e5 Markstridsskolans nya reservofficersutbildning tar man det b\u00e4sta fr\u00e5n f\u00f6rr och skapar kompetenta chefer f\u00f6r den nya krigsorganisationen.<\/p>\n\n\n\n<p>Varf\u00f6r uppfinna hjulet p\u00e5 nytt, n\u00e4r man kan ta det b\u00e4sta fr\u00e5n f\u00f6rr och st\u00f6pa om till en modern utbildning f\u00f6r morgondagens behov?<\/p>\n\n\n\n<p>P\u00e5 Markstridsskolan i Kvarn har man inspirerats av 80-talets ROU och utbildar nu framtida pluton- och stf kompanichefer. 27 kadetter deltar i pilotkursen och ska ta examen i juni, fem av dem \u00e4r kvinnor.<\/p>\n\n\n<div class=\"wp-block-image\">\n<figure class=\"alignleft size-full is-resized\"><img loading=\"lazy\" decoding=\"async\" width=\"600\" height=\"800\" src=\"https:\/\/reservofficerarna.se\/app\/uploads\/sites\/2\/2025\/04\/s-10.-gosta-palsson.jpg\" alt=\"\" class=\"wp-image-1611\" style=\"aspect-ratio:0.75;width:188px;height:auto\" srcset=\"https:\/\/reservofficerarna.se\/app\/uploads\/sites\/2\/2025\/04\/s-10.-gosta-palsson.jpg 600w, https:\/\/reservofficerarna.se\/app\/uploads\/sites\/2\/2025\/04\/s-10.-gosta-palsson-450x600.jpg 450w, https:\/\/reservofficerarna.se\/app\/uploads\/sites\/2\/2025\/04\/s-10.-gosta-palsson-300x400.jpg 300w\" sizes=\"auto, (max-width: 600px) 100vw, 600px\" \/><figcaption class=\"font-sans mt-2 text-sm md:text-base\" class=\"wp-element-caption\">Mj G\u00f6sta P\u00e5lsson.<\/figcaption><\/figure>\n<\/div>\n\n\n<p>\u2013 De \u00e4r v\u00e4ldigt bra och motiverade elever som hj\u00e4lper och st\u00f6ttar varandra, s\u00e4ger Mj G\u00f6sta P\u00e5lsson. Han \u00e4r l\u00e4rare i taktik vid MSS och den som skapat den \u00f6vergripande kursplanen f\u00f6r skolans nya reservofficersutbildning.<\/p>\n\n\n\n<p>\u2013 Till stor hj\u00e4lp \u00e4r kurschefen Fj Viktoria von Kleist som lagt ned stort arbete p\u00e5 allt fr\u00e5n veckoprogram, materiel, f\u00f6rr\u00e5d, fordon och annat. Hon h\u00e5ller i mycket av utbildningen p\u00e5 plutonsniv\u00e5 och jag fokuserar p\u00e5 kompani- och bataljonsniv\u00e5.<\/p>\n\n\n\n<p>M\u00e5let med utbildningen \u00e4r instegsbefattning plutonchef, f\u00f6r att reserv\u00adofficeren sedan kunna placeras som stf kompanichef eller i bataljonsstab utan kompletterande utbildning. I s\u00e5 h\u00f6g grad som m\u00f6jligt studerar och \u00f6var kadetterna p\u00e5 ROU tillsammans med elever p\u00e5 OP, SOU eller TakA.<\/p>\n\n\n\n<p>\u2013 Det g\u00e5r mycket bra. Utbildningen \u00e4r tematisk, det ger b\u00e4ttre f\u00f6rst\u00e5else f\u00f6r arbetet som plutonchef i kontexten kompani eller bataljon. Vi blandar olika utbildningar f\u00f6r att b\u00e4ttre f\u00f6rst\u00e5 sammanhangen, s\u00e4ger G\u00f6sta P\u00e5lsson och exemplifierar:<\/p>\n\n\n\n<p>\u2013 N\u00e4r \u201dOrientering, beslut, order\u201d ska \u00f6vas kopplas b\u00e5de engelskan och Nato\u00adtaktik in.<\/p>\n\n\n\n<figure class=\"wp-block-image size-large\"><img loading=\"lazy\" decoding=\"async\" width=\"1200\" height=\"900\" src=\"https:\/\/reservofficerarna.se\/app\/uploads\/sites\/2\/2025\/04\/unnamed-5-1200x900.jpg\" alt=\"\" class=\"wp-image-1619\" srcset=\"https:\/\/reservofficerarna.se\/app\/uploads\/sites\/2\/2025\/04\/unnamed-5-1200x900.jpg 1200w, https:\/\/reservofficerarna.se\/app\/uploads\/sites\/2\/2025\/04\/unnamed-5-800x600.jpg 800w, https:\/\/reservofficerarna.se\/app\/uploads\/sites\/2\/2025\/04\/unnamed-5-1536x1152.jpg 1536w, https:\/\/reservofficerarna.se\/app\/uploads\/sites\/2\/2025\/04\/unnamed-5-300x225.jpg 300w, https:\/\/reservofficerarna.se\/app\/uploads\/sites\/2\/2025\/04\/unnamed-5.jpg 1920w\" sizes=\"auto, (max-width: 1200px) 100vw, 1200px\" \/><figcaption class=\"font-sans mt-2 text-sm md:text-base\" class=\"wp-element-caption\">I januari gjorde gruppen en tv\u00e5 veckor l\u00e5ng vinterutbildning i Boden.<\/figcaption><\/figure>\n\n\n\n<p>I h\u00f6stas genomf\u00f6rdes en \u00f6vning i Finland, d\u00e4r kadetterna fick verka i bataljons\u00adstab och kompani, under ledning av l\u00e4rare p\u00e5 bataljonschefs- och kompani\u00adchefsniv\u00e5.<\/p>\n\n\n\n<p>\u2013 Det var en bra \u00f6vning f\u00f6r mina elever, s\u00e4ger G\u00f6sta P\u00e5lsson.<\/p>\n\n\n\n<p>Tempot \u00e4r h\u00f6gt med kv\u00e4llstj\u00e4nst tv\u00e5 g\u00e5nger i veckan. Utbildning sker b\u00e5de digitalt och p\u00e5 distans och utv\u00e4rdering sker varje vecka. Kadetterna kommer fr\u00e5n en m\u00e4ngd olika arm\u00e9f\u00f6rband.<\/p>\n\n\n\n<p>\u2013 Folk med olika bakgrund utvecklas verkligen i grupp. De l\u00e4r ju s\u00e5 mycket av varandra, konstaterar G\u00f6sta P\u00e5lsson.<\/p>\n\n\n\n<figure class=\"wp-block-image size-full\"><img loading=\"lazy\" decoding=\"async\" width=\"1000\" height=\"667\" src=\"https:\/\/reservofficerarna.se\/app\/uploads\/sites\/2\/2025\/04\/20241113-hkpflj-jesmol01-mss-op-eldoverfall-1007.jpg\" alt=\"\" class=\"wp-image-1615\" srcset=\"https:\/\/reservofficerarna.se\/app\/uploads\/sites\/2\/2025\/04\/20241113-hkpflj-jesmol01-mss-op-eldoverfall-1007.jpg 1000w, https:\/\/reservofficerarna.se\/app\/uploads\/sites\/2\/2025\/04\/20241113-hkpflj-jesmol01-mss-op-eldoverfall-1007-800x534.jpg 800w, https:\/\/reservofficerarna.se\/app\/uploads\/sites\/2\/2025\/04\/20241113-hkpflj-jesmol01-mss-op-eldoverfall-1007-300x200.jpg 300w\" sizes=\"auto, (max-width: 1000px) 100vw, 1000px\" \/><figcaption class=\"font-sans mt-2 text-sm md:text-base\" class=\"wp-element-caption\">RO\/Kd Ronja St\u00e5hl under \u00f6vning, skjuter pansarskott M\/86. <span class=\"text-gray-500\"><span class=\"uppercase\">Foto:<\/span> Jesper Moldvik\/F\u00f6rsvarsmakten<\/span><\/figcaption><\/figure>\n\n\n\n<p>Planerna p\u00e5 en ny ROU omsattes till verklighet f\u00f6r ett par \u00e5r sedan efter order fr\u00e5n f\u00f6rre arm\u00e9chefen, generalmajor Karl Engelbrektson, som ville se en utbildning med tydlig inriktning p\u00e5 krigsorganisationens behov. Rekryteringen till utbildningen har varit god, s\u00e4ger G\u00f6sta P\u00e5lsson, men menar att det inte \u00e4r l\u00e4tt att ut\u00f6ka antalet utbildningsplatser eftersom det exempelvis saknas boende och det \u00e4r sv\u00e5rt att hitta erfarna l\u00e4rare.<\/p>\n\n\n\n<p>S\u00e5 vad tycker kadetterna om utbildningen?<\/p>\n\n\n\n<p>Axel Modin, 24 \u00e5r med v\u00e4rnplikt fr\u00e5n AJB och p\u00e5g\u00e5ende ingenj\u00f6rsstudier i Lund, \u00e4r mycket positivt \u00f6verraskad, s\u00e4ger han.<\/p>\n\n\n<div class=\"wp-block-image\">\n<figure class=\"alignleft size-full is-resized\"><img loading=\"lazy\" decoding=\"async\" width=\"314\" height=\"419\" src=\"https:\/\/reservofficerarna.se\/app\/uploads\/sites\/2\/2025\/04\/s-10.-modin-edited.jpg\" alt=\"\" class=\"wp-image-1620\" style=\"aspect-ratio:0.75;width:198px;height:auto\" srcset=\"https:\/\/reservofficerarna.se\/app\/uploads\/sites\/2\/2025\/04\/s-10.-modin-edited.jpg 314w, https:\/\/reservofficerarna.se\/app\/uploads\/sites\/2\/2025\/04\/s-10.-modin-edited-300x400.jpg 300w\" sizes=\"auto, (max-width: 314px) 100vw, 314px\" \/><figcaption class=\"font-sans mt-2 text-sm md:text-base\" class=\"wp-element-caption\">RO\/Kd Axel Modin.<\/figcaption><\/figure>\n<\/div>\n\n\n<p>\u2013 Att Markstridsskolan har lagt om utbildningen till att f\u00f6rbereda oss f\u00f6r en roll som plutonchef hela v\u00e4gen upp till att arbeta i bataljonsstab k\u00e4nns som ett smart val. En f\u00f6rb\u00e4ttringspunkt \u00e4r att jag g\u00e4rna hade sett att vi f\u00e5tt tr\u00e4na trupputbildning\/truppf\u00f6ring p\u00e5 extern trupp.<\/p>\n\n\n\n<p>Reservofficersrollen lockade Axel d\u00e5 den inneb\u00e4r en paus fr\u00e5n vardagen samtidigt som han f\u00e5r m\u00f6jlighet att bidra till Sveriges f\u00f6rsvar p\u00e5 ett meningsfullt s\u00e4tt. Dessutom har han en l\u00e5ng tradition av reservofficerare i familjen.<\/p>\n\n\n\n<p>Kvarn ligger visserligen n\u00e5got isolerat och avl\u00e4gset, konstaterar Axel, men han trivs bra \u00e4nd\u00e5.<\/p>\n\n\n\n<p>\u2013 Mycket tack vare en v\u00e4ldigt bra inst\u00e4llning p\u00e5 plutonen och ett engagerat plutonslag.<\/p>\n\n\n<div class=\"wp-block-image\">\n<figure class=\"alignleft size-full is-resized\"><img loading=\"lazy\" decoding=\"async\" width=\"380\" height=\"474\" src=\"https:\/\/reservofficerarna.se\/app\/uploads\/sites\/2\/2025\/04\/s-10.-kindlund-edited.jpg\" alt=\"\" class=\"wp-image-1621\" style=\"aspect-ratio:0.8010680907877169;width:201px;height:auto\" srcset=\"https:\/\/reservofficerarna.se\/app\/uploads\/sites\/2\/2025\/04\/s-10.-kindlund-edited.jpg 380w, https:\/\/reservofficerarna.se\/app\/uploads\/sites\/2\/2025\/04\/s-10.-kindlund-edited-300x374.jpg 300w\" sizes=\"auto, (max-width: 380px) 100vw, 380px\" \/><figcaption class=\"font-sans mt-2 text-sm md:text-base\" class=\"wp-element-caption\">RO\/Kd Carl-Henrik Kindlund.<\/figcaption><\/figure>\n<\/div>\n\n\n<p>\u00c4ven Carl-Henrik Kindlund, 27 \u00e5r, fr\u00e5n Stockholm \u00e4r n\u00f6jd med utbildningen.<\/p>\n\n\n\n<p>\u2013 Generellt har den varit bra, s\u00e4rskilt taktikutbildningen med tillh\u00f6rande bataljon\u00adstabs\u00f6vning i Finland h\u00f6ll h\u00f6g kvalitet och var mycket l\u00e4rorik!<\/p>\n\n\n\n<p>Det finns utbildningsmoment som beh\u00f6ver effektiviseras, anser Carl-Henrik, som dock tror att MSS kommer att komma till r\u00e4tta med barnsjukdomarna till n\u00e4sta \u00e5r.<\/p>\n\n\n\n<p>Efter examen ska Carl-Henrik ta anst\u00e4llning p\u00e5 I13 f\u00f6r att genomf\u00f6ra sitt f\u00e4nriks\u00e5r. D\u00e4refter \u00e5terupptar han sina civila mastersstudier vid KTH i Stockholm.<\/p>\n\n\n\n<p><strong>Varf\u00f6r s\u00f6kte du just den h\u00e4r utbildningen?<\/strong><\/p>\n\n\n\n<p>\u2013 Jag s\u00e5g markstridsutbildningen som ett bra s\u00e4tt att l\u00e4ra sig samt bef\u00e4sta grunderna i att vara officer, n\u00e4mligen att kunna leda man\u00f6verf\u00f6rband i strid. Markstrid verkade som en bra plattform att starta p\u00e5 f\u00f6r att senare kunna bygga vidare.<br><\/p>\n\n\n\n<p><strong>Och varf\u00f6r vill du bli reservofficer?<\/strong><\/p>\n\n\n\n<p>\u2013 Efter att ha varit soldat i olika tappning i flertalet \u00e5r ville jag ta steget vidare och utbilda mig till officer. Men jag vill inte g\u00f6ra heltidskarri\u00e4r inom F\u00f6rsvarsmakten, varf\u00f6r reservofficer \u00e4r ett perfekt alternativ f\u00f6r mig. I den oroliga tid vi lever i anser jag att det \u00e4r av yttersta vikt att vi sl\u00e5r vakt om v\u00e5r demokrati och r\u00e4tten att leva som vi sj\u00e4lva v\u00e4ljer, exempelvis genom att engagera sig i F\u00f6rsvarsmakten.<\/p>\n\n\n<div class=\"wp-block-image\">\n<figure class=\"alignleft size-full is-resized\"><img loading=\"lazy\" decoding=\"async\" width=\"355\" height=\"412\" src=\"https:\/\/reservofficerarna.se\/app\/uploads\/sites\/2\/2025\/04\/s-10.-jalknas-edited.jpg\" alt=\"\" class=\"wp-image-1622\" style=\"aspect-ratio:0.8620689655172413;width:210px;height:auto\" srcset=\"https:\/\/reservofficerarna.se\/app\/uploads\/sites\/2\/2025\/04\/s-10.-jalknas-edited.jpg 355w, https:\/\/reservofficerarna.se\/app\/uploads\/sites\/2\/2025\/04\/s-10.-jalknas-edited-300x348.jpg 300w\" sizes=\"auto, (max-width: 355px) 100vw, 355px\" \/><figcaption class=\"font-sans mt-2 text-sm md:text-base\" class=\"wp-element-caption\">RO\/Kd Erik J\u00e4lkn\u00e4s.<\/figcaption><\/figure>\n<\/div>\n\n\n<p>\u00c4ven Erik J\u00e4lkn\u00e4s, 25 \u00e5r fr\u00e5n Trollh\u00e4ttan tycker att MSS nya utbildning \u00e4r bra.<\/p>\n\n\n\n<p>\u2013 Den har \u00f6vertr\u00e4ffat alla f\u00f6rv\u00e4ntningar jag hade. Det nya uppl\u00e4gget med ett helt \u00e5r p\u00e5 Markstridsskolan g\u00f6r att vi f\u00e5r fler verktyg att kunna nyttja i v\u00e5r kommande befattning. Att ett st\u00f6rre fokus lagts vid kompaniledning och bataljonsstabsarbete m\u00f6jligg\u00f6r framtida krigsplaceringar p\u00e5 kompani- och bataljonsniv\u00e5 utan kompletterande utbildningar. Dessutom ger insynen i de h\u00f6gre stegen ocks\u00e5 en b\u00e4ttre f\u00f6rst\u00e5else f\u00f6r \u201dtv\u00e5 niv\u00e5er upp\u201d vilket \u00e4r viktigt \u00e4ven som plutonchef.<\/p>\n\n\n\n<p>Erik har under s\u00e5v\u00e4l v\u00e4rnplikt som i senare anst\u00e4llning haft stridande befattningar och s\u00f6kte d\u00e4rf\u00f6r markstridsinriktning f\u00f6r att forts\u00e4tta vidareutveckla sina kunskaper inom omr\u00e5det. Efter examen ska han arbeta p\u00e5 hemmaf\u00f6rbandet Livgardet f\u00f6r att bef\u00e4sta kunskaperna fr\u00e5n RO-utbildningen. D\u00e4refter \u00e4r tanken att tj\u00e4nstg\u00f6ra p\u00e5 deltid som plutonchef f\u00f6r en anst\u00e4lld GSS\/T-pluton samtidigt som den civila karri\u00e4ren avancerar. Erik har en masterexamen i historia fr\u00e5n G\u00f6teborgs universitet och vill doktorera i framtiden.<\/p>\n\n\n\n<p>Erik \u00e4r, liksom sina kadettkollegor, klar \u00f6ver sk\u00e4len till yrkesvalet.<\/p>\n\n\n\n<p>\u2013 Jag ville bli reservofficer f\u00f6r att forts\u00e4tta min personliga utveckling inom F\u00f6rsvarsmakten, men ocks\u00e5 f\u00f6r att bidra till den stora tillv\u00e4xt som \u00e4r n\u00f6dv\u00e4ndig i ett mycket allvarligt s\u00e4kerhetspolitiskt l\u00e4ge.<\/p>\n\n\n\n<figure class=\"wp-block-image size-full\"><img loading=\"lazy\" decoding=\"async\" width=\"1200\" height=\"800\" src=\"https:\/\/reservofficerarna.se\/app\/uploads\/sites\/2\/2025\/04\/20241113-hkpflj-jesmol01-mss-op-eldoverfall-1182.jpg\" alt=\"\" class=\"wp-image-1616\" srcset=\"https:\/\/reservofficerarna.se\/app\/uploads\/sites\/2\/2025\/04\/20241113-hkpflj-jesmol01-mss-op-eldoverfall-1182.jpg 1200w, https:\/\/reservofficerarna.se\/app\/uploads\/sites\/2\/2025\/04\/20241113-hkpflj-jesmol01-mss-op-eldoverfall-1182-800x533.jpg 800w, https:\/\/reservofficerarna.se\/app\/uploads\/sites\/2\/2025\/04\/20241113-hkpflj-jesmol01-mss-op-eldoverfall-1182-300x200.jpg 300w\" sizes=\"auto, (max-width: 1200px) 100vw, 1200px\" \/><figcaption class=\"font-sans mt-2 text-sm md:text-base\" class=\"wp-element-caption\">Utv\u00e4rdering efter \u00f6vning. <span class=\"text-gray-500\"><span class=\"uppercase\">Foto:<\/span> Jesper Moldvik\/F\u00f6rsvarsmakten<\/span><\/figcaption><\/figure>\n","protected":false},"excerpt":{"rendered":"<p>N\u00f6jd kursledning och n\u00f6jda kadetter. P\u00e5 Markstridsskolans nya reservofficersutbildning tar man det b\u00e4sta fr\u00e5n f\u00f6rr och skapar kompetenta chefer f\u00f6r den nya krigsorganisationen. Varf\u00f6r uppfinna hjulet p\u00e5 nytt, n\u00e4r man kan ta det b\u00e4sta fr\u00e5n f\u00f6rr och st\u00f6pa om till en modern utbildning f\u00f6r morgondagens behov? P\u00e5 Markstridsskolan i Kvarn har man inspirerats av 80-talets &hellip;<\/p>\n","protected":false},"author":1,"featured_media":1617,"comment_status":"closed","ping_status":"closed","sticky":true,"template":"","format":"standard","meta":{"_acf_changed":false,"footnotes":""},"categories":[3],"tags":[],"class_list":["post-1610","post","type-post","status-publish","format-standard","has-post-thumbnail","hentry","category-reportage"],"acf":[],"yoast_head":"<!-- This site is optimized with the Yoast SEO plugin v27.4 - https:\/\/yoast.com\/product\/yoast-seo-wordpress\/ -->\n<title>L\u00e4r av d\u00e5tiden f\u00f6r framtidensdasdasd - Reservofficeren<\/title>\n<meta name=\"robots\" content=\"index, follow, max-snippet:-1, max-image-preview:large, max-video-preview:-1\" \/>\n<link rel=\"canonical\" href=\"https:\/\/reservofficerarna.se\/reservofficeren\/reportage\/lar-av-datiden-for-framtidensdasdasd\/\" \/>\n<meta property=\"og:locale\" content=\"sv_SE\" \/>\n<meta property=\"og:type\" content=\"article\" \/>\n<meta property=\"og:title\" content=\"L\u00e4r av d\u00e5tiden f\u00f6r framtidensdasdasd - Reservofficeren\" \/>\n<meta property=\"og:description\" content=\"N\u00f6jd kursledning och n\u00f6jda kadetter. P\u00e5 Markstridsskolans nya reservofficersutbildning tar man det b\u00e4sta fr\u00e5n f\u00f6rr och skapar kompetenta chefer f\u00f6r den nya krigsorganisationen. Varf\u00f6r uppfinna hjulet p\u00e5 nytt, n\u00e4r man kan ta det b\u00e4sta fr\u00e5n f\u00f6rr och st\u00f6pa om till en modern utbildning f\u00f6r morgondagens behov? P\u00e5 Markstridsskolan i Kvarn har man inspirerats av 80-talets &hellip;\" \/>\n<meta property=\"og:url\" content=\"https:\/\/reservofficerarna.se\/reservofficeren\/reportage\/lar-av-datiden-for-framtidensdasdasd\/\" \/>\n<meta property=\"og:site_name\" content=\"Reservofficeren\" \/>\n<meta property=\"article:published_time\" content=\"2025-05-12T07:00:00+00:00\" \/>\n<meta property=\"og:image\" content=\"https:\/\/reservofficerarna.se\/app\/uploads\/sites\/2\/2025\/04\/dragare-20241113-hkpflj-jesmol01-mss-op-eldoverfall-1137.jpg\" \/>\n\t<meta property=\"og:image:width\" content=\"1920\" \/>\n\t<meta property=\"og:image:height\" content=\"1080\" \/>\n\t<meta property=\"og:image:type\" content=\"image\/jpeg\" \/>\n<meta name=\"author\" content=\"wpreservofficerarna\" \/>\n<meta name=\"twitter:card\" content=\"summary_large_image\" \/>\n<meta name=\"twitter:label1\" content=\"Skriven av\" \/>\n\t<meta name=\"twitter:data1\" content=\"wpreservofficerarna\" \/>\n\t<meta name=\"twitter:label2\" content=\"Ber\u00e4knad l\u00e4stid\" \/>\n\t<meta name=\"twitter:data2\" content=\"7 minuter\" \/>\n<script type=\"application\/ld+json\" class=\"yoast-schema-graph\">{\"@context\":\"https:\\\/\\\/schema.org\",\"@graph\":[{\"@type\":\"Article\",\"@id\":\"https:\\\/\\\/reservofficerarna.se\\\/reservofficeren\\\/reportage\\\/lar-av-datiden-for-framtidensdasdasd\\\/#article\",\"isPartOf\":{\"@id\":\"https:\\\/\\\/reservofficerarna.se\\\/reservofficeren\\\/reportage\\\/lar-av-datiden-for-framtidensdasdasd\\\/\"},\"author\":{\"name\":\"wpreservofficerarna\",\"@id\":\"https:\\\/\\\/staging.reservofficerarna.se\\\/reservofficeren\\\/#\\\/schema\\\/person\\\/d63322fe51ba95c7e32e60a60190148c\"},\"headline\":\"L\u00e4r av d\u00e5tiden f\u00f6r framtidensdasdasd\",\"datePublished\":\"2025-05-12T07:00:00+00:00\",\"mainEntityOfPage\":{\"@id\":\"https:\\\/\\\/reservofficerarna.se\\\/reservofficeren\\\/reportage\\\/lar-av-datiden-for-framtidensdasdasd\\\/\"},\"wordCount\":1160,\"image\":{\"@id\":\"https:\\\/\\\/reservofficerarna.se\\\/reservofficeren\\\/reportage\\\/lar-av-datiden-for-framtidensdasdasd\\\/#primaryimage\"},\"thumbnailUrl\":\"https:\\\/\\\/reservofficerarna.se\\\/app\\\/uploads\\\/sites\\\/2\\\/2025\\\/04\\\/dragare-20241113-hkpflj-jesmol01-mss-op-eldoverfall-1137.jpg\",\"articleSection\":[\"Reportage\"],\"inLanguage\":\"sv-SE\"},{\"@type\":\"WebPage\",\"@id\":\"https:\\\/\\\/reservofficerarna.se\\\/reservofficeren\\\/reportage\\\/lar-av-datiden-for-framtidensdasdasd\\\/\",\"url\":\"https:\\\/\\\/reservofficerarna.se\\\/reservofficeren\\\/reportage\\\/lar-av-datiden-for-framtidensdasdasd\\\/\",\"name\":\"L\u00e4r av d\u00e5tiden f\u00f6r framtidensdasdasd - Reservofficeren\",\"isPartOf\":{\"@id\":\"https:\\\/\\\/staging.reservofficerarna.se\\\/reservofficeren\\\/#website\"},\"primaryImageOfPage\":{\"@id\":\"https:\\\/\\\/reservofficerarna.se\\\/reservofficeren\\\/reportage\\\/lar-av-datiden-for-framtidensdasdasd\\\/#primaryimage\"},\"image\":{\"@id\":\"https:\\\/\\\/reservofficerarna.se\\\/reservofficeren\\\/reportage\\\/lar-av-datiden-for-framtidensdasdasd\\\/#primaryimage\"},\"thumbnailUrl\":\"https:\\\/\\\/reservofficerarna.se\\\/app\\\/uploads\\\/sites\\\/2\\\/2025\\\/04\\\/dragare-20241113-hkpflj-jesmol01-mss-op-eldoverfall-1137.jpg\",\"datePublished\":\"2025-05-12T07:00:00+00:00\",\"author\":{\"@id\":\"https:\\\/\\\/staging.reservofficerarna.se\\\/reservofficeren\\\/#\\\/schema\\\/person\\\/d63322fe51ba95c7e32e60a60190148c\"},\"breadcrumb\":{\"@id\":\"https:\\\/\\\/reservofficerarna.se\\\/reservofficeren\\\/reportage\\\/lar-av-datiden-for-framtidensdasdasd\\\/#breadcrumb\"},\"inLanguage\":\"sv-SE\",\"potentialAction\":[{\"@type\":\"ReadAction\",\"target\":[\"https:\\\/\\\/reservofficerarna.se\\\/reservofficeren\\\/reportage\\\/lar-av-datiden-for-framtidensdasdasd\\\/\"]}]},{\"@type\":\"ImageObject\",\"inLanguage\":\"sv-SE\",\"@id\":\"https:\\\/\\\/reservofficerarna.se\\\/reservofficeren\\\/reportage\\\/lar-av-datiden-for-framtidensdasdasd\\\/#primaryimage\",\"url\":\"https:\\\/\\\/reservofficerarna.se\\\/app\\\/uploads\\\/sites\\\/2\\\/2025\\\/04\\\/dragare-20241113-hkpflj-jesmol01-mss-op-eldoverfall-1137.jpg\",\"contentUrl\":\"https:\\\/\\\/reservofficerarna.se\\\/app\\\/uploads\\\/sites\\\/2\\\/2025\\\/04\\\/dragare-20241113-hkpflj-jesmol01-mss-op-eldoverfall-1137.jpg\",\"width\":1920,\"height\":1080},{\"@type\":\"BreadcrumbList\",\"@id\":\"https:\\\/\\\/reservofficerarna.se\\\/reservofficeren\\\/reportage\\\/lar-av-datiden-for-framtidensdasdasd\\\/#breadcrumb\",\"itemListElement\":[{\"@type\":\"ListItem\",\"position\":1,\"name\":\"Hem\",\"item\":\"https:\\\/\\\/reservofficerarna.se\\\/reservofficeren\\\/\"},{\"@type\":\"ListItem\",\"position\":2,\"name\":\"L\u00e4r av d\u00e5tiden f\u00f6r framtidensdasdasd\"}]},{\"@type\":\"WebSite\",\"@id\":\"https:\\\/\\\/staging.reservofficerarna.se\\\/reservofficeren\\\/#website\",\"url\":\"https:\\\/\\\/staging.reservofficerarna.se\\\/reservofficeren\\\/\",\"name\":\"Reservofficeren\",\"description\":\"F\u00f6rbundet Reservofficerarnas tidning\",\"potentialAction\":[{\"@type\":\"SearchAction\",\"target\":{\"@type\":\"EntryPoint\",\"urlTemplate\":\"https:\\\/\\\/staging.reservofficerarna.se\\\/reservofficeren\\\/?s={search_term_string}\"},\"query-input\":{\"@type\":\"PropertyValueSpecification\",\"valueRequired\":true,\"valueName\":\"search_term_string\"}}],\"inLanguage\":\"sv-SE\"},{\"@type\":\"Person\",\"@id\":\"https:\\\/\\\/staging.reservofficerarna.se\\\/reservofficeren\\\/#\\\/schema\\\/person\\\/d63322fe51ba95c7e32e60a60190148c\",\"name\":\"wpreservofficerarna\",\"sameAs\":[\"https:\\\/\\\/reservofficerarna.se\\\/wp\"]}]}<\/script>\n<!-- \/ Yoast SEO plugin. -->","yoast_head_json":{"title":"L\u00e4r av d\u00e5tiden f\u00f6r framtidensdasdasd - Reservofficeren","robots":{"index":"index","follow":"follow","max-snippet":"max-snippet:-1","max-image-preview":"max-image-preview:large","max-video-preview":"max-video-preview:-1"},"canonical":"https:\/\/reservofficerarna.se\/reservofficeren\/reportage\/lar-av-datiden-for-framtidensdasdasd\/","og_locale":"sv_SE","og_type":"article","og_title":"L\u00e4r av d\u00e5tiden f\u00f6r framtidensdasdasd - Reservofficeren","og_description":"N\u00f6jd kursledning och n\u00f6jda kadetter. P\u00e5 Markstridsskolans nya reservofficersutbildning tar man det b\u00e4sta fr\u00e5n f\u00f6rr och skapar kompetenta chefer f\u00f6r den nya krigsorganisationen. Varf\u00f6r uppfinna hjulet p\u00e5 nytt, n\u00e4r man kan ta det b\u00e4sta fr\u00e5n f\u00f6rr och st\u00f6pa om till en modern utbildning f\u00f6r morgondagens behov? P\u00e5 Markstridsskolan i Kvarn har man inspirerats av 80-talets &hellip;","og_url":"https:\/\/reservofficerarna.se\/reservofficeren\/reportage\/lar-av-datiden-for-framtidensdasdasd\/","og_site_name":"Reservofficeren","article_published_time":"2025-05-12T07:00:00+00:00","og_image":[{"width":1920,"height":1080,"url":"https:\/\/reservofficerarna.se\/app\/uploads\/sites\/2\/2025\/04\/dragare-20241113-hkpflj-jesmol01-mss-op-eldoverfall-1137.jpg","type":"image\/jpeg"}],"author":"wpreservofficerarna","twitter_card":"summary_large_image","twitter_misc":{"Skriven av":"wpreservofficerarna","Ber\u00e4knad l\u00e4stid":"7 minuter"},"schema":{"@context":"https:\/\/schema.org","@graph":[{"@type":"Article","@id":"https:\/\/reservofficerarna.se\/reservofficeren\/reportage\/lar-av-datiden-for-framtidensdasdasd\/#article","isPartOf":{"@id":"https:\/\/reservofficerarna.se\/reservofficeren\/reportage\/lar-av-datiden-for-framtidensdasdasd\/"},"author":{"name":"wpreservofficerarna","@id":"https:\/\/staging.reservofficerarna.se\/reservofficeren\/#\/schema\/person\/d63322fe51ba95c7e32e60a60190148c"},"headline":"L\u00e4r av d\u00e5tiden f\u00f6r framtidensdasdasd","datePublished":"2025-05-12T07:00:00+00:00","mainEntityOfPage":{"@id":"https:\/\/reservofficerarna.se\/reservofficeren\/reportage\/lar-av-datiden-for-framtidensdasdasd\/"},"wordCount":1160,"image":{"@id":"https:\/\/reservofficerarna.se\/reservofficeren\/reportage\/lar-av-datiden-for-framtidensdasdasd\/#primaryimage"},"thumbnailUrl":"https:\/\/reservofficerarna.se\/app\/uploads\/sites\/2\/2025\/04\/dragare-20241113-hkpflj-jesmol01-mss-op-eldoverfall-1137.jpg","articleSection":["Reportage"],"inLanguage":"sv-SE"},{"@type":"WebPage","@id":"https:\/\/reservofficerarna.se\/reservofficeren\/reportage\/lar-av-datiden-for-framtidensdasdasd\/","url":"https:\/\/reservofficerarna.se\/reservofficeren\/reportage\/lar-av-datiden-for-framtidensdasdasd\/","name":"L\u00e4r av d\u00e5tiden f\u00f6r framtidensdasdasd - Reservofficeren","isPartOf":{"@id":"https:\/\/staging.reservofficerarna.se\/reservofficeren\/#website"},"primaryImageOfPage":{"@id":"https:\/\/reservofficerarna.se\/reservofficeren\/reportage\/lar-av-datiden-for-framtidensdasdasd\/#primaryimage"},"image":{"@id":"https:\/\/reservofficerarna.se\/reservofficeren\/reportage\/lar-av-datiden-for-framtidensdasdasd\/#primaryimage"},"thumbnailUrl":"https:\/\/reservofficerarna.se\/app\/uploads\/sites\/2\/2025\/04\/dragare-20241113-hkpflj-jesmol01-mss-op-eldoverfall-1137.jpg","datePublished":"2025-05-12T07:00:00+00:00","author":{"@id":"https:\/\/staging.reservofficerarna.se\/reservofficeren\/#\/schema\/person\/d63322fe51ba95c7e32e60a60190148c"},"breadcrumb":{"@id":"https:\/\/reservofficerarna.se\/reservofficeren\/reportage\/lar-av-datiden-for-framtidensdasdasd\/#breadcrumb"},"inLanguage":"sv-SE","potentialAction":[{"@type":"ReadAction","target":["https:\/\/reservofficerarna.se\/reservofficeren\/reportage\/lar-av-datiden-for-framtidensdasdasd\/"]}]},{"@type":"ImageObject","inLanguage":"sv-SE","@id":"https:\/\/reservofficerarna.se\/reservofficeren\/reportage\/lar-av-datiden-for-framtidensdasdasd\/#primaryimage","url":"https:\/\/reservofficerarna.se\/app\/uploads\/sites\/2\/2025\/04\/dragare-20241113-hkpflj-jesmol01-mss-op-eldoverfall-1137.jpg","contentUrl":"https:\/\/reservofficerarna.se\/app\/uploads\/sites\/2\/2025\/04\/dragare-20241113-hkpflj-jesmol01-mss-op-eldoverfall-1137.jpg","width":1920,"height":1080},{"@type":"BreadcrumbList","@id":"https:\/\/reservofficerarna.se\/reservofficeren\/reportage\/lar-av-datiden-for-framtidensdasdasd\/#breadcrumb","itemListElement":[{"@type":"ListItem","position":1,"name":"Hem","item":"https:\/\/reservofficerarna.se\/reservofficeren\/"},{"@type":"ListItem","position":2,"name":"L\u00e4r av d\u00e5tiden f\u00f6r framtidensdasdasd"}]},{"@type":"WebSite","@id":"https:\/\/staging.reservofficerarna.se\/reservofficeren\/#website","url":"https:\/\/staging.reservofficerarna.se\/reservofficeren\/","name":"Reservofficeren","description":"F\u00f6rbundet Reservofficerarnas tidning","potentialAction":[{"@type":"SearchAction","target":{"@type":"EntryPoint","urlTemplate":"https:\/\/staging.reservofficerarna.se\/reservofficeren\/?s={search_term_string}"},"query-input":{"@type":"PropertyValueSpecification","valueRequired":true,"valueName":"search_term_string"}}],"inLanguage":"sv-SE"},{"@type":"Person","@id":"https:\/\/staging.reservofficerarna.se\/reservofficeren\/#\/schema\/person\/d63322fe51ba95c7e32e60a60190148c","name":"wpreservofficerarna","sameAs":["https:\/\/reservofficerarna.se\/wp"]}]}},"_links":{"self":[{"href":"https:\/\/reservofficerarna.se\/reservofficeren\/wp-json\/wp\/v2\/posts\/1610","targetHints":{"allow":["GET"]}}],"collection":[{"href":"https:\/\/reservofficerarna.se\/reservofficeren\/wp-json\/wp\/v2\/posts"}],"about":[{"href":"https:\/\/reservofficerarna.se\/reservofficeren\/wp-json\/wp\/v2\/types\/post"}],"author":[{"embeddable":true,"href":"https:\/\/reservofficerarna.se\/reservofficeren\/wp-json\/wp\/v2\/users\/1"}],"replies":[{"embeddable":true,"href":"https:\/\/reservofficerarna.se\/reservofficeren\/wp-json\/wp\/v2\/comments?post=1610"}],"version-history":[{"count":3,"href":"https:\/\/reservofficerarna.se\/reservofficeren\/wp-json\/wp\/v2\/posts\/1610\/revisions"}],"predecessor-version":[{"id":1625,"href":"https:\/\/reservofficerarna.se\/reservofficeren\/wp-json\/wp\/v2\/posts\/1610\/revisions\/1625"}],"wp:featuredmedia":[{"embeddable":true,"href":"https:\/\/reservofficerarna.se\/reservofficeren\/wp-json\/wp\/v2\/media\/1617"}],"wp:attachment":[{"href":"https:\/\/reservofficerarna.se\/reservofficeren\/wp-json\/wp\/v2\/media?parent=1610"}],"wp:term":[{"taxonomy":"category","embeddable":true,"href":"https:\/\/reservofficerarna.se\/reservofficeren\/wp-json\/wp\/v2\/categories?post=1610"},{"taxonomy":"post_tag","embeddable":true,"href":"https:\/\/reservofficerarna.se\/reservofficeren\/wp-json\/wp\/v2\/tags?post=1610"}],"curies":[{"name":"wp","href":"https:\/\/api.w.org\/{rel}","templated":true}]}}