{"id":1662,"date":"2025-06-09T09:00:00","date_gmt":"2025-06-09T07:00:00","guid":{"rendered":"https:\/\/reservofficerarna.se\/reservofficeren\/?p=1662"},"modified":"2025-04-01T17:01:58","modified_gmt":"2025-04-01T15:01:58","slug":"nytt-center-for-veteraner-nu-skapas-camp-valkyria","status":"publish","type":"post","link":"https:\/\/reservofficerarna.se\/reservofficeren\/nyheter\/nytt-center-for-veteraner-nu-skapas-camp-valkyria\/","title":{"rendered":"Nytt center f\u00f6r veteraner \u2013 nu skapas Camp Valkyria"},"content":{"rendered":"\n<p class=\"has-lead-text-font-size\">F\u00f6r 20 \u00e5r sedan stupade Jesper Lindblom under tj\u00e4nstg\u00f6ring i Afghanistan. Vad hade h\u00e4nt om han kommit hem levande? Vilket st\u00f6d hade Jesper och hans anh\u00f6riga f\u00e5tt? I de fr\u00e5gorna s\u00e5ddes ett fr\u00f6 till projektet Camp Valkyria.<\/p>\n\n\n\n<p>N\u00e4r attentatet utanf\u00f6r Mazar-e-Sharif intr\u00e4ffade 2005 och Jesper stupade f\u00f6r\u00e4ndrades livet f\u00f6r hela familjen. I sorgen v\u00e4cktes ett engagemang f\u00f6r de v\u00e4rden som han stod f\u00f6r, och f\u00f6r tj\u00e4nstg\u00f6rande utomlands. Tv\u00e5 stiftelser har kommit ur det: Stiftelsen f\u00f6r Jesper Lindbloms minne, och inom kort stiftelsen Veteranm\u00f6tet, som syftar till att skapa Camp Valkyria.<\/p>\n\n\n\n<p>Styvpappan Stefan Jonsson \u00e4r drivande bakom det senare projektet, med st\u00f6d av mamma Anna Jonsson och f\u00f6retagaren, veteranen och reservofficeren Carl Douglas.<\/p>\n\n\n\n<p>\u2013 Alla veteraner har anh\u00f6riga. Hundra\u00adtusentals m\u00e4nniskor \u00e4r ber\u00f6rda av de svenska utlandsuppdragen. Vi vill uppm\u00e4rksamma deras betydelse, och skapa en plats f\u00f6r dem att samlas p\u00e5. Meningen \u00e4r att man ska kunna komma dit och f\u00e5 rekreation, umg\u00e4nge och m\u00e5 lite b\u00e4ttre n\u00e4r man \u00e5ker hem, s\u00e4ger Stefan Jonsson.<\/p>\n\n\n\n<p>En stor byggnad, med tv\u00e5 annex d\u00e4r 200 personer kan f\u00e5 logi, planeras i T\u00e4by, norr om Stockholm.<\/p>\n\n\n\n<p>\u2013 Inspirationen kommer fr\u00e5n I 22 i Kiruna. Det blir en gul byggnad i tr\u00e4, med annex som p\u00e5minner om hur kasern\u00adbyggnader traditionellt sett ut.<\/p>\n\n\n\n<p>I huvudbyggnaden ska det finnas h\u00f6rsal, bibliotek, k\u00f6k och matsal f\u00f6r 200 sittande. D\u00e4r ska det vara m\u00f6jligt att skapa \u00e5tertr\u00e4ffar, fira helger och ha kurser.<\/p>\n\n\n\n<p>Centret kommer ocks\u00e5 att ha en central minnesplats f\u00f6r de svenska soldater som stupat under utlandstj\u00e4nstg\u00f6ring.<\/p>\n\n\n\n<p>\u2013 Forskaren Jan Grimell, ocks\u00e5 reserv\u00adofficer, forskar om veteraners h\u00e4lsa, och kommer bidra i en forskningshub p\u00e5 Camp Valkyria.<\/p>\n\n\n\n<p>\u00d6nskem\u00e5let om ett veterancenter har funnits l\u00e4nge. 2010 arrangerades b\u00e5de ett seminarium och en workshop p\u00e5 temat.<\/p>\n\n\n\n<p>\u2013 Jag och Anna skrev 2021 ett projektf\u00f6rslag som vi skickade till Carl Douglas, sj\u00e4lv veteran fr\u00e5n Bosnien. Han sa ja dagen d\u00e4rp\u00e5. Han hade liknande tankar sj\u00e4lv, och hade tittat p\u00e5 olika konferens\u00adanl\u00e4ggningar, men inte hittat en l\u00e4mplig plats.<\/p>\n\n\n\n<p>Namnet Camp Valkyria inspireras av den camp d\u00e4r jag tj\u00e4nstgjorde i Bosnien. Alla veteraner i Norden vet att vikingatemat \u00e4r starkt vid utlandstj\u00e4nst, s\u00e5 vi tycker att det passar. Valkyriorna identifierade hj\u00e4ltar och h\u00e4mtade de fallna till Valhalla, s\u00e4ger Carl Douglas.<\/p>\n\n\n\n<p>\u2013 Liksom jag och Anna brinner Carl Douglas f\u00f6r detta. Han uppl\u00e5ter mark och bekostar byggnationen. Det kommer att r\u00f6ra sig om \u00e5tskilliga miljoner kronor s\u00e4ger stefan Jonsson.<\/p>\n\n\n\n<p>Stefan Jonsson \u00e4r sedan drygt tre \u00e5r tillbaka projektledare och han arbetar intensivt med plan- och byggprocessen, med f\u00f6rankring i ber\u00f6rda myndigheter och organisationer \u2013 Reservofficerarna \u00e4r en av dem. (Tillsammans med bland andra Sveriges milit\u00e4ra kamratf\u00f6rening och Officersf\u00f6rbundet.)<\/p>\n\n\n\n<p>\u2013 Men vi har \u00e5tta uts\u00e4ndande myndigheter i Sverige. Vi inkluderar alla som gjort utlandstj\u00e4nstg\u00f6ring, inte bara dem som gjort det inom F\u00f6rsvarsmakten.<\/p>\n\n\n\n<p>Fr\u00e4mst st\u00e5r f\u00f6r n\u00e4rvarande Sveriges Veteranf\u00f6rbund, Idrottsveteranerna, Individzonen samt Soldathemsf\u00f6rbundet bakom projektet.<\/p>\n\n\n\n<p>Politiskt \u00e4r st\u00f6det starkt, f\u00f6rsvars\u00administer P\u00e5l Jonson l\u00e4mnade redan 2017 och 2021 in en motion om behovet av ett center. N\u00e4r regeringen 2023 presenterade sin f\u00f6rsta veteranstrategi fanns fr\u00e5gan om ett veterancenter med, och i slutet av mars ska en utredning presentera sitt f\u00f6rslag.<\/p>\n\n\n\n<p>Stefan Jonsson ser fram emot utrednings\u00adf\u00f6rslaget med tillf\u00f6rsikt.<\/p>\n\n\n\n<p>2028 hoppas han att huset ska st\u00e5 klart, och b\u00f6rjar fyllas av verksamhet.<\/p>\n\n\n\n<p>\u2013 Nu arbetar jag med att s\u00e4kra driften. Vi tror att den svenska staten vill vara med, liksom f\u00f6rsvarsindustrin. Det finns ocks\u00e5 ett privat intresse, inte minst fr\u00e5n reservofficerare.<\/p>\n\n\n\n<p><strong>JESPER LINDBLOM<\/strong><\/p>\n\n\n\n<ul class=\"wp-block-list\">\n<li>Jesper Lindblom tj\u00e4nstgjorde vid F\u00f6rsvarsmaktens specialf\u00f6rband, S\u00e4rskilda Skyddsgruppen (SSG), numera S\u00e4rskilda Operationsgruppen (SOG). Han var utbildad reservofficer.<\/li>\n\n\n\n<li>Han befann sig p\u00e5 ett uppdrag i Afghanistan f\u00f6r att rekognosera inf\u00f6r den svenska truppens ankomst, n\u00e4r attentatet \u00e4gde rum.<\/li>\n\n\n\n<li>Den 25 november 2005 stupade han, efter sex \u00e5r i specialf\u00f6rbanden och med tj\u00e4nstg\u00f6ring i bland annat Balkan, Kongo och Afghanistan. Han blev 28 \u00e5r.<\/li>\n\n\n\n<li>Stiftelsen Jesper Lindbloms minne: <a href=\"http:\/\/www.jespersminne.se\">www.jespersminne.se<\/a>, har skapats f\u00f6r att uppmuntra f\u00f6reg\u00e5ngsmannaskap, kamratskap och ledarskap under sv\u00e5ra f\u00f6rh\u00e5llanden. Den delar varje \u00e5r ut ett stipendium till n\u00e5gon inom specialf\u00f6rbandssystemet. 2025 delas det 19:e stipendiet ut.<\/li>\n<\/ul>\n","protected":false},"excerpt":{"rendered":"<p>F\u00f6r 20 \u00e5r sedan stupade Jesper Lindblom under tj\u00e4nstg\u00f6ring i Afghanistan. Vad hade h\u00e4nt om han kommit hem levande? Vilket st\u00f6d hade Jesper och hans anh\u00f6riga f\u00e5tt? I de fr\u00e5gorna s\u00e5ddes ett fr\u00f6 till projektet Camp Valkyria. N\u00e4r attentatet utanf\u00f6r Mazar-e-Sharif intr\u00e4ffade 2005 och Jesper stupade f\u00f6r\u00e4ndrades livet f\u00f6r hela familjen. I sorgen v\u00e4cktes ett &hellip;<\/p>\n","protected":false},"author":1,"featured_media":1663,"comment_status":"closed","ping_status":"closed","sticky":true,"template":"","format":"standard","meta":{"_acf_changed":false,"footnotes":""},"categories":[1],"tags":[],"class_list":["post-1662","post","type-post","status-publish","format-standard","has-post-thumbnail","hentry","category-nyheter"],"acf":[],"yoast_head":"<!-- This site is optimized with the Yoast SEO plugin v27.4 - https:\/\/yoast.com\/product\/yoast-seo-wordpress\/ -->\n<title>Nytt center f\u00f6r veteraner \u2013 nu skapas Camp Valkyria - Reservofficeren<\/title>\n<meta name=\"robots\" content=\"index, follow, max-snippet:-1, max-image-preview:large, max-video-preview:-1\" \/>\n<link rel=\"canonical\" href=\"https:\/\/reservofficerarna.se\/reservofficeren\/nyheter\/nytt-center-for-veteraner-nu-skapas-camp-valkyria\/\" \/>\n<meta property=\"og:locale\" content=\"sv_SE\" \/>\n<meta property=\"og:type\" content=\"article\" \/>\n<meta property=\"og:title\" content=\"Nytt center f\u00f6r veteraner \u2013 nu skapas Camp Valkyria - Reservofficeren\" \/>\n<meta property=\"og:description\" content=\"F\u00f6r 20 \u00e5r sedan stupade Jesper Lindblom under tj\u00e4nstg\u00f6ring i Afghanistan. Vad hade h\u00e4nt om han kommit hem levande? Vilket st\u00f6d hade Jesper och hans anh\u00f6riga f\u00e5tt? I de fr\u00e5gorna s\u00e5ddes ett fr\u00f6 till projektet Camp Valkyria. N\u00e4r attentatet utanf\u00f6r Mazar-e-Sharif intr\u00e4ffade 2005 och Jesper stupade f\u00f6r\u00e4ndrades livet f\u00f6r hela familjen. I sorgen v\u00e4cktes ett &hellip;\" \/>\n<meta property=\"og:url\" content=\"https:\/\/reservofficerarna.se\/reservofficeren\/nyheter\/nytt-center-for-veteraner-nu-skapas-camp-valkyria\/\" \/>\n<meta property=\"og:site_name\" content=\"Reservofficeren\" \/>\n<meta property=\"article:published_time\" content=\"2025-06-09T07:00:00+00:00\" \/>\n<meta property=\"og:image\" content=\"https:\/\/reservofficerarna.se\/app\/uploads\/sites\/2\/2025\/04\/img-0383.jpg\" \/>\n\t<meta property=\"og:image:width\" content=\"1920\" \/>\n\t<meta property=\"og:image:height\" content=\"1440\" \/>\n\t<meta property=\"og:image:type\" content=\"image\/jpeg\" \/>\n<meta name=\"author\" content=\"wpreservofficerarna\" \/>\n<meta name=\"twitter:card\" content=\"summary_large_image\" \/>\n<meta name=\"twitter:label1\" content=\"Skriven av\" \/>\n\t<meta name=\"twitter:data1\" content=\"wpreservofficerarna\" \/>\n\t<meta name=\"twitter:label2\" content=\"Ber\u00e4knad l\u00e4stid\" \/>\n\t<meta name=\"twitter:data2\" content=\"4 minuter\" \/>\n<script type=\"application\/ld+json\" class=\"yoast-schema-graph\">{\"@context\":\"https:\\\/\\\/schema.org\",\"@graph\":[{\"@type\":\"Article\",\"@id\":\"https:\\\/\\\/reservofficerarna.se\\\/reservofficeren\\\/nyheter\\\/nytt-center-for-veteraner-nu-skapas-camp-valkyria\\\/#article\",\"isPartOf\":{\"@id\":\"https:\\\/\\\/reservofficerarna.se\\\/reservofficeren\\\/nyheter\\\/nytt-center-for-veteraner-nu-skapas-camp-valkyria\\\/\"},\"author\":{\"name\":\"wpreservofficerarna\",\"@id\":\"https:\\\/\\\/staging.reservofficerarna.se\\\/reservofficeren\\\/#\\\/schema\\\/person\\\/d63322fe51ba95c7e32e60a60190148c\"},\"headline\":\"Nytt center f\u00f6r veteraner \u2013 nu skapas Camp Valkyria\",\"datePublished\":\"2025-06-09T07:00:00+00:00\",\"mainEntityOfPage\":{\"@id\":\"https:\\\/\\\/reservofficerarna.se\\\/reservofficeren\\\/nyheter\\\/nytt-center-for-veteraner-nu-skapas-camp-valkyria\\\/\"},\"wordCount\":769,\"image\":{\"@id\":\"https:\\\/\\\/reservofficerarna.se\\\/reservofficeren\\\/nyheter\\\/nytt-center-for-veteraner-nu-skapas-camp-valkyria\\\/#primaryimage\"},\"thumbnailUrl\":\"https:\\\/\\\/reservofficerarna.se\\\/app\\\/uploads\\\/sites\\\/2\\\/2025\\\/04\\\/img-0383.jpg\",\"articleSection\":[\"Nyheter\"],\"inLanguage\":\"sv-SE\"},{\"@type\":\"WebPage\",\"@id\":\"https:\\\/\\\/reservofficerarna.se\\\/reservofficeren\\\/nyheter\\\/nytt-center-for-veteraner-nu-skapas-camp-valkyria\\\/\",\"url\":\"https:\\\/\\\/reservofficerarna.se\\\/reservofficeren\\\/nyheter\\\/nytt-center-for-veteraner-nu-skapas-camp-valkyria\\\/\",\"name\":\"Nytt center f\u00f6r veteraner \u2013 nu skapas Camp Valkyria - Reservofficeren\",\"isPartOf\":{\"@id\":\"https:\\\/\\\/staging.reservofficerarna.se\\\/reservofficeren\\\/#website\"},\"primaryImageOfPage\":{\"@id\":\"https:\\\/\\\/reservofficerarna.se\\\/reservofficeren\\\/nyheter\\\/nytt-center-for-veteraner-nu-skapas-camp-valkyria\\\/#primaryimage\"},\"image\":{\"@id\":\"https:\\\/\\\/reservofficerarna.se\\\/reservofficeren\\\/nyheter\\\/nytt-center-for-veteraner-nu-skapas-camp-valkyria\\\/#primaryimage\"},\"thumbnailUrl\":\"https:\\\/\\\/reservofficerarna.se\\\/app\\\/uploads\\\/sites\\\/2\\\/2025\\\/04\\\/img-0383.jpg\",\"datePublished\":\"2025-06-09T07:00:00+00:00\",\"author\":{\"@id\":\"https:\\\/\\\/staging.reservofficerarna.se\\\/reservofficeren\\\/#\\\/schema\\\/person\\\/d63322fe51ba95c7e32e60a60190148c\"},\"breadcrumb\":{\"@id\":\"https:\\\/\\\/reservofficerarna.se\\\/reservofficeren\\\/nyheter\\\/nytt-center-for-veteraner-nu-skapas-camp-valkyria\\\/#breadcrumb\"},\"inLanguage\":\"sv-SE\",\"potentialAction\":[{\"@type\":\"ReadAction\",\"target\":[\"https:\\\/\\\/reservofficerarna.se\\\/reservofficeren\\\/nyheter\\\/nytt-center-for-veteraner-nu-skapas-camp-valkyria\\\/\"]}]},{\"@type\":\"ImageObject\",\"inLanguage\":\"sv-SE\",\"@id\":\"https:\\\/\\\/reservofficerarna.se\\\/reservofficeren\\\/nyheter\\\/nytt-center-for-veteraner-nu-skapas-camp-valkyria\\\/#primaryimage\",\"url\":\"https:\\\/\\\/reservofficerarna.se\\\/app\\\/uploads\\\/sites\\\/2\\\/2025\\\/04\\\/img-0383.jpg\",\"contentUrl\":\"https:\\\/\\\/reservofficerarna.se\\\/app\\\/uploads\\\/sites\\\/2\\\/2025\\\/04\\\/img-0383.jpg\",\"width\":1920,\"height\":1440,\"caption\":\"RO och veteran Carl Douglas, Anna och Stefan Jonsson \u00e4r drivande i projektet.\"},{\"@type\":\"BreadcrumbList\",\"@id\":\"https:\\\/\\\/reservofficerarna.se\\\/reservofficeren\\\/nyheter\\\/nytt-center-for-veteraner-nu-skapas-camp-valkyria\\\/#breadcrumb\",\"itemListElement\":[{\"@type\":\"ListItem\",\"position\":1,\"name\":\"Hem\",\"item\":\"https:\\\/\\\/reservofficerarna.se\\\/reservofficeren\\\/\"},{\"@type\":\"ListItem\",\"position\":2,\"name\":\"Nytt center f\u00f6r veteraner \u2013 nu skapas Camp Valkyria\"}]},{\"@type\":\"WebSite\",\"@id\":\"https:\\\/\\\/staging.reservofficerarna.se\\\/reservofficeren\\\/#website\",\"url\":\"https:\\\/\\\/staging.reservofficerarna.se\\\/reservofficeren\\\/\",\"name\":\"Reservofficeren\",\"description\":\"F\u00f6rbundet Reservofficerarnas tidning\",\"potentialAction\":[{\"@type\":\"SearchAction\",\"target\":{\"@type\":\"EntryPoint\",\"urlTemplate\":\"https:\\\/\\\/staging.reservofficerarna.se\\\/reservofficeren\\\/?s={search_term_string}\"},\"query-input\":{\"@type\":\"PropertyValueSpecification\",\"valueRequired\":true,\"valueName\":\"search_term_string\"}}],\"inLanguage\":\"sv-SE\"},{\"@type\":\"Person\",\"@id\":\"https:\\\/\\\/staging.reservofficerarna.se\\\/reservofficeren\\\/#\\\/schema\\\/person\\\/d63322fe51ba95c7e32e60a60190148c\",\"name\":\"wpreservofficerarna\",\"sameAs\":[\"https:\\\/\\\/reservofficerarna.se\\\/wp\"]}]}<\/script>\n<!-- \/ Yoast SEO plugin. -->","yoast_head_json":{"title":"Nytt center f\u00f6r veteraner \u2013 nu skapas Camp Valkyria - Reservofficeren","robots":{"index":"index","follow":"follow","max-snippet":"max-snippet:-1","max-image-preview":"max-image-preview:large","max-video-preview":"max-video-preview:-1"},"canonical":"https:\/\/reservofficerarna.se\/reservofficeren\/nyheter\/nytt-center-for-veteraner-nu-skapas-camp-valkyria\/","og_locale":"sv_SE","og_type":"article","og_title":"Nytt center f\u00f6r veteraner \u2013 nu skapas Camp Valkyria - Reservofficeren","og_description":"F\u00f6r 20 \u00e5r sedan stupade Jesper Lindblom under tj\u00e4nstg\u00f6ring i Afghanistan. Vad hade h\u00e4nt om han kommit hem levande? Vilket st\u00f6d hade Jesper och hans anh\u00f6riga f\u00e5tt? I de fr\u00e5gorna s\u00e5ddes ett fr\u00f6 till projektet Camp Valkyria. N\u00e4r attentatet utanf\u00f6r Mazar-e-Sharif intr\u00e4ffade 2005 och Jesper stupade f\u00f6r\u00e4ndrades livet f\u00f6r hela familjen. I sorgen v\u00e4cktes ett &hellip;","og_url":"https:\/\/reservofficerarna.se\/reservofficeren\/nyheter\/nytt-center-for-veteraner-nu-skapas-camp-valkyria\/","og_site_name":"Reservofficeren","article_published_time":"2025-06-09T07:00:00+00:00","og_image":[{"width":1920,"height":1440,"url":"https:\/\/reservofficerarna.se\/app\/uploads\/sites\/2\/2025\/04\/img-0383.jpg","type":"image\/jpeg"}],"author":"wpreservofficerarna","twitter_card":"summary_large_image","twitter_misc":{"Skriven av":"wpreservofficerarna","Ber\u00e4knad l\u00e4stid":"4 minuter"},"schema":{"@context":"https:\/\/schema.org","@graph":[{"@type":"Article","@id":"https:\/\/reservofficerarna.se\/reservofficeren\/nyheter\/nytt-center-for-veteraner-nu-skapas-camp-valkyria\/#article","isPartOf":{"@id":"https:\/\/reservofficerarna.se\/reservofficeren\/nyheter\/nytt-center-for-veteraner-nu-skapas-camp-valkyria\/"},"author":{"name":"wpreservofficerarna","@id":"https:\/\/staging.reservofficerarna.se\/reservofficeren\/#\/schema\/person\/d63322fe51ba95c7e32e60a60190148c"},"headline":"Nytt center f\u00f6r veteraner \u2013 nu skapas Camp Valkyria","datePublished":"2025-06-09T07:00:00+00:00","mainEntityOfPage":{"@id":"https:\/\/reservofficerarna.se\/reservofficeren\/nyheter\/nytt-center-for-veteraner-nu-skapas-camp-valkyria\/"},"wordCount":769,"image":{"@id":"https:\/\/reservofficerarna.se\/reservofficeren\/nyheter\/nytt-center-for-veteraner-nu-skapas-camp-valkyria\/#primaryimage"},"thumbnailUrl":"https:\/\/reservofficerarna.se\/app\/uploads\/sites\/2\/2025\/04\/img-0383.jpg","articleSection":["Nyheter"],"inLanguage":"sv-SE"},{"@type":"WebPage","@id":"https:\/\/reservofficerarna.se\/reservofficeren\/nyheter\/nytt-center-for-veteraner-nu-skapas-camp-valkyria\/","url":"https:\/\/reservofficerarna.se\/reservofficeren\/nyheter\/nytt-center-for-veteraner-nu-skapas-camp-valkyria\/","name":"Nytt center f\u00f6r veteraner \u2013 nu skapas Camp Valkyria - Reservofficeren","isPartOf":{"@id":"https:\/\/staging.reservofficerarna.se\/reservofficeren\/#website"},"primaryImageOfPage":{"@id":"https:\/\/reservofficerarna.se\/reservofficeren\/nyheter\/nytt-center-for-veteraner-nu-skapas-camp-valkyria\/#primaryimage"},"image":{"@id":"https:\/\/reservofficerarna.se\/reservofficeren\/nyheter\/nytt-center-for-veteraner-nu-skapas-camp-valkyria\/#primaryimage"},"thumbnailUrl":"https:\/\/reservofficerarna.se\/app\/uploads\/sites\/2\/2025\/04\/img-0383.jpg","datePublished":"2025-06-09T07:00:00+00:00","author":{"@id":"https:\/\/staging.reservofficerarna.se\/reservofficeren\/#\/schema\/person\/d63322fe51ba95c7e32e60a60190148c"},"breadcrumb":{"@id":"https:\/\/reservofficerarna.se\/reservofficeren\/nyheter\/nytt-center-for-veteraner-nu-skapas-camp-valkyria\/#breadcrumb"},"inLanguage":"sv-SE","potentialAction":[{"@type":"ReadAction","target":["https:\/\/reservofficerarna.se\/reservofficeren\/nyheter\/nytt-center-for-veteraner-nu-skapas-camp-valkyria\/"]}]},{"@type":"ImageObject","inLanguage":"sv-SE","@id":"https:\/\/reservofficerarna.se\/reservofficeren\/nyheter\/nytt-center-for-veteraner-nu-skapas-camp-valkyria\/#primaryimage","url":"https:\/\/reservofficerarna.se\/app\/uploads\/sites\/2\/2025\/04\/img-0383.jpg","contentUrl":"https:\/\/reservofficerarna.se\/app\/uploads\/sites\/2\/2025\/04\/img-0383.jpg","width":1920,"height":1440,"caption":"RO och veteran Carl Douglas, Anna och Stefan Jonsson \u00e4r drivande i projektet."},{"@type":"BreadcrumbList","@id":"https:\/\/reservofficerarna.se\/reservofficeren\/nyheter\/nytt-center-for-veteraner-nu-skapas-camp-valkyria\/#breadcrumb","itemListElement":[{"@type":"ListItem","position":1,"name":"Hem","item":"https:\/\/reservofficerarna.se\/reservofficeren\/"},{"@type":"ListItem","position":2,"name":"Nytt center f\u00f6r veteraner \u2013 nu skapas Camp Valkyria"}]},{"@type":"WebSite","@id":"https:\/\/staging.reservofficerarna.se\/reservofficeren\/#website","url":"https:\/\/staging.reservofficerarna.se\/reservofficeren\/","name":"Reservofficeren","description":"F\u00f6rbundet Reservofficerarnas tidning","potentialAction":[{"@type":"SearchAction","target":{"@type":"EntryPoint","urlTemplate":"https:\/\/staging.reservofficerarna.se\/reservofficeren\/?s={search_term_string}"},"query-input":{"@type":"PropertyValueSpecification","valueRequired":true,"valueName":"search_term_string"}}],"inLanguage":"sv-SE"},{"@type":"Person","@id":"https:\/\/staging.reservofficerarna.se\/reservofficeren\/#\/schema\/person\/d63322fe51ba95c7e32e60a60190148c","name":"wpreservofficerarna","sameAs":["https:\/\/reservofficerarna.se\/wp"]}]}},"_links":{"self":[{"href":"https:\/\/reservofficerarna.se\/reservofficeren\/wp-json\/wp\/v2\/posts\/1662","targetHints":{"allow":["GET"]}}],"collection":[{"href":"https:\/\/reservofficerarna.se\/reservofficeren\/wp-json\/wp\/v2\/posts"}],"about":[{"href":"https:\/\/reservofficerarna.se\/reservofficeren\/wp-json\/wp\/v2\/types\/post"}],"author":[{"embeddable":true,"href":"https:\/\/reservofficerarna.se\/reservofficeren\/wp-json\/wp\/v2\/users\/1"}],"replies":[{"embeddable":true,"href":"https:\/\/reservofficerarna.se\/reservofficeren\/wp-json\/wp\/v2\/comments?post=1662"}],"version-history":[{"count":2,"href":"https:\/\/reservofficerarna.se\/reservofficeren\/wp-json\/wp\/v2\/posts\/1662\/revisions"}],"predecessor-version":[{"id":1665,"href":"https:\/\/reservofficerarna.se\/reservofficeren\/wp-json\/wp\/v2\/posts\/1662\/revisions\/1665"}],"wp:featuredmedia":[{"embeddable":true,"href":"https:\/\/reservofficerarna.se\/reservofficeren\/wp-json\/wp\/v2\/media\/1663"}],"wp:attachment":[{"href":"https:\/\/reservofficerarna.se\/reservofficeren\/wp-json\/wp\/v2\/media?parent=1662"}],"wp:term":[{"taxonomy":"category","embeddable":true,"href":"https:\/\/reservofficerarna.se\/reservofficeren\/wp-json\/wp\/v2\/categories?post=1662"},{"taxonomy":"post_tag","embeddable":true,"href":"https:\/\/reservofficerarna.se\/reservofficeren\/wp-json\/wp\/v2\/tags?post=1662"}],"curies":[{"name":"wp","href":"https:\/\/api.w.org\/{rel}","templated":true}]}}