{"id":1715,"date":"2025-07-10T09:00:00","date_gmt":"2025-07-10T07:00:00","guid":{"rendered":"https:\/\/reservofficerarna.se\/reservofficeren\/?p=1715"},"modified":"2025-06-10T16:14:56","modified_gmt":"2025-06-10T14:14:56","slug":"pionjarer-pa-uppdrag-i-lettland","status":"publish","type":"post","link":"https:\/\/reservofficerarna.se\/reservofficeren\/reportage\/pionjarer-pa-uppdrag-i-lettland\/","title":{"rendered":"Pionj\u00e4rer p\u00e5 uppdrag i Lettland"},"content":{"rendered":"\n<p class=\"has-lead-text-font-size\">Reservofficerare utg\u00f6r en viktig del av den f\u00f6rsta svenska Natostyrkan som sedan januari \u00e4r del av den multinationella brigaden i Lettland. RO\/Fk Truls \u00e4r inne p\u00e5 sin femte m\u00e5nad p\u00e5 milit\u00e4rbasen i Adazi utanf\u00f6r Riga.<\/p>\n\n\n\n<p>Klockan \u00e4r 06.30 p\u00e5 ett ganska morgonkyligt Camp Valdemar. I den l\u00e5nga gr\u00e5 barackkorridoren tr\u00e4ngs flipflops med k\u00e4ngor och f\u00e4rgglada sneakers. H\u00e4r finns inga sociala ytor eller toaletter, bara 15 kvadrat\u00admeter stora rum d\u00e4r det f\u00e5r plats ett pl\u00e5tsk\u00e5p, bord och s\u00e4ngar med metallstommar. Soldaterna delar rum tv\u00e5 och tv\u00e5, reservofficer Truls sitter i staben och har f\u00e5tt ett eget rum.<\/p>\n\n\n\n<p>\u2013 L\u00e4splattan \u00e4r trevlig att ha med hemifr\u00e5n, f\u00f6r d\u00e5 kan man mer eller mindre l\u00e4sa vilken bok som helst n\u00e4r man \u00e4r h\u00e4r. Men det viktigaste jag tagit med mig \u00e4r mitt pingisracket, s\u00e4ger han och v\u00e4lkomnar in till det avskalade rummet.<\/p>\n\n\n<div class=\"wp-block-image\">\n<figure class=\"alignleft size-large is-resized\"><img loading=\"lazy\" decoding=\"async\" width=\"600\" height=\"900\" src=\"https:\/\/reservofficerarna.se\/app\/uploads\/sites\/2\/2025\/06\/truls05-600x900.jpg\" alt=\"\" class=\"wp-image-1716\" style=\"aspect-ratio:0.6666666666666666;width:470px;height:auto\" srcset=\"https:\/\/reservofficerarna.se\/app\/uploads\/sites\/2\/2025\/06\/truls05-600x900.jpg 600w, https:\/\/reservofficerarna.se\/app\/uploads\/sites\/2\/2025\/06\/truls05-400x600.jpg 400w, https:\/\/reservofficerarna.se\/app\/uploads\/sites\/2\/2025\/06\/truls05-800x1200.jpg 800w, https:\/\/reservofficerarna.se\/app\/uploads\/sites\/2\/2025\/06\/truls05-1024x1536.jpg 1024w, https:\/\/reservofficerarna.se\/app\/uploads\/sites\/2\/2025\/06\/truls05-1365x2048.jpg 1365w, https:\/\/reservofficerarna.se\/app\/uploads\/sites\/2\/2025\/06\/truls05-300x450.jpg 300w, https:\/\/reservofficerarna.se\/app\/uploads\/sites\/2\/2025\/06\/truls05.jpg 1606w\" sizes=\"auto, (max-width: 600px) 100vw, 600px\" \/><\/figure>\n<\/div>\n\n\n<p>Det finns inte mindre \u00e4n tre pingisbord inne p\u00e5 Camp Valdemar. Tv\u00e5 lektionssalar har t\u00f6mts helt f\u00f6r att inrymma t\u00e4vlingsyta. Det har definitivt blivit en grej \u2013 och det ryktas om n\u00e5gon form av avslutningsturnering\u2026<\/p>\n\n\n\n<p>Truls trivs bra p\u00e5 den svenska campen.<\/p>\n\n\n\n<p>\u2013 Det \u00e4r bra boenden, bra kontor, bra mat och h\u00e4r finns goda m\u00f6jligheter att tr\u00e4na \u2013 det finns b\u00e5de l\u00f6pslingor och ett j\u00e4ttefint gym. P\u00e5 milit\u00e4rbasen mittemot v\u00e5r camp finns ocks\u00e5 en superfin idrottsanl\u00e4ggning med tennisbana, volleyboll och kl\u00e4ttercentrum. Det \u00e4r en bra plats d\u00e4r man avslappnat kan m\u00f6ta kollegor fr\u00e5n andra nationer.<\/p>\n\n\n\n<p>Senast Reservofficeren tr\u00e4ffade Truls skulle han p\u00e5b\u00f6rja sin befattningsutbildning. Nu \u00e4r han fyra m\u00e5nader in i insatsen i Lettland, som stridsledare i staben. Han har en ledningstr\u00e4nings\u00f6vning, brigadomsp\u00e4nnande Nato\u00f6vningen Oak Resolve, och nyligen avslutade estl\u00e4ndska \u00f6vningen Hedgehog 25 bakom sig.<\/p>\n\n\n\n<p>\u2013 Under \u00f6vningarna har jag utmanats i min befattning, men \u00e4ven det vardagliga arbetet p\u00e5 campen \u00e4r v\u00e4ldigt intressant. Mycket av det g\u00e5r ut p\u00e5 att samverka med andra nationer inom den multinationella brigaden, s\u00e4ger Truls och forts\u00e4tter:<\/p>\n\n\n\n<p>\u2013 Vi \u00e4r fr\u00e5n olika l\u00e4nder med olika kulturer \u2013 att l\u00e4ra sig hur andra funkar och komma \u00f6ver spr\u00e5kbarri\u00e4rer \u00f6kar v\u00e5r f\u00f6rm\u00e5ga att arbeta i f\u00e4lt. Vi f\u00e5r ocks\u00e5 en m\u00f6jlighet att ta positiva erfarenheter fr\u00e5n andra f\u00f6rsvarsmakter och implementera i v\u00e5rt f\u00f6rsvar, samtidigt som vi l\u00e4r oss vilka saker vi har som \u00e4r starkare \u00e4n andras.<\/p>\n\n\n\n<blockquote class=\"wp-block-quote is-layout-flow wp-block-quote-is-layout-flow\">\n\n            <p>\n            <span class=\"block w-16 mb-5\">\n                <svg class=\"max-w-full fill-current\" viewBox=\"0 0 57 40\" version=\"1.1\" xmlns=\"http:\/\/www.w3.org\/2000\/svg\" xmlns:xlink=\"http:\/\/www.w3.org\/1999\/xlink\">\n                    <g stroke=\"none\" stroke-width=\"1\" fill=\"none\" fill-rule=\"evenodd\">\n                        <g fill=\"#131717\" fill-rule=\"nonzero\">\n                            <path d=\"M14.9513213,40 L28.8734353,22.2531293 L28.8734353,17.7329624 L15.1877608,0 L0,0 L10.3198887,20.0556328 L0,40 L14.9513213,40 Z M42.3087622,40 L56.2308762,22.2531293 L56.2308762,17.7329624 L42.6564673,0 L27.3574409,0 L37.6773296,20.0556328 L27.3574409,40 L42.3087622,40 Z\"><\/path>\n                        <\/g>\n                    <\/g>\n                <\/svg>\n            <\/span>\n            Det \u00e4r mycket oro i v\u00e4rlden och det p\u00e5\u00adminner om allvaret, varf\u00f6r man \u00e4r h\u00e4r.<\/p>\n<\/blockquote>\n\n\n\n<p>En vanlig dag b\u00f6rjar vid sjutiden. Truls arbete i staben g\u00e5r ut p\u00e5 att f\u00f6rbereda och formulera olika ordrar. Han ansvarar f\u00f6r veckoordern, den rutinm\u00e4ssiga uppdateringen och orderstrukturen till kompanierna. Ofta p\u00e5g\u00e5r arbetsdagen fram till kv\u00e4llsmat.<\/p>\n\n\n\n<p>\u2013 Det \u00e4r mycket jobb n\u00e4r man \u00e4r h\u00e4r och mycket tr\u00e4ning.<\/p>\n\n\n\n<p>Han har hunnit vara hemma i Sverige p\u00e5 leave tv\u00e5 g\u00e5nger och tr\u00e4ffat v\u00e4nner, sambo och familj. Han har ocks\u00e5 haft ett par permissioner inne i Lettlands huvudstad Riga, \u00e4ven om begr\u00e4nsningarna p\u00e5 plats har varit flera. En rad s\u00e4kerhets\u00ad\u00e5tg\u00e4rder har vidtagits f\u00f6r att minska risken att enskilda soldater kartl\u00e4ggs av ryska spioner.<\/p>\n\n\n\n<p>\u2013 Det \u00e4r mycket oro i v\u00e4rlden och det p\u00e5minner om allvaret, varf\u00f6r man \u00e4r h\u00e4r. Vi \u00e4r l\u00e4ngst ut i kedjan och det k\u00e4nns viktigt. Den skarpa uppgiften att avskr\u00e4cka utf\u00f6r vi varje dag genom att vara h\u00e4r, s\u00e4ger Truls.<\/p>\n\n\n\n<figure class=\"wp-block-image size-large\"><img loading=\"lazy\" decoding=\"async\" width=\"1335\" height=\"900\" src=\"https:\/\/reservofficerarna.se\/app\/uploads\/sites\/2\/2025\/06\/truls17-1335x900.jpg\" alt=\"\" class=\"wp-image-1713\" srcset=\"https:\/\/reservofficerarna.se\/app\/uploads\/sites\/2\/2025\/06\/truls17-1335x900.jpg 1335w, https:\/\/reservofficerarna.se\/app\/uploads\/sites\/2\/2025\/06\/truls17-800x539.jpg 800w, https:\/\/reservofficerarna.se\/app\/uploads\/sites\/2\/2025\/06\/truls17-1536x1035.jpg 1536w, https:\/\/reservofficerarna.se\/app\/uploads\/sites\/2\/2025\/06\/truls17-300x202.jpg 300w, https:\/\/reservofficerarna.se\/app\/uploads\/sites\/2\/2025\/06\/truls17.jpg 1654w\" sizes=\"auto, (max-width: 1335px) 100vw, 1335px\" \/><\/figure>\n\n\n\n<p>Genmj Jette Albinus, chef f\u00f6r Natos nordliga division, har beskrivit situationen i Lettland som att det inte \u00e4r fred utan en hybridfas.<\/p>\n\n\n\n<p>\u2013 Det handlar om att f\u00f6rsvara n\u00e4ra och k\u00e4ra i Sverige, men ocks\u00e5 om att f\u00f6rsvara demokratin och de v\u00e4rdena som vi tar f\u00f6r givet i Sverige. Sedan om vi g\u00f6r det fr\u00e5n Revingehed eller Adazi spelar mindre roll, s\u00e4ger hon.<\/p>\n\n\n\n<p>Det \u00e4r en av de f\u00f6rsta dagarna som det \u00e4r v\u00e5rvarmt p\u00e5 campen. Och det blir snabbt riktigt varmt. H\u00e4r finns ingen gr\u00f6nska, bara gr\u00e5 baracker, gr\u00e5tt grus och gr\u00e5 plattor p\u00e5 marken. Soldathemmet \u00e4r undantaget, d\u00e4r man p\u00e5 tr\u00e4terrassen kv\u00e4llen innan visat hockey-VM p\u00e5 storbildssk\u00e4rm. Nu fylls tr\u00e4terassen snabbt av soldater med uppkavlade armar.<\/p>\n\n\n\n<p>Lt Carl, stridsfotoavdelningen vid Operativa kommunikationsf\u00f6rbandet, m\u00f6ter oss utanf\u00f6r barackerna. Han har varit reservofficer sedan 2018 och tj\u00e4nstg\u00f6r ofta mer \u00e4n tv\u00e5 m\u00e5nader per \u00e5r, civilt \u00e4r han egenf\u00f6retagare inom media.<\/p>\n\n\n\n<p>\u2013 Nu har jag varit i Estland och Lettland ett par veckor, fr\u00e4mst f\u00f6r \u00f6vningen. Jag hoppas att Natomedlemskapet kommer att \u00f6ppna upp m\u00e5nga fler d\u00f6rrar f\u00f6r att \u00e5ka utomlands, s\u00e4ger han.<\/p>\n\n\n\n<p>Ett skalskydd avgr\u00e4nsar campens boendedel fr\u00e5n st\u00e4llplatser, garage och spolplatta. Och p\u00e5 andra sidan skyddet st\u00e5r det v\u00e5rd p\u00e5 schemat.<\/p>\n\n\n\n<figure class=\"wp-block-image size-full\"><img loading=\"lazy\" decoding=\"async\" width=\"1311\" height=\"874\" src=\"https:\/\/reservofficerarna.se\/app\/uploads\/sites\/2\/2025\/06\/truls11.jpg\" alt=\"\" class=\"wp-image-1709\" srcset=\"https:\/\/reservofficerarna.se\/app\/uploads\/sites\/2\/2025\/06\/truls11.jpg 1311w, https:\/\/reservofficerarna.se\/app\/uploads\/sites\/2\/2025\/06\/truls11-800x533.jpg 800w, https:\/\/reservofficerarna.se\/app\/uploads\/sites\/2\/2025\/06\/truls11-300x200.jpg 300w\" sizes=\"auto, (max-width: 1311px) 100vw, 1311px\" \/><\/figure>\n\n\n\n<p>P\u00e5 spolplattan spolas tv\u00e5 lastbilar av, p\u00e5 dem monterade splitterskyddade ledningscontainrar. 22-\u00e5rige f\u00e4nrik Felix, reserv\u00adofficer och st\u00e4llf\u00f6retr\u00e4dande plutonchef p\u00e5 en ledningspluton, har hoppat upp f\u00f6r att inspektera taket och spola av det sista.<\/p>\n\n\n\n<p>Efter v\u00e4rnplikten b\u00f6rjade han jobba som instrukt\u00f6r p\u00e5 P 7, sedan l\u00e4ste han till reservofficer och till h\u00f6sten b\u00f6rjar han studera till civilingenj\u00f6r inom risk, s\u00e4kerhet och riskhantering vid Lunds tekniska h\u00f6gskola. V\u00e4gen till Lettland har varit hans aktiverings\u00e5r som reservofficer.<\/p>\n\n\n\n<p>\u2013 Det h\u00e4r har varit j\u00e4ttebra, att f\u00e5 jobba fulltid och \u00e5ka iv\u00e4g och g\u00f6ra n\u00e5got som det h\u00e4r tror jag \u00e4r j\u00e4tteviktigt, s\u00e4ger han.<\/p>\n\n\n\n<p><strong>Vad har varit mest utmanande med tiden i Lettland?<\/strong><\/p>\n\n\n\n<p>\u2013 Att vara helt ny p\u00e5 ett st\u00e4lle och, trots att man inte sj\u00e4lv har koll p\u00e5 l\u00e4get, styra verksamheten. Tricket \u00e4r att vara mjuk i kn\u00e4na och ta saker som de kommer. Som civilanst\u00e4lld tar jag fr\u00e5n min tid i F\u00f6rsvarsmakten med mig att jag har blivit en bra probleml\u00f6sare som snabbt kan fatta beslut. Det har vi f\u00e5tt g\u00f6ra mycket h\u00e4r.<\/p>\n\n\n\n<figure class=\"wp-block-image size-full\"><img loading=\"lazy\" decoding=\"async\" width=\"1346\" height=\"882\" src=\"https:\/\/reservofficerarna.se\/app\/uploads\/sites\/2\/2025\/06\/truls15.jpg\" alt=\"\" class=\"wp-image-1712\" srcset=\"https:\/\/reservofficerarna.se\/app\/uploads\/sites\/2\/2025\/06\/truls15.jpg 1346w, https:\/\/reservofficerarna.se\/app\/uploads\/sites\/2\/2025\/06\/truls15-800x524.jpg 800w, https:\/\/reservofficerarna.se\/app\/uploads\/sites\/2\/2025\/06\/truls15-300x197.jpg 300w\" sizes=\"auto, (max-width: 1346px) 100vw, 1346px\" \/><figcaption class=\"font-sans mt-2 text-sm md:text-base\" class=\"wp-element-caption\">\u201dKrigsdugligheten f\u00f6r f\u00f6rbandet har \u00f6kat markant\u201d, s\u00e4ger \u00d6vlt Henrik Rosdahl, chef f\u00f6r 71:a bataljonen. <span class=\"text-gray-500\"><span class=\"uppercase\">Foto:<\/span> Emil Malmborg<\/span><\/figcaption><\/figure>\n\n\n\n<p>De tv\u00e5 lastbilarna har varit med bataljonen under den estl\u00e4ndska \u00f6vningen Hedgehog 25, som skulle pr\u00f6va f\u00f6rsvars\u00adalliansens f\u00f6rm\u00e5ga att snabbt f\u00f6rst\u00e4rka och integrera styrkor i landets f\u00f6rsvar.<br>\u00d6vlt Henrik Rosdahl \u00e4r chef f\u00f6r 71:a bataljonen, och han \u00e4r n\u00f6jd med \u00f6vningen.<\/p>\n\n\n\n<p>\u2013 Krigsdugligheten f\u00f6r f\u00f6rbandet har \u00f6kat markant med \u00f6vningarna h\u00e4r, fr\u00e5n enskilda soldatf\u00e4rdigheter till funktionerna i bataljonen och v\u00e5r f\u00f6rm\u00e5ga att anpassa oss och hitta nya l\u00f6sningar. Det \u00e4r genom att vara h\u00e4r som vi l\u00e4r oss att vara en del av Nato.<\/p>\n\n\n\n<blockquote class=\"wp-block-quote is-layout-flow wp-block-quote-is-layout-flow\">\n\n            <p>\n            <span class=\"block w-16 mb-5\">\n                <svg class=\"max-w-full fill-current\" viewBox=\"0 0 57 40\" version=\"1.1\" xmlns=\"http:\/\/www.w3.org\/2000\/svg\" xmlns:xlink=\"http:\/\/www.w3.org\/1999\/xlink\">\n                    <g stroke=\"none\" stroke-width=\"1\" fill=\"none\" fill-rule=\"evenodd\">\n                        <g fill=\"#131717\" fill-rule=\"nonzero\">\n                            <path d=\"M14.9513213,40 L28.8734353,22.2531293 L28.8734353,17.7329624 L15.1877608,0 L0,0 L10.3198887,20.0556328 L0,40 L14.9513213,40 Z M42.3087622,40 L56.2308762,22.2531293 L56.2308762,17.7329624 L42.6564673,0 L27.3574409,0 L37.6773296,20.0556328 L27.3574409,40 L42.3087622,40 Z\"><\/path>\n                        <\/g>\n                    <\/g>\n                <\/svg>\n            <\/span>\n            Det man l\u00e4r sig av att vara h\u00e4r under en s\u00e5 l\u00e5ng period tror jag \u00e4r ov\u00e4rderligt.<\/p>\n<\/blockquote>\n\n\n\n<p>F\u00f6r 71:a bataljon, vana vid det svenska s\u00e4ttet att \u00f6va d\u00e4r man bryter \u00f6vningen vid kv\u00e4llen och de stora stridsmomenten \u00e4r p\u00e5 dagarna, var den fyra dygn l\u00e5nga Hedgehog en ny upplevelse.<\/p>\n\n\n\n<p>\u2013 Vi har blivit testade i funktioner och vi har testat v\u00e5ra nya l\u00f6sningar, som anpassade s\u00e4tt att agera och gruppera. Och med 96 timmars ih\u00e5llande \u00f6vning i ganska risigt v\u00e4der har soldaterna verkligen f\u00e5tt pressa sig sj\u00e4lva. Cheferna ocks\u00e5 i form av s\u00f6mnbrist, att fatta beslut och bibeh\u00e5lla sitt stridsv\u00e4rde. V\u00e5r taktik och stridsteknik har ocks\u00e5 blivit testad mot en helt ny motst\u00e5ndare, s\u00e4ger Rosdahl och forts\u00e4tter:<\/p>\n\n\n\n<p>\u2013 Det har varit en tuff \u00f6vning, esterna uppfattar jag har en h\u00f6gre vilja att ta st\u00f6rre risker n\u00e4r de \u00f6var, och det \u00e4r n\u00e5gonting vi beh\u00f6ver f\u00f6rh\u00e5lla oss till n\u00e4r vi \u00e4r h\u00e4r. Jag tror att de uppfattar hotet fr\u00e5n Ryssland som mer n\u00e4ra.<\/p>\n\n\n\n<p>Under \u00f6vningen har enheter fr\u00e5n andra nationer underst\u00e4llts 71:a bataljon.<\/p>\n\n\n\n<p>\u2013 Man f\u00e5r genomf\u00f6ra ett mottagande och f\u00f6rs\u00f6ka sy ihop dem med bataljonens verksamhet i f\u00e4lt. I f\u00e4lt utm\u00e4rker vi svenskar oss i v\u00e5r ledningsmetod, vi har vid ett flertal tillf\u00e4llen f\u00e5tt kvitto p\u00e5 att det vi g\u00f6r, och hur vi utbildar, \u00e4r r\u00e4tt. N\u00e4r vi v\u00e4l har f\u00e5tt ing\u00e5ngsv\u00e4rden \u00e4r vi v\u00e4ldigt snabba p\u00e5 att kunna agera, det \u00e4r en stor styrka, s\u00e4ger Truls.<\/p>\n\n\n\n<figure class=\"wp-block-image size-full\"><img loading=\"lazy\" decoding=\"async\" width=\"1217\" height=\"815\" src=\"https:\/\/reservofficerarna.se\/app\/uploads\/sites\/2\/2025\/06\/truls13.jpg\" alt=\"\" class=\"wp-image-1710\" srcset=\"https:\/\/reservofficerarna.se\/app\/uploads\/sites\/2\/2025\/06\/truls13.jpg 1217w, https:\/\/reservofficerarna.se\/app\/uploads\/sites\/2\/2025\/06\/truls13-800x536.jpg 800w, https:\/\/reservofficerarna.se\/app\/uploads\/sites\/2\/2025\/06\/truls13-300x201.jpg 300w\" sizes=\"auto, (max-width: 1217px) 100vw, 1217px\" \/><\/figure>\n\n\n\n<p>Insatsen i Lettland p\u00e5g\u00e5r under sex m\u00e5nader och lagom till h\u00f6gsommaren v\u00e4ntar hemkomstceremoni p\u00e5 P 7 ute p\u00e5 Revingehed. F\u00f6rra \u00e5ret fick Truls uppskov i sina studier i industriell ekonomi vid Lunds universitet f\u00f6r att kunna \u00e5ka till Lettland, men till h\u00f6sten \u00e4r det dags att b\u00f6rja l\u00e4sa till civilingenj\u00f6r.<\/p>\n\n\n\n<p>F\u00f6r egen del \u00e4r han n\u00f6jd med beslutet att ta ett aktiverings\u00e5r i samband med insatsen.<\/p>\n\n\n\n<p>\u2013 Det man l\u00e4r sig av att vara h\u00e4r under en s\u00e5 l\u00e5ng period tror jag \u00e4r ov\u00e4rderligt. Framf\u00f6r allt i den f\u00f6rsvarsmakt som vi nu har b\u00f6rjat g\u00e5 mot: en f\u00f6rsvarsmakt i Nato.<\/p>\n","protected":false},"excerpt":{"rendered":"<p>Reservofficerare utg\u00f6r en viktig del av den f\u00f6rsta svenska Natostyrkan som sedan januari \u00e4r del av den multinationella brigaden i Lettland. RO\/Fk Truls \u00e4r inne p\u00e5 sin femte m\u00e5nad p\u00e5 milit\u00e4rbasen i Adazi utanf\u00f6r Riga. Klockan \u00e4r 06.30 p\u00e5 ett ganska morgonkyligt Camp Valdemar. I den l\u00e5nga gr\u00e5 barackkorridoren tr\u00e4ngs flipflops med k\u00e4ngor och f\u00e4rgglada &hellip;<\/p>\n","protected":false},"author":1,"featured_media":1707,"comment_status":"closed","ping_status":"closed","sticky":true,"template":"","format":"standard","meta":{"_acf_changed":false,"footnotes":""},"categories":[3],"tags":[],"class_list":["post-1715","post","type-post","status-publish","format-standard","has-post-thumbnail","hentry","category-reportage"],"acf":[],"yoast_head":"<!-- This site is optimized with the Yoast SEO plugin v27.4 - https:\/\/yoast.com\/product\/yoast-seo-wordpress\/ -->\n<title>Pionj\u00e4rer p\u00e5 uppdrag i Lettland - Reservofficeren<\/title>\n<meta name=\"robots\" content=\"index, follow, max-snippet:-1, max-image-preview:large, max-video-preview:-1\" \/>\n<link rel=\"canonical\" href=\"https:\/\/reservofficerarna.se\/reservofficeren\/reportage\/pionjarer-pa-uppdrag-i-lettland\/\" \/>\n<meta property=\"og:locale\" content=\"sv_SE\" \/>\n<meta property=\"og:type\" content=\"article\" \/>\n<meta property=\"og:title\" content=\"Pionj\u00e4rer p\u00e5 uppdrag i Lettland - Reservofficeren\" \/>\n<meta property=\"og:description\" content=\"Reservofficerare utg\u00f6r en viktig del av den f\u00f6rsta svenska Natostyrkan som sedan januari \u00e4r del av den multinationella brigaden i Lettland. RO\/Fk Truls \u00e4r inne p\u00e5 sin femte m\u00e5nad p\u00e5 milit\u00e4rbasen i Adazi utanf\u00f6r Riga. Klockan \u00e4r 06.30 p\u00e5 ett ganska morgonkyligt Camp Valdemar. I den l\u00e5nga gr\u00e5 barackkorridoren tr\u00e4ngs flipflops med k\u00e4ngor och f\u00e4rgglada &hellip;\" \/>\n<meta property=\"og:url\" content=\"https:\/\/reservofficerarna.se\/reservofficeren\/reportage\/pionjarer-pa-uppdrag-i-lettland\/\" \/>\n<meta property=\"og:site_name\" content=\"Reservofficeren\" \/>\n<meta property=\"article:published_time\" content=\"2025-07-10T07:00:00+00:00\" \/>\n<meta property=\"og:image\" content=\"https:\/\/reservofficerarna.se\/app\/uploads\/sites\/2\/2025\/06\/truls07.jpg\" \/>\n\t<meta property=\"og:image:width\" content=\"1920\" \/>\n\t<meta property=\"og:image:height\" content=\"1280\" \/>\n\t<meta property=\"og:image:type\" content=\"image\/jpeg\" \/>\n<meta name=\"author\" content=\"wpreservofficerarna\" \/>\n<meta name=\"twitter:card\" content=\"summary_large_image\" \/>\n<meta name=\"twitter:label1\" content=\"Skriven av\" \/>\n\t<meta name=\"twitter:data1\" content=\"wpreservofficerarna\" \/>\n\t<meta name=\"twitter:label2\" content=\"Ber\u00e4knad l\u00e4stid\" \/>\n\t<meta name=\"twitter:data2\" content=\"8 minuter\" \/>\n<script type=\"application\/ld+json\" class=\"yoast-schema-graph\">{\"@context\":\"https:\\\/\\\/schema.org\",\"@graph\":[{\"@type\":\"Article\",\"@id\":\"https:\\\/\\\/reservofficerarna.se\\\/reservofficeren\\\/reportage\\\/pionjarer-pa-uppdrag-i-lettland\\\/#article\",\"isPartOf\":{\"@id\":\"https:\\\/\\\/reservofficerarna.se\\\/reservofficeren\\\/reportage\\\/pionjarer-pa-uppdrag-i-lettland\\\/\"},\"author\":{\"name\":\"wpreservofficerarna\",\"@id\":\"https:\\\/\\\/staging.reservofficerarna.se\\\/reservofficeren\\\/#\\\/schema\\\/person\\\/d63322fe51ba95c7e32e60a60190148c\"},\"headline\":\"Pionj\u00e4rer p\u00e5 uppdrag i Lettland\",\"datePublished\":\"2025-07-10T07:00:00+00:00\",\"mainEntityOfPage\":{\"@id\":\"https:\\\/\\\/reservofficerarna.se\\\/reservofficeren\\\/reportage\\\/pionjarer-pa-uppdrag-i-lettland\\\/\"},\"wordCount\":1599,\"image\":{\"@id\":\"https:\\\/\\\/reservofficerarna.se\\\/reservofficeren\\\/reportage\\\/pionjarer-pa-uppdrag-i-lettland\\\/#primaryimage\"},\"thumbnailUrl\":\"https:\\\/\\\/reservofficerarna.se\\\/app\\\/uploads\\\/sites\\\/2\\\/2025\\\/06\\\/truls07.jpg\",\"articleSection\":[\"Reportage\"],\"inLanguage\":\"sv-SE\"},{\"@type\":\"WebPage\",\"@id\":\"https:\\\/\\\/reservofficerarna.se\\\/reservofficeren\\\/reportage\\\/pionjarer-pa-uppdrag-i-lettland\\\/\",\"url\":\"https:\\\/\\\/reservofficerarna.se\\\/reservofficeren\\\/reportage\\\/pionjarer-pa-uppdrag-i-lettland\\\/\",\"name\":\"Pionj\u00e4rer p\u00e5 uppdrag i Lettland - Reservofficeren\",\"isPartOf\":{\"@id\":\"https:\\\/\\\/staging.reservofficerarna.se\\\/reservofficeren\\\/#website\"},\"primaryImageOfPage\":{\"@id\":\"https:\\\/\\\/reservofficerarna.se\\\/reservofficeren\\\/reportage\\\/pionjarer-pa-uppdrag-i-lettland\\\/#primaryimage\"},\"image\":{\"@id\":\"https:\\\/\\\/reservofficerarna.se\\\/reservofficeren\\\/reportage\\\/pionjarer-pa-uppdrag-i-lettland\\\/#primaryimage\"},\"thumbnailUrl\":\"https:\\\/\\\/reservofficerarna.se\\\/app\\\/uploads\\\/sites\\\/2\\\/2025\\\/06\\\/truls07.jpg\",\"datePublished\":\"2025-07-10T07:00:00+00:00\",\"author\":{\"@id\":\"https:\\\/\\\/staging.reservofficerarna.se\\\/reservofficeren\\\/#\\\/schema\\\/person\\\/d63322fe51ba95c7e32e60a60190148c\"},\"breadcrumb\":{\"@id\":\"https:\\\/\\\/reservofficerarna.se\\\/reservofficeren\\\/reportage\\\/pionjarer-pa-uppdrag-i-lettland\\\/#breadcrumb\"},\"inLanguage\":\"sv-SE\",\"potentialAction\":[{\"@type\":\"ReadAction\",\"target\":[\"https:\\\/\\\/reservofficerarna.se\\\/reservofficeren\\\/reportage\\\/pionjarer-pa-uppdrag-i-lettland\\\/\"]}]},{\"@type\":\"ImageObject\",\"inLanguage\":\"sv-SE\",\"@id\":\"https:\\\/\\\/reservofficerarna.se\\\/reservofficeren\\\/reportage\\\/pionjarer-pa-uppdrag-i-lettland\\\/#primaryimage\",\"url\":\"https:\\\/\\\/reservofficerarna.se\\\/app\\\/uploads\\\/sites\\\/2\\\/2025\\\/06\\\/truls07.jpg\",\"contentUrl\":\"https:\\\/\\\/reservofficerarna.se\\\/app\\\/uploads\\\/sites\\\/2\\\/2025\\\/06\\\/truls07.jpg\",\"width\":1920,\"height\":1280,\"caption\":\"\u201dMycket g\u00e5r ut p\u00e5 att samverka med andra nationer\u201d, s\u00e4ger Truls om sitt uppdrag i Natostaben.\"},{\"@type\":\"BreadcrumbList\",\"@id\":\"https:\\\/\\\/reservofficerarna.se\\\/reservofficeren\\\/reportage\\\/pionjarer-pa-uppdrag-i-lettland\\\/#breadcrumb\",\"itemListElement\":[{\"@type\":\"ListItem\",\"position\":1,\"name\":\"Hem\",\"item\":\"https:\\\/\\\/reservofficerarna.se\\\/reservofficeren\\\/\"},{\"@type\":\"ListItem\",\"position\":2,\"name\":\"Pionj\u00e4rer p\u00e5 uppdrag i Lettland\"}]},{\"@type\":\"WebSite\",\"@id\":\"https:\\\/\\\/staging.reservofficerarna.se\\\/reservofficeren\\\/#website\",\"url\":\"https:\\\/\\\/staging.reservofficerarna.se\\\/reservofficeren\\\/\",\"name\":\"Reservofficeren\",\"description\":\"F\u00f6rbundet Reservofficerarnas tidning\",\"potentialAction\":[{\"@type\":\"SearchAction\",\"target\":{\"@type\":\"EntryPoint\",\"urlTemplate\":\"https:\\\/\\\/staging.reservofficerarna.se\\\/reservofficeren\\\/?s={search_term_string}\"},\"query-input\":{\"@type\":\"PropertyValueSpecification\",\"valueRequired\":true,\"valueName\":\"search_term_string\"}}],\"inLanguage\":\"sv-SE\"},{\"@type\":\"Person\",\"@id\":\"https:\\\/\\\/staging.reservofficerarna.se\\\/reservofficeren\\\/#\\\/schema\\\/person\\\/d63322fe51ba95c7e32e60a60190148c\",\"name\":\"wpreservofficerarna\",\"sameAs\":[\"https:\\\/\\\/reservofficerarna.se\\\/wp\"]}]}<\/script>\n<!-- \/ Yoast SEO plugin. -->","yoast_head_json":{"title":"Pionj\u00e4rer p\u00e5 uppdrag i Lettland - Reservofficeren","robots":{"index":"index","follow":"follow","max-snippet":"max-snippet:-1","max-image-preview":"max-image-preview:large","max-video-preview":"max-video-preview:-1"},"canonical":"https:\/\/reservofficerarna.se\/reservofficeren\/reportage\/pionjarer-pa-uppdrag-i-lettland\/","og_locale":"sv_SE","og_type":"article","og_title":"Pionj\u00e4rer p\u00e5 uppdrag i Lettland - Reservofficeren","og_description":"Reservofficerare utg\u00f6r en viktig del av den f\u00f6rsta svenska Natostyrkan som sedan januari \u00e4r del av den multinationella brigaden i Lettland. RO\/Fk Truls \u00e4r inne p\u00e5 sin femte m\u00e5nad p\u00e5 milit\u00e4rbasen i Adazi utanf\u00f6r Riga. Klockan \u00e4r 06.30 p\u00e5 ett ganska morgonkyligt Camp Valdemar. I den l\u00e5nga gr\u00e5 barackkorridoren tr\u00e4ngs flipflops med k\u00e4ngor och f\u00e4rgglada &hellip;","og_url":"https:\/\/reservofficerarna.se\/reservofficeren\/reportage\/pionjarer-pa-uppdrag-i-lettland\/","og_site_name":"Reservofficeren","article_published_time":"2025-07-10T07:00:00+00:00","og_image":[{"width":1920,"height":1280,"url":"https:\/\/reservofficerarna.se\/app\/uploads\/sites\/2\/2025\/06\/truls07.jpg","type":"image\/jpeg"}],"author":"wpreservofficerarna","twitter_card":"summary_large_image","twitter_misc":{"Skriven av":"wpreservofficerarna","Ber\u00e4knad l\u00e4stid":"8 minuter"},"schema":{"@context":"https:\/\/schema.org","@graph":[{"@type":"Article","@id":"https:\/\/reservofficerarna.se\/reservofficeren\/reportage\/pionjarer-pa-uppdrag-i-lettland\/#article","isPartOf":{"@id":"https:\/\/reservofficerarna.se\/reservofficeren\/reportage\/pionjarer-pa-uppdrag-i-lettland\/"},"author":{"name":"wpreservofficerarna","@id":"https:\/\/staging.reservofficerarna.se\/reservofficeren\/#\/schema\/person\/d63322fe51ba95c7e32e60a60190148c"},"headline":"Pionj\u00e4rer p\u00e5 uppdrag i Lettland","datePublished":"2025-07-10T07:00:00+00:00","mainEntityOfPage":{"@id":"https:\/\/reservofficerarna.se\/reservofficeren\/reportage\/pionjarer-pa-uppdrag-i-lettland\/"},"wordCount":1599,"image":{"@id":"https:\/\/reservofficerarna.se\/reservofficeren\/reportage\/pionjarer-pa-uppdrag-i-lettland\/#primaryimage"},"thumbnailUrl":"https:\/\/reservofficerarna.se\/app\/uploads\/sites\/2\/2025\/06\/truls07.jpg","articleSection":["Reportage"],"inLanguage":"sv-SE"},{"@type":"WebPage","@id":"https:\/\/reservofficerarna.se\/reservofficeren\/reportage\/pionjarer-pa-uppdrag-i-lettland\/","url":"https:\/\/reservofficerarna.se\/reservofficeren\/reportage\/pionjarer-pa-uppdrag-i-lettland\/","name":"Pionj\u00e4rer p\u00e5 uppdrag i Lettland - Reservofficeren","isPartOf":{"@id":"https:\/\/staging.reservofficerarna.se\/reservofficeren\/#website"},"primaryImageOfPage":{"@id":"https:\/\/reservofficerarna.se\/reservofficeren\/reportage\/pionjarer-pa-uppdrag-i-lettland\/#primaryimage"},"image":{"@id":"https:\/\/reservofficerarna.se\/reservofficeren\/reportage\/pionjarer-pa-uppdrag-i-lettland\/#primaryimage"},"thumbnailUrl":"https:\/\/reservofficerarna.se\/app\/uploads\/sites\/2\/2025\/06\/truls07.jpg","datePublished":"2025-07-10T07:00:00+00:00","author":{"@id":"https:\/\/staging.reservofficerarna.se\/reservofficeren\/#\/schema\/person\/d63322fe51ba95c7e32e60a60190148c"},"breadcrumb":{"@id":"https:\/\/reservofficerarna.se\/reservofficeren\/reportage\/pionjarer-pa-uppdrag-i-lettland\/#breadcrumb"},"inLanguage":"sv-SE","potentialAction":[{"@type":"ReadAction","target":["https:\/\/reservofficerarna.se\/reservofficeren\/reportage\/pionjarer-pa-uppdrag-i-lettland\/"]}]},{"@type":"ImageObject","inLanguage":"sv-SE","@id":"https:\/\/reservofficerarna.se\/reservofficeren\/reportage\/pionjarer-pa-uppdrag-i-lettland\/#primaryimage","url":"https:\/\/reservofficerarna.se\/app\/uploads\/sites\/2\/2025\/06\/truls07.jpg","contentUrl":"https:\/\/reservofficerarna.se\/app\/uploads\/sites\/2\/2025\/06\/truls07.jpg","width":1920,"height":1280,"caption":"\u201dMycket g\u00e5r ut p\u00e5 att samverka med andra nationer\u201d, s\u00e4ger Truls om sitt uppdrag i Natostaben."},{"@type":"BreadcrumbList","@id":"https:\/\/reservofficerarna.se\/reservofficeren\/reportage\/pionjarer-pa-uppdrag-i-lettland\/#breadcrumb","itemListElement":[{"@type":"ListItem","position":1,"name":"Hem","item":"https:\/\/reservofficerarna.se\/reservofficeren\/"},{"@type":"ListItem","position":2,"name":"Pionj\u00e4rer p\u00e5 uppdrag i Lettland"}]},{"@type":"WebSite","@id":"https:\/\/staging.reservofficerarna.se\/reservofficeren\/#website","url":"https:\/\/staging.reservofficerarna.se\/reservofficeren\/","name":"Reservofficeren","description":"F\u00f6rbundet Reservofficerarnas tidning","potentialAction":[{"@type":"SearchAction","target":{"@type":"EntryPoint","urlTemplate":"https:\/\/staging.reservofficerarna.se\/reservofficeren\/?s={search_term_string}"},"query-input":{"@type":"PropertyValueSpecification","valueRequired":true,"valueName":"search_term_string"}}],"inLanguage":"sv-SE"},{"@type":"Person","@id":"https:\/\/staging.reservofficerarna.se\/reservofficeren\/#\/schema\/person\/d63322fe51ba95c7e32e60a60190148c","name":"wpreservofficerarna","sameAs":["https:\/\/reservofficerarna.se\/wp"]}]}},"_links":{"self":[{"href":"https:\/\/reservofficerarna.se\/reservofficeren\/wp-json\/wp\/v2\/posts\/1715","targetHints":{"allow":["GET"]}}],"collection":[{"href":"https:\/\/reservofficerarna.se\/reservofficeren\/wp-json\/wp\/v2\/posts"}],"about":[{"href":"https:\/\/reservofficerarna.se\/reservofficeren\/wp-json\/wp\/v2\/types\/post"}],"author":[{"embeddable":true,"href":"https:\/\/reservofficerarna.se\/reservofficeren\/wp-json\/wp\/v2\/users\/1"}],"replies":[{"embeddable":true,"href":"https:\/\/reservofficerarna.se\/reservofficeren\/wp-json\/wp\/v2\/comments?post=1715"}],"version-history":[{"count":7,"href":"https:\/\/reservofficerarna.se\/reservofficeren\/wp-json\/wp\/v2\/posts\/1715\/revisions"}],"predecessor-version":[{"id":1724,"href":"https:\/\/reservofficerarna.se\/reservofficeren\/wp-json\/wp\/v2\/posts\/1715\/revisions\/1724"}],"wp:featuredmedia":[{"embeddable":true,"href":"https:\/\/reservofficerarna.se\/reservofficeren\/wp-json\/wp\/v2\/media\/1707"}],"wp:attachment":[{"href":"https:\/\/reservofficerarna.se\/reservofficeren\/wp-json\/wp\/v2\/media?parent=1715"}],"wp:term":[{"taxonomy":"category","embeddable":true,"href":"https:\/\/reservofficerarna.se\/reservofficeren\/wp-json\/wp\/v2\/categories?post=1715"},{"taxonomy":"post_tag","embeddable":true,"href":"https:\/\/reservofficerarna.se\/reservofficeren\/wp-json\/wp\/v2\/tags?post=1715"}],"curies":[{"name":"wp","href":"https:\/\/api.w.org\/{rel}","templated":true}]}}