{"id":180,"date":"2022-05-10T16:14:27","date_gmt":"2022-05-10T14:14:27","guid":{"rendered":"https:\/\/reservofficerarna.se\/reservofficeren\/?p=180"},"modified":"2022-05-10T16:14:28","modified_gmt":"2022-05-10T14:14:28","slug":"ny-linkedin-sida-vill-starka-forsvarsformagan","status":"publish","type":"post","link":"https:\/\/reservofficerarna.se\/reservofficeren\/nyheter\/ny-linkedin-sida-vill-starka-forsvarsformagan\/","title":{"rendered":"Ny LinkedIn-sida vill st\u00e4rka f\u00f6rsvarsf\u00f6rm\u00e5gan"},"content":{"rendered":"\n<h2 class=\"wp-block-heading\"><\/h2>\n\n\n\n<h3 class=\"wp-block-heading\">F\u00f6rsvarssektorn Nyheter \u00e4r t\u00e4nkt att ge enkel omv\u00e4rldsbevakning f\u00f6r den intresserade. Men det finns ocks\u00e5 en annan, indirekt ambition: Att g\u00f6ra Sverige farligare f\u00f6r fienden genom st\u00e4rkta varum\u00e4rken.<\/h3>\n\n\n\n<figure class=\"wp-block-image size-large\"><img loading=\"lazy\" decoding=\"async\" width=\"1600\" height=\"753\" src=\"https:\/\/reservofficerarna.se\/app\/uploads\/sites\/2\/2022\/05\/Namnlos-design-3-1600x753.png\" alt=\"\" class=\"wp-image-188\" srcset=\"https:\/\/reservofficerarna.se\/app\/uploads\/sites\/2\/2022\/05\/Namnlos-design-3-1600x753.png 1600w, https:\/\/reservofficerarna.se\/app\/uploads\/sites\/2\/2022\/05\/Namnlos-design-3-800x376.png 800w, https:\/\/reservofficerarna.se\/app\/uploads\/sites\/2\/2022\/05\/Namnlos-design-3-1536x723.png 1536w, https:\/\/reservofficerarna.se\/app\/uploads\/sites\/2\/2022\/05\/Namnlos-design-3-300x141.png 300w, https:\/\/reservofficerarna.se\/app\/uploads\/sites\/2\/2022\/05\/Namnlos-design-3.png 1700w\" sizes=\"auto, (max-width: 1600px) 100vw, 1600px\" \/><figcaption class=\"font-sans mt-2 text-sm md:text-base\">Elias Mibesj\u00f6, VD p\u00e5 Defence Position och skapare av F\u00f6rsvarssektorn Nyheter.<\/figcaption><\/figure>\n\n\n\n<p>F\u00f6rsvarssektorn Nyheter \u00e4r en ny och snabbt v\u00e4xande sida p\u00e5 LinkedIn som samlar nyheter och information fr\u00e5n f\u00f6retag, myndigheter, f\u00f6rbund och f\u00f6reningar inom f\u00f6rsvarssektorn. Sidan har inga redaktionella ambitioner, men \u00e4r t\u00e4nkt att utg\u00f6ra omv\u00e4rldsbevakning f\u00f6r den som enkelt vill h\u00e5lla sig \u00e0 jour med h\u00e4ndelser inom f\u00f6rsvarssektorn.<\/p>\n\n\n\n<p>\u2013&nbsp;Tanken \u00e4r att man ska f\u00e5 en snabb \u00f6verblick. Vi paketerar information fr\u00e5n f\u00f6retag och organisationer i ett filter som heter f\u00f6rsvarssektorn. Nu n\u00e4r tillv\u00e4xten \u00e4r stor, \u00e4r det m\u00e5nga civilanst\u00e4llda som kan ha nytta av l\u00e4ttillg\u00e4nglig omv\u00e4rldsbevakning, f\u00f6rklarar Elias Mibesj\u00f6, grundare till Defence Position, marknads- och rekryteringsf\u00f6retaget som ligger bakom sidan.<\/p>\n\n\n\n<p>Som VD f\u00f6r ett s\u00e5dant vill f\u00f6rst\u00e5s Elias Mibesj\u00f6 f\u00f6rknippas med seri\u00f6s omv\u00e4rldsbevakning. Men han har ocks\u00e5 ett annat engagemang: Att st\u00e4rka den svenska f\u00f6rsvarsf\u00f6rm\u00e5gan.<\/p>\n\n\n\n<p><strong>V\u00e4nta nu: Att sprida olika f\u00f6retags och organisationers pressmeddelanden och information p\u00e5 LinkedIn \u2013 p\u00e5 vilket s\u00e4tt st\u00e4rker det v\u00e5r f\u00f6rsvarsf\u00f6rm\u00e5ga?&nbsp;<\/strong><\/p>\n\n\n\n<p>Elias Mibesj\u00f6s tankar g\u00e5r s\u00e5h\u00e4r:<br>F\u00f6rsvaret och f\u00f6rsvarsf\u00f6rm\u00e5gan \u00e4r s\u00e5 mycket st\u00f6rre \u00e4n enbart myndigheten F\u00f6rsvarsmakten, och omfattar m\u00e5nga branscher och kompetenser. Men det \u00e4r inte sj\u00e4lvklart f\u00f6r alla, och genom att \u00f6ka medvetenheten om det \u00f6kar ocks\u00e5 m\u00f6jligheten att rekrytera kompetent arbetskraft till f\u00f6rsvarssektorn.&nbsp;<\/p>\n\n\n\n<p>Den som jobbar med IT kanske i f\u00f6rsta hand uppfattar sig jobba inom tech och inte funderar p\u00e5 att s\u00f6ka sig d\u00e4rifr\u00e5n. Men f\u00f6rsvarssektorn best\u00e5r ju av m\u00e4ngder av branscher, s\u00e4ger Elias Mibesj\u00f6, som j\u00e4mf\u00f6r sektorn \u201df\u00f6rsvaret\u201d med sektorn \u201dv\u00e5rden\u201d.<\/p>\n\n\n\n<p>\u2013 Att \u201djobba inom v\u00e5rden\u201d kan ju omfatta m\u00e4ngder av olika jobb: Du kan vara l\u00e4kare, eller sitta i receptionen, eller administrativ chef, eller tillreda maten\u2026 Och alla jobbar p\u00e5 n\u00e5got s\u00e4tt inom \u201dv\u00e5rden\u201d. Jag jobbar i allra h\u00f6gsta grad inom \u201df\u00f6rsvaret\u201d, \u00e4ven om jag inte \u00e4r soldat i F\u00f6rsvarsmakten l\u00e4ngre. \u201dF\u00f6rsvaret\u201d \u00e4r s\u00e5 mycket st\u00f6rre \u00e4n F\u00f6rsvarsmakten, resonerar Elias Mibesj\u00f6, som bland annat arbetar med rekrytering inom f\u00f6rsvarssektorn.<\/p>\n\n\n\n<p>F\u00f6rsvarssektorn Nyheter ska allts\u00e5 f\u00e5 eftertraktad kompetens att f\u00e5 upp \u00f6gonen f\u00f6r hela sektorn, inte enbart den egna branschen. Och, indirekt, verka f\u00f6r att st\u00e4rka varum\u00e4rken inom f\u00f6rsvarssektorn.<\/p>\n\n\n\n<p>Att bankers etiska fonder s\u00e4ger nej till f\u00f6retag handlar med vapen \u00e4r sj\u00e4lvklart f\u00f6r m\u00e5nga. Men man kan inte dra alla f\u00f6retag \u00f6ver en kam: Det \u00e4r skillnad mellan den som skrupelfritt s\u00e4ljer kalashnikovs till m\u00f6rka krafter i diktaturer \u2013 och den som importerar Sig Sauers till den svenska polisen, forts\u00e4tter Elias Mibesj\u00f6:<\/p>\n\n\n\n<p>\u2013&nbsp;Men varum\u00e4rket f\u00f6rsvarssektorn \u00e4r svagt. Om varum\u00e4rkena inom f\u00f6rsvarssektorn inte \u00e4r tillr\u00e4ckligt starka och kan motivera sin egen existens p\u00e5 ett tydligt s\u00e4tt, kommer de inte att kunna attrahera och rekrytera tillr\u00e4cklig personal med r\u00e4tt kompetens, och d\u00e5 f\u00e5r vi i f\u00f6rl\u00e4ngningen s\u00e4mre f\u00f6rsvarsf\u00f6rm\u00e5ga. Starka varum\u00e4rken kan visa att man g\u00f6r bra saker. De som verkar inom f\u00f6rsvarssektorn p\u00e5 r\u00e4tt s\u00e4tt, och g\u00f6r oss farliga f\u00f6r fienden, skapar ett s\u00e4krare samh\u00e4lle. Det \u00e4r ocks\u00e5 h\u00e5llbarhet.<\/p>\n\n\n\n<p>Jenny Harlin<\/p>\n","protected":false},"excerpt":{"rendered":"<p>F\u00f6rsvarssektorn Nyheter \u00e4r t\u00e4nkt att ge enkel omv\u00e4rldsbevakning f\u00f6r den intresserade. Men det finns ocks\u00e5 en annan, indirekt ambition: Att g\u00f6ra Sverige farligare f\u00f6r fienden genom st\u00e4rkta varum\u00e4rken. F\u00f6rsvarssektorn Nyheter \u00e4r en ny och snabbt v\u00e4xande sida p\u00e5 LinkedIn som samlar nyheter och information fr\u00e5n f\u00f6retag, myndigheter, f\u00f6rbund och f\u00f6reningar inom f\u00f6rsvarssektorn. Sidan har inga &hellip;<\/p>\n","protected":false},"author":5,"featured_media":0,"comment_status":"closed","ping_status":"closed","sticky":false,"template":"","format":"standard","meta":{"_acf_changed":false,"footnotes":""},"categories":[1],"tags":[],"class_list":["post-180","post","type-post","status-publish","format-standard","hentry","category-nyheter"],"acf":[],"yoast_head":"<!-- This site is optimized with the Yoast SEO plugin v27.4 - https:\/\/yoast.com\/product\/yoast-seo-wordpress\/ -->\n<title>Ny LinkedIn-sida vill st\u00e4rka f\u00f6rsvarsf\u00f6rm\u00e5gan - Reservofficeren<\/title>\n<meta name=\"robots\" content=\"index, follow, max-snippet:-1, max-image-preview:large, max-video-preview:-1\" \/>\n<link rel=\"canonical\" href=\"https:\/\/reservofficerarna.se\/reservofficeren\/nyheter\/ny-linkedin-sida-vill-starka-forsvarsformagan\/\" \/>\n<meta property=\"og:locale\" content=\"sv_SE\" \/>\n<meta property=\"og:type\" content=\"article\" \/>\n<meta property=\"og:title\" content=\"Ny LinkedIn-sida vill st\u00e4rka f\u00f6rsvarsf\u00f6rm\u00e5gan - Reservofficeren\" \/>\n<meta property=\"og:description\" content=\"F\u00f6rsvarssektorn Nyheter \u00e4r t\u00e4nkt att ge enkel omv\u00e4rldsbevakning f\u00f6r den intresserade. Men det finns ocks\u00e5 en annan, indirekt ambition: Att g\u00f6ra Sverige farligare f\u00f6r fienden genom st\u00e4rkta varum\u00e4rken. F\u00f6rsvarssektorn Nyheter \u00e4r en ny och snabbt v\u00e4xande sida p\u00e5 LinkedIn som samlar nyheter och information fr\u00e5n f\u00f6retag, myndigheter, f\u00f6rbund och f\u00f6reningar inom f\u00f6rsvarssektorn. Sidan har inga &hellip;\" \/>\n<meta property=\"og:url\" content=\"https:\/\/reservofficerarna.se\/reservofficeren\/nyheter\/ny-linkedin-sida-vill-starka-forsvarsformagan\/\" \/>\n<meta property=\"og:site_name\" content=\"Reservofficeren\" \/>\n<meta property=\"article:published_time\" content=\"2022-05-10T14:14:27+00:00\" \/>\n<meta property=\"article:modified_time\" content=\"2022-05-10T14:14:28+00:00\" \/>\n<meta property=\"og:image\" content=\"https:\/\/reservofficerarna.se\/app\/uploads\/sites\/2\/2022\/05\/Namnlos-design-3-1600x753.png\" \/>\n<meta name=\"author\" content=\"jenny\" \/>\n<meta name=\"twitter:card\" content=\"summary_large_image\" \/>\n<meta name=\"twitter:label1\" content=\"Skriven av\" \/>\n\t<meta name=\"twitter:data1\" content=\"jenny\" \/>\n\t<meta name=\"twitter:label2\" content=\"Ber\u00e4knad l\u00e4stid\" \/>\n\t<meta name=\"twitter:data2\" content=\"3 minuter\" \/>\n<script type=\"application\/ld+json\" class=\"yoast-schema-graph\">{\"@context\":\"https:\\\/\\\/schema.org\",\"@graph\":[{\"@type\":\"Article\",\"@id\":\"https:\\\/\\\/reservofficerarna.se\\\/reservofficeren\\\/nyheter\\\/ny-linkedin-sida-vill-starka-forsvarsformagan\\\/#article\",\"isPartOf\":{\"@id\":\"https:\\\/\\\/reservofficerarna.se\\\/reservofficeren\\\/nyheter\\\/ny-linkedin-sida-vill-starka-forsvarsformagan\\\/\"},\"author\":{\"name\":\"jenny\",\"@id\":\"https:\\\/\\\/staging.reservofficerarna.se\\\/reservofficeren\\\/#\\\/schema\\\/person\\\/3d832d539616c18c4c43c4dd694d55f0\"},\"headline\":\"Ny LinkedIn-sida vill st\u00e4rka f\u00f6rsvarsf\u00f6rm\u00e5gan\",\"datePublished\":\"2022-05-10T14:14:27+00:00\",\"dateModified\":\"2022-05-10T14:14:28+00:00\",\"mainEntityOfPage\":{\"@id\":\"https:\\\/\\\/reservofficerarna.se\\\/reservofficeren\\\/nyheter\\\/ny-linkedin-sida-vill-starka-forsvarsformagan\\\/\"},\"wordCount\":641,\"image\":{\"@id\":\"https:\\\/\\\/reservofficerarna.se\\\/reservofficeren\\\/nyheter\\\/ny-linkedin-sida-vill-starka-forsvarsformagan\\\/#primaryimage\"},\"thumbnailUrl\":\"https:\\\/\\\/reservofficerarna.se\\\/app\\\/uploads\\\/sites\\\/2\\\/2022\\\/05\\\/Namnlos-design-3-1600x753.png\",\"articleSection\":[\"Nyheter\"],\"inLanguage\":\"sv-SE\"},{\"@type\":\"WebPage\",\"@id\":\"https:\\\/\\\/reservofficerarna.se\\\/reservofficeren\\\/nyheter\\\/ny-linkedin-sida-vill-starka-forsvarsformagan\\\/\",\"url\":\"https:\\\/\\\/reservofficerarna.se\\\/reservofficeren\\\/nyheter\\\/ny-linkedin-sida-vill-starka-forsvarsformagan\\\/\",\"name\":\"Ny LinkedIn-sida vill st\u00e4rka f\u00f6rsvarsf\u00f6rm\u00e5gan - Reservofficeren\",\"isPartOf\":{\"@id\":\"https:\\\/\\\/staging.reservofficerarna.se\\\/reservofficeren\\\/#website\"},\"primaryImageOfPage\":{\"@id\":\"https:\\\/\\\/reservofficerarna.se\\\/reservofficeren\\\/nyheter\\\/ny-linkedin-sida-vill-starka-forsvarsformagan\\\/#primaryimage\"},\"image\":{\"@id\":\"https:\\\/\\\/reservofficerarna.se\\\/reservofficeren\\\/nyheter\\\/ny-linkedin-sida-vill-starka-forsvarsformagan\\\/#primaryimage\"},\"thumbnailUrl\":\"https:\\\/\\\/reservofficerarna.se\\\/app\\\/uploads\\\/sites\\\/2\\\/2022\\\/05\\\/Namnlos-design-3-1600x753.png\",\"datePublished\":\"2022-05-10T14:14:27+00:00\",\"dateModified\":\"2022-05-10T14:14:28+00:00\",\"author\":{\"@id\":\"https:\\\/\\\/staging.reservofficerarna.se\\\/reservofficeren\\\/#\\\/schema\\\/person\\\/3d832d539616c18c4c43c4dd694d55f0\"},\"breadcrumb\":{\"@id\":\"https:\\\/\\\/reservofficerarna.se\\\/reservofficeren\\\/nyheter\\\/ny-linkedin-sida-vill-starka-forsvarsformagan\\\/#breadcrumb\"},\"inLanguage\":\"sv-SE\",\"potentialAction\":[{\"@type\":\"ReadAction\",\"target\":[\"https:\\\/\\\/reservofficerarna.se\\\/reservofficeren\\\/nyheter\\\/ny-linkedin-sida-vill-starka-forsvarsformagan\\\/\"]}]},{\"@type\":\"ImageObject\",\"inLanguage\":\"sv-SE\",\"@id\":\"https:\\\/\\\/reservofficerarna.se\\\/reservofficeren\\\/nyheter\\\/ny-linkedin-sida-vill-starka-forsvarsformagan\\\/#primaryimage\",\"url\":\"https:\\\/\\\/reservofficerarna.se\\\/app\\\/uploads\\\/sites\\\/2\\\/2022\\\/05\\\/Namnlos-design-3-1600x753.png\",\"contentUrl\":\"https:\\\/\\\/reservofficerarna.se\\\/app\\\/uploads\\\/sites\\\/2\\\/2022\\\/05\\\/Namnlos-design-3-1600x753.png\"},{\"@type\":\"BreadcrumbList\",\"@id\":\"https:\\\/\\\/reservofficerarna.se\\\/reservofficeren\\\/nyheter\\\/ny-linkedin-sida-vill-starka-forsvarsformagan\\\/#breadcrumb\",\"itemListElement\":[{\"@type\":\"ListItem\",\"position\":1,\"name\":\"Hem\",\"item\":\"https:\\\/\\\/reservofficerarna.se\\\/reservofficeren\\\/\"},{\"@type\":\"ListItem\",\"position\":2,\"name\":\"Ny LinkedIn-sida vill st\u00e4rka f\u00f6rsvarsf\u00f6rm\u00e5gan\"}]},{\"@type\":\"WebSite\",\"@id\":\"https:\\\/\\\/staging.reservofficerarna.se\\\/reservofficeren\\\/#website\",\"url\":\"https:\\\/\\\/staging.reservofficerarna.se\\\/reservofficeren\\\/\",\"name\":\"Reservofficeren\",\"description\":\"F\u00f6rbundet Reservofficerarnas tidning\",\"potentialAction\":[{\"@type\":\"SearchAction\",\"target\":{\"@type\":\"EntryPoint\",\"urlTemplate\":\"https:\\\/\\\/staging.reservofficerarna.se\\\/reservofficeren\\\/?s={search_term_string}\"},\"query-input\":{\"@type\":\"PropertyValueSpecification\",\"valueRequired\":true,\"valueName\":\"search_term_string\"}}],\"inLanguage\":\"sv-SE\"},{\"@type\":\"Person\",\"@id\":\"https:\\\/\\\/staging.reservofficerarna.se\\\/reservofficeren\\\/#\\\/schema\\\/person\\\/3d832d539616c18c4c43c4dd694d55f0\",\"name\":\"jenny\"}]}<\/script>\n<!-- \/ Yoast SEO plugin. -->","yoast_head_json":{"title":"Ny LinkedIn-sida vill st\u00e4rka f\u00f6rsvarsf\u00f6rm\u00e5gan - Reservofficeren","robots":{"index":"index","follow":"follow","max-snippet":"max-snippet:-1","max-image-preview":"max-image-preview:large","max-video-preview":"max-video-preview:-1"},"canonical":"https:\/\/reservofficerarna.se\/reservofficeren\/nyheter\/ny-linkedin-sida-vill-starka-forsvarsformagan\/","og_locale":"sv_SE","og_type":"article","og_title":"Ny LinkedIn-sida vill st\u00e4rka f\u00f6rsvarsf\u00f6rm\u00e5gan - Reservofficeren","og_description":"F\u00f6rsvarssektorn Nyheter \u00e4r t\u00e4nkt att ge enkel omv\u00e4rldsbevakning f\u00f6r den intresserade. Men det finns ocks\u00e5 en annan, indirekt ambition: Att g\u00f6ra Sverige farligare f\u00f6r fienden genom st\u00e4rkta varum\u00e4rken. F\u00f6rsvarssektorn Nyheter \u00e4r en ny och snabbt v\u00e4xande sida p\u00e5 LinkedIn som samlar nyheter och information fr\u00e5n f\u00f6retag, myndigheter, f\u00f6rbund och f\u00f6reningar inom f\u00f6rsvarssektorn. Sidan har inga &hellip;","og_url":"https:\/\/reservofficerarna.se\/reservofficeren\/nyheter\/ny-linkedin-sida-vill-starka-forsvarsformagan\/","og_site_name":"Reservofficeren","article_published_time":"2022-05-10T14:14:27+00:00","article_modified_time":"2022-05-10T14:14:28+00:00","og_image":[{"url":"https:\/\/reservofficerarna.se\/app\/uploads\/sites\/2\/2022\/05\/Namnlos-design-3-1600x753.png","type":"","width":"","height":""}],"author":"jenny","twitter_card":"summary_large_image","twitter_misc":{"Skriven av":"jenny","Ber\u00e4knad l\u00e4stid":"3 minuter"},"schema":{"@context":"https:\/\/schema.org","@graph":[{"@type":"Article","@id":"https:\/\/reservofficerarna.se\/reservofficeren\/nyheter\/ny-linkedin-sida-vill-starka-forsvarsformagan\/#article","isPartOf":{"@id":"https:\/\/reservofficerarna.se\/reservofficeren\/nyheter\/ny-linkedin-sida-vill-starka-forsvarsformagan\/"},"author":{"name":"jenny","@id":"https:\/\/staging.reservofficerarna.se\/reservofficeren\/#\/schema\/person\/3d832d539616c18c4c43c4dd694d55f0"},"headline":"Ny LinkedIn-sida vill st\u00e4rka f\u00f6rsvarsf\u00f6rm\u00e5gan","datePublished":"2022-05-10T14:14:27+00:00","dateModified":"2022-05-10T14:14:28+00:00","mainEntityOfPage":{"@id":"https:\/\/reservofficerarna.se\/reservofficeren\/nyheter\/ny-linkedin-sida-vill-starka-forsvarsformagan\/"},"wordCount":641,"image":{"@id":"https:\/\/reservofficerarna.se\/reservofficeren\/nyheter\/ny-linkedin-sida-vill-starka-forsvarsformagan\/#primaryimage"},"thumbnailUrl":"https:\/\/reservofficerarna.se\/app\/uploads\/sites\/2\/2022\/05\/Namnlos-design-3-1600x753.png","articleSection":["Nyheter"],"inLanguage":"sv-SE"},{"@type":"WebPage","@id":"https:\/\/reservofficerarna.se\/reservofficeren\/nyheter\/ny-linkedin-sida-vill-starka-forsvarsformagan\/","url":"https:\/\/reservofficerarna.se\/reservofficeren\/nyheter\/ny-linkedin-sida-vill-starka-forsvarsformagan\/","name":"Ny LinkedIn-sida vill st\u00e4rka f\u00f6rsvarsf\u00f6rm\u00e5gan - Reservofficeren","isPartOf":{"@id":"https:\/\/staging.reservofficerarna.se\/reservofficeren\/#website"},"primaryImageOfPage":{"@id":"https:\/\/reservofficerarna.se\/reservofficeren\/nyheter\/ny-linkedin-sida-vill-starka-forsvarsformagan\/#primaryimage"},"image":{"@id":"https:\/\/reservofficerarna.se\/reservofficeren\/nyheter\/ny-linkedin-sida-vill-starka-forsvarsformagan\/#primaryimage"},"thumbnailUrl":"https:\/\/reservofficerarna.se\/app\/uploads\/sites\/2\/2022\/05\/Namnlos-design-3-1600x753.png","datePublished":"2022-05-10T14:14:27+00:00","dateModified":"2022-05-10T14:14:28+00:00","author":{"@id":"https:\/\/staging.reservofficerarna.se\/reservofficeren\/#\/schema\/person\/3d832d539616c18c4c43c4dd694d55f0"},"breadcrumb":{"@id":"https:\/\/reservofficerarna.se\/reservofficeren\/nyheter\/ny-linkedin-sida-vill-starka-forsvarsformagan\/#breadcrumb"},"inLanguage":"sv-SE","potentialAction":[{"@type":"ReadAction","target":["https:\/\/reservofficerarna.se\/reservofficeren\/nyheter\/ny-linkedin-sida-vill-starka-forsvarsformagan\/"]}]},{"@type":"ImageObject","inLanguage":"sv-SE","@id":"https:\/\/reservofficerarna.se\/reservofficeren\/nyheter\/ny-linkedin-sida-vill-starka-forsvarsformagan\/#primaryimage","url":"https:\/\/reservofficerarna.se\/app\/uploads\/sites\/2\/2022\/05\/Namnlos-design-3-1600x753.png","contentUrl":"https:\/\/reservofficerarna.se\/app\/uploads\/sites\/2\/2022\/05\/Namnlos-design-3-1600x753.png"},{"@type":"BreadcrumbList","@id":"https:\/\/reservofficerarna.se\/reservofficeren\/nyheter\/ny-linkedin-sida-vill-starka-forsvarsformagan\/#breadcrumb","itemListElement":[{"@type":"ListItem","position":1,"name":"Hem","item":"https:\/\/reservofficerarna.se\/reservofficeren\/"},{"@type":"ListItem","position":2,"name":"Ny LinkedIn-sida vill st\u00e4rka f\u00f6rsvarsf\u00f6rm\u00e5gan"}]},{"@type":"WebSite","@id":"https:\/\/staging.reservofficerarna.se\/reservofficeren\/#website","url":"https:\/\/staging.reservofficerarna.se\/reservofficeren\/","name":"Reservofficeren","description":"F\u00f6rbundet Reservofficerarnas tidning","potentialAction":[{"@type":"SearchAction","target":{"@type":"EntryPoint","urlTemplate":"https:\/\/staging.reservofficerarna.se\/reservofficeren\/?s={search_term_string}"},"query-input":{"@type":"PropertyValueSpecification","valueRequired":true,"valueName":"search_term_string"}}],"inLanguage":"sv-SE"},{"@type":"Person","@id":"https:\/\/staging.reservofficerarna.se\/reservofficeren\/#\/schema\/person\/3d832d539616c18c4c43c4dd694d55f0","name":"jenny"}]}},"_links":{"self":[{"href":"https:\/\/reservofficerarna.se\/reservofficeren\/wp-json\/wp\/v2\/posts\/180","targetHints":{"allow":["GET"]}}],"collection":[{"href":"https:\/\/reservofficerarna.se\/reservofficeren\/wp-json\/wp\/v2\/posts"}],"about":[{"href":"https:\/\/reservofficerarna.se\/reservofficeren\/wp-json\/wp\/v2\/types\/post"}],"author":[{"embeddable":true,"href":"https:\/\/reservofficerarna.se\/reservofficeren\/wp-json\/wp\/v2\/users\/5"}],"replies":[{"embeddable":true,"href":"https:\/\/reservofficerarna.se\/reservofficeren\/wp-json\/wp\/v2\/comments?post=180"}],"version-history":[{"count":3,"href":"https:\/\/reservofficerarna.se\/reservofficeren\/wp-json\/wp\/v2\/posts\/180\/revisions"}],"predecessor-version":[{"id":189,"href":"https:\/\/reservofficerarna.se\/reservofficeren\/wp-json\/wp\/v2\/posts\/180\/revisions\/189"}],"wp:attachment":[{"href":"https:\/\/reservofficerarna.se\/reservofficeren\/wp-json\/wp\/v2\/media?parent=180"}],"wp:term":[{"taxonomy":"category","embeddable":true,"href":"https:\/\/reservofficerarna.se\/reservofficeren\/wp-json\/wp\/v2\/categories?post=180"},{"taxonomy":"post_tag","embeddable":true,"href":"https:\/\/reservofficerarna.se\/reservofficeren\/wp-json\/wp\/v2\/tags?post=180"}],"curies":[{"name":"wp","href":"https:\/\/api.w.org\/{rel}","templated":true}]}}