{"id":1810,"date":"2025-11-10T08:00:00","date_gmt":"2025-11-10T07:00:00","guid":{"rendered":"https:\/\/reservofficerarna.se\/reservofficeren\/?p=1810"},"modified":"2025-11-05T12:53:59","modified_gmt":"2025-11-05T11:53:59","slug":"full-loneutfyllnad-for-reservare-i-arets-avtal","status":"publish","type":"post","link":"https:\/\/reservofficerarna.se\/reservofficeren\/nyheter\/full-loneutfyllnad-for-reservare-i-arets-avtal\/","title":{"rendered":"Full l\u00f6neutfyllnad f\u00f6r reserv\u00adare i \u00e5rets avtal"},"content":{"rendered":"\n<p class=\"has-lead-text-font-size\">\u00c5rets avtalsr\u00f6relse f\u00f6r staten \u00e4r nu avslutad. En av de viktigaste framg\u00e5ngarna \u00e4r att reservofficerare med civil statlig anst\u00e4llning ska f\u00e5 full l\u00f6neutfyllnad n\u00e4r de tj\u00e4nstg\u00f6r i F\u00f6rsvarsmakten.<\/p>\n\n\n<div class=\"wp-block-image\">\n<figure class=\"portrait alignleft size-large is-resized\"><img loading=\"lazy\" decoding=\"async\" width=\"595\" height=\"900\" src=\"https:\/\/reservofficerarna.se\/app\/uploads\/sites\/2\/2024\/10\/konradsson-allvarlig-595x900.jpg\" alt=\"\" class=\"wp-image-1350\" style=\"aspect-ratio:0.6611111111111111;width:210px;height:auto\" srcset=\"https:\/\/reservofficerarna.se\/app\/uploads\/sites\/2\/2024\/10\/konradsson-allvarlig-595x900.jpg 595w, https:\/\/reservofficerarna.se\/app\/uploads\/sites\/2\/2024\/10\/konradsson-allvarlig-397x600.jpg 397w, https:\/\/reservofficerarna.se\/app\/uploads\/sites\/2\/2024\/10\/konradsson-allvarlig-800x1211.jpg 800w, https:\/\/reservofficerarna.se\/app\/uploads\/sites\/2\/2024\/10\/konradsson-allvarlig-1015x1536.jpg 1015w, https:\/\/reservofficerarna.se\/app\/uploads\/sites\/2\/2024\/10\/konradsson-allvarlig-300x454.jpg 300w, https:\/\/reservofficerarna.se\/app\/uploads\/sites\/2\/2024\/10\/konradsson-allvarlig.jpg 1284w\" sizes=\"auto, (max-width: 595px) 100vw, 595px\" \/><figcaption class=\"font-sans mt-2 text-sm md:text-base\" class=\"wp-element-caption\">Magnus Konradsson, ordf\u00f6rande f\u00f6r F\u00f6rbundet Reservofficerarna.<\/figcaption><\/figure>\n<\/div>\n\n\n<p>\u2013 Mycket v\u00e4lkommet. Den h\u00e4r fr\u00e5gan har vi k\u00e4mpat f\u00f6r l\u00e4nge, s\u00e4ger Magnus Konradsson, ordf\u00f6rande f\u00f6r F\u00f6rbundet Reservofficerarna.<\/p>\n\n\n\n<p>Avtalsr\u00f6relsen f\u00f6r villkor inom staten avslutades den sista september. Fr\u00e5n F\u00f6rbundet Reservofficerarnas perspektiv har den levererat v\u00e4l \u2013 s\u00e4rskilt p\u00e5 en punkt. De som har en civil statlig anst\u00e4llning har fr\u00e5n och med den 1 januari 2026 r\u00e4tt till 100 procent l\u00f6neutfyllnad f\u00f6r 25 dagars tj\u00e4nstg\u00f6ring i krigsbefattning per \u00e5r.<\/p>\n\n\n\n<p>\u2013 Det \u00e4r j\u00e4ttebra att vi har hittat en l\u00f6sning p\u00e5 ett mycket aktuellt problem. Det kommer att ge reserv\u00adofficerare st\u00f6rre m\u00f6jlighet att \u00f6va och tr\u00e4na. Det \u00e4r ocks\u00e5 bra att staten tar ledartr\u00f6jan n\u00e4r det handlar om f\u00f6rsvarsf\u00f6rm\u00e5gan, s\u00e4ger Edvin Dribe, ombudsman som representerade F\u00f6rbundet Reservofficerarna under f\u00f6rhandlingarna.<\/p>\n\n\n\n<p>Tidigare utgick l\u00f6nef\u00f6rst\u00e4rkning om 20 procent. Det innebar att den som var ledig fr\u00e5n ett civilt jobb i staten f\u00f6r att tj\u00e4nstg\u00f6ra som reserv\u00adofficer fick beh\u00e5lla 20 procent av den civila l\u00f6nen under ledigheten \u2013 oberoende om n\u00e5gon l\u00f6ne\u00adf\u00f6rlust gjordes eller hur stor den var.<\/p>\n\n\n\n<p>\u2013 F\u00f6r de flesta var detta en blygsam lindring och f\u00f6r vissa var det n\u00e4stan omotiverat f\u00f6rm\u00e5nligt, s\u00e4ger Edvin Dribe.<\/p>\n\n\n\n<p>Den nya modellen b\u00f6rjar g\u00e4lla den 1 januari 2026 och utg\u00e5r fr\u00e5n l\u00f6neutfyllnad om 100 procent. Det inneb\u00e4r att den som \u00e4r ledig fr\u00e5n ett civilt jobb i staten f\u00f6r att tj\u00e4nstg\u00f6ra som reservofficer blir ersatt f\u00f6r hela mellanskillnaden mellan civil grundl\u00f6n och milit\u00e4r grundl\u00f6n f\u00f6r upp till 25 dagar per \u00e5r. Precis som tidigare g\u00e4ller r\u00e4tten till l\u00f6neutfyllnad f\u00f6r tj\u00e4nstg\u00f6ring i krigsbefattning som planerats i en tj\u00e4nstg\u00f6ringsplan.<\/p>\n\n\n\n<p>De statliga avtalen \u2013 RALS och Villkorsavtalet \u2013 gick ut den 30 september 2025. Fram till dess p\u00e5gick intensiva f\u00f6rhandlingar mellan arbetstagarorganisationerna och Arbetsgivarverket f\u00f6r att f\u00e5 till st\u00e5nd nya avtal. Mycket \u00e4r detsamma \u00e4ven efter en avtalsr\u00f6relse, men inf\u00f6r att avtalen g\u00e5r ut har alltid parterna saker de vill f\u00f6r\u00e4ndra \u2013 yrkanden.<\/p>\n\n\n<div class=\"wp-block-image\">\n<figure class=\"alignleft size-large is-resized\"><img loading=\"lazy\" decoding=\"async\" width=\"600\" height=\"900\" src=\"https:\/\/reservofficerarna.se\/app\/uploads\/sites\/2\/2025\/04\/edvin-dribe-600x900.jpg\" alt=\"\" class=\"wp-image-1557\" style=\"aspect-ratio:0.6666666666666666;width:208px;height:auto\" srcset=\"https:\/\/reservofficerarna.se\/app\/uploads\/sites\/2\/2025\/04\/edvin-dribe-600x900.jpg 600w, https:\/\/reservofficerarna.se\/app\/uploads\/sites\/2\/2025\/04\/edvin-dribe-400x600.jpg 400w, https:\/\/reservofficerarna.se\/app\/uploads\/sites\/2\/2025\/04\/edvin-dribe-300x450.jpg 300w, https:\/\/reservofficerarna.se\/app\/uploads\/sites\/2\/2025\/04\/edvin-dribe.jpg 614w\" sizes=\"auto, (max-width: 600px) 100vw, 600px\" \/><figcaption class=\"font-sans mt-2 text-sm md:text-base\" class=\"wp-element-caption\">Edvin Dribe, ombudsman.<\/figcaption><\/figure>\n<\/div>\n\n\n<p>\u2013 Vi har f\u00f6rst och fr\u00e4mst kr\u00e4vt l\u00f6ne\u00f6kningar i paritet med m\u00e4rket, men i \u00e5r har vi \u00e4ven drivit p\u00e5 h\u00e5rt f\u00f6r att statlig sektor ska ge l\u00f6neutfyllnad \u00e5t de som jobbar som reservofficerare vid sidan om sitt civila jobb i staten. Efter idogt arbete har det nu blivit verklighet, s\u00e4ger Edvin Dribe.<\/p>\n\n\n\n<p>N\u00e4sta steg \u00e4r att parterna ska sluta ett lokalt kollektivavtal om l\u00f6nerevision p\u00e5 myndighetsniv\u00e5. Exakt n\u00e4r det \u00e4r f\u00e4rdigt \u00e4r sv\u00e5rt att s\u00e4ga i dagsl\u00e4get. S\u00e5 snart de myndighetsgemensamma f\u00f6rhandlingarna \u00e4r klara p\u00e5b\u00f6rjas det praktiska l\u00f6nerevisionsarbetet p\u00e5 f\u00f6rbandsniv\u00e5.<\/p>\n\n\n\n<p>F\u00f6r reservofficerare som tj\u00e4nstg\u00f6r i RO1, allts\u00e5 i krigsbefattningen, r\u00e4knas l\u00f6nen normalt sett upp med det s\u00e5 kallade oenighetsv\u00e4rdet, vilket f\u00f6r 2025 \u00e4r 3,4 procent och f\u00f6r n\u00e4sta \u00e5r \u00e4r 2,9 procent. (Under 2026 \u00f6kar pensionsavs\u00e4ttningarna med motsvarande 0,2 procents l\u00f6ne\u00f6kningar, varav 0,1 procent finansieras genom l\u00f6neavst\u00e5ende).<\/p>\n\n\n\n<p><strong>ORDLISTA<\/strong><\/p>\n\n\n\n<ul class=\"wp-block-list\">\n<li><strong>M\u00e4rket:<\/strong> Industriavtalets l\u00f6ne\u00f6kningstakt. Industrin s\u00e4tter m\u00e4rket, vilket historiskt har respekterats som norm av \u00f6vriga arbetsmarknaden.<\/li>\n\n\n\n<li><strong>L\u00f6neutfyllnad:<\/strong> Ers\u00e4ttning f\u00f6r att tillf\u00e4lligt jobba p\u00e5 ett annat jobb med l\u00e4gre l\u00f6n. Eftersom m\u00e5nga reservofficerare har mycket l\u00e4gre l\u00f6n i F\u00f6rsvarsmakten \u00e4n p\u00e5 sitt civila jobb \u00e4r l\u00f6nebortfallet ett hinder f\u00f6r tj\u00e4nst\u00adg\u00f6ring \u2013 och svensk f\u00f6rsvarsf\u00f6rm\u00e5ga.<\/li>\n<\/ul>\n","protected":false},"excerpt":{"rendered":"<p>\u00c5rets avtalsr\u00f6relse f\u00f6r staten \u00e4r nu avslutad. En av de viktigaste framg\u00e5ngarna \u00e4r att reservofficerare med civil statlig anst\u00e4llning ska f\u00e5 full l\u00f6neutfyllnad n\u00e4r de tj\u00e4nstg\u00f6r i F\u00f6rsvarsmakten. \u2013 Mycket v\u00e4lkommet. Den h\u00e4r fr\u00e5gan har vi k\u00e4mpat f\u00f6r l\u00e4nge, s\u00e4ger Magnus Konradsson, ordf\u00f6rande f\u00f6r F\u00f6rbundet Reservofficerarna. Avtalsr\u00f6relsen f\u00f6r villkor inom staten avslutades den sista september. &hellip;<\/p>\n","protected":false},"author":1,"featured_media":1811,"comment_status":"closed","ping_status":"closed","sticky":true,"template":"","format":"standard","meta":{"_acf_changed":false,"footnotes":""},"categories":[19,1],"tags":[],"class_list":["post-1810","post","type-post","status-publish","format-standard","has-post-thumbnail","hentry","category-avtal","category-nyheter"],"acf":[],"yoast_head":"<!-- This site is optimized with the Yoast SEO plugin v27.4 - https:\/\/yoast.com\/product\/yoast-seo-wordpress\/ -->\n<title>Full l\u00f6neutfyllnad f\u00f6r reserv\u00adare i \u00e5rets avtal - Reservofficeren<\/title>\n<meta name=\"robots\" content=\"index, follow, max-snippet:-1, max-image-preview:large, max-video-preview:-1\" \/>\n<link rel=\"canonical\" href=\"https:\/\/reservofficerarna.se\/reservofficeren\/nyheter\/full-loneutfyllnad-for-reservare-i-arets-avtal\/\" \/>\n<meta property=\"og:locale\" content=\"sv_SE\" \/>\n<meta property=\"og:type\" content=\"article\" \/>\n<meta property=\"og:title\" content=\"Full l\u00f6neutfyllnad f\u00f6r reserv\u00adare i \u00e5rets avtal - Reservofficeren\" \/>\n<meta property=\"og:description\" content=\"\u00c5rets avtalsr\u00f6relse f\u00f6r staten \u00e4r nu avslutad. En av de viktigaste framg\u00e5ngarna \u00e4r att reservofficerare med civil statlig anst\u00e4llning ska f\u00e5 full l\u00f6neutfyllnad n\u00e4r de tj\u00e4nstg\u00f6r i F\u00f6rsvarsmakten. \u2013 Mycket v\u00e4lkommet. Den h\u00e4r fr\u00e5gan har vi k\u00e4mpat f\u00f6r l\u00e4nge, s\u00e4ger Magnus Konradsson, ordf\u00f6rande f\u00f6r F\u00f6rbundet Reservofficerarna. Avtalsr\u00f6relsen f\u00f6r villkor inom staten avslutades den sista september. &hellip;\" \/>\n<meta property=\"og:url\" content=\"https:\/\/reservofficerarna.se\/reservofficeren\/nyheter\/full-loneutfyllnad-for-reservare-i-arets-avtal\/\" \/>\n<meta property=\"og:site_name\" content=\"Reservofficeren\" \/>\n<meta property=\"article:published_time\" content=\"2025-11-10T07:00:00+00:00\" \/>\n<meta property=\"og:image\" content=\"https:\/\/reservofficerarna.se\/app\/uploads\/sites\/2\/2025\/11\/avtal-dragare.jpg\" \/>\n\t<meta property=\"og:image:width\" content=\"1920\" \/>\n\t<meta property=\"og:image:height\" content=\"1080\" \/>\n\t<meta property=\"og:image:type\" content=\"image\/jpeg\" \/>\n<meta name=\"author\" content=\"wpreservofficerarna\" \/>\n<meta name=\"twitter:card\" content=\"summary_large_image\" \/>\n<meta name=\"twitter:label1\" content=\"Skriven av\" \/>\n\t<meta name=\"twitter:data1\" content=\"wpreservofficerarna\" \/>\n\t<meta name=\"twitter:label2\" content=\"Ber\u00e4knad l\u00e4stid\" \/>\n\t<meta name=\"twitter:data2\" content=\"4 minuter\" \/>\n<script type=\"application\/ld+json\" class=\"yoast-schema-graph\">{\"@context\":\"https:\\\/\\\/schema.org\",\"@graph\":[{\"@type\":\"Article\",\"@id\":\"https:\\\/\\\/reservofficerarna.se\\\/reservofficeren\\\/nyheter\\\/full-loneutfyllnad-for-reservare-i-arets-avtal\\\/#article\",\"isPartOf\":{\"@id\":\"https:\\\/\\\/reservofficerarna.se\\\/reservofficeren\\\/nyheter\\\/full-loneutfyllnad-for-reservare-i-arets-avtal\\\/\"},\"author\":{\"name\":\"wpreservofficerarna\",\"@id\":\"https:\\\/\\\/staging.reservofficerarna.se\\\/reservofficeren\\\/#\\\/schema\\\/person\\\/d63322fe51ba95c7e32e60a60190148c\"},\"headline\":\"Full l\u00f6neutfyllnad f\u00f6r reserv\u00adare i \u00e5rets avtal\",\"datePublished\":\"2025-11-10T07:00:00+00:00\",\"mainEntityOfPage\":{\"@id\":\"https:\\\/\\\/reservofficerarna.se\\\/reservofficeren\\\/nyheter\\\/full-loneutfyllnad-for-reservare-i-arets-avtal\\\/\"},\"wordCount\":673,\"image\":{\"@id\":\"https:\\\/\\\/reservofficerarna.se\\\/reservofficeren\\\/nyheter\\\/full-loneutfyllnad-for-reservare-i-arets-avtal\\\/#primaryimage\"},\"thumbnailUrl\":\"https:\\\/\\\/reservofficerarna.se\\\/app\\\/uploads\\\/sites\\\/2\\\/2025\\\/11\\\/avtal-dragare.jpg\",\"articleSection\":[\"Avtal\",\"Nyheter\"],\"inLanguage\":\"sv-SE\"},{\"@type\":\"WebPage\",\"@id\":\"https:\\\/\\\/reservofficerarna.se\\\/reservofficeren\\\/nyheter\\\/full-loneutfyllnad-for-reservare-i-arets-avtal\\\/\",\"url\":\"https:\\\/\\\/reservofficerarna.se\\\/reservofficeren\\\/nyheter\\\/full-loneutfyllnad-for-reservare-i-arets-avtal\\\/\",\"name\":\"Full l\u00f6neutfyllnad f\u00f6r reserv\u00adare i \u00e5rets avtal - Reservofficeren\",\"isPartOf\":{\"@id\":\"https:\\\/\\\/staging.reservofficerarna.se\\\/reservofficeren\\\/#website\"},\"primaryImageOfPage\":{\"@id\":\"https:\\\/\\\/reservofficerarna.se\\\/reservofficeren\\\/nyheter\\\/full-loneutfyllnad-for-reservare-i-arets-avtal\\\/#primaryimage\"},\"image\":{\"@id\":\"https:\\\/\\\/reservofficerarna.se\\\/reservofficeren\\\/nyheter\\\/full-loneutfyllnad-for-reservare-i-arets-avtal\\\/#primaryimage\"},\"thumbnailUrl\":\"https:\\\/\\\/reservofficerarna.se\\\/app\\\/uploads\\\/sites\\\/2\\\/2025\\\/11\\\/avtal-dragare.jpg\",\"datePublished\":\"2025-11-10T07:00:00+00:00\",\"author\":{\"@id\":\"https:\\\/\\\/staging.reservofficerarna.se\\\/reservofficeren\\\/#\\\/schema\\\/person\\\/d63322fe51ba95c7e32e60a60190148c\"},\"breadcrumb\":{\"@id\":\"https:\\\/\\\/reservofficerarna.se\\\/reservofficeren\\\/nyheter\\\/full-loneutfyllnad-for-reservare-i-arets-avtal\\\/#breadcrumb\"},\"inLanguage\":\"sv-SE\",\"potentialAction\":[{\"@type\":\"ReadAction\",\"target\":[\"https:\\\/\\\/reservofficerarna.se\\\/reservofficeren\\\/nyheter\\\/full-loneutfyllnad-for-reservare-i-arets-avtal\\\/\"]}]},{\"@type\":\"ImageObject\",\"inLanguage\":\"sv-SE\",\"@id\":\"https:\\\/\\\/reservofficerarna.se\\\/reservofficeren\\\/nyheter\\\/full-loneutfyllnad-for-reservare-i-arets-avtal\\\/#primaryimage\",\"url\":\"https:\\\/\\\/reservofficerarna.se\\\/app\\\/uploads\\\/sites\\\/2\\\/2025\\\/11\\\/avtal-dragare.jpg\",\"contentUrl\":\"https:\\\/\\\/reservofficerarna.se\\\/app\\\/uploads\\\/sites\\\/2\\\/2025\\\/11\\\/avtal-dragare.jpg\",\"width\":1920,\"height\":1080},{\"@type\":\"BreadcrumbList\",\"@id\":\"https:\\\/\\\/reservofficerarna.se\\\/reservofficeren\\\/nyheter\\\/full-loneutfyllnad-for-reservare-i-arets-avtal\\\/#breadcrumb\",\"itemListElement\":[{\"@type\":\"ListItem\",\"position\":1,\"name\":\"Hem\",\"item\":\"https:\\\/\\\/reservofficerarna.se\\\/reservofficeren\\\/\"},{\"@type\":\"ListItem\",\"position\":2,\"name\":\"Full l\u00f6neutfyllnad f\u00f6r reserv\u00adare i \u00e5rets avtal\"}]},{\"@type\":\"WebSite\",\"@id\":\"https:\\\/\\\/staging.reservofficerarna.se\\\/reservofficeren\\\/#website\",\"url\":\"https:\\\/\\\/staging.reservofficerarna.se\\\/reservofficeren\\\/\",\"name\":\"Reservofficeren\",\"description\":\"F\u00f6rbundet Reservofficerarnas tidning\",\"potentialAction\":[{\"@type\":\"SearchAction\",\"target\":{\"@type\":\"EntryPoint\",\"urlTemplate\":\"https:\\\/\\\/staging.reservofficerarna.se\\\/reservofficeren\\\/?s={search_term_string}\"},\"query-input\":{\"@type\":\"PropertyValueSpecification\",\"valueRequired\":true,\"valueName\":\"search_term_string\"}}],\"inLanguage\":\"sv-SE\"},{\"@type\":\"Person\",\"@id\":\"https:\\\/\\\/staging.reservofficerarna.se\\\/reservofficeren\\\/#\\\/schema\\\/person\\\/d63322fe51ba95c7e32e60a60190148c\",\"name\":\"wpreservofficerarna\",\"sameAs\":[\"https:\\\/\\\/reservofficerarna.se\\\/wp\"]}]}<\/script>\n<!-- \/ Yoast SEO plugin. -->","yoast_head_json":{"title":"Full l\u00f6neutfyllnad f\u00f6r reserv\u00adare i \u00e5rets avtal - Reservofficeren","robots":{"index":"index","follow":"follow","max-snippet":"max-snippet:-1","max-image-preview":"max-image-preview:large","max-video-preview":"max-video-preview:-1"},"canonical":"https:\/\/reservofficerarna.se\/reservofficeren\/nyheter\/full-loneutfyllnad-for-reservare-i-arets-avtal\/","og_locale":"sv_SE","og_type":"article","og_title":"Full l\u00f6neutfyllnad f\u00f6r reserv\u00adare i \u00e5rets avtal - Reservofficeren","og_description":"\u00c5rets avtalsr\u00f6relse f\u00f6r staten \u00e4r nu avslutad. En av de viktigaste framg\u00e5ngarna \u00e4r att reservofficerare med civil statlig anst\u00e4llning ska f\u00e5 full l\u00f6neutfyllnad n\u00e4r de tj\u00e4nstg\u00f6r i F\u00f6rsvarsmakten. \u2013 Mycket v\u00e4lkommet. Den h\u00e4r fr\u00e5gan har vi k\u00e4mpat f\u00f6r l\u00e4nge, s\u00e4ger Magnus Konradsson, ordf\u00f6rande f\u00f6r F\u00f6rbundet Reservofficerarna. Avtalsr\u00f6relsen f\u00f6r villkor inom staten avslutades den sista september. &hellip;","og_url":"https:\/\/reservofficerarna.se\/reservofficeren\/nyheter\/full-loneutfyllnad-for-reservare-i-arets-avtal\/","og_site_name":"Reservofficeren","article_published_time":"2025-11-10T07:00:00+00:00","og_image":[{"width":1920,"height":1080,"url":"https:\/\/reservofficerarna.se\/app\/uploads\/sites\/2\/2025\/11\/avtal-dragare.jpg","type":"image\/jpeg"}],"author":"wpreservofficerarna","twitter_card":"summary_large_image","twitter_misc":{"Skriven av":"wpreservofficerarna","Ber\u00e4knad l\u00e4stid":"4 minuter"},"schema":{"@context":"https:\/\/schema.org","@graph":[{"@type":"Article","@id":"https:\/\/reservofficerarna.se\/reservofficeren\/nyheter\/full-loneutfyllnad-for-reservare-i-arets-avtal\/#article","isPartOf":{"@id":"https:\/\/reservofficerarna.se\/reservofficeren\/nyheter\/full-loneutfyllnad-for-reservare-i-arets-avtal\/"},"author":{"name":"wpreservofficerarna","@id":"https:\/\/staging.reservofficerarna.se\/reservofficeren\/#\/schema\/person\/d63322fe51ba95c7e32e60a60190148c"},"headline":"Full l\u00f6neutfyllnad f\u00f6r reserv\u00adare i \u00e5rets avtal","datePublished":"2025-11-10T07:00:00+00:00","mainEntityOfPage":{"@id":"https:\/\/reservofficerarna.se\/reservofficeren\/nyheter\/full-loneutfyllnad-for-reservare-i-arets-avtal\/"},"wordCount":673,"image":{"@id":"https:\/\/reservofficerarna.se\/reservofficeren\/nyheter\/full-loneutfyllnad-for-reservare-i-arets-avtal\/#primaryimage"},"thumbnailUrl":"https:\/\/reservofficerarna.se\/app\/uploads\/sites\/2\/2025\/11\/avtal-dragare.jpg","articleSection":["Avtal","Nyheter"],"inLanguage":"sv-SE"},{"@type":"WebPage","@id":"https:\/\/reservofficerarna.se\/reservofficeren\/nyheter\/full-loneutfyllnad-for-reservare-i-arets-avtal\/","url":"https:\/\/reservofficerarna.se\/reservofficeren\/nyheter\/full-loneutfyllnad-for-reservare-i-arets-avtal\/","name":"Full l\u00f6neutfyllnad f\u00f6r reserv\u00adare i \u00e5rets avtal - Reservofficeren","isPartOf":{"@id":"https:\/\/staging.reservofficerarna.se\/reservofficeren\/#website"},"primaryImageOfPage":{"@id":"https:\/\/reservofficerarna.se\/reservofficeren\/nyheter\/full-loneutfyllnad-for-reservare-i-arets-avtal\/#primaryimage"},"image":{"@id":"https:\/\/reservofficerarna.se\/reservofficeren\/nyheter\/full-loneutfyllnad-for-reservare-i-arets-avtal\/#primaryimage"},"thumbnailUrl":"https:\/\/reservofficerarna.se\/app\/uploads\/sites\/2\/2025\/11\/avtal-dragare.jpg","datePublished":"2025-11-10T07:00:00+00:00","author":{"@id":"https:\/\/staging.reservofficerarna.se\/reservofficeren\/#\/schema\/person\/d63322fe51ba95c7e32e60a60190148c"},"breadcrumb":{"@id":"https:\/\/reservofficerarna.se\/reservofficeren\/nyheter\/full-loneutfyllnad-for-reservare-i-arets-avtal\/#breadcrumb"},"inLanguage":"sv-SE","potentialAction":[{"@type":"ReadAction","target":["https:\/\/reservofficerarna.se\/reservofficeren\/nyheter\/full-loneutfyllnad-for-reservare-i-arets-avtal\/"]}]},{"@type":"ImageObject","inLanguage":"sv-SE","@id":"https:\/\/reservofficerarna.se\/reservofficeren\/nyheter\/full-loneutfyllnad-for-reservare-i-arets-avtal\/#primaryimage","url":"https:\/\/reservofficerarna.se\/app\/uploads\/sites\/2\/2025\/11\/avtal-dragare.jpg","contentUrl":"https:\/\/reservofficerarna.se\/app\/uploads\/sites\/2\/2025\/11\/avtal-dragare.jpg","width":1920,"height":1080},{"@type":"BreadcrumbList","@id":"https:\/\/reservofficerarna.se\/reservofficeren\/nyheter\/full-loneutfyllnad-for-reservare-i-arets-avtal\/#breadcrumb","itemListElement":[{"@type":"ListItem","position":1,"name":"Hem","item":"https:\/\/reservofficerarna.se\/reservofficeren\/"},{"@type":"ListItem","position":2,"name":"Full l\u00f6neutfyllnad f\u00f6r reserv\u00adare i \u00e5rets avtal"}]},{"@type":"WebSite","@id":"https:\/\/staging.reservofficerarna.se\/reservofficeren\/#website","url":"https:\/\/staging.reservofficerarna.se\/reservofficeren\/","name":"Reservofficeren","description":"F\u00f6rbundet Reservofficerarnas tidning","potentialAction":[{"@type":"SearchAction","target":{"@type":"EntryPoint","urlTemplate":"https:\/\/staging.reservofficerarna.se\/reservofficeren\/?s={search_term_string}"},"query-input":{"@type":"PropertyValueSpecification","valueRequired":true,"valueName":"search_term_string"}}],"inLanguage":"sv-SE"},{"@type":"Person","@id":"https:\/\/staging.reservofficerarna.se\/reservofficeren\/#\/schema\/person\/d63322fe51ba95c7e32e60a60190148c","name":"wpreservofficerarna","sameAs":["https:\/\/reservofficerarna.se\/wp"]}]}},"_links":{"self":[{"href":"https:\/\/reservofficerarna.se\/reservofficeren\/wp-json\/wp\/v2\/posts\/1810","targetHints":{"allow":["GET"]}}],"collection":[{"href":"https:\/\/reservofficerarna.se\/reservofficeren\/wp-json\/wp\/v2\/posts"}],"about":[{"href":"https:\/\/reservofficerarna.se\/reservofficeren\/wp-json\/wp\/v2\/types\/post"}],"author":[{"embeddable":true,"href":"https:\/\/reservofficerarna.se\/reservofficeren\/wp-json\/wp\/v2\/users\/1"}],"replies":[{"embeddable":true,"href":"https:\/\/reservofficerarna.se\/reservofficeren\/wp-json\/wp\/v2\/comments?post=1810"}],"version-history":[{"count":6,"href":"https:\/\/reservofficerarna.se\/reservofficeren\/wp-json\/wp\/v2\/posts\/1810\/revisions"}],"predecessor-version":[{"id":1817,"href":"https:\/\/reservofficerarna.se\/reservofficeren\/wp-json\/wp\/v2\/posts\/1810\/revisions\/1817"}],"wp:featuredmedia":[{"embeddable":true,"href":"https:\/\/reservofficerarna.se\/reservofficeren\/wp-json\/wp\/v2\/media\/1811"}],"wp:attachment":[{"href":"https:\/\/reservofficerarna.se\/reservofficeren\/wp-json\/wp\/v2\/media?parent=1810"}],"wp:term":[{"taxonomy":"category","embeddable":true,"href":"https:\/\/reservofficerarna.se\/reservofficeren\/wp-json\/wp\/v2\/categories?post=1810"},{"taxonomy":"post_tag","embeddable":true,"href":"https:\/\/reservofficerarna.se\/reservofficeren\/wp-json\/wp\/v2\/tags?post=1810"}],"curies":[{"name":"wp","href":"https:\/\/api.w.org\/{rel}","templated":true}]}}