{"id":1848,"date":"2025-12-15T08:00:00","date_gmt":"2025-12-15T07:00:00","guid":{"rendered":"https:\/\/reservofficerarna.se\/reservofficeren\/?p=1848"},"modified":"2025-11-05T13:42:35","modified_gmt":"2025-11-05T12:42:35","slug":"erkansla-viktig-for-engagemanget","status":"publish","type":"post","link":"https:\/\/reservofficerarna.se\/reservofficeren\/nyheter\/erkansla-viktig-for-engagemanget\/","title":{"rendered":"Erk\u00e4nsla viktig f\u00f6r engagemanget"},"content":{"rendered":"\n<p class=\"has-lead-text-font-size\">Vad f\u00e5r egentligen en reservofficer att sluta eller stanna kvar i F\u00f6rsvarsmakten? Den fr\u00e5gan s\u00f6kte personal\u00advetarna Matilda K\u00e4rnbratt och Mirjam Pohjolainen svar p\u00e5.<\/p>\n\n\n\n<p>Examensarbetet godk\u00e4ndes vid G\u00f6te\u00adborgs universitet innan sommaren och har titeln \u201dAtt st\u00e5 kvar i leden<\/p>\n\n\n\n<p>\u2013 faktorer som p\u00e5verkar reserv\u00adofficerares engagemang samt deras intention att sluta i F\u00f6rsvarsmakten\u201d.<\/p>\n\n\n\n<p>\u2013 I och med det f\u00f6rs\u00e4mrade s\u00e4kerhetsl\u00e4get och hotbilden fr\u00e5n Ryssland \u00e4r f\u00f6rsvarsf\u00f6rm\u00e5gan en av de viktigaste samh\u00e4llsfr\u00e5gorna, konstaterar Matilda K\u00e4rnbratt, som sj\u00e4lv \u00e4r reservofficer.<br>Studien genomf\u00f6rdes genom en enk\u00e4t som besvarades av 295 reserv\u00adofficerare, tack vare kontakter med f\u00f6rbandens personalenheter och Sverof.<\/p>\n\n\n\n<p>\u2013 Vi \u00e4r verkligen tacksamma f\u00f6r allt st\u00f6d och engagemang i fr\u00e5gan som reservofficerare visat oss under v\u00e5rt arbete, s\u00e4ger Mirjam Pohjolainen, som jobbar som HR-administrat\u00f6r.<\/p>\n\n\n\n<p>Inte ov\u00e4ntat p\u00e5verkar reserv\u00adofficerens vilja att stanna kvar i F\u00f6rsvarsmakten b\u00e5de av den egna motivationen \u2013 och av det engagemang och st\u00f6d som F\u00f6rsvarsmakten visar sin personal.<\/p>\n\n\n\n<p>\u2013 Det var tydligt att pengar inte \u00e4r drivkraften f\u00f6r den h\u00e4r personalgruppen. M\u00e5nga svarande p\u00e5pekar att de g\u00e5r back ekonomiskt. D\u00e5 \u00e4r det v\u00e4ldigt viktigt att de f\u00e5r erk\u00e4nsla f\u00f6r att de osj\u00e4lviskt bidrar till samh\u00e4llet, s\u00e4ger Mirjam Pohjolainen.<\/p>\n\n\n\n<p>Den viktigaste faktorn f\u00f6r att reserv\u00adofficeren ska stanna i F\u00f6rsvarsmakten \u00e4r stolthet \u00f6ver yrket, identiteten och viljan att hj\u00e4lpa andra. Men m\u00e5nga k\u00e4nner att de tillh\u00f6r en bortgl\u00f6md grupp. Man saknar st\u00f6d och information fr\u00e5n F\u00f6rsvarsmakten, och vissa upplever en rollkonflikt mellan sina civila och milit\u00e4ra yrken.<\/p>\n\n\n\n<p>\u2013 Man kanske inte f\u00e5r ett visst jobb p\u00e5 grund av att man \u00e4r reservofficer. En del civila arbetsgivare har d\u00e5lig koll p\u00e5 vilket merv\u00e4rde i form av samh\u00e4llsengagemang som reservofficeren bidrar med, s\u00e4ger Mirjam Pohjolainen.<\/p>\n\n\n\n<p>En av respondenterna i studien beskriver F\u00f6rsvarsmakten som \u201dv\u00e4rldens b\u00e4sta arbetsplats men v\u00e4rldens s\u00e4msta arbetsgivare\u201d.<\/p>\n\n\n\n<p>Det \u00e4r n\u00e5got som Matilda K\u00e4rnbratt tar med sig i sitt nuvarande jobb som personalofficer p\u00e5 Amf 4.<\/p>\n\n\n\n<p>\u2013 Reservofficerarna som kontaktar oss visar ett enormt engagemang, och vi som planerar m\u00e5ste ligga p\u00e5 framkant, s\u00e4ger hon.<\/p>\n\n\n\n<p>Det \u00e4r inga konstigheter som efter\u00adfr\u00e5gas, anser studiens f\u00f6rfattare. Information m\u00e5ste komma fram till personalen i god tid. Tj\u00e4nstg\u00f6ringsplaner beh\u00f6vs f\u00f6r att kunna f\u00e5 ledigt fr\u00e5n civila arbeten. Regelbundna medarbetarsamtal, korrekt utbetald l\u00f6n och b\u00e4ttre kommunikation.<\/p>\n\n\n\n<p>\u2013 Medskicket till F\u00f6rsvarsmakten \u00e4r att reservofficerare vill k\u00e4nna sig sedda, inkluderade och bli r\u00e4ttvist behandlade, s\u00e4ger Matilda K\u00e4rnbratt.<\/p>\n\n\n\n<p>Och medskick till den enskilde reservofficeren?<\/p>\n\n\n\n<p>Matilda K\u00e4rnbratt och Mirjam Pohjolainen \u00e4r \u00f6verens:<br>\u2013 Man ska forts\u00e4tta att hj\u00e4lpa till men st\u00e4lla lite h\u00f6gre krav p\u00e5 sin arbets\u00adgivare. Det \u00e4r viktigt att engagera sig, och att g\u00f6ra det tillsammans. Man blir starkare d\u00e5.<\/p>\n\n\n\n<p><strong>VILL DU L\u00c4SA HELA STUDIEN?<\/strong><\/p>\n\n\n\n<p>Du hittar den <a href=\"https:\/\/reservofficerarna.se\/app\/uploads\/sites\/2\/2025\/10\/att-sta-kvar-i-leden72.pdf\">h\u00e4r<\/a>.<\/p>\n","protected":false},"excerpt":{"rendered":"<p>Vad f\u00e5r egentligen en reservofficer att sluta eller stanna kvar i F\u00f6rsvarsmakten? Den fr\u00e5gan s\u00f6kte personal\u00advetarna Matilda K\u00e4rnbratt och Mirjam Pohjolainen svar p\u00e5. Examensarbetet godk\u00e4ndes vid G\u00f6te\u00adborgs universitet innan sommaren och har titeln \u201dAtt st\u00e5 kvar i leden \u2013 faktorer som p\u00e5verkar reserv\u00adofficerares engagemang samt deras intention att sluta i F\u00f6rsvarsmakten\u201d. \u2013 I och med &hellip;<\/p>\n","protected":false},"author":1,"featured_media":1849,"comment_status":"closed","ping_status":"closed","sticky":true,"template":"","format":"standard","meta":{"_acf_changed":false,"footnotes":""},"categories":[1],"tags":[],"class_list":["post-1848","post","type-post","status-publish","format-standard","has-post-thumbnail","hentry","category-nyheter"],"acf":[],"yoast_head":"<!-- This site is optimized with the Yoast SEO plugin v27.4 - https:\/\/yoast.com\/product\/yoast-seo-wordpress\/ -->\n<title>Erk\u00e4nsla viktig f\u00f6r engagemanget - Reservofficeren<\/title>\n<meta name=\"robots\" content=\"index, follow, max-snippet:-1, max-image-preview:large, max-video-preview:-1\" \/>\n<link rel=\"canonical\" href=\"https:\/\/reservofficerarna.se\/reservofficeren\/nyheter\/erkansla-viktig-for-engagemanget\/\" \/>\n<meta property=\"og:locale\" content=\"sv_SE\" \/>\n<meta property=\"og:type\" content=\"article\" \/>\n<meta property=\"og:title\" content=\"Erk\u00e4nsla viktig f\u00f6r engagemanget - Reservofficeren\" \/>\n<meta property=\"og:description\" content=\"Vad f\u00e5r egentligen en reservofficer att sluta eller stanna kvar i F\u00f6rsvarsmakten? Den fr\u00e5gan s\u00f6kte personal\u00advetarna Matilda K\u00e4rnbratt och Mirjam Pohjolainen svar p\u00e5. Examensarbetet godk\u00e4ndes vid G\u00f6te\u00adborgs universitet innan sommaren och har titeln \u201dAtt st\u00e5 kvar i leden \u2013 faktorer som p\u00e5verkar reserv\u00adofficerares engagemang samt deras intention att sluta i F\u00f6rsvarsmakten\u201d. \u2013 I och med &hellip;\" \/>\n<meta property=\"og:url\" content=\"https:\/\/reservofficerarna.se\/reservofficeren\/nyheter\/erkansla-viktig-for-engagemanget\/\" \/>\n<meta property=\"og:site_name\" content=\"Reservofficeren\" \/>\n<meta property=\"article:published_time\" content=\"2025-12-15T07:00:00+00:00\" \/>\n<meta property=\"og:image\" content=\"https:\/\/reservofficerarna.se\/app\/uploads\/sites\/2\/2025\/11\/studie-matilda-karnbratt-och-mirjam-pohjolainen.jpg\" \/>\n\t<meta property=\"og:image:width\" content=\"1920\" \/>\n\t<meta property=\"og:image:height\" content=\"1080\" \/>\n\t<meta property=\"og:image:type\" content=\"image\/jpeg\" \/>\n<meta name=\"author\" content=\"wpreservofficerarna\" \/>\n<meta name=\"twitter:card\" content=\"summary_large_image\" \/>\n<meta name=\"twitter:label1\" content=\"Skriven av\" \/>\n\t<meta name=\"twitter:data1\" content=\"wpreservofficerarna\" \/>\n\t<meta name=\"twitter:label2\" content=\"Ber\u00e4knad l\u00e4stid\" \/>\n\t<meta name=\"twitter:data2\" content=\"3 minuter\" \/>\n<script type=\"application\/ld+json\" class=\"yoast-schema-graph\">{\"@context\":\"https:\\\/\\\/schema.org\",\"@graph\":[{\"@type\":\"Article\",\"@id\":\"https:\\\/\\\/reservofficerarna.se\\\/reservofficeren\\\/nyheter\\\/erkansla-viktig-for-engagemanget\\\/#article\",\"isPartOf\":{\"@id\":\"https:\\\/\\\/reservofficerarna.se\\\/reservofficeren\\\/nyheter\\\/erkansla-viktig-for-engagemanget\\\/\"},\"author\":{\"name\":\"wpreservofficerarna\",\"@id\":\"https:\\\/\\\/staging.reservofficerarna.se\\\/reservofficeren\\\/#\\\/schema\\\/person\\\/d63322fe51ba95c7e32e60a60190148c\"},\"headline\":\"Erk\u00e4nsla viktig f\u00f6r engagemanget\",\"datePublished\":\"2025-12-15T07:00:00+00:00\",\"mainEntityOfPage\":{\"@id\":\"https:\\\/\\\/reservofficerarna.se\\\/reservofficeren\\\/nyheter\\\/erkansla-viktig-for-engagemanget\\\/\"},\"wordCount\":528,\"image\":{\"@id\":\"https:\\\/\\\/reservofficerarna.se\\\/reservofficeren\\\/nyheter\\\/erkansla-viktig-for-engagemanget\\\/#primaryimage\"},\"thumbnailUrl\":\"https:\\\/\\\/reservofficerarna.se\\\/app\\\/uploads\\\/sites\\\/2\\\/2025\\\/11\\\/studie-matilda-karnbratt-och-mirjam-pohjolainen.jpg\",\"articleSection\":[\"Nyheter\"],\"inLanguage\":\"sv-SE\"},{\"@type\":\"WebPage\",\"@id\":\"https:\\\/\\\/reservofficerarna.se\\\/reservofficeren\\\/nyheter\\\/erkansla-viktig-for-engagemanget\\\/\",\"url\":\"https:\\\/\\\/reservofficerarna.se\\\/reservofficeren\\\/nyheter\\\/erkansla-viktig-for-engagemanget\\\/\",\"name\":\"Erk\u00e4nsla viktig f\u00f6r engagemanget - Reservofficeren\",\"isPartOf\":{\"@id\":\"https:\\\/\\\/staging.reservofficerarna.se\\\/reservofficeren\\\/#website\"},\"primaryImageOfPage\":{\"@id\":\"https:\\\/\\\/reservofficerarna.se\\\/reservofficeren\\\/nyheter\\\/erkansla-viktig-for-engagemanget\\\/#primaryimage\"},\"image\":{\"@id\":\"https:\\\/\\\/reservofficerarna.se\\\/reservofficeren\\\/nyheter\\\/erkansla-viktig-for-engagemanget\\\/#primaryimage\"},\"thumbnailUrl\":\"https:\\\/\\\/reservofficerarna.se\\\/app\\\/uploads\\\/sites\\\/2\\\/2025\\\/11\\\/studie-matilda-karnbratt-och-mirjam-pohjolainen.jpg\",\"datePublished\":\"2025-12-15T07:00:00+00:00\",\"author\":{\"@id\":\"https:\\\/\\\/staging.reservofficerarna.se\\\/reservofficeren\\\/#\\\/schema\\\/person\\\/d63322fe51ba95c7e32e60a60190148c\"},\"breadcrumb\":{\"@id\":\"https:\\\/\\\/reservofficerarna.se\\\/reservofficeren\\\/nyheter\\\/erkansla-viktig-for-engagemanget\\\/#breadcrumb\"},\"inLanguage\":\"sv-SE\",\"potentialAction\":[{\"@type\":\"ReadAction\",\"target\":[\"https:\\\/\\\/reservofficerarna.se\\\/reservofficeren\\\/nyheter\\\/erkansla-viktig-for-engagemanget\\\/\"]}]},{\"@type\":\"ImageObject\",\"inLanguage\":\"sv-SE\",\"@id\":\"https:\\\/\\\/reservofficerarna.se\\\/reservofficeren\\\/nyheter\\\/erkansla-viktig-for-engagemanget\\\/#primaryimage\",\"url\":\"https:\\\/\\\/reservofficerarna.se\\\/app\\\/uploads\\\/sites\\\/2\\\/2025\\\/11\\\/studie-matilda-karnbratt-och-mirjam-pohjolainen.jpg\",\"contentUrl\":\"https:\\\/\\\/reservofficerarna.se\\\/app\\\/uploads\\\/sites\\\/2\\\/2025\\\/11\\\/studie-matilda-karnbratt-och-mirjam-pohjolainen.jpg\",\"width\":1920,\"height\":1080,\"caption\":\"\u201dMedskicket till F\u00f6rsvarsmakten \u00e4r att reserv\u00adofficerare vill k\u00e4nna sig sedda, inkluderade och bli r\u00e4ttvist behandlade\u201d, s\u00e4ger Matilda K\u00e4rnbratt som tillsammans med Mirjam Pohjolainen gjort studien.\"},{\"@type\":\"BreadcrumbList\",\"@id\":\"https:\\\/\\\/reservofficerarna.se\\\/reservofficeren\\\/nyheter\\\/erkansla-viktig-for-engagemanget\\\/#breadcrumb\",\"itemListElement\":[{\"@type\":\"ListItem\",\"position\":1,\"name\":\"Hem\",\"item\":\"https:\\\/\\\/reservofficerarna.se\\\/reservofficeren\\\/\"},{\"@type\":\"ListItem\",\"position\":2,\"name\":\"Erk\u00e4nsla viktig f\u00f6r engagemanget\"}]},{\"@type\":\"WebSite\",\"@id\":\"https:\\\/\\\/staging.reservofficerarna.se\\\/reservofficeren\\\/#website\",\"url\":\"https:\\\/\\\/staging.reservofficerarna.se\\\/reservofficeren\\\/\",\"name\":\"Reservofficeren\",\"description\":\"F\u00f6rbundet Reservofficerarnas tidning\",\"potentialAction\":[{\"@type\":\"SearchAction\",\"target\":{\"@type\":\"EntryPoint\",\"urlTemplate\":\"https:\\\/\\\/staging.reservofficerarna.se\\\/reservofficeren\\\/?s={search_term_string}\"},\"query-input\":{\"@type\":\"PropertyValueSpecification\",\"valueRequired\":true,\"valueName\":\"search_term_string\"}}],\"inLanguage\":\"sv-SE\"},{\"@type\":\"Person\",\"@id\":\"https:\\\/\\\/staging.reservofficerarna.se\\\/reservofficeren\\\/#\\\/schema\\\/person\\\/d63322fe51ba95c7e32e60a60190148c\",\"name\":\"wpreservofficerarna\",\"sameAs\":[\"https:\\\/\\\/reservofficerarna.se\\\/wp\"]}]}<\/script>\n<!-- \/ Yoast SEO plugin. -->","yoast_head_json":{"title":"Erk\u00e4nsla viktig f\u00f6r engagemanget - Reservofficeren","robots":{"index":"index","follow":"follow","max-snippet":"max-snippet:-1","max-image-preview":"max-image-preview:large","max-video-preview":"max-video-preview:-1"},"canonical":"https:\/\/reservofficerarna.se\/reservofficeren\/nyheter\/erkansla-viktig-for-engagemanget\/","og_locale":"sv_SE","og_type":"article","og_title":"Erk\u00e4nsla viktig f\u00f6r engagemanget - Reservofficeren","og_description":"Vad f\u00e5r egentligen en reservofficer att sluta eller stanna kvar i F\u00f6rsvarsmakten? Den fr\u00e5gan s\u00f6kte personal\u00advetarna Matilda K\u00e4rnbratt och Mirjam Pohjolainen svar p\u00e5. Examensarbetet godk\u00e4ndes vid G\u00f6te\u00adborgs universitet innan sommaren och har titeln \u201dAtt st\u00e5 kvar i leden \u2013 faktorer som p\u00e5verkar reserv\u00adofficerares engagemang samt deras intention att sluta i F\u00f6rsvarsmakten\u201d. \u2013 I och med &hellip;","og_url":"https:\/\/reservofficerarna.se\/reservofficeren\/nyheter\/erkansla-viktig-for-engagemanget\/","og_site_name":"Reservofficeren","article_published_time":"2025-12-15T07:00:00+00:00","og_image":[{"width":1920,"height":1080,"url":"https:\/\/reservofficerarna.se\/app\/uploads\/sites\/2\/2025\/11\/studie-matilda-karnbratt-och-mirjam-pohjolainen.jpg","type":"image\/jpeg"}],"author":"wpreservofficerarna","twitter_card":"summary_large_image","twitter_misc":{"Skriven av":"wpreservofficerarna","Ber\u00e4knad l\u00e4stid":"3 minuter"},"schema":{"@context":"https:\/\/schema.org","@graph":[{"@type":"Article","@id":"https:\/\/reservofficerarna.se\/reservofficeren\/nyheter\/erkansla-viktig-for-engagemanget\/#article","isPartOf":{"@id":"https:\/\/reservofficerarna.se\/reservofficeren\/nyheter\/erkansla-viktig-for-engagemanget\/"},"author":{"name":"wpreservofficerarna","@id":"https:\/\/staging.reservofficerarna.se\/reservofficeren\/#\/schema\/person\/d63322fe51ba95c7e32e60a60190148c"},"headline":"Erk\u00e4nsla viktig f\u00f6r engagemanget","datePublished":"2025-12-15T07:00:00+00:00","mainEntityOfPage":{"@id":"https:\/\/reservofficerarna.se\/reservofficeren\/nyheter\/erkansla-viktig-for-engagemanget\/"},"wordCount":528,"image":{"@id":"https:\/\/reservofficerarna.se\/reservofficeren\/nyheter\/erkansla-viktig-for-engagemanget\/#primaryimage"},"thumbnailUrl":"https:\/\/reservofficerarna.se\/app\/uploads\/sites\/2\/2025\/11\/studie-matilda-karnbratt-och-mirjam-pohjolainen.jpg","articleSection":["Nyheter"],"inLanguage":"sv-SE"},{"@type":"WebPage","@id":"https:\/\/reservofficerarna.se\/reservofficeren\/nyheter\/erkansla-viktig-for-engagemanget\/","url":"https:\/\/reservofficerarna.se\/reservofficeren\/nyheter\/erkansla-viktig-for-engagemanget\/","name":"Erk\u00e4nsla viktig f\u00f6r engagemanget - Reservofficeren","isPartOf":{"@id":"https:\/\/staging.reservofficerarna.se\/reservofficeren\/#website"},"primaryImageOfPage":{"@id":"https:\/\/reservofficerarna.se\/reservofficeren\/nyheter\/erkansla-viktig-for-engagemanget\/#primaryimage"},"image":{"@id":"https:\/\/reservofficerarna.se\/reservofficeren\/nyheter\/erkansla-viktig-for-engagemanget\/#primaryimage"},"thumbnailUrl":"https:\/\/reservofficerarna.se\/app\/uploads\/sites\/2\/2025\/11\/studie-matilda-karnbratt-och-mirjam-pohjolainen.jpg","datePublished":"2025-12-15T07:00:00+00:00","author":{"@id":"https:\/\/staging.reservofficerarna.se\/reservofficeren\/#\/schema\/person\/d63322fe51ba95c7e32e60a60190148c"},"breadcrumb":{"@id":"https:\/\/reservofficerarna.se\/reservofficeren\/nyheter\/erkansla-viktig-for-engagemanget\/#breadcrumb"},"inLanguage":"sv-SE","potentialAction":[{"@type":"ReadAction","target":["https:\/\/reservofficerarna.se\/reservofficeren\/nyheter\/erkansla-viktig-for-engagemanget\/"]}]},{"@type":"ImageObject","inLanguage":"sv-SE","@id":"https:\/\/reservofficerarna.se\/reservofficeren\/nyheter\/erkansla-viktig-for-engagemanget\/#primaryimage","url":"https:\/\/reservofficerarna.se\/app\/uploads\/sites\/2\/2025\/11\/studie-matilda-karnbratt-och-mirjam-pohjolainen.jpg","contentUrl":"https:\/\/reservofficerarna.se\/app\/uploads\/sites\/2\/2025\/11\/studie-matilda-karnbratt-och-mirjam-pohjolainen.jpg","width":1920,"height":1080,"caption":"\u201dMedskicket till F\u00f6rsvarsmakten \u00e4r att reserv\u00adofficerare vill k\u00e4nna sig sedda, inkluderade och bli r\u00e4ttvist behandlade\u201d, s\u00e4ger Matilda K\u00e4rnbratt som tillsammans med Mirjam Pohjolainen gjort studien."},{"@type":"BreadcrumbList","@id":"https:\/\/reservofficerarna.se\/reservofficeren\/nyheter\/erkansla-viktig-for-engagemanget\/#breadcrumb","itemListElement":[{"@type":"ListItem","position":1,"name":"Hem","item":"https:\/\/reservofficerarna.se\/reservofficeren\/"},{"@type":"ListItem","position":2,"name":"Erk\u00e4nsla viktig f\u00f6r engagemanget"}]},{"@type":"WebSite","@id":"https:\/\/staging.reservofficerarna.se\/reservofficeren\/#website","url":"https:\/\/staging.reservofficerarna.se\/reservofficeren\/","name":"Reservofficeren","description":"F\u00f6rbundet Reservofficerarnas tidning","potentialAction":[{"@type":"SearchAction","target":{"@type":"EntryPoint","urlTemplate":"https:\/\/staging.reservofficerarna.se\/reservofficeren\/?s={search_term_string}"},"query-input":{"@type":"PropertyValueSpecification","valueRequired":true,"valueName":"search_term_string"}}],"inLanguage":"sv-SE"},{"@type":"Person","@id":"https:\/\/staging.reservofficerarna.se\/reservofficeren\/#\/schema\/person\/d63322fe51ba95c7e32e60a60190148c","name":"wpreservofficerarna","sameAs":["https:\/\/reservofficerarna.se\/wp"]}]}},"_links":{"self":[{"href":"https:\/\/reservofficerarna.se\/reservofficeren\/wp-json\/wp\/v2\/posts\/1848","targetHints":{"allow":["GET"]}}],"collection":[{"href":"https:\/\/reservofficerarna.se\/reservofficeren\/wp-json\/wp\/v2\/posts"}],"about":[{"href":"https:\/\/reservofficerarna.se\/reservofficeren\/wp-json\/wp\/v2\/types\/post"}],"author":[{"embeddable":true,"href":"https:\/\/reservofficerarna.se\/reservofficeren\/wp-json\/wp\/v2\/users\/1"}],"replies":[{"embeddable":true,"href":"https:\/\/reservofficerarna.se\/reservofficeren\/wp-json\/wp\/v2\/comments?post=1848"}],"version-history":[{"count":4,"href":"https:\/\/reservofficerarna.se\/reservofficeren\/wp-json\/wp\/v2\/posts\/1848\/revisions"}],"predecessor-version":[{"id":1853,"href":"https:\/\/reservofficerarna.se\/reservofficeren\/wp-json\/wp\/v2\/posts\/1848\/revisions\/1853"}],"wp:featuredmedia":[{"embeddable":true,"href":"https:\/\/reservofficerarna.se\/reservofficeren\/wp-json\/wp\/v2\/media\/1849"}],"wp:attachment":[{"href":"https:\/\/reservofficerarna.se\/reservofficeren\/wp-json\/wp\/v2\/media?parent=1848"}],"wp:term":[{"taxonomy":"category","embeddable":true,"href":"https:\/\/reservofficerarna.se\/reservofficeren\/wp-json\/wp\/v2\/categories?post=1848"},{"taxonomy":"post_tag","embeddable":true,"href":"https:\/\/reservofficerarna.se\/reservofficeren\/wp-json\/wp\/v2\/tags?post=1848"}],"curies":[{"name":"wp","href":"https:\/\/api.w.org\/{rel}","templated":true}]}}