{"id":1854,"date":"2025-11-06T13:31:24","date_gmt":"2025-11-06T12:31:24","guid":{"rendered":"https:\/\/reservofficerarna.se\/reservofficeren\/?p=1854"},"modified":"2025-11-06T13:31:24","modified_gmt":"2025-11-06T12:31:24","slug":"rapport-fran-natos-ro-kurs","status":"publish","type":"post","link":"https:\/\/reservofficerarna.se\/reservofficeren\/nyheter\/rapport-fran-natos-ro-kurs\/","title":{"rendered":"Rapport fr\u00e5n Natos RO-kurs\u00a0"},"content":{"rendered":"\n<p class=\"has-lead-text-font-size\">F\u00f6rest\u00e4ll dig en vecka i hj\u00e4rtat av Bayern, omgiven av n\u00e5gra av de skarpaste reservofficerarna fr\u00e5n Nato och partnerl\u00e4nder. Det var verkligheten f\u00f6r 22 reservofficerare som deltog i Natos kurs i tyska Oberammergau i september. \u00d6rlogskapten Henrik Forssell var en av deltagarna. H\u00e4r \u00e4r hans beskrivning av kursen:<\/p>\n\n\n\n<p>Nato erbjuder tv\u00e5 reservofficers\u00adkurser: &#8221;NATO Reserve Forces Integration Course&#8221; och &#8221;NATO Senior Reserve Officers Course&#8221;. Syftet med den senare \u00e4r att ge deltagarna m\u00f6jlighet att f\u00f6rst\u00e5 Natos allianskoncept och principer, inklusive reservens roller, uppdrag och doktrin, f\u00f6r att utveckla reservstyrkans policy och doktrin.<\/p>\n\n\n\n<p>Att delta i en veckas kurs i Oberammergau, tillsammans med reserv\u00adofficerare fr\u00e5n \u00e5tta Natol\u00e4nder och tv\u00e5 partnerl\u00e4nder, var en fantastisk f\u00f6rm\u00e5n. Majoriteten av deltagarna hade erfarenhet av att arbeta som reserv\u00adofficerare inom Natostrukturen. Kursen bestod av 86 procent OF4-OF5 reservofficerare, tre deltagare som var kaptener eller \u00f6rlogskaptener\/majorer, alla i \u00e5ldern 40\u201365 \u00e5r.<\/p>\n\n\n\n<p>I Nato \u00e4r reservofficerare en naturlig del av bemanningssystemet. I den nya f\u00f6rordningen MC 0441\/3-NATO POLICY ON RESERVES \u00e4r alla 32 Natol\u00e4nder \u00f6verens om att kompetens och erfarenhet \u00e4r de tv\u00e5 viktigaste f\u00f6ruts\u00e4ttningarna n\u00e4r Nato ska bemanna organisationen, oavsett om du jobbar som yrkes- eller reservofficer i ditt lands f\u00f6rsvarsmakt. N\u00e5got som vi fick f\u00f6rdjupad k\u00e4nnedom om genom de f\u00f6rel\u00e4sare som hade varit med och skrivit policyn.<\/p>\n\n\n\n<p>Kursen belyste ocks\u00e5 de stora nationella skillnaderna. De nordiska l\u00e4nderna, med Finland i spetsen som har vidmakth\u00e5llit sitt v\u00e4rnpliktssystem, och Sverige och Norge som nu aktivt arbetar f\u00f6r att \u00e5terta f\u00f6rlorad f\u00f6rm\u00e5ga och bemanning efter \u00e5rtionden av neddragningar. Tyskland, med sin historia av att endast till\u00e5tas ha milit\u00e4ra styrkor f\u00f6r att st\u00f6dja Nato, och Irland, Storbritannien och Nederl\u00e4nderna, som \u00f6verv\u00e4ger att inf\u00f6ra v\u00e4rnpliktssystem f\u00f6r att m\u00f6ta l\u00e4ndernas och Natos behov av styrkor.<\/p>\n\n\n\n<p>N\u00e4tverket av l\u00e4rare och studenter, arbetet kring Natos nya policy f\u00f6r reservpersonal, f\u00f6rel\u00e4sningarna om olika l\u00e4nders reservsystem, och de tv\u00e5 workshoparna d\u00e4r vi diskuterade v\u00e5ra milit\u00e4ra och civila f\u00f6rsvarssystem, var ov\u00e4rderliga. Vi presenterade det skandinaviska v\u00e4rnpliktssystemet, inklusive totalf\u00f6rsvaret, d\u00e4r broschyren, \u201dIn case of crisis or war\u201d och F\u00f6rsvarsmaktens senaste reklamkampanjer p\u00e5 biografer och p\u00e5 TV v\u00e4ckte mycket positivt intresse. N\u00e5got som skiljer sig mycket fr\u00e5n exempelvis det amerikanska systemet d\u00e4r F\u00f6rsvarsmakten \u00e4r en naturlig del av samh\u00e4llet men d\u00e4r till exempel ekonomiska incitament med gratis h\u00e4lsov\u00e5rd och universitets\u00adstudier f\u00f6r milit\u00e4r personal \u00e4r lockbeten f\u00f6r tj\u00e4nstg\u00f6ring.<\/p>\n\n\n\n<p>Kursen \u00e4r l\u00e4mplig f\u00f6r reservofficerare med erfarenhet av arbete p\u00e5 strategisk eller operativ niv\u00e5, som har en aktiv reservofficersroll och ett genuint intresse f\u00f6r svenska och Natostrukturer. Kursen drar verkligen nytta av deltagarnas referensramar f\u00f6r att maximera bidraget till kursens m\u00e5l och v\u00e5ra framtida roller i Natokontexten.<\/p>\n\n\n\n<p><strong>FAKTA<\/strong><\/p>\n\n\n\n<ul class=\"wp-block-list\">\n<li>Plats: NATO School i Oberammergau, Tyskland.<\/li>\n\n\n\n<li>Antal studenter per \u00e5r: +10 000.<\/li>\n\n\n\n<li>Antal deltagare: 22.<\/li>\n\n\n\n<li>Antal l\u00e4nder: Tio, inklusive partnerl\u00e4nderna Irland och Georgien.<\/li>\n\n\n\n<li><strong>Under veckan genomf\u00f6rdes bland annat:<\/strong><\/li>\n\n\n\n<li>NATO Senior Officer Policy Course.<\/li>\n\n\n\n<li>NATO Nuclear Policy Course.<\/li>\n\n\n\n<li>Senior Reserve Officers Course.<\/li>\n\n\n\n<li><strong>S\u00e5 s\u00f6ker du:<\/strong> F\u00f6rbanden utser l\u00e4mpliga personer efter behov och anm\u00e4ler dessa till kurser via MHS H.<\/li>\n<\/ul>\n","protected":false},"excerpt":{"rendered":"<p>F\u00f6rest\u00e4ll dig en vecka i hj\u00e4rtat av Bayern, omgiven av n\u00e5gra av de skarpaste reservofficerarna fr\u00e5n Nato och partnerl\u00e4nder. Det var verkligheten f\u00f6r 22 reservofficerare som deltog i Natos kurs i tyska Oberammergau i september. \u00d6rlogskapten Henrik Forssell var en av deltagarna. H\u00e4r \u00e4r hans beskrivning av kursen: Nato erbjuder tv\u00e5 reservofficers\u00adkurser: &#8221;NATO Reserve Forces &hellip;<\/p>\n","protected":false},"author":1,"featured_media":1855,"comment_status":"closed","ping_status":"closed","sticky":true,"template":"","format":"standard","meta":{"_acf_changed":false,"footnotes":""},"categories":[1],"tags":[],"class_list":["post-1854","post","type-post","status-publish","format-standard","has-post-thumbnail","hentry","category-nyheter"],"acf":[],"yoast_head":"<!-- This site is optimized with the Yoast SEO plugin v27.4 - https:\/\/yoast.com\/product\/yoast-seo-wordpress\/ -->\n<title>Rapport fr\u00e5n Natos RO-kurs\u00a0 - Reservofficeren<\/title>\n<meta name=\"robots\" content=\"index, follow, max-snippet:-1, max-image-preview:large, max-video-preview:-1\" \/>\n<link rel=\"canonical\" href=\"https:\/\/reservofficerarna.se\/reservofficeren\/nyheter\/rapport-fran-natos-ro-kurs\/\" \/>\n<meta property=\"og:locale\" content=\"sv_SE\" \/>\n<meta property=\"og:type\" content=\"article\" \/>\n<meta property=\"og:title\" content=\"Rapport fr\u00e5n Natos RO-kurs\u00a0 - Reservofficeren\" \/>\n<meta property=\"og:description\" content=\"F\u00f6rest\u00e4ll dig en vecka i hj\u00e4rtat av Bayern, omgiven av n\u00e5gra av de skarpaste reservofficerarna fr\u00e5n Nato och partnerl\u00e4nder. Det var verkligheten f\u00f6r 22 reservofficerare som deltog i Natos kurs i tyska Oberammergau i september. \u00d6rlogskapten Henrik Forssell var en av deltagarna. H\u00e4r \u00e4r hans beskrivning av kursen: Nato erbjuder tv\u00e5 reservofficers\u00adkurser: &#8221;NATO Reserve Forces &hellip;\" \/>\n<meta property=\"og:url\" content=\"https:\/\/reservofficerarna.se\/reservofficeren\/nyheter\/rapport-fran-natos-ro-kurs\/\" \/>\n<meta property=\"og:site_name\" content=\"Reservofficeren\" \/>\n<meta property=\"article:published_time\" content=\"2025-11-06T12:31:24+00:00\" \/>\n<meta property=\"og:image\" content=\"https:\/\/reservofficerarna.se\/app\/uploads\/sites\/2\/2025\/11\/natokurs.jpg\" \/>\n\t<meta property=\"og:image:width\" content=\"1920\" \/>\n\t<meta property=\"og:image:height\" content=\"1080\" \/>\n\t<meta property=\"og:image:type\" content=\"image\/jpeg\" \/>\n<meta name=\"author\" content=\"wpreservofficerarna\" \/>\n<meta name=\"twitter:card\" content=\"summary_large_image\" \/>\n<meta name=\"twitter:label1\" content=\"Skriven av\" \/>\n\t<meta name=\"twitter:data1\" content=\"wpreservofficerarna\" \/>\n\t<meta name=\"twitter:label2\" content=\"Ber\u00e4knad l\u00e4stid\" \/>\n\t<meta name=\"twitter:data2\" content=\"3 minuter\" \/>\n<script type=\"application\/ld+json\" class=\"yoast-schema-graph\">{\"@context\":\"https:\\\/\\\/schema.org\",\"@graph\":[{\"@type\":\"Article\",\"@id\":\"https:\\\/\\\/reservofficerarna.se\\\/reservofficeren\\\/nyheter\\\/rapport-fran-natos-ro-kurs\\\/#article\",\"isPartOf\":{\"@id\":\"https:\\\/\\\/reservofficerarna.se\\\/reservofficeren\\\/nyheter\\\/rapport-fran-natos-ro-kurs\\\/\"},\"author\":{\"name\":\"wpreservofficerarna\",\"@id\":\"https:\\\/\\\/staging.reservofficerarna.se\\\/reservofficeren\\\/#\\\/schema\\\/person\\\/d63322fe51ba95c7e32e60a60190148c\"},\"headline\":\"Rapport fr\u00e5n Natos RO-kurs\u00a0\",\"datePublished\":\"2025-11-06T12:31:24+00:00\",\"mainEntityOfPage\":{\"@id\":\"https:\\\/\\\/reservofficerarna.se\\\/reservofficeren\\\/nyheter\\\/rapport-fran-natos-ro-kurs\\\/\"},\"wordCount\":574,\"image\":{\"@id\":\"https:\\\/\\\/reservofficerarna.se\\\/reservofficeren\\\/nyheter\\\/rapport-fran-natos-ro-kurs\\\/#primaryimage\"},\"thumbnailUrl\":\"https:\\\/\\\/reservofficerarna.se\\\/app\\\/uploads\\\/sites\\\/2\\\/2025\\\/11\\\/natokurs.jpg\",\"articleSection\":[\"Nyheter\"],\"inLanguage\":\"sv-SE\"},{\"@type\":\"WebPage\",\"@id\":\"https:\\\/\\\/reservofficerarna.se\\\/reservofficeren\\\/nyheter\\\/rapport-fran-natos-ro-kurs\\\/\",\"url\":\"https:\\\/\\\/reservofficerarna.se\\\/reservofficeren\\\/nyheter\\\/rapport-fran-natos-ro-kurs\\\/\",\"name\":\"Rapport fr\u00e5n Natos RO-kurs\u00a0 - Reservofficeren\",\"isPartOf\":{\"@id\":\"https:\\\/\\\/staging.reservofficerarna.se\\\/reservofficeren\\\/#website\"},\"primaryImageOfPage\":{\"@id\":\"https:\\\/\\\/reservofficerarna.se\\\/reservofficeren\\\/nyheter\\\/rapport-fran-natos-ro-kurs\\\/#primaryimage\"},\"image\":{\"@id\":\"https:\\\/\\\/reservofficerarna.se\\\/reservofficeren\\\/nyheter\\\/rapport-fran-natos-ro-kurs\\\/#primaryimage\"},\"thumbnailUrl\":\"https:\\\/\\\/reservofficerarna.se\\\/app\\\/uploads\\\/sites\\\/2\\\/2025\\\/11\\\/natokurs.jpg\",\"datePublished\":\"2025-11-06T12:31:24+00:00\",\"author\":{\"@id\":\"https:\\\/\\\/staging.reservofficerarna.se\\\/reservofficeren\\\/#\\\/schema\\\/person\\\/d63322fe51ba95c7e32e60a60190148c\"},\"breadcrumb\":{\"@id\":\"https:\\\/\\\/reservofficerarna.se\\\/reservofficeren\\\/nyheter\\\/rapport-fran-natos-ro-kurs\\\/#breadcrumb\"},\"inLanguage\":\"sv-SE\",\"potentialAction\":[{\"@type\":\"ReadAction\",\"target\":[\"https:\\\/\\\/reservofficerarna.se\\\/reservofficeren\\\/nyheter\\\/rapport-fran-natos-ro-kurs\\\/\"]}]},{\"@type\":\"ImageObject\",\"inLanguage\":\"sv-SE\",\"@id\":\"https:\\\/\\\/reservofficerarna.se\\\/reservofficeren\\\/nyheter\\\/rapport-fran-natos-ro-kurs\\\/#primaryimage\",\"url\":\"https:\\\/\\\/reservofficerarna.se\\\/app\\\/uploads\\\/sites\\\/2\\\/2025\\\/11\\\/natokurs.jpg\",\"contentUrl\":\"https:\\\/\\\/reservofficerarna.se\\\/app\\\/uploads\\\/sites\\\/2\\\/2025\\\/11\\\/natokurs.jpg\",\"width\":1920,\"height\":1080,\"caption\":\"Generalmajor Michael Cherinet och \u00f6verstel\u00f6jtnant Anders Wedin, studenter p\u00e5 Senior Officer Policy Course samt \u00f6rlogskapten Henrik Forssell och kapten Lennart Bergstr\u00f6m, studenter p\u00e5 Senior Reserve Officers Course.\"},{\"@type\":\"BreadcrumbList\",\"@id\":\"https:\\\/\\\/reservofficerarna.se\\\/reservofficeren\\\/nyheter\\\/rapport-fran-natos-ro-kurs\\\/#breadcrumb\",\"itemListElement\":[{\"@type\":\"ListItem\",\"position\":1,\"name\":\"Hem\",\"item\":\"https:\\\/\\\/reservofficerarna.se\\\/reservofficeren\\\/\"},{\"@type\":\"ListItem\",\"position\":2,\"name\":\"Rapport fr\u00e5n Natos RO-kurs\u00a0\"}]},{\"@type\":\"WebSite\",\"@id\":\"https:\\\/\\\/staging.reservofficerarna.se\\\/reservofficeren\\\/#website\",\"url\":\"https:\\\/\\\/staging.reservofficerarna.se\\\/reservofficeren\\\/\",\"name\":\"Reservofficeren\",\"description\":\"F\u00f6rbundet Reservofficerarnas tidning\",\"potentialAction\":[{\"@type\":\"SearchAction\",\"target\":{\"@type\":\"EntryPoint\",\"urlTemplate\":\"https:\\\/\\\/staging.reservofficerarna.se\\\/reservofficeren\\\/?s={search_term_string}\"},\"query-input\":{\"@type\":\"PropertyValueSpecification\",\"valueRequired\":true,\"valueName\":\"search_term_string\"}}],\"inLanguage\":\"sv-SE\"},{\"@type\":\"Person\",\"@id\":\"https:\\\/\\\/staging.reservofficerarna.se\\\/reservofficeren\\\/#\\\/schema\\\/person\\\/d63322fe51ba95c7e32e60a60190148c\",\"name\":\"wpreservofficerarna\",\"sameAs\":[\"https:\\\/\\\/reservofficerarna.se\\\/wp\"]}]}<\/script>\n<!-- \/ Yoast SEO plugin. -->","yoast_head_json":{"title":"Rapport fr\u00e5n Natos RO-kurs\u00a0 - Reservofficeren","robots":{"index":"index","follow":"follow","max-snippet":"max-snippet:-1","max-image-preview":"max-image-preview:large","max-video-preview":"max-video-preview:-1"},"canonical":"https:\/\/reservofficerarna.se\/reservofficeren\/nyheter\/rapport-fran-natos-ro-kurs\/","og_locale":"sv_SE","og_type":"article","og_title":"Rapport fr\u00e5n Natos RO-kurs\u00a0 - Reservofficeren","og_description":"F\u00f6rest\u00e4ll dig en vecka i hj\u00e4rtat av Bayern, omgiven av n\u00e5gra av de skarpaste reservofficerarna fr\u00e5n Nato och partnerl\u00e4nder. Det var verkligheten f\u00f6r 22 reservofficerare som deltog i Natos kurs i tyska Oberammergau i september. \u00d6rlogskapten Henrik Forssell var en av deltagarna. H\u00e4r \u00e4r hans beskrivning av kursen: Nato erbjuder tv\u00e5 reservofficers\u00adkurser: &#8221;NATO Reserve Forces &hellip;","og_url":"https:\/\/reservofficerarna.se\/reservofficeren\/nyheter\/rapport-fran-natos-ro-kurs\/","og_site_name":"Reservofficeren","article_published_time":"2025-11-06T12:31:24+00:00","og_image":[{"width":1920,"height":1080,"url":"https:\/\/reservofficerarna.se\/app\/uploads\/sites\/2\/2025\/11\/natokurs.jpg","type":"image\/jpeg"}],"author":"wpreservofficerarna","twitter_card":"summary_large_image","twitter_misc":{"Skriven av":"wpreservofficerarna","Ber\u00e4knad l\u00e4stid":"3 minuter"},"schema":{"@context":"https:\/\/schema.org","@graph":[{"@type":"Article","@id":"https:\/\/reservofficerarna.se\/reservofficeren\/nyheter\/rapport-fran-natos-ro-kurs\/#article","isPartOf":{"@id":"https:\/\/reservofficerarna.se\/reservofficeren\/nyheter\/rapport-fran-natos-ro-kurs\/"},"author":{"name":"wpreservofficerarna","@id":"https:\/\/staging.reservofficerarna.se\/reservofficeren\/#\/schema\/person\/d63322fe51ba95c7e32e60a60190148c"},"headline":"Rapport fr\u00e5n Natos RO-kurs\u00a0","datePublished":"2025-11-06T12:31:24+00:00","mainEntityOfPage":{"@id":"https:\/\/reservofficerarna.se\/reservofficeren\/nyheter\/rapport-fran-natos-ro-kurs\/"},"wordCount":574,"image":{"@id":"https:\/\/reservofficerarna.se\/reservofficeren\/nyheter\/rapport-fran-natos-ro-kurs\/#primaryimage"},"thumbnailUrl":"https:\/\/reservofficerarna.se\/app\/uploads\/sites\/2\/2025\/11\/natokurs.jpg","articleSection":["Nyheter"],"inLanguage":"sv-SE"},{"@type":"WebPage","@id":"https:\/\/reservofficerarna.se\/reservofficeren\/nyheter\/rapport-fran-natos-ro-kurs\/","url":"https:\/\/reservofficerarna.se\/reservofficeren\/nyheter\/rapport-fran-natos-ro-kurs\/","name":"Rapport fr\u00e5n Natos RO-kurs\u00a0 - Reservofficeren","isPartOf":{"@id":"https:\/\/staging.reservofficerarna.se\/reservofficeren\/#website"},"primaryImageOfPage":{"@id":"https:\/\/reservofficerarna.se\/reservofficeren\/nyheter\/rapport-fran-natos-ro-kurs\/#primaryimage"},"image":{"@id":"https:\/\/reservofficerarna.se\/reservofficeren\/nyheter\/rapport-fran-natos-ro-kurs\/#primaryimage"},"thumbnailUrl":"https:\/\/reservofficerarna.se\/app\/uploads\/sites\/2\/2025\/11\/natokurs.jpg","datePublished":"2025-11-06T12:31:24+00:00","author":{"@id":"https:\/\/staging.reservofficerarna.se\/reservofficeren\/#\/schema\/person\/d63322fe51ba95c7e32e60a60190148c"},"breadcrumb":{"@id":"https:\/\/reservofficerarna.se\/reservofficeren\/nyheter\/rapport-fran-natos-ro-kurs\/#breadcrumb"},"inLanguage":"sv-SE","potentialAction":[{"@type":"ReadAction","target":["https:\/\/reservofficerarna.se\/reservofficeren\/nyheter\/rapport-fran-natos-ro-kurs\/"]}]},{"@type":"ImageObject","inLanguage":"sv-SE","@id":"https:\/\/reservofficerarna.se\/reservofficeren\/nyheter\/rapport-fran-natos-ro-kurs\/#primaryimage","url":"https:\/\/reservofficerarna.se\/app\/uploads\/sites\/2\/2025\/11\/natokurs.jpg","contentUrl":"https:\/\/reservofficerarna.se\/app\/uploads\/sites\/2\/2025\/11\/natokurs.jpg","width":1920,"height":1080,"caption":"Generalmajor Michael Cherinet och \u00f6verstel\u00f6jtnant Anders Wedin, studenter p\u00e5 Senior Officer Policy Course samt \u00f6rlogskapten Henrik Forssell och kapten Lennart Bergstr\u00f6m, studenter p\u00e5 Senior Reserve Officers Course."},{"@type":"BreadcrumbList","@id":"https:\/\/reservofficerarna.se\/reservofficeren\/nyheter\/rapport-fran-natos-ro-kurs\/#breadcrumb","itemListElement":[{"@type":"ListItem","position":1,"name":"Hem","item":"https:\/\/reservofficerarna.se\/reservofficeren\/"},{"@type":"ListItem","position":2,"name":"Rapport fr\u00e5n Natos RO-kurs\u00a0"}]},{"@type":"WebSite","@id":"https:\/\/staging.reservofficerarna.se\/reservofficeren\/#website","url":"https:\/\/staging.reservofficerarna.se\/reservofficeren\/","name":"Reservofficeren","description":"F\u00f6rbundet Reservofficerarnas tidning","potentialAction":[{"@type":"SearchAction","target":{"@type":"EntryPoint","urlTemplate":"https:\/\/staging.reservofficerarna.se\/reservofficeren\/?s={search_term_string}"},"query-input":{"@type":"PropertyValueSpecification","valueRequired":true,"valueName":"search_term_string"}}],"inLanguage":"sv-SE"},{"@type":"Person","@id":"https:\/\/staging.reservofficerarna.se\/reservofficeren\/#\/schema\/person\/d63322fe51ba95c7e32e60a60190148c","name":"wpreservofficerarna","sameAs":["https:\/\/reservofficerarna.se\/wp"]}]}},"_links":{"self":[{"href":"https:\/\/reservofficerarna.se\/reservofficeren\/wp-json\/wp\/v2\/posts\/1854","targetHints":{"allow":["GET"]}}],"collection":[{"href":"https:\/\/reservofficerarna.se\/reservofficeren\/wp-json\/wp\/v2\/posts"}],"about":[{"href":"https:\/\/reservofficerarna.se\/reservofficeren\/wp-json\/wp\/v2\/types\/post"}],"author":[{"embeddable":true,"href":"https:\/\/reservofficerarna.se\/reservofficeren\/wp-json\/wp\/v2\/users\/1"}],"replies":[{"embeddable":true,"href":"https:\/\/reservofficerarna.se\/reservofficeren\/wp-json\/wp\/v2\/comments?post=1854"}],"version-history":[{"count":5,"href":"https:\/\/reservofficerarna.se\/reservofficeren\/wp-json\/wp\/v2\/posts\/1854\/revisions"}],"predecessor-version":[{"id":1883,"href":"https:\/\/reservofficerarna.se\/reservofficeren\/wp-json\/wp\/v2\/posts\/1854\/revisions\/1883"}],"wp:featuredmedia":[{"embeddable":true,"href":"https:\/\/reservofficerarna.se\/reservofficeren\/wp-json\/wp\/v2\/media\/1855"}],"wp:attachment":[{"href":"https:\/\/reservofficerarna.se\/reservofficeren\/wp-json\/wp\/v2\/media?parent=1854"}],"wp:term":[{"taxonomy":"category","embeddable":true,"href":"https:\/\/reservofficerarna.se\/reservofficeren\/wp-json\/wp\/v2\/categories?post=1854"},{"taxonomy":"post_tag","embeddable":true,"href":"https:\/\/reservofficerarna.se\/reservofficeren\/wp-json\/wp\/v2\/tags?post=1854"}],"curies":[{"name":"wp","href":"https:\/\/api.w.org\/{rel}","templated":true}]}}