{"id":1905,"date":"2025-12-10T08:00:00","date_gmt":"2025-12-10T07:00:00","guid":{"rendered":"https:\/\/reservofficerarna.se\/reservofficeren\/?p=1905"},"modified":"2025-12-01T15:19:44","modified_gmt":"2025-12-01T14:19:44","slug":"bade-ris-och-ros-tillregeringens-utredning","status":"publish","type":"post","link":"https:\/\/reservofficerarna.se\/reservofficeren\/nyheter\/bade-ris-och-ros-tillregeringens-utredning\/","title":{"rendered":"B\u00e5de ris och ros tillregeringens utredning"},"content":{"rendered":"\n<p class=\"has-lead-text-font-size\">R\u00e4tt till ledighet och h\u00f6jd v\u00e4rnplikts\u00e5lder f\u00f6r officerare \u00e4r n\u00e5gra av f\u00f6rslagen i utredningen Redo! \u201dB\u00e5de bra och d\u00e5liga id\u00e9er, allts\u00e5. Vi skulle vilja se fler f\u00f6rslag p\u00e5 incitament f\u00f6r reservofficerare att tj\u00e4nstg\u00f6ra\u201d, s\u00e4ger Magnus Konradsson, ordf\u00f6rande f\u00f6r F\u00f6rbundet Reservofficerarna.<\/p>\n\n\n\n<p>N\u00e4r det milit\u00e4ra f\u00f6rsvaret snabbt ska expandera \u00e4r personalf\u00f6rs\u00f6rjningen en central utmaning. D\u00e4rf\u00f6r tillsatte regeringen en utredning f\u00f6r att ta fram underlag till politiska beslut som kr\u00e4vs f\u00f6r en tillr\u00e4cklig personalf\u00f6rs\u00f6rjning av f\u00f6rsvaret. Reserv\u00adofficerares r\u00e4tt till tj\u00e4nstledighet var en av fr\u00e5gorna som utredaren, generalmajoren Roland Ekenberg, skulle analysera. F\u00f6rbundet Reserv\u00adofficerarna bidrog till utredningen p\u00e5 flera s\u00e4tt, inte minst i den s\u00e4rskilde utredarens referensgrupp.<\/p>\n\n\n\n<p>I somras \u00f6verl\u00e4mnade utredaren sitt bet\u00e4nkande (SOU 2025:86) till regeringen. I b\u00f6rjan av h\u00f6sten gick utredningen ut p\u00e5 remiss. F\u00f6rbundet Reservofficerarna har nu l\u00e4mnat in sitt remissvar, som beslutades av f\u00f6rbundsstyrelsen i slutet av oktober.<\/p>\n\n\n\n<p>Bland utredningens f\u00f6rslag finns lagstadgad r\u00e4tt till tj\u00e4nstledighet f\u00f6r reservofficerare f\u00f6r att deras civila arbetsgivare ska k\u00e4nna sig trygga i vad som g\u00e4ller. UHR f\u00f6resl\u00e5s \u00e4ndra sina f\u00f6reskrifter s\u00e5 att reservofficersutbildning och -tj\u00e4nstg\u00f6ring \u00e4r sk\u00e4l f\u00f6r studieuppeh\u00e5ll och anst\u00e5nd med studiestart.<\/p>\n\n\n<div class=\"wp-block-image\">\n<figure class=\"portrait alignleft size-large is-resized\"><img loading=\"lazy\" decoding=\"async\" width=\"595\" height=\"900\" src=\"https:\/\/reservofficerarna.se\/app\/uploads\/sites\/2\/2024\/10\/konradsson-allvarlig-595x900.jpg\" alt=\"\" class=\"wp-image-1350\" style=\"aspect-ratio:0.6611111111111111;width:180px;height:auto\" srcset=\"https:\/\/reservofficerarna.se\/app\/uploads\/sites\/2\/2024\/10\/konradsson-allvarlig-595x900.jpg 595w, https:\/\/reservofficerarna.se\/app\/uploads\/sites\/2\/2024\/10\/konradsson-allvarlig-397x600.jpg 397w, https:\/\/reservofficerarna.se\/app\/uploads\/sites\/2\/2024\/10\/konradsson-allvarlig-800x1211.jpg 800w, https:\/\/reservofficerarna.se\/app\/uploads\/sites\/2\/2024\/10\/konradsson-allvarlig-1015x1536.jpg 1015w, https:\/\/reservofficerarna.se\/app\/uploads\/sites\/2\/2024\/10\/konradsson-allvarlig-300x454.jpg 300w, https:\/\/reservofficerarna.se\/app\/uploads\/sites\/2\/2024\/10\/konradsson-allvarlig.jpg 1284w\" sizes=\"auto, (max-width: 595px) 100vw, 595px\" \/><figcaption class=\"font-sans mt-2 text-sm md:text-base\" class=\"wp-element-caption\">Magnus Konradsson.<\/figcaption><\/figure>\n<\/div>\n\n\n<p>\u2013 Detta \u00e4r en fr\u00e5ga som f\u00f6rbundet jobbat l\u00e4nge f\u00f6r och som egentligen \u00e4r en sj\u00e4lvklarhet. Nu \u00e5terst\u00e5r f\u00f6r regeringen att snabbt oms\u00e4tta f\u00f6rslaget i ett konkret lagf\u00f6rslag, s\u00e4ger Magnus Konradsson.<\/p>\n\n\n\n<p>Tj\u00e4nstg\u00f6ringsskyldigheten i fredstid ska fortsatt regleras genom anst\u00e4llningsavtalet, f\u00f6resl\u00e5r utredaren. I h\u00e4ndelse av krig eller h\u00f6jd beredskap \u00e4r reservofficerare skyldiga att tj\u00e4nstg\u00f6ra p\u00e5 samma s\u00e4tt som v\u00e4rnpliktiga. I praktiken inneb\u00e4r detta att det blir upp till fack och arbetsgivare att genom kollektivavtal komma \u00f6verens om formerna f\u00f6r reservofficersanst\u00e4llningen. Idag sker detta genom att alla ska ha en tj\u00e4nstg\u00f6ringsplan som tas fram i dialog mellan F\u00f6rsvarsmakten och enskild reservofficer.<\/p>\n\n\n\n<p>\u2013 Det \u00e4r bra att utredningen respekterar den svenska modellen, s\u00e4ger Magnus Konradsson.<\/p>\n\n\n\n<p>F\u00f6rbundet \u00e4r d\u00e4remot starkt kritiskt till f\u00f6rslaget om f\u00f6rl\u00e4ngd v\u00e4rnplikt f\u00f6r f\u00f6re detta officerare. De som har milit\u00e4r grundutbildning och inte \u00e4r anst\u00e4llda av F\u00f6rsvarsmakten kan ianspr\u00e5ktas med v\u00e4rnplikt, dock som l\u00e4ngst till \u00e5ret de fyller 47 \u00e5r. Enligt f\u00f6rslaget skulle de som n\u00e5gon g\u00e5ng varit anst\u00e4llda som officer kunna ianspr\u00e5ktas med v\u00e4rnplikt till \u00e5ret de fyller 70 \u00e5r, dock enbart under h\u00f6jd beredskap. Det \u00e4r mycket ingripande f\u00f6r de enskilda som ber\u00f6rs och bidrar dessutom inte till en trov\u00e4rdig krigsorganisation.<\/p>\n\n\n\n<p>\u2013 Eftersom f\u00f6rl\u00e4ngd v\u00e4rnplikts\u00ad\u00e5lder bara skulle g\u00e4lla vid h\u00f6jd beredskap skulle en officer som s\u00e4ger upp sig vid 25 \u00e5rs \u00e5lder vara skyldig att tj\u00e4nstg\u00f6ra drygt 40 \u00e5r senare utan \u00f6vning, s\u00e4ger Magnus Konradsson.<\/p>\n\n\n\n<p>F\u00f6rbundet Reservofficerarna f\u00f6re\u00adspr\u00e5kar ist\u00e4llet att F\u00f6rsvarsmakten ska vara en s\u00e5 attraktiv arbetsgivare att samtliga officerare stannar kvar i myndigheten som reservofficerare. D\u00e5 kan tj\u00e4nsteplikt anv\u00e4ndas ist\u00e4llet f\u00f6r v\u00e4rnplikt.<\/p>\n\n\n\n<p>F\u00f6rbundet \u00e4r ocks\u00e5 kritiskt till att 3\/8-regeln i officersf\u00f6rordningen inte f\u00f6resl\u00e5s avskaffas, d\u00e5 den hindrar F\u00f6rsvarsmakten fr\u00e5n att anst\u00e4lla reservofficerare som vill tj\u00e4nstg\u00f6ra i grundorganisationen.<\/p>\n\n\n\n<p>F\u00f6rordningsbest\u00e4mmelsen hindrar allts\u00e5 F\u00f6rsvarsmakten att anst\u00e4lla reservofficerare som vill tj\u00e4nstg\u00f6ra och som myndigheten beh\u00f6ver, i en tid av personalbrist och tillv\u00e4xtbehov.<\/p>\n\n\n\n<p>\u2013 V\u00e5r bed\u00f6mning \u00e4r att myndigheten beh\u00f6ver alla goda krafter som finns och att regeln idag hindrar tillv\u00e4xten av det milit\u00e4ra f\u00f6rsvaret, s\u00e4ger Magnus Konradsson.<\/p>\n\n\n\n<p><strong>KOMMENTARER FR\u00c5N N\u00c5GRA REMISSINSTANSER<\/strong><\/p>\n\n\n\n<p><strong>SME-D<\/strong>:<br>P\u00e5talar hur sm\u00e5 och medelstora f\u00f6rsvarsf\u00f6retag p\u00e5verkas n\u00e4r personal ianspr\u00e5kstas av F\u00f6rsvarsmakten. Man ser risk att f\u00f6retagen v\u00e4ljer bort personer med milit\u00e4r anknytning. SMED-S f\u00f6resl\u00e5r statligt st\u00f6d f\u00f6r att t\u00e4cka kostnaderna och skatteavdrag f\u00f6r vikariekostnader.<\/p>\n\n\n\n<p><strong>SKR<\/strong>:<br>Tillstyrker att reservofficerare ska f\u00e5 l\u00f6neutfyllnad, men att den ska betalas av F\u00f6rsvarsmakten och inte den civila arbetsgivaren.<\/p>\n\n\n\n<p><strong>UHR<\/strong>:<br>Universitet och h\u00f6gskoler\u00e5det st\u00e4ller sig positivt till att se \u00f6ver formuleringarna s\u00e5 att reservofficerare kan f\u00e5 anst\u00e5nd med studier samt studieuppeh\u00e5ll.<\/p>\n\n\n\n<p><strong>F\u00f6rsvarsmakten<\/strong>:<br>Tillstyrker f\u00f6rslaget om att f\u00f6rl\u00e4nga v\u00e4rnplikts\u00e5ldern f\u00f6r fd yrkes- och reservofficerare till 70 \u00e5r.<\/p>\n\n\n\n<p>Vill att det ska framg\u00e5 av officersf\u00f6rordningen att reservofficeren \u00e4r skyldig att tj\u00e4nstg\u00f6ra vid h\u00f6jd beredskap och n\u00e4r totalf\u00f6rsvarspliktiga \u00e4r skyldiga att fullg\u00f6ra beredskapstj\u00e4nstg\u00f6ring. Vill att tidvis tj\u00e4nstg\u00f6rande personal ska vara skyldig att tj\u00e4nstg\u00f6ra vid \u00d6B Givakt och \u00d6B aktivering.<\/p>\n\n\n\n<p>Tillstyrker att det ska inf\u00f6ras uttrycklig laglig r\u00e4tt f\u00f6r tj\u00e4nstledighet fr\u00e5n civil anst\u00e4llning.<\/p>\n\n\n\n<p>Anser att 3\/8-regeln b\u00f6r f\u00f6r\u00e4ndras. Exempelvis skulle perioden kunna f\u00f6rl\u00e4ngas till fyra \u00e5r under en \u00e5tta\u00e5rsperiod, skriver F\u00f6rsvarsmakten. Det b\u00f6r finnas m\u00f6jlighet f\u00f6r en reservofficer att anst\u00e4llas som RO 2 l\u00e4ngre om det b\u00e5de finns behov fr\u00e5n F\u00f6rsvarsmaktens sida och \u00f6nskem\u00e5l fr\u00e5n reserv\u00adofficerens sida. F\u00f6r att skydda den civila arbetsgivaren b\u00f6r skyddet f\u00f6r anst\u00e4llning vid viss tj\u00e4nstg\u00f6ring inom totalf\u00f6rsvaret mm upph\u00f6ra n\u00e4r reservofficeren tj\u00e4nstgjort ut\u00f6ver vad 3\/8-regeln medger. Konsekvenserna av f\u00f6rslaget beh\u00f6ver dock utredas ytterligare innan tidsbegr\u00e4nsningen kan tas bort.<\/p>\n\n\n\n<p><strong>Officersf\u00f6rbundet<\/strong>:<br>Avstyrker f\u00f6rslaget om att f\u00f6rl\u00e4nga v\u00e4rnplikts\u00e5ldern f\u00f6r fd officerare till 70 \u00e5r och anser att tj\u00e4nstg\u00f6ringsskyldigheten b\u00f6r regleras i anst\u00e4llningsavtalet.<br>Vad g\u00e4ller 3\/8-regeln vill man ha kvar den.<\/p>\n\n\n\n<p>Officersf\u00f6rbundet skriver: \u201dEmellertid kan och ska inte en reservofficer ers\u00e4tta en yrkesofficer i F\u00f6rsvarsmaktens grundorganisation rent generellt sett. Den professionella yrkesofficeren djupa och breda yrkeskunskaper m\u00e5ste v\u00e4rnas, varf\u00f6r en uppluckring av 3\/8-regeln skulle kunna leda till att reserv\u00adofficerare anst\u00e4lls tills vidare utan bortre gr\u00e4ns. Det \u00e4r d\u00e4rf\u00f6r bra att 3\/8-regeln f\u00f6resl\u00e5s bibeh\u00e5llas, det borgar f\u00f6r en professionell yrkesofficersk\u00e5r och d\u00e4r risken f\u00f6r att mindre rutinerade och erfarna reserv\u00adofficerare anst\u00e4lls ist\u00e4llet f\u00f6r yrkesofficerare \u2013 det \u00e4r att v\u00e4rna F\u00f6rsvarsmaktens operativa effekt och professionalism\u201d.<\/p>\n\n\n\n<p>L\u00e4s remissvaren i sin helhet <a href=\"https:\/\/www.regeringen.se\/remisser\/2025\/08\/remiss-av-sou-202586-redo-en-utredning-om-personalforsorjningen-av-det-militara-forsvaret\/\">h\u00e4r<\/a><\/p>\n","protected":false},"excerpt":{"rendered":"<p>R\u00e4tt till ledighet och h\u00f6jd v\u00e4rnplikts\u00e5lder f\u00f6r officerare \u00e4r n\u00e5gra av f\u00f6rslagen i utredningen Redo! \u201dB\u00e5de bra och d\u00e5liga id\u00e9er, allts\u00e5. Vi skulle vilja se fler f\u00f6rslag p\u00e5 incitament f\u00f6r reservofficerare att tj\u00e4nstg\u00f6ra\u201d, s\u00e4ger Magnus Konradsson, ordf\u00f6rande f\u00f6r F\u00f6rbundet Reservofficerarna. N\u00e4r det milit\u00e4ra f\u00f6rsvaret snabbt ska expandera \u00e4r personalf\u00f6rs\u00f6rjningen en central utmaning. D\u00e4rf\u00f6r tillsatte regeringen &hellip;<\/p>\n","protected":false},"author":1,"featured_media":1906,"comment_status":"closed","ping_status":"closed","sticky":true,"template":"","format":"standard","meta":{"_acf_changed":false,"footnotes":""},"categories":[1],"tags":[],"class_list":["post-1905","post","type-post","status-publish","format-standard","has-post-thumbnail","hentry","category-nyheter"],"acf":[],"yoast_head":"<!-- This site is optimized with the Yoast SEO plugin v27.4 - https:\/\/yoast.com\/product\/yoast-seo-wordpress\/ -->\n<title>B\u00e5de ris och ros tillregeringens utredning - Reservofficeren<\/title>\n<meta name=\"robots\" content=\"index, follow, max-snippet:-1, max-image-preview:large, max-video-preview:-1\" \/>\n<link rel=\"canonical\" href=\"https:\/\/reservofficerarna.se\/reservofficeren\/nyheter\/bade-ris-och-ros-tillregeringens-utredning\/\" \/>\n<meta property=\"og:locale\" content=\"sv_SE\" \/>\n<meta property=\"og:type\" content=\"article\" \/>\n<meta property=\"og:title\" content=\"B\u00e5de ris och ros tillregeringens utredning - Reservofficeren\" \/>\n<meta property=\"og:description\" content=\"R\u00e4tt till ledighet och h\u00f6jd v\u00e4rnplikts\u00e5lder f\u00f6r officerare \u00e4r n\u00e5gra av f\u00f6rslagen i utredningen Redo! \u201dB\u00e5de bra och d\u00e5liga id\u00e9er, allts\u00e5. Vi skulle vilja se fler f\u00f6rslag p\u00e5 incitament f\u00f6r reservofficerare att tj\u00e4nstg\u00f6ra\u201d, s\u00e4ger Magnus Konradsson, ordf\u00f6rande f\u00f6r F\u00f6rbundet Reservofficerarna. N\u00e4r det milit\u00e4ra f\u00f6rsvaret snabbt ska expandera \u00e4r personalf\u00f6rs\u00f6rjningen en central utmaning. D\u00e4rf\u00f6r tillsatte regeringen &hellip;\" \/>\n<meta property=\"og:url\" content=\"https:\/\/reservofficerarna.se\/reservofficeren\/nyheter\/bade-ris-och-ros-tillregeringens-utredning\/\" \/>\n<meta property=\"og:site_name\" content=\"Reservofficeren\" \/>\n<meta property=\"article:published_time\" content=\"2025-12-10T07:00:00+00:00\" \/>\n<meta property=\"og:image\" content=\"https:\/\/reservofficerarna.se\/app\/uploads\/sites\/2\/2025\/12\/dragare-ris-och-ros.jpg\" \/>\n\t<meta property=\"og:image:width\" content=\"1920\" \/>\n\t<meta property=\"og:image:height\" content=\"1080\" \/>\n\t<meta property=\"og:image:type\" content=\"image\/jpeg\" \/>\n<meta name=\"author\" content=\"wpreservofficerarna\" \/>\n<meta name=\"twitter:card\" content=\"summary_large_image\" \/>\n<meta name=\"twitter:label1\" content=\"Skriven av\" \/>\n\t<meta name=\"twitter:data1\" content=\"wpreservofficerarna\" \/>\n\t<meta name=\"twitter:label2\" content=\"Ber\u00e4knad l\u00e4stid\" \/>\n\t<meta name=\"twitter:data2\" content=\"5 minuter\" \/>\n<script type=\"application\/ld+json\" class=\"yoast-schema-graph\">{\"@context\":\"https:\\\/\\\/schema.org\",\"@graph\":[{\"@type\":\"Article\",\"@id\":\"https:\\\/\\\/reservofficerarna.se\\\/reservofficeren\\\/nyheter\\\/bade-ris-och-ros-tillregeringens-utredning\\\/#article\",\"isPartOf\":{\"@id\":\"https:\\\/\\\/reservofficerarna.se\\\/reservofficeren\\\/nyheter\\\/bade-ris-och-ros-tillregeringens-utredning\\\/\"},\"author\":{\"name\":\"wpreservofficerarna\",\"@id\":\"https:\\\/\\\/staging.reservofficerarna.se\\\/reservofficeren\\\/#\\\/schema\\\/person\\\/d63322fe51ba95c7e32e60a60190148c\"},\"headline\":\"B\u00e5de ris och ros tillregeringens utredning\",\"datePublished\":\"2025-12-10T07:00:00+00:00\",\"mainEntityOfPage\":{\"@id\":\"https:\\\/\\\/reservofficerarna.se\\\/reservofficeren\\\/nyheter\\\/bade-ris-och-ros-tillregeringens-utredning\\\/\"},\"wordCount\":1129,\"image\":{\"@id\":\"https:\\\/\\\/reservofficerarna.se\\\/reservofficeren\\\/nyheter\\\/bade-ris-och-ros-tillregeringens-utredning\\\/#primaryimage\"},\"thumbnailUrl\":\"https:\\\/\\\/reservofficerarna.se\\\/app\\\/uploads\\\/sites\\\/2\\\/2025\\\/12\\\/dragare-ris-och-ros.jpg\",\"articleSection\":[\"Nyheter\"],\"inLanguage\":\"sv-SE\"},{\"@type\":\"WebPage\",\"@id\":\"https:\\\/\\\/reservofficerarna.se\\\/reservofficeren\\\/nyheter\\\/bade-ris-och-ros-tillregeringens-utredning\\\/\",\"url\":\"https:\\\/\\\/reservofficerarna.se\\\/reservofficeren\\\/nyheter\\\/bade-ris-och-ros-tillregeringens-utredning\\\/\",\"name\":\"B\u00e5de ris och ros tillregeringens utredning - Reservofficeren\",\"isPartOf\":{\"@id\":\"https:\\\/\\\/staging.reservofficerarna.se\\\/reservofficeren\\\/#website\"},\"primaryImageOfPage\":{\"@id\":\"https:\\\/\\\/reservofficerarna.se\\\/reservofficeren\\\/nyheter\\\/bade-ris-och-ros-tillregeringens-utredning\\\/#primaryimage\"},\"image\":{\"@id\":\"https:\\\/\\\/reservofficerarna.se\\\/reservofficeren\\\/nyheter\\\/bade-ris-och-ros-tillregeringens-utredning\\\/#primaryimage\"},\"thumbnailUrl\":\"https:\\\/\\\/reservofficerarna.se\\\/app\\\/uploads\\\/sites\\\/2\\\/2025\\\/12\\\/dragare-ris-och-ros.jpg\",\"datePublished\":\"2025-12-10T07:00:00+00:00\",\"author\":{\"@id\":\"https:\\\/\\\/staging.reservofficerarna.se\\\/reservofficeren\\\/#\\\/schema\\\/person\\\/d63322fe51ba95c7e32e60a60190148c\"},\"breadcrumb\":{\"@id\":\"https:\\\/\\\/reservofficerarna.se\\\/reservofficeren\\\/nyheter\\\/bade-ris-och-ros-tillregeringens-utredning\\\/#breadcrumb\"},\"inLanguage\":\"sv-SE\",\"potentialAction\":[{\"@type\":\"ReadAction\",\"target\":[\"https:\\\/\\\/reservofficerarna.se\\\/reservofficeren\\\/nyheter\\\/bade-ris-och-ros-tillregeringens-utredning\\\/\"]}]},{\"@type\":\"ImageObject\",\"inLanguage\":\"sv-SE\",\"@id\":\"https:\\\/\\\/reservofficerarna.se\\\/reservofficeren\\\/nyheter\\\/bade-ris-och-ros-tillregeringens-utredning\\\/#primaryimage\",\"url\":\"https:\\\/\\\/reservofficerarna.se\\\/app\\\/uploads\\\/sites\\\/2\\\/2025\\\/12\\\/dragare-ris-och-ros.jpg\",\"contentUrl\":\"https:\\\/\\\/reservofficerarna.se\\\/app\\\/uploads\\\/sites\\\/2\\\/2025\\\/12\\\/dragare-ris-och-ros.jpg\",\"width\":1920,\"height\":1080},{\"@type\":\"BreadcrumbList\",\"@id\":\"https:\\\/\\\/reservofficerarna.se\\\/reservofficeren\\\/nyheter\\\/bade-ris-och-ros-tillregeringens-utredning\\\/#breadcrumb\",\"itemListElement\":[{\"@type\":\"ListItem\",\"position\":1,\"name\":\"Hem\",\"item\":\"https:\\\/\\\/reservofficerarna.se\\\/reservofficeren\\\/\"},{\"@type\":\"ListItem\",\"position\":2,\"name\":\"B\u00e5de ris och ros tillregeringens utredning\"}]},{\"@type\":\"WebSite\",\"@id\":\"https:\\\/\\\/staging.reservofficerarna.se\\\/reservofficeren\\\/#website\",\"url\":\"https:\\\/\\\/staging.reservofficerarna.se\\\/reservofficeren\\\/\",\"name\":\"Reservofficeren\",\"description\":\"F\u00f6rbundet Reservofficerarnas tidning\",\"potentialAction\":[{\"@type\":\"SearchAction\",\"target\":{\"@type\":\"EntryPoint\",\"urlTemplate\":\"https:\\\/\\\/staging.reservofficerarna.se\\\/reservofficeren\\\/?s={search_term_string}\"},\"query-input\":{\"@type\":\"PropertyValueSpecification\",\"valueRequired\":true,\"valueName\":\"search_term_string\"}}],\"inLanguage\":\"sv-SE\"},{\"@type\":\"Person\",\"@id\":\"https:\\\/\\\/staging.reservofficerarna.se\\\/reservofficeren\\\/#\\\/schema\\\/person\\\/d63322fe51ba95c7e32e60a60190148c\",\"name\":\"wpreservofficerarna\",\"sameAs\":[\"https:\\\/\\\/reservofficerarna.se\\\/wp\"]}]}<\/script>\n<!-- \/ Yoast SEO plugin. -->","yoast_head_json":{"title":"B\u00e5de ris och ros tillregeringens utredning - Reservofficeren","robots":{"index":"index","follow":"follow","max-snippet":"max-snippet:-1","max-image-preview":"max-image-preview:large","max-video-preview":"max-video-preview:-1"},"canonical":"https:\/\/reservofficerarna.se\/reservofficeren\/nyheter\/bade-ris-och-ros-tillregeringens-utredning\/","og_locale":"sv_SE","og_type":"article","og_title":"B\u00e5de ris och ros tillregeringens utredning - Reservofficeren","og_description":"R\u00e4tt till ledighet och h\u00f6jd v\u00e4rnplikts\u00e5lder f\u00f6r officerare \u00e4r n\u00e5gra av f\u00f6rslagen i utredningen Redo! \u201dB\u00e5de bra och d\u00e5liga id\u00e9er, allts\u00e5. Vi skulle vilja se fler f\u00f6rslag p\u00e5 incitament f\u00f6r reservofficerare att tj\u00e4nstg\u00f6ra\u201d, s\u00e4ger Magnus Konradsson, ordf\u00f6rande f\u00f6r F\u00f6rbundet Reservofficerarna. N\u00e4r det milit\u00e4ra f\u00f6rsvaret snabbt ska expandera \u00e4r personalf\u00f6rs\u00f6rjningen en central utmaning. D\u00e4rf\u00f6r tillsatte regeringen &hellip;","og_url":"https:\/\/reservofficerarna.se\/reservofficeren\/nyheter\/bade-ris-och-ros-tillregeringens-utredning\/","og_site_name":"Reservofficeren","article_published_time":"2025-12-10T07:00:00+00:00","og_image":[{"width":1920,"height":1080,"url":"https:\/\/reservofficerarna.se\/app\/uploads\/sites\/2\/2025\/12\/dragare-ris-och-ros.jpg","type":"image\/jpeg"}],"author":"wpreservofficerarna","twitter_card":"summary_large_image","twitter_misc":{"Skriven av":"wpreservofficerarna","Ber\u00e4knad l\u00e4stid":"5 minuter"},"schema":{"@context":"https:\/\/schema.org","@graph":[{"@type":"Article","@id":"https:\/\/reservofficerarna.se\/reservofficeren\/nyheter\/bade-ris-och-ros-tillregeringens-utredning\/#article","isPartOf":{"@id":"https:\/\/reservofficerarna.se\/reservofficeren\/nyheter\/bade-ris-och-ros-tillregeringens-utredning\/"},"author":{"name":"wpreservofficerarna","@id":"https:\/\/staging.reservofficerarna.se\/reservofficeren\/#\/schema\/person\/d63322fe51ba95c7e32e60a60190148c"},"headline":"B\u00e5de ris och ros tillregeringens utredning","datePublished":"2025-12-10T07:00:00+00:00","mainEntityOfPage":{"@id":"https:\/\/reservofficerarna.se\/reservofficeren\/nyheter\/bade-ris-och-ros-tillregeringens-utredning\/"},"wordCount":1129,"image":{"@id":"https:\/\/reservofficerarna.se\/reservofficeren\/nyheter\/bade-ris-och-ros-tillregeringens-utredning\/#primaryimage"},"thumbnailUrl":"https:\/\/reservofficerarna.se\/app\/uploads\/sites\/2\/2025\/12\/dragare-ris-och-ros.jpg","articleSection":["Nyheter"],"inLanguage":"sv-SE"},{"@type":"WebPage","@id":"https:\/\/reservofficerarna.se\/reservofficeren\/nyheter\/bade-ris-och-ros-tillregeringens-utredning\/","url":"https:\/\/reservofficerarna.se\/reservofficeren\/nyheter\/bade-ris-och-ros-tillregeringens-utredning\/","name":"B\u00e5de ris och ros tillregeringens utredning - Reservofficeren","isPartOf":{"@id":"https:\/\/staging.reservofficerarna.se\/reservofficeren\/#website"},"primaryImageOfPage":{"@id":"https:\/\/reservofficerarna.se\/reservofficeren\/nyheter\/bade-ris-och-ros-tillregeringens-utredning\/#primaryimage"},"image":{"@id":"https:\/\/reservofficerarna.se\/reservofficeren\/nyheter\/bade-ris-och-ros-tillregeringens-utredning\/#primaryimage"},"thumbnailUrl":"https:\/\/reservofficerarna.se\/app\/uploads\/sites\/2\/2025\/12\/dragare-ris-och-ros.jpg","datePublished":"2025-12-10T07:00:00+00:00","author":{"@id":"https:\/\/staging.reservofficerarna.se\/reservofficeren\/#\/schema\/person\/d63322fe51ba95c7e32e60a60190148c"},"breadcrumb":{"@id":"https:\/\/reservofficerarna.se\/reservofficeren\/nyheter\/bade-ris-och-ros-tillregeringens-utredning\/#breadcrumb"},"inLanguage":"sv-SE","potentialAction":[{"@type":"ReadAction","target":["https:\/\/reservofficerarna.se\/reservofficeren\/nyheter\/bade-ris-och-ros-tillregeringens-utredning\/"]}]},{"@type":"ImageObject","inLanguage":"sv-SE","@id":"https:\/\/reservofficerarna.se\/reservofficeren\/nyheter\/bade-ris-och-ros-tillregeringens-utredning\/#primaryimage","url":"https:\/\/reservofficerarna.se\/app\/uploads\/sites\/2\/2025\/12\/dragare-ris-och-ros.jpg","contentUrl":"https:\/\/reservofficerarna.se\/app\/uploads\/sites\/2\/2025\/12\/dragare-ris-och-ros.jpg","width":1920,"height":1080},{"@type":"BreadcrumbList","@id":"https:\/\/reservofficerarna.se\/reservofficeren\/nyheter\/bade-ris-och-ros-tillregeringens-utredning\/#breadcrumb","itemListElement":[{"@type":"ListItem","position":1,"name":"Hem","item":"https:\/\/reservofficerarna.se\/reservofficeren\/"},{"@type":"ListItem","position":2,"name":"B\u00e5de ris och ros tillregeringens utredning"}]},{"@type":"WebSite","@id":"https:\/\/staging.reservofficerarna.se\/reservofficeren\/#website","url":"https:\/\/staging.reservofficerarna.se\/reservofficeren\/","name":"Reservofficeren","description":"F\u00f6rbundet Reservofficerarnas tidning","potentialAction":[{"@type":"SearchAction","target":{"@type":"EntryPoint","urlTemplate":"https:\/\/staging.reservofficerarna.se\/reservofficeren\/?s={search_term_string}"},"query-input":{"@type":"PropertyValueSpecification","valueRequired":true,"valueName":"search_term_string"}}],"inLanguage":"sv-SE"},{"@type":"Person","@id":"https:\/\/staging.reservofficerarna.se\/reservofficeren\/#\/schema\/person\/d63322fe51ba95c7e32e60a60190148c","name":"wpreservofficerarna","sameAs":["https:\/\/reservofficerarna.se\/wp"]}]}},"_links":{"self":[{"href":"https:\/\/reservofficerarna.se\/reservofficeren\/wp-json\/wp\/v2\/posts\/1905","targetHints":{"allow":["GET"]}}],"collection":[{"href":"https:\/\/reservofficerarna.se\/reservofficeren\/wp-json\/wp\/v2\/posts"}],"about":[{"href":"https:\/\/reservofficerarna.se\/reservofficeren\/wp-json\/wp\/v2\/types\/post"}],"author":[{"embeddable":true,"href":"https:\/\/reservofficerarna.se\/reservofficeren\/wp-json\/wp\/v2\/users\/1"}],"replies":[{"embeddable":true,"href":"https:\/\/reservofficerarna.se\/reservofficeren\/wp-json\/wp\/v2\/comments?post=1905"}],"version-history":[{"count":9,"href":"https:\/\/reservofficerarna.se\/reservofficeren\/wp-json\/wp\/v2\/posts\/1905\/revisions"}],"predecessor-version":[{"id":1916,"href":"https:\/\/reservofficerarna.se\/reservofficeren\/wp-json\/wp\/v2\/posts\/1905\/revisions\/1916"}],"wp:featuredmedia":[{"embeddable":true,"href":"https:\/\/reservofficerarna.se\/reservofficeren\/wp-json\/wp\/v2\/media\/1906"}],"wp:attachment":[{"href":"https:\/\/reservofficerarna.se\/reservofficeren\/wp-json\/wp\/v2\/media?parent=1905"}],"wp:term":[{"taxonomy":"category","embeddable":true,"href":"https:\/\/reservofficerarna.se\/reservofficeren\/wp-json\/wp\/v2\/categories?post=1905"},{"taxonomy":"post_tag","embeddable":true,"href":"https:\/\/reservofficerarna.se\/reservofficeren\/wp-json\/wp\/v2\/tags?post=1905"}],"curies":[{"name":"wp","href":"https:\/\/api.w.org\/{rel}","templated":true}]}}