{"id":1917,"date":"2025-12-17T08:00:00","date_gmt":"2025-12-17T07:00:00","guid":{"rendered":"https:\/\/reservofficerarna.se\/reservofficeren\/?p=1917"},"modified":"2025-12-01T15:25:12","modified_gmt":"2025-12-01T14:25:12","slug":"det-har-galler-vid-resor-i-tjanst","status":"publish","type":"post","link":"https:\/\/reservofficerarna.se\/reservofficeren\/tjanstgoring\/det-har-galler-vid-resor-i-tjanst\/","title":{"rendered":"Det h\u00e4r g\u00e4ller vid resor i tj\u00e4nst"},"content":{"rendered":"\n<p class=\"has-lead-text-font-size\">Resor \u00e4r en del av reservofficerens yrkesliv. Ombudsman Edvin Dribe f\u00e5r m\u00e4ngder av undringar kring vad som g\u00e4ller. H\u00e4r \u00e4r n\u00e5gra av de vanligaste fr\u00e5gorna \u2013 och svaren p\u00e5 dem.<\/p>\n\n\n\n<p><strong>Vad inneb\u00e4r reglerna om fria hemresor och g\u00e4ller de f\u00f6r mig?<\/strong><br>Ja, i vissa fall kan det bli aktuellt med fria hemresor. Det inneb\u00e4r att arbetsgivaren st\u00e5r f\u00f6r resekostnaden f\u00f6r en resa per vecka, mellan en tillf\u00e4llig arbetsort och hemmet\/vanliga arbetsorten. Enligt R\u00f6rlighetsavtalet st\u00e5r F\u00f6rsvarsmakten f\u00f6r s\u00e5dana resor. Den stora skillnaden \u00e4r att de sker p\u00e5 fritiden, inte p\u00e5 arbetstid.<\/p>\n\n\n\n<p><strong>Blir jag f\u00f6rm\u00e5nsbeskattad f\u00f6r fria hemresor?<\/strong><br>Nja, egentligen inte. Fria hemresor \u00e4r en f\u00f6rm\u00e5n som arbetsgivaren st\u00e5r f\u00f6r. Det \u00e4r n\u00e5got du har r\u00e4tt till enligt kollektiv\u00adavtal, inte lag. D\u00e4remot \u00e4r hemresor, h\u00f6gst en i veckan, skattefria enligt inkomst\u00adskattelagen. Om du hade betalt de sj\u00e4lv, hade du f\u00e5tt avdrag. Om arbetsgivaren betalar belastas du inte heller av n\u00e5gon skatt. Det kan dock vara s\u00e5 att arbets\u00adgivaren tar upp resorna som f\u00f6rm\u00e5n och drar prelimin\u00e4rskatt. D\u00e5 f\u00e5r du sj\u00e4lv yrka avdrag f\u00f6r f\u00f6rm\u00e5nsv\u00e4rdet i din deklaration.<\/p>\n\n\n\n<p><strong>F\u00e5r jag k\u00f6ra min egen bil om jag vill?<\/strong><br>Fr\u00e5ga din chef. Det \u00e4r arbetsgivaren genom n\u00e4rmsta chef som ska planera s\u00e5 att tj\u00e4nsteresan genomf\u00f6rs p\u00e5 ett rimligt s\u00e4tt. Efter skriftligt medgivande fr\u00e5n chef kan du k\u00f6ra egen bil och f\u00e5 milers\u00e4ttning. Milers\u00e4ttningen best\u00e5r av 25 kr skattefri och 13 kr skattepliktig ers\u00e4ttning per mil.<\/p>\n\n\n\n<p><strong>Om jag dagpendlar och har f\u00e5tt bilmedgivande fr\u00e5n arbetsgivaren, betyder det att mina dagliga resor och restiden betalas av F\u00f6rsvars\u00admakten?<\/strong><br>Ja! Helt r\u00e4tt. Resor mellan hemmet (tj\u00e4nstest\u00e4llet) och f\u00f6rbandet \u00e4r tj\u00e4nste\u00adresor. Resekostnaderna st\u00e5r d\u00e4rf\u00f6r F\u00f6rsvarsmakten f\u00f6r. Antingen reser du p\u00e5 arbetstid eller f\u00e5r restidsers\u00e4ttning \u2013 det best\u00e4mmer arbetsgivaren.<\/p>\n\n\n\n<p><strong>Om jag vill, har jag r\u00e4tt att dagpendla till f\u00f6rbandet jag jobbar dagtid p\u00e5?<\/strong><br>Nej. Arbetsgivaren ska i och f\u00f6r sig samr\u00e5da med dig och planl\u00e4gga tj\u00e4nsteresor s\u00e5 att du \u00e4r borta fr\u00e5n hemmet s\u00e5 kort tid som m\u00f6jligt, men arbets\u00adgivaren har \u00e4nd\u00e5 en viss frihet att planera tj\u00e4nsteresans uppl\u00e4gg. Om arbetsgivaren erbjuder boende enligt avtalad standard (eller till\u00e4mplig ers\u00e4ttning) \u00e4r det normalt tillr\u00e4ckligt. Du och din chef b\u00f6r f\u00f6ra en dialog om vilket uppl\u00e4gg som \u00e4r det b\u00e4sta i det enskilda fallet.<\/p>\n\n\n\n<p><strong>FR\u00c5GOR OCH SVAR<\/strong><\/p>\n\n\n\n<ul class=\"wp-block-list\">\n<li>Reservofficerare har tj\u00e4nstest\u00e4lle i bostaden. Detta f\u00f6ljer av inkomstskattelagen och g\u00e4ller f\u00f6r all tj\u00e4nstg\u00f6ring som reservofficer.<\/li>\n\n\n\n<li>Tj\u00e4nsteresa \u00e4r en arbetsuppgift som du kan arbetsledas till. Arbetsgivaren ska dock planera tj\u00e4nsteresorna s\u00e5 att du \u00e4r borta s\u00e5 lite som m\u00f6jligt fr\u00e5n hemmet och ska samr\u00e5da med dig inf\u00f6r planeringen.<\/li>\n\n\n\n<li>Om tj\u00e4nsteresa fullg\u00f6rs utanf\u00f6r arbetstid har du r\u00e4tt till restidsers\u00e4ttning. Restidsers\u00e4ttning motsvarar din timl\u00f6n, dvs 1\/175 * I-l\u00f6n. Resa p\u00e5 arbetstid \u00e4r huvudregel, men arbetsgivaren best\u00e4mmer vad som \u00e4r l\u00e4mpligast.<\/li>\n\n\n\n<li>Vid tj\u00e4nsteresa st\u00e5r arbetsgivaren f\u00f6r resekostnaderna. Om du g\u00f6r utl\u00e4gg eller k\u00f6r egen bil (efter medgivande) f\u00e5r du ers\u00e4ttning av arbetsgivaren.<\/li>\n\n\n\n<li>En tj\u00e4nsteresa b\u00f6rjar n\u00e4r arbetstagaren l\u00e4mnar hemmet\/arbetsplatsen f\u00f6r att resa till f\u00f6rr\u00e4ttningsorten. En tj\u00e4nsteresa slutar som huvudregel n\u00e4r arbetstagaren \u00e5terv\u00e4nder till hemmet\/arbetsplatsen.<\/li>\n\n\n\n<li>Om tj\u00e4nsteresan medf\u00f6r \u00f6vernattning har du r\u00e4tt till traktamente upp till Skatteverkets normalbelopp, enligt vad som \u00e4r skattefritt enligt skattelagstiftningen. Traktamentet minskar n\u00e4r en tj\u00e4nsteresa p\u00e5g\u00e5tt p\u00e5 samma ort i mer \u00e4n tre m\u00e5nader.<\/li>\n<\/ul>\n","protected":false},"excerpt":{"rendered":"<p>Resor \u00e4r en del av reservofficerens yrkesliv. Ombudsman Edvin Dribe f\u00e5r m\u00e4ngder av undringar kring vad som g\u00e4ller. H\u00e4r \u00e4r n\u00e5gra av de vanligaste fr\u00e5gorna \u2013 och svaren p\u00e5 dem. Vad inneb\u00e4r reglerna om fria hemresor och g\u00e4ller de f\u00f6r mig?Ja, i vissa fall kan det bli aktuellt med fria hemresor. Det inneb\u00e4r att arbetsgivaren &hellip;<\/p>\n","protected":false},"author":1,"featured_media":1918,"comment_status":"closed","ping_status":"closed","sticky":true,"template":"","format":"standard","meta":{"_acf_changed":false,"footnotes":""},"categories":[4],"tags":[],"class_list":["post-1917","post","type-post","status-publish","format-standard","has-post-thumbnail","hentry","category-tjanstgoring"],"acf":[],"yoast_head":"<!-- This site is optimized with the Yoast SEO plugin v27.4 - https:\/\/yoast.com\/product\/yoast-seo-wordpress\/ -->\n<title>Det h\u00e4r g\u00e4ller vid resor i tj\u00e4nst - Reservofficeren<\/title>\n<meta name=\"robots\" content=\"index, follow, max-snippet:-1, max-image-preview:large, max-video-preview:-1\" \/>\n<link rel=\"canonical\" href=\"https:\/\/reservofficerarna.se\/reservofficeren\/tjanstgoring\/det-har-galler-vid-resor-i-tjanst\/\" \/>\n<meta property=\"og:locale\" content=\"sv_SE\" \/>\n<meta property=\"og:type\" content=\"article\" \/>\n<meta property=\"og:title\" content=\"Det h\u00e4r g\u00e4ller vid resor i tj\u00e4nst - Reservofficeren\" \/>\n<meta property=\"og:description\" content=\"Resor \u00e4r en del av reservofficerens yrkesliv. Ombudsman Edvin Dribe f\u00e5r m\u00e4ngder av undringar kring vad som g\u00e4ller. H\u00e4r \u00e4r n\u00e5gra av de vanligaste fr\u00e5gorna \u2013 och svaren p\u00e5 dem. Vad inneb\u00e4r reglerna om fria hemresor och g\u00e4ller de f\u00f6r mig?Ja, i vissa fall kan det bli aktuellt med fria hemresor. Det inneb\u00e4r att arbetsgivaren &hellip;\" \/>\n<meta property=\"og:url\" content=\"https:\/\/reservofficerarna.se\/reservofficeren\/tjanstgoring\/det-har-galler-vid-resor-i-tjanst\/\" \/>\n<meta property=\"og:site_name\" content=\"Reservofficeren\" \/>\n<meta property=\"article:published_time\" content=\"2025-12-17T07:00:00+00:00\" \/>\n<meta property=\"og:image\" content=\"https:\/\/reservofficerarna.se\/app\/uploads\/sites\/2\/2025\/12\/gettyimages-694022679-fixad.jpg\" \/>\n\t<meta property=\"og:image:width\" content=\"461\" \/>\n\t<meta property=\"og:image:height\" content=\"307\" \/>\n\t<meta property=\"og:image:type\" content=\"image\/jpeg\" \/>\n<meta name=\"author\" content=\"wpreservofficerarna\" \/>\n<meta name=\"twitter:card\" content=\"summary_large_image\" \/>\n<meta name=\"twitter:label1\" content=\"Skriven av\" \/>\n\t<meta name=\"twitter:data1\" content=\"wpreservofficerarna\" \/>\n\t<meta name=\"twitter:label2\" content=\"Ber\u00e4knad l\u00e4stid\" \/>\n\t<meta name=\"twitter:data2\" content=\"3 minuter\" \/>\n<script type=\"application\/ld+json\" class=\"yoast-schema-graph\">{\"@context\":\"https:\\\/\\\/schema.org\",\"@graph\":[{\"@type\":\"Article\",\"@id\":\"https:\\\/\\\/reservofficerarna.se\\\/reservofficeren\\\/tjanstgoring\\\/det-har-galler-vid-resor-i-tjanst\\\/#article\",\"isPartOf\":{\"@id\":\"https:\\\/\\\/reservofficerarna.se\\\/reservofficeren\\\/tjanstgoring\\\/det-har-galler-vid-resor-i-tjanst\\\/\"},\"author\":{\"name\":\"wpreservofficerarna\",\"@id\":\"https:\\\/\\\/staging.reservofficerarna.se\\\/reservofficeren\\\/#\\\/schema\\\/person\\\/d63322fe51ba95c7e32e60a60190148c\"},\"headline\":\"Det h\u00e4r g\u00e4ller vid resor i tj\u00e4nst\",\"datePublished\":\"2025-12-17T07:00:00+00:00\",\"mainEntityOfPage\":{\"@id\":\"https:\\\/\\\/reservofficerarna.se\\\/reservofficeren\\\/tjanstgoring\\\/det-har-galler-vid-resor-i-tjanst\\\/\"},\"wordCount\":670,\"image\":{\"@id\":\"https:\\\/\\\/reservofficerarna.se\\\/reservofficeren\\\/tjanstgoring\\\/det-har-galler-vid-resor-i-tjanst\\\/#primaryimage\"},\"thumbnailUrl\":\"https:\\\/\\\/reservofficerarna.se\\\/app\\\/uploads\\\/sites\\\/2\\\/2025\\\/12\\\/gettyimages-694022679-fixad.jpg\",\"articleSection\":[\"Tj\u00e4nstg\u00f6ring\"],\"inLanguage\":\"sv-SE\"},{\"@type\":\"WebPage\",\"@id\":\"https:\\\/\\\/reservofficerarna.se\\\/reservofficeren\\\/tjanstgoring\\\/det-har-galler-vid-resor-i-tjanst\\\/\",\"url\":\"https:\\\/\\\/reservofficerarna.se\\\/reservofficeren\\\/tjanstgoring\\\/det-har-galler-vid-resor-i-tjanst\\\/\",\"name\":\"Det h\u00e4r g\u00e4ller vid resor i tj\u00e4nst - Reservofficeren\",\"isPartOf\":{\"@id\":\"https:\\\/\\\/staging.reservofficerarna.se\\\/reservofficeren\\\/#website\"},\"primaryImageOfPage\":{\"@id\":\"https:\\\/\\\/reservofficerarna.se\\\/reservofficeren\\\/tjanstgoring\\\/det-har-galler-vid-resor-i-tjanst\\\/#primaryimage\"},\"image\":{\"@id\":\"https:\\\/\\\/reservofficerarna.se\\\/reservofficeren\\\/tjanstgoring\\\/det-har-galler-vid-resor-i-tjanst\\\/#primaryimage\"},\"thumbnailUrl\":\"https:\\\/\\\/reservofficerarna.se\\\/app\\\/uploads\\\/sites\\\/2\\\/2025\\\/12\\\/gettyimages-694022679-fixad.jpg\",\"datePublished\":\"2025-12-17T07:00:00+00:00\",\"author\":{\"@id\":\"https:\\\/\\\/staging.reservofficerarna.se\\\/reservofficeren\\\/#\\\/schema\\\/person\\\/d63322fe51ba95c7e32e60a60190148c\"},\"breadcrumb\":{\"@id\":\"https:\\\/\\\/reservofficerarna.se\\\/reservofficeren\\\/tjanstgoring\\\/det-har-galler-vid-resor-i-tjanst\\\/#breadcrumb\"},\"inLanguage\":\"sv-SE\",\"potentialAction\":[{\"@type\":\"ReadAction\",\"target\":[\"https:\\\/\\\/reservofficerarna.se\\\/reservofficeren\\\/tjanstgoring\\\/det-har-galler-vid-resor-i-tjanst\\\/\"]}]},{\"@type\":\"ImageObject\",\"inLanguage\":\"sv-SE\",\"@id\":\"https:\\\/\\\/reservofficerarna.se\\\/reservofficeren\\\/tjanstgoring\\\/det-har-galler-vid-resor-i-tjanst\\\/#primaryimage\",\"url\":\"https:\\\/\\\/reservofficerarna.se\\\/app\\\/uploads\\\/sites\\\/2\\\/2025\\\/12\\\/gettyimages-694022679-fixad.jpg\",\"contentUrl\":\"https:\\\/\\\/reservofficerarna.se\\\/app\\\/uploads\\\/sites\\\/2\\\/2025\\\/12\\\/gettyimages-694022679-fixad.jpg\",\"width\":461,\"height\":307},{\"@type\":\"BreadcrumbList\",\"@id\":\"https:\\\/\\\/reservofficerarna.se\\\/reservofficeren\\\/tjanstgoring\\\/det-har-galler-vid-resor-i-tjanst\\\/#breadcrumb\",\"itemListElement\":[{\"@type\":\"ListItem\",\"position\":1,\"name\":\"Hem\",\"item\":\"https:\\\/\\\/reservofficerarna.se\\\/reservofficeren\\\/\"},{\"@type\":\"ListItem\",\"position\":2,\"name\":\"Det h\u00e4r g\u00e4ller vid resor i tj\u00e4nst\"}]},{\"@type\":\"WebSite\",\"@id\":\"https:\\\/\\\/staging.reservofficerarna.se\\\/reservofficeren\\\/#website\",\"url\":\"https:\\\/\\\/staging.reservofficerarna.se\\\/reservofficeren\\\/\",\"name\":\"Reservofficeren\",\"description\":\"F\u00f6rbundet Reservofficerarnas tidning\",\"potentialAction\":[{\"@type\":\"SearchAction\",\"target\":{\"@type\":\"EntryPoint\",\"urlTemplate\":\"https:\\\/\\\/staging.reservofficerarna.se\\\/reservofficeren\\\/?s={search_term_string}\"},\"query-input\":{\"@type\":\"PropertyValueSpecification\",\"valueRequired\":true,\"valueName\":\"search_term_string\"}}],\"inLanguage\":\"sv-SE\"},{\"@type\":\"Person\",\"@id\":\"https:\\\/\\\/staging.reservofficerarna.se\\\/reservofficeren\\\/#\\\/schema\\\/person\\\/d63322fe51ba95c7e32e60a60190148c\",\"name\":\"wpreservofficerarna\",\"sameAs\":[\"https:\\\/\\\/reservofficerarna.se\\\/wp\"]}]}<\/script>\n<!-- \/ Yoast SEO plugin. -->","yoast_head_json":{"title":"Det h\u00e4r g\u00e4ller vid resor i tj\u00e4nst - Reservofficeren","robots":{"index":"index","follow":"follow","max-snippet":"max-snippet:-1","max-image-preview":"max-image-preview:large","max-video-preview":"max-video-preview:-1"},"canonical":"https:\/\/reservofficerarna.se\/reservofficeren\/tjanstgoring\/det-har-galler-vid-resor-i-tjanst\/","og_locale":"sv_SE","og_type":"article","og_title":"Det h\u00e4r g\u00e4ller vid resor i tj\u00e4nst - Reservofficeren","og_description":"Resor \u00e4r en del av reservofficerens yrkesliv. Ombudsman Edvin Dribe f\u00e5r m\u00e4ngder av undringar kring vad som g\u00e4ller. H\u00e4r \u00e4r n\u00e5gra av de vanligaste fr\u00e5gorna \u2013 och svaren p\u00e5 dem. Vad inneb\u00e4r reglerna om fria hemresor och g\u00e4ller de f\u00f6r mig?Ja, i vissa fall kan det bli aktuellt med fria hemresor. Det inneb\u00e4r att arbetsgivaren &hellip;","og_url":"https:\/\/reservofficerarna.se\/reservofficeren\/tjanstgoring\/det-har-galler-vid-resor-i-tjanst\/","og_site_name":"Reservofficeren","article_published_time":"2025-12-17T07:00:00+00:00","og_image":[{"width":461,"height":307,"url":"https:\/\/reservofficerarna.se\/app\/uploads\/sites\/2\/2025\/12\/gettyimages-694022679-fixad.jpg","type":"image\/jpeg"}],"author":"wpreservofficerarna","twitter_card":"summary_large_image","twitter_misc":{"Skriven av":"wpreservofficerarna","Ber\u00e4knad l\u00e4stid":"3 minuter"},"schema":{"@context":"https:\/\/schema.org","@graph":[{"@type":"Article","@id":"https:\/\/reservofficerarna.se\/reservofficeren\/tjanstgoring\/det-har-galler-vid-resor-i-tjanst\/#article","isPartOf":{"@id":"https:\/\/reservofficerarna.se\/reservofficeren\/tjanstgoring\/det-har-galler-vid-resor-i-tjanst\/"},"author":{"name":"wpreservofficerarna","@id":"https:\/\/staging.reservofficerarna.se\/reservofficeren\/#\/schema\/person\/d63322fe51ba95c7e32e60a60190148c"},"headline":"Det h\u00e4r g\u00e4ller vid resor i tj\u00e4nst","datePublished":"2025-12-17T07:00:00+00:00","mainEntityOfPage":{"@id":"https:\/\/reservofficerarna.se\/reservofficeren\/tjanstgoring\/det-har-galler-vid-resor-i-tjanst\/"},"wordCount":670,"image":{"@id":"https:\/\/reservofficerarna.se\/reservofficeren\/tjanstgoring\/det-har-galler-vid-resor-i-tjanst\/#primaryimage"},"thumbnailUrl":"https:\/\/reservofficerarna.se\/app\/uploads\/sites\/2\/2025\/12\/gettyimages-694022679-fixad.jpg","articleSection":["Tj\u00e4nstg\u00f6ring"],"inLanguage":"sv-SE"},{"@type":"WebPage","@id":"https:\/\/reservofficerarna.se\/reservofficeren\/tjanstgoring\/det-har-galler-vid-resor-i-tjanst\/","url":"https:\/\/reservofficerarna.se\/reservofficeren\/tjanstgoring\/det-har-galler-vid-resor-i-tjanst\/","name":"Det h\u00e4r g\u00e4ller vid resor i tj\u00e4nst - Reservofficeren","isPartOf":{"@id":"https:\/\/staging.reservofficerarna.se\/reservofficeren\/#website"},"primaryImageOfPage":{"@id":"https:\/\/reservofficerarna.se\/reservofficeren\/tjanstgoring\/det-har-galler-vid-resor-i-tjanst\/#primaryimage"},"image":{"@id":"https:\/\/reservofficerarna.se\/reservofficeren\/tjanstgoring\/det-har-galler-vid-resor-i-tjanst\/#primaryimage"},"thumbnailUrl":"https:\/\/reservofficerarna.se\/app\/uploads\/sites\/2\/2025\/12\/gettyimages-694022679-fixad.jpg","datePublished":"2025-12-17T07:00:00+00:00","author":{"@id":"https:\/\/staging.reservofficerarna.se\/reservofficeren\/#\/schema\/person\/d63322fe51ba95c7e32e60a60190148c"},"breadcrumb":{"@id":"https:\/\/reservofficerarna.se\/reservofficeren\/tjanstgoring\/det-har-galler-vid-resor-i-tjanst\/#breadcrumb"},"inLanguage":"sv-SE","potentialAction":[{"@type":"ReadAction","target":["https:\/\/reservofficerarna.se\/reservofficeren\/tjanstgoring\/det-har-galler-vid-resor-i-tjanst\/"]}]},{"@type":"ImageObject","inLanguage":"sv-SE","@id":"https:\/\/reservofficerarna.se\/reservofficeren\/tjanstgoring\/det-har-galler-vid-resor-i-tjanst\/#primaryimage","url":"https:\/\/reservofficerarna.se\/app\/uploads\/sites\/2\/2025\/12\/gettyimages-694022679-fixad.jpg","contentUrl":"https:\/\/reservofficerarna.se\/app\/uploads\/sites\/2\/2025\/12\/gettyimages-694022679-fixad.jpg","width":461,"height":307},{"@type":"BreadcrumbList","@id":"https:\/\/reservofficerarna.se\/reservofficeren\/tjanstgoring\/det-har-galler-vid-resor-i-tjanst\/#breadcrumb","itemListElement":[{"@type":"ListItem","position":1,"name":"Hem","item":"https:\/\/reservofficerarna.se\/reservofficeren\/"},{"@type":"ListItem","position":2,"name":"Det h\u00e4r g\u00e4ller vid resor i tj\u00e4nst"}]},{"@type":"WebSite","@id":"https:\/\/staging.reservofficerarna.se\/reservofficeren\/#website","url":"https:\/\/staging.reservofficerarna.se\/reservofficeren\/","name":"Reservofficeren","description":"F\u00f6rbundet Reservofficerarnas tidning","potentialAction":[{"@type":"SearchAction","target":{"@type":"EntryPoint","urlTemplate":"https:\/\/staging.reservofficerarna.se\/reservofficeren\/?s={search_term_string}"},"query-input":{"@type":"PropertyValueSpecification","valueRequired":true,"valueName":"search_term_string"}}],"inLanguage":"sv-SE"},{"@type":"Person","@id":"https:\/\/staging.reservofficerarna.se\/reservofficeren\/#\/schema\/person\/d63322fe51ba95c7e32e60a60190148c","name":"wpreservofficerarna","sameAs":["https:\/\/reservofficerarna.se\/wp"]}]}},"_links":{"self":[{"href":"https:\/\/reservofficerarna.se\/reservofficeren\/wp-json\/wp\/v2\/posts\/1917","targetHints":{"allow":["GET"]}}],"collection":[{"href":"https:\/\/reservofficerarna.se\/reservofficeren\/wp-json\/wp\/v2\/posts"}],"about":[{"href":"https:\/\/reservofficerarna.se\/reservofficeren\/wp-json\/wp\/v2\/types\/post"}],"author":[{"embeddable":true,"href":"https:\/\/reservofficerarna.se\/reservofficeren\/wp-json\/wp\/v2\/users\/1"}],"replies":[{"embeddable":true,"href":"https:\/\/reservofficerarna.se\/reservofficeren\/wp-json\/wp\/v2\/comments?post=1917"}],"version-history":[{"count":1,"href":"https:\/\/reservofficerarna.se\/reservofficeren\/wp-json\/wp\/v2\/posts\/1917\/revisions"}],"predecessor-version":[{"id":1919,"href":"https:\/\/reservofficerarna.se\/reservofficeren\/wp-json\/wp\/v2\/posts\/1917\/revisions\/1919"}],"wp:featuredmedia":[{"embeddable":true,"href":"https:\/\/reservofficerarna.se\/reservofficeren\/wp-json\/wp\/v2\/media\/1918"}],"wp:attachment":[{"href":"https:\/\/reservofficerarna.se\/reservofficeren\/wp-json\/wp\/v2\/media?parent=1917"}],"wp:term":[{"taxonomy":"category","embeddable":true,"href":"https:\/\/reservofficerarna.se\/reservofficeren\/wp-json\/wp\/v2\/categories?post=1917"},{"taxonomy":"post_tag","embeddable":true,"href":"https:\/\/reservofficerarna.se\/reservofficeren\/wp-json\/wp\/v2\/tags?post=1917"}],"curies":[{"name":"wp","href":"https:\/\/api.w.org\/{rel}","templated":true}]}}