{"id":1920,"date":"2025-12-24T08:00:00","date_gmt":"2025-12-24T07:00:00","guid":{"rendered":"https:\/\/reservofficerarna.se\/reservofficeren\/?p=1920"},"modified":"2026-01-25T10:49:58","modified_gmt":"2026-01-25T09:49:58","slug":"ar-samhallet-redonar-reservofficerarnalamnar-sina-civila-jobb","status":"publish","type":"post","link":"https:\/\/reservofficerarna.se\/reservofficeren\/pa-djupet\/ar-samhallet-redonar-reservofficerarnalamnar-sina-civila-jobb\/","title":{"rendered":"\u00c4r samh\u00e4llet redo n\u00e4r reservofficerarna l\u00e4mnar sina civila jobb?"},"content":{"rendered":"\n<p class=\"has-lead-text-font-size\">Vid h\u00f6jd beredskap ska reservofficerare snabbt infinna sig p\u00e5 sina f\u00f6rband. Vem tar d\u00e5 hand om deras barn? Eller gamla f\u00f6r\u00e4ldrar? Eller ser till att amorteringarna betalas om inkomsten s\u00e4nks dramatiskt?<\/p>\n\n\n\n<p>Efter att en rekordstor rysk-kinesisk milit\u00e4r\u00f6vning inletts i \u00d6stersj\u00f6omr\u00e5det beslutar den svenska regeringen om h\u00f6jd beredskap. Statsministern meddelar kort att entydiga underr\u00e4ttelser visar att Sverige befinner sig i krigsfara och att hela samh\u00e4llet ska mobilisera\u2026<\/p>\n\n\n\n<p>I Totalf\u00f6rsvarets forskningsinstituts skrift \u201dGr\u00e5zonsl\u00e4gen i krig och fred\u201d resoneras det kring vad som kan leda fram h\u00f6jd beredskap och vilka utmaningar som v\u00e4ntar.<\/p>\n\n\n\n<p>Det ber\u00e4ttas ocks\u00e5 om hur det gamla totalf\u00f6rsvaret v\u00e4xte fram i samklang med folkhemsprojektet och med den delvis korporativistiska relationen mellan stat, n\u00e4ringsliv och civilsamh\u00e4llets organisationer som en viktig best\u00e5ndsdel.<\/p>\n\n\n\n<p>I dag ser det svenska samh\u00e4llet annorlunda ut, det \u00e4r betydligt mer individualiserat och privatiserat. Det gemensamma har succesivt f\u00f6rsvagats.<\/p>\n\n\n<div class=\"wp-block-image\">\n<figure class=\"alignleft size-full is-resized\"><img loading=\"lazy\" decoding=\"async\" width=\"282\" height=\"394\" src=\"https:\/\/reservofficerarna.se\/app\/uploads\/sites\/2\/2025\/12\/niklas-eklund-2.jpg\" alt=\"\" class=\"wp-image-1933\" style=\"aspect-ratio:0.7157360406091371;width:204px;height:auto\" \/><figcaption class=\"font-sans mt-2 text-sm md:text-base\" class=\"wp-element-caption\">Niklas Eklund.<\/figcaption><\/figure>\n<\/div>\n\n\n<p>\u2013 Men sedan 2022 ska vi pl\u00f6tsligt prioritera det kollektiva igen, vi ska vara beredda att satsa b\u00e5de oss sj\u00e4lva och stora summor p\u00e5 \u00f6kad beredskap och ett starkare totalf\u00f6rsvar, konstaterar Niklas Eklund som \u00e4r professor i statsvetenskap vid Ume\u00e5 universitet och f\u00f6rest\u00e5ndare Europeiska CBRNE-centret.<\/p>\n\n\n\n<p>\u2013 Jag tror att vi alla, inklusive myndigheter, just nu lever i tvekan och undran. Att \u00e5teruppv\u00e4cka det kollektiva samh\u00e4llskontraktet, som var v\u00e4ldigt starkt n\u00e4r vi hade ett utbyggt v\u00e4rnpliktssystem, \u00e4r den riktigt stora uppgiften.<\/p>\n\n\n\n<p><strong>Vad kommer d\u00e5 att h\u00e4nda vid h\u00f6jd beredskap, tror du?<\/strong><br>\u2013 Det \u00e4r om\u00f6jligt att f\u00f6ruts\u00e4ga hur stora medborgargrupper, f\u00f6retag ja till och med myndigheter kommer att reagera om vi uts\u00e4tts f\u00f6r det ultimata stresstestet, s\u00e4ger Niklas Eklund.<\/p>\n\n\n\n<p>Vid h\u00f6jd beredskap \u00e4r bland annat reserv\u00adofficerare skyldiga att inst\u00e4lla sig f\u00f6r milit\u00e4r tj\u00e4nstg\u00f6ring, kanske en l\u00e5ng s\u00e5dan. Samtidigt varierar deras materiella och praktiska f\u00f6ruts\u00e4ttningar att g\u00f6ra det.<\/p>\n\n\n\n<p>Till skillnad mot under beredskaps\u00e5ren \u00e4r det vanliga idag att alla vuxna i en barnfamilj arbetar utanf\u00f6r hemmet. M\u00e5nga lever dessutom ensamma med barn.<\/p>\n\n\n<div class=\"wp-block-image\">\n<figure class=\"alignleft size-full is-resized\"><img loading=\"lazy\" decoding=\"async\" width=\"272\" height=\"354\" src=\"https:\/\/reservofficerarna.se\/app\/uploads\/sites\/2\/2025\/12\/erik-lovrup-nordentjell.jpg\" alt=\"\" class=\"wp-image-1922\" style=\"aspect-ratio:0.768361581920904;width:200px;height:auto\" \/><figcaption class=\"font-sans mt-2 text-sm md:text-base\" class=\"wp-element-caption\">Erik L\u00f6vrup Nordentjell.<\/figcaption><\/figure>\n<\/div>\n\n\n<p><strong>\u00c4r det h\u00e4r n\u00e5got som man b\u00f6r fundera \u00f6ver?<\/strong><br>\u2013 Absolut. Det handlar om ren matematisk logik, s\u00e4ger Erik L\u00f6vrup Nordentjell som \u00e4r bitr\u00e4dande chefsjurist vid MSB.<\/p>\n\n\n\n<p>\u2013 Men jag skulle s\u00e4ga s\u00e5 h\u00e4r. Det \u00e4r en komplikation som jag tror att man har valt att inte prata s\u00e5 mycket om f\u00f6r att den \u00e4r lite komplicerad.<\/p>\n\n\n\n<p>Vem tar d\u00e5 under h\u00f6jd beredskap hand om de inkallades minder\u00e5riga barn eller hj\u00e4lper deras \u00e5ldrande f\u00f6r\u00e4ldrar n\u00e4r inte hemtj\u00e4nsten fungerar som tidigare (kanske f\u00f6r att personalen \u00e4r inkallad)?<\/p>\n\n\n\n<p>\u2013 Jag vet inte, men jag hoppas och tror att detta \u00e4r n\u00e5got som kloka hj\u00e4rnor just nu funderar \u00f6ver. P\u00e5 m\u00e5nga h\u00e5ll arbetas det h\u00e5rt med att \u00e5stad\u00adkomma olika former av samordning. Men det g\u00f6rs ofta ur ett statligt myndighetsperspektiv, vilket inneb\u00e4r en risk f\u00f6r att man missar de mjuka fr\u00e5gorna som i allm\u00e4nhet ligger p\u00e5 kommunerna, s\u00e4ger Niklas Eklund.<\/p>\n\n\n\n<p>\u2013 M\u00e5nga t\u00e4nker sig nog att barn och andra vid behov kan evakueras till bondg\u00e5rdar p\u00e5 lands\u00adbygden, ungef\u00e4r som under andra v\u00e4rldskriget. Men idag finns inte s\u00e5 mycket av den landsbygden kvar. S\u00e5 vart ska folk d\u00e5 ta v\u00e4gen och vem ska h\u00e5lla koll p\u00e5 dem?<\/p>\n\n\n\n<blockquote class=\"wp-block-quote is-layout-flow wp-block-quote-is-layout-flow\">\n\n            <p>\n            <span class=\"block w-16 mb-5\">\n                <svg class=\"max-w-full fill-current\" viewBox=\"0 0 57 40\" version=\"1.1\" xmlns=\"http:\/\/www.w3.org\/2000\/svg\" xmlns:xlink=\"http:\/\/www.w3.org\/1999\/xlink\">\n                    <g stroke=\"none\" stroke-width=\"1\" fill=\"none\" fill-rule=\"evenodd\">\n                        <g fill=\"#131717\" fill-rule=\"nonzero\">\n                            <path d=\"M14.9513213,40 L28.8734353,22.2531293 L28.8734353,17.7329624 L15.1877608,0 L0,0 L10.3198887,20.0556328 L0,40 L14.9513213,40 Z M42.3087622,40 L56.2308762,22.2531293 L56.2308762,17.7329624 L42.6564673,0 L27.3574409,0 L37.6773296,20.0556328 L27.3574409,40 L42.3087622,40 Z\"><\/path>\n                        <\/g>\n                    <\/g>\n                <\/svg>\n            <\/span>\n            M\u00e5nga t\u00e4nker sig nog att barn och andra vid behov kan evakueras till bondg\u00e5rdar p\u00e5 lands\u00adbygden, ungef\u00e4r som under andra v\u00e4rlds\u00adkriget. Men idag finns inte s\u00e5 mycket av den landsbygden kvar.<\/p>\n<cite>Niklas Eklund.<\/cite><\/blockquote>\n\n\n\n<p><strong>Ja, vart ska de ta v\u00e4gen?<\/strong><br>\u2013 S\u00e4g det. Jag tror att det \u00e4r m\u00e5nga individer som kommer att hamna i sv\u00e5ra moraliska dilemman. Ska de prioritera sina barn? Eller sina gamla f\u00f6r\u00e4ldrar som kanske inte \u00f6verlever om de l\u00e4mnas ensamma? Ska den som \u00e4r reservofficer och driver en bilverkstad som servar regionens ambulanser st\u00e4nga verkstaden och rycka in till sitt milit\u00e4ra f\u00f6rband \u00e4ven om det inneb\u00e4r att ett stort antal ambulanser blir st\u00e5ende och d\u00e4rmed inte kan hj\u00e4lpa sv\u00e5rt skadade och sjuka?<\/p>\n\n\n\n<p>Niklas Eklund tror att f\u00f6r de flesta reservofficerare \u00e4r svaret sj\u00e4lvklart \u2013 de kommer att bege sig till sina f\u00f6rband.<\/p>\n\n\n\n<p>\u2013 Men fr\u00e5gorna visar p\u00e5 n\u00e5gra av de moraliska dilemman som vi st\u00e4lls inf\u00f6r vid h\u00f6jd beredskap. Det \u00e4r dessutom d\u00e5 som de milit\u00e4ra och civila intressena b\u00f6rjar skava ordentligt mot varandra.<\/p>\n\n\n\n<p>Vid krig \u00e4r prioriteringen p\u00e5 ett s\u00e4tt enklare<\/p>\n\n\n\n<p>Bland annat f\u00f6rsvarsberedningen har lyft fram behovet av en samlad myndighetsfunktion som ansvarar f\u00f6r personalf\u00f6rs\u00f6rjningen under h\u00f6jd beredskap, ber\u00e4ttar Erik L\u00f6vrup Nordentjell.<\/p>\n\n\n\n<p>\u2013 \u00c4ven arbetsmarknadens parter b\u00f6r i h\u00f6gre utstr\u00e4ckning engageras i detta. Till det ska l\u00e4ggas alla frivilligorganisationer som en viktig resurs f\u00f6r att l\u00f6sa en m\u00e4ngd praktiska problem och arbetsuppgifter i civilsamh\u00e4llet.<\/p>\n\n\n\n<figure class=\"wp-block-image size-large\"><img loading=\"lazy\" decoding=\"async\" width=\"1600\" height=\"900\" src=\"https:\/\/reservofficerarna.se\/app\/uploads\/sites\/2\/2025\/12\/bas-1600x900.png\" alt=\"\" class=\"wp-image-1928\" srcset=\"https:\/\/reservofficerarna.se\/app\/uploads\/sites\/2\/2025\/12\/bas-1600x900.png 1600w, https:\/\/reservofficerarna.se\/app\/uploads\/sites\/2\/2025\/12\/bas-800x450.png 800w, https:\/\/reservofficerarna.se\/app\/uploads\/sites\/2\/2025\/12\/bas-1536x864.png 1536w, https:\/\/reservofficerarna.se\/app\/uploads\/sites\/2\/2025\/12\/bas-300x169.png 300w, https:\/\/reservofficerarna.se\/app\/uploads\/sites\/2\/2025\/12\/bas.png 1920w\" sizes=\"auto, (max-width: 1600px) 100vw, 1600px\" \/><figcaption class=\"font-sans mt-2 text-sm md:text-base\" class=\"wp-element-caption\">Finns det s\u00e4ngplatser f\u00f6r alla reserv\u00adofficerare n\u00e4r de kallas in? Enligt Erik L\u00f6vrup Nordentjell f\u00e5r i s\u00e5 fall F\u00f6rsvaret ta \u00f6ver civila byggnader f\u00f6r att l\u00f6sa uppgiften.<\/figcaption><\/figure>\n\n\n\n<p><strong>Varf\u00f6r finns inte en s\u00e5dan funktion p\u00e5 plats redan nu?<\/strong><br>\u2013 Man t\u00e4nker nog att samh\u00e4llskittet kommer att hantera m\u00e5nga av problemen. Och s\u00e5 \u00e4r det kanske i det kortare perspektivet. Erfarenheter fr\u00e5n en m\u00e4ngd h\u00e4ndelser visar att det g\u00e5r snabbt att mobilisera stora frivilligresurser. Fr\u00e5gan \u00e4r bara vad som h\u00e4nder n\u00e4r en konflikt har p\u00e5g\u00e5tt i ett par m\u00e5nader och den omedelbara k\u00e4nslan av att jag m\u00e5ste hj\u00e4lpa till har mattats av? s\u00e4ger Erik L\u00f6vrup Nordentjell<\/p>\n\n\n\n<p>Idag \u00e4r det m\u00e5nga som tvingas g\u00e5r ner i l\u00f6n \u2013 j\u00e4mf\u00f6rt med vad de tj\u00e4nar p\u00e5 sina civila jobb \u2013 n\u00e4r de tj\u00e4nstg\u00f6r som reservofficer.<\/p>\n\n\n\n<p>\u2013 Ers\u00e4ttningsniv\u00e5erna \u00e4r framf\u00f6r allt en politisk fr\u00e5ga. Samtidigt beh\u00f6ver det finnas en trov\u00e4rdighet fr\u00e5n statens sida n\u00e4r det g\u00e4ller ers\u00e4ttningarna, s\u00e4ger Erik L\u00f6vrup Nordentjell.<\/p>\n\n\n\n<p>\u2013 Jag tror att det finns sk\u00e4l f\u00f6r politikerna att fundera \u00f6ver niv\u00e5erna, framf\u00f6r allt om m\u00e4nniskor ska tj\u00e4nstg\u00f6ra under l\u00e5ng tid.<\/p>\n\n\n\n<p>Kriget i Ukraina har snart p\u00e5g\u00e5tt i fyra \u00e5r.<\/p>\n\n\n\n<p>\u2013 Det s\u00e4ger sig sj\u00e4lvt att det kan bli besv\u00e4rligt f\u00f6r m\u00e5nga som tj\u00e4nstg\u00f6r under l\u00e5ng tid om ers\u00e4ttningen \u00e4r f\u00f6r l\u00e5g.<\/p>\n\n\n\n<p>\u2013 Redan idag har regeringen m\u00f6jlighet att justera ers\u00e4ttningen genom s\u00e5 kallade f\u00e4lttraktamenten. Jag vet inte om det \u00e4r en bra l\u00f6sning, men det \u00e4r \u00e5tminstone ett alternativ.<\/p>\n\n\n\n<p>Reservofficeren har fr\u00e5gat de stora bankerna vad som sker med bostadsl\u00e5nen vid en h\u00f6jd beredskap, om den som f\u00e5r sin inkomst s\u00e4nkt p\u00e5 grund tj\u00e4nstg\u00f6ring i f\u00f6rsvaret kan r\u00e4kna med l\u00e4ttnader.<\/p>\n\n\n\n<p>De banker som har svarat h\u00e4nvisar till individuella bed\u00f6mningar och Finansinspektionens riktlinjer. Enligt dessa kan amorteringsundantag g\u00f6ras av \u201ds\u00e4rskilda sk\u00e4l, till exempel tillf\u00e4lligt l\u00e4gre inkomster p\u00e5 grund av mycket kraftig nedg\u00e5ng i svensk ekonomi\u201d.<\/p>\n\n\n\n<p>En annan, mycket konkret fr\u00e5ga handlar om att m\u00e5nga reservofficerare och andra som tillh\u00f6r f\u00f6rband i norra Sverige faktiskt bor i de mellersta eller s\u00f6dra delarna av landet. Finns det s\u00e4ngplatser till alla som d\u00e5 beh\u00f6ver kallas in?<\/p>\n\n\n\n<p>\u2013 Det tror att jag man kan hantera. Vid h\u00f6jd beredskap kan f\u00f6rsvaret ta \u00f6ver hotell, campingplatser, skidanl\u00e4ggningar och liknande utan att \u00e4garna kan g\u00f6ra s\u00e5 mycket \u00e5t saken. Det handlar om tiotusentals b\u00e4ddar, s\u00e4ger Erik L\u00f6vrup Nordentjell.<\/p>\n\n\n\n<p><strong>S\u00c5 SVARAR STORBANKERNA<\/strong><\/p>\n\n\n\n<p><strong>Vem betalar amorteringarna n\u00e4r du som reservofficerare blir inkallad \u2013 och d\u00e4rmed f\u00e5r l\u00e4gre l\u00f6n? Kan du f\u00e5 amorteringsfrihet under tiden du tj\u00e4nstg\u00f6r i F\u00f6rsvarsmakten?<\/strong><\/p>\n\n\n\n<p><strong>Nordea:<\/strong><br>&#8221;Det g\u00f6rs alltid en individuell bed\u00f6mning. Finansinspektionen har m\u00f6jlighet att utf\u00e4rda ett generellt undantag f\u00f6r \u201dextraordin\u00e4ra omst\u00e4ndigheter\u201d. Det gjordes t ex under Covid-pandemin 2020-2021. Detta \u00e4r inget vi som bank kan styra \u00f6ver, utan vi f\u00f6rh\u00e5ller oss till de regler som g\u00e4ller.&#8221;<\/p>\n\n\n\n<p><strong>SBAB:<\/strong><br>&#8221;Man kan f\u00e5 tillf\u00e4llig amorteringsl\u00e4ttnad om inkomsten tillf\u00e4lligt minskar. L\u00e5ntagaren beh\u00f6ver ans\u00f6ka om amorteringsl\u00e4ttnad och redovisa bakgrunden. Observera att r\u00e4ntan p\u00e5 l\u00e5net m\u00e5ste betalas som vanligt under den amorteringsfria perioden. Det \u00e4r Finansinspektionen (FI) som utf\u00e4rdar riktlinjer och f\u00f6reskrifter f\u00f6r amorteringskraven, inklusive m\u00f6jligheten till undantag vid s\u00e4rskilda sk\u00e4l. Men det \u00e4r bankerna sj\u00e4lva som bed\u00f6mer och beslutar om amorteringsfrihet till enskilda kunder utifr\u00e5n dessa riktlinjer.&#8221;<\/p>\n\n\n\n<p><strong>SEB:<\/strong><br>&#8221;Vi hanterar fr\u00e5gor om amorteringsfrihet individuellt. Vi f\u00f6ljer Finansinspektionens allm\u00e4nna r\u00e5d om att s\u00e4rskilda sk\u00e4l beh\u00f6ver finnas.&#8221;<\/p>\n\n\n\n<p><strong>Handelsbanken:<\/strong><br>&#8221;F\u00f6r att f\u00e5 undantag fr\u00e5n kravet p\u00e5 amortering beh\u00f6ver hush\u00e5llets ekonomiska f\u00f6ruts\u00e4ttningar v\u00e4sentligt ha f\u00f6rs\u00e4mrats sedan l\u00e5net togs. Ett tillf\u00e4lligt inkomstbortfall kan utg\u00f6ra grund f\u00f6r det. Vi g\u00f6r alltid individuella bed\u00f6mningar, utifr\u00e5n g\u00e4llande regelverk.&#8221;<\/p>\n\n\n\n<p><strong>Swedbank:<\/strong><br>&#8221;Denna situation skulle kunna klassas in under att kredittagaren tillf\u00e4lligt beh\u00f6ver st\u00e4lla om sin ekonomi. Det \u00f6ppnar d\u00e4rmed upp f\u00f6r att vi skulle kunna bevilja amorteringsbefrielse.&#8221;<\/p>\n","protected":false},"excerpt":{"rendered":"<p>Vid h\u00f6jd beredskap ska reservofficerare snabbt infinna sig p\u00e5 sina f\u00f6rband. Vem tar d\u00e5 hand om deras barn? Eller gamla f\u00f6r\u00e4ldrar? Eller ser till att amorteringarna betalas om inkomsten s\u00e4nks dramatiskt? Efter att en rekordstor rysk-kinesisk milit\u00e4r\u00f6vning inletts i \u00d6stersj\u00f6omr\u00e5det beslutar den svenska regeringen om h\u00f6jd beredskap. Statsministern meddelar kort att entydiga underr\u00e4ttelser visar att &hellip;<\/p>\n","protected":false},"author":1,"featured_media":1921,"comment_status":"closed","ping_status":"closed","sticky":true,"template":"","format":"standard","meta":{"_acf_changed":false,"footnotes":""},"categories":[9],"tags":[],"class_list":["post-1920","post","type-post","status-publish","format-standard","has-post-thumbnail","hentry","category-pa-djupet"],"acf":[],"yoast_head":"<!-- This site is optimized with the Yoast SEO plugin v27.4 - https:\/\/yoast.com\/product\/yoast-seo-wordpress\/ -->\n<title>\u00c4r samh\u00e4llet redo n\u00e4r reservofficerarna l\u00e4mnar sina civila jobb? - Reservofficeren<\/title>\n<meta name=\"robots\" content=\"index, follow, max-snippet:-1, max-image-preview:large, max-video-preview:-1\" \/>\n<link rel=\"canonical\" href=\"https:\/\/reservofficerarna.se\/reservofficeren\/pa-djupet\/ar-samhallet-redonar-reservofficerarnalamnar-sina-civila-jobb\/\" \/>\n<meta property=\"og:locale\" content=\"sv_SE\" \/>\n<meta property=\"og:type\" content=\"article\" \/>\n<meta property=\"og:title\" content=\"\u00c4r samh\u00e4llet redo n\u00e4r reservofficerarna l\u00e4mnar sina civila jobb? - Reservofficeren\" \/>\n<meta property=\"og:description\" content=\"Vid h\u00f6jd beredskap ska reservofficerare snabbt infinna sig p\u00e5 sina f\u00f6rband. Vem tar d\u00e5 hand om deras barn? Eller gamla f\u00f6r\u00e4ldrar? Eller ser till att amorteringarna betalas om inkomsten s\u00e4nks dramatiskt? Efter att en rekordstor rysk-kinesisk milit\u00e4r\u00f6vning inletts i \u00d6stersj\u00f6omr\u00e5det beslutar den svenska regeringen om h\u00f6jd beredskap. Statsministern meddelar kort att entydiga underr\u00e4ttelser visar att &hellip;\" \/>\n<meta property=\"og:url\" content=\"https:\/\/reservofficerarna.se\/reservofficeren\/pa-djupet\/ar-samhallet-redonar-reservofficerarnalamnar-sina-civila-jobb\/\" \/>\n<meta property=\"og:site_name\" content=\"Reservofficeren\" \/>\n<meta property=\"article:published_time\" content=\"2025-12-24T07:00:00+00:00\" \/>\n<meta property=\"article:modified_time\" content=\"2026-01-25T09:49:58+00:00\" \/>\n<meta property=\"og:image\" content=\"https:\/\/reservofficerarna.se\/app\/uploads\/sites\/2\/2025\/12\/beredskap-dragare.jpg\" \/>\n\t<meta property=\"og:image:width\" content=\"1920\" \/>\n\t<meta property=\"og:image:height\" content=\"1080\" \/>\n\t<meta property=\"og:image:type\" content=\"image\/jpeg\" \/>\n<meta name=\"author\" content=\"wpreservofficerarna\" \/>\n<meta name=\"twitter:card\" content=\"summary_large_image\" \/>\n<meta name=\"twitter:label1\" content=\"Skriven av\" \/>\n\t<meta name=\"twitter:data1\" content=\"wpreservofficerarna\" \/>\n\t<meta name=\"twitter:label2\" content=\"Ber\u00e4knad l\u00e4stid\" \/>\n\t<meta name=\"twitter:data2\" content=\"8 minuter\" \/>\n<script type=\"application\/ld+json\" class=\"yoast-schema-graph\">{\"@context\":\"https:\\\/\\\/schema.org\",\"@graph\":[{\"@type\":\"Article\",\"@id\":\"https:\\\/\\\/reservofficerarna.se\\\/reservofficeren\\\/pa-djupet\\\/ar-samhallet-redonar-reservofficerarnalamnar-sina-civila-jobb\\\/#article\",\"isPartOf\":{\"@id\":\"https:\\\/\\\/reservofficerarna.se\\\/reservofficeren\\\/pa-djupet\\\/ar-samhallet-redonar-reservofficerarnalamnar-sina-civila-jobb\\\/\"},\"author\":{\"name\":\"wpreservofficerarna\",\"@id\":\"https:\\\/\\\/staging.reservofficerarna.se\\\/reservofficeren\\\/#\\\/schema\\\/person\\\/d63322fe51ba95c7e32e60a60190148c\"},\"headline\":\"\u00c4r samh\u00e4llet redo n\u00e4r reservofficerarna l\u00e4mnar sina civila jobb?\",\"datePublished\":\"2025-12-24T07:00:00+00:00\",\"dateModified\":\"2026-01-25T09:49:58+00:00\",\"mainEntityOfPage\":{\"@id\":\"https:\\\/\\\/reservofficerarna.se\\\/reservofficeren\\\/pa-djupet\\\/ar-samhallet-redonar-reservofficerarnalamnar-sina-civila-jobb\\\/\"},\"wordCount\":1642,\"image\":{\"@id\":\"https:\\\/\\\/reservofficerarna.se\\\/reservofficeren\\\/pa-djupet\\\/ar-samhallet-redonar-reservofficerarnalamnar-sina-civila-jobb\\\/#primaryimage\"},\"thumbnailUrl\":\"https:\\\/\\\/reservofficerarna.se\\\/app\\\/uploads\\\/sites\\\/2\\\/2025\\\/12\\\/beredskap-dragare.jpg\",\"articleSection\":[\"P\u00e5 djupet\"],\"inLanguage\":\"sv-SE\"},{\"@type\":\"WebPage\",\"@id\":\"https:\\\/\\\/reservofficerarna.se\\\/reservofficeren\\\/pa-djupet\\\/ar-samhallet-redonar-reservofficerarnalamnar-sina-civila-jobb\\\/\",\"url\":\"https:\\\/\\\/reservofficerarna.se\\\/reservofficeren\\\/pa-djupet\\\/ar-samhallet-redonar-reservofficerarnalamnar-sina-civila-jobb\\\/\",\"name\":\"\u00c4r samh\u00e4llet redo n\u00e4r reservofficerarna l\u00e4mnar sina civila jobb? - Reservofficeren\",\"isPartOf\":{\"@id\":\"https:\\\/\\\/staging.reservofficerarna.se\\\/reservofficeren\\\/#website\"},\"primaryImageOfPage\":{\"@id\":\"https:\\\/\\\/reservofficerarna.se\\\/reservofficeren\\\/pa-djupet\\\/ar-samhallet-redonar-reservofficerarnalamnar-sina-civila-jobb\\\/#primaryimage\"},\"image\":{\"@id\":\"https:\\\/\\\/reservofficerarna.se\\\/reservofficeren\\\/pa-djupet\\\/ar-samhallet-redonar-reservofficerarnalamnar-sina-civila-jobb\\\/#primaryimage\"},\"thumbnailUrl\":\"https:\\\/\\\/reservofficerarna.se\\\/app\\\/uploads\\\/sites\\\/2\\\/2025\\\/12\\\/beredskap-dragare.jpg\",\"datePublished\":\"2025-12-24T07:00:00+00:00\",\"dateModified\":\"2026-01-25T09:49:58+00:00\",\"author\":{\"@id\":\"https:\\\/\\\/staging.reservofficerarna.se\\\/reservofficeren\\\/#\\\/schema\\\/person\\\/d63322fe51ba95c7e32e60a60190148c\"},\"breadcrumb\":{\"@id\":\"https:\\\/\\\/reservofficerarna.se\\\/reservofficeren\\\/pa-djupet\\\/ar-samhallet-redonar-reservofficerarnalamnar-sina-civila-jobb\\\/#breadcrumb\"},\"inLanguage\":\"sv-SE\",\"potentialAction\":[{\"@type\":\"ReadAction\",\"target\":[\"https:\\\/\\\/reservofficerarna.se\\\/reservofficeren\\\/pa-djupet\\\/ar-samhallet-redonar-reservofficerarnalamnar-sina-civila-jobb\\\/\"]}]},{\"@type\":\"ImageObject\",\"inLanguage\":\"sv-SE\",\"@id\":\"https:\\\/\\\/reservofficerarna.se\\\/reservofficeren\\\/pa-djupet\\\/ar-samhallet-redonar-reservofficerarnalamnar-sina-civila-jobb\\\/#primaryimage\",\"url\":\"https:\\\/\\\/reservofficerarna.se\\\/app\\\/uploads\\\/sites\\\/2\\\/2025\\\/12\\\/beredskap-dragare.jpg\",\"contentUrl\":\"https:\\\/\\\/reservofficerarna.se\\\/app\\\/uploads\\\/sites\\\/2\\\/2025\\\/12\\\/beredskap-dragare.jpg\",\"width\":1920,\"height\":1080},{\"@type\":\"BreadcrumbList\",\"@id\":\"https:\\\/\\\/reservofficerarna.se\\\/reservofficeren\\\/pa-djupet\\\/ar-samhallet-redonar-reservofficerarnalamnar-sina-civila-jobb\\\/#breadcrumb\",\"itemListElement\":[{\"@type\":\"ListItem\",\"position\":1,\"name\":\"Hem\",\"item\":\"https:\\\/\\\/reservofficerarna.se\\\/reservofficeren\\\/\"},{\"@type\":\"ListItem\",\"position\":2,\"name\":\"\u00c4r samh\u00e4llet redo n\u00e4r reservofficerarna l\u00e4mnar sina civila jobb?\"}]},{\"@type\":\"WebSite\",\"@id\":\"https:\\\/\\\/staging.reservofficerarna.se\\\/reservofficeren\\\/#website\",\"url\":\"https:\\\/\\\/staging.reservofficerarna.se\\\/reservofficeren\\\/\",\"name\":\"Reservofficeren\",\"description\":\"F\u00f6rbundet Reservofficerarnas tidning\",\"potentialAction\":[{\"@type\":\"SearchAction\",\"target\":{\"@type\":\"EntryPoint\",\"urlTemplate\":\"https:\\\/\\\/staging.reservofficerarna.se\\\/reservofficeren\\\/?s={search_term_string}\"},\"query-input\":{\"@type\":\"PropertyValueSpecification\",\"valueRequired\":true,\"valueName\":\"search_term_string\"}}],\"inLanguage\":\"sv-SE\"},{\"@type\":\"Person\",\"@id\":\"https:\\\/\\\/staging.reservofficerarna.se\\\/reservofficeren\\\/#\\\/schema\\\/person\\\/d63322fe51ba95c7e32e60a60190148c\",\"name\":\"wpreservofficerarna\",\"sameAs\":[\"https:\\\/\\\/reservofficerarna.se\\\/wp\"]}]}<\/script>\n<!-- \/ Yoast SEO plugin. -->","yoast_head_json":{"title":"\u00c4r samh\u00e4llet redo n\u00e4r reservofficerarna l\u00e4mnar sina civila jobb? - Reservofficeren","robots":{"index":"index","follow":"follow","max-snippet":"max-snippet:-1","max-image-preview":"max-image-preview:large","max-video-preview":"max-video-preview:-1"},"canonical":"https:\/\/reservofficerarna.se\/reservofficeren\/pa-djupet\/ar-samhallet-redonar-reservofficerarnalamnar-sina-civila-jobb\/","og_locale":"sv_SE","og_type":"article","og_title":"\u00c4r samh\u00e4llet redo n\u00e4r reservofficerarna l\u00e4mnar sina civila jobb? - Reservofficeren","og_description":"Vid h\u00f6jd beredskap ska reservofficerare snabbt infinna sig p\u00e5 sina f\u00f6rband. Vem tar d\u00e5 hand om deras barn? Eller gamla f\u00f6r\u00e4ldrar? Eller ser till att amorteringarna betalas om inkomsten s\u00e4nks dramatiskt? Efter att en rekordstor rysk-kinesisk milit\u00e4r\u00f6vning inletts i \u00d6stersj\u00f6omr\u00e5det beslutar den svenska regeringen om h\u00f6jd beredskap. Statsministern meddelar kort att entydiga underr\u00e4ttelser visar att &hellip;","og_url":"https:\/\/reservofficerarna.se\/reservofficeren\/pa-djupet\/ar-samhallet-redonar-reservofficerarnalamnar-sina-civila-jobb\/","og_site_name":"Reservofficeren","article_published_time":"2025-12-24T07:00:00+00:00","article_modified_time":"2026-01-25T09:49:58+00:00","og_image":[{"width":1920,"height":1080,"url":"https:\/\/reservofficerarna.se\/app\/uploads\/sites\/2\/2025\/12\/beredskap-dragare.jpg","type":"image\/jpeg"}],"author":"wpreservofficerarna","twitter_card":"summary_large_image","twitter_misc":{"Skriven av":"wpreservofficerarna","Ber\u00e4knad l\u00e4stid":"8 minuter"},"schema":{"@context":"https:\/\/schema.org","@graph":[{"@type":"Article","@id":"https:\/\/reservofficerarna.se\/reservofficeren\/pa-djupet\/ar-samhallet-redonar-reservofficerarnalamnar-sina-civila-jobb\/#article","isPartOf":{"@id":"https:\/\/reservofficerarna.se\/reservofficeren\/pa-djupet\/ar-samhallet-redonar-reservofficerarnalamnar-sina-civila-jobb\/"},"author":{"name":"wpreservofficerarna","@id":"https:\/\/staging.reservofficerarna.se\/reservofficeren\/#\/schema\/person\/d63322fe51ba95c7e32e60a60190148c"},"headline":"\u00c4r samh\u00e4llet redo n\u00e4r reservofficerarna l\u00e4mnar sina civila jobb?","datePublished":"2025-12-24T07:00:00+00:00","dateModified":"2026-01-25T09:49:58+00:00","mainEntityOfPage":{"@id":"https:\/\/reservofficerarna.se\/reservofficeren\/pa-djupet\/ar-samhallet-redonar-reservofficerarnalamnar-sina-civila-jobb\/"},"wordCount":1642,"image":{"@id":"https:\/\/reservofficerarna.se\/reservofficeren\/pa-djupet\/ar-samhallet-redonar-reservofficerarnalamnar-sina-civila-jobb\/#primaryimage"},"thumbnailUrl":"https:\/\/reservofficerarna.se\/app\/uploads\/sites\/2\/2025\/12\/beredskap-dragare.jpg","articleSection":["P\u00e5 djupet"],"inLanguage":"sv-SE"},{"@type":"WebPage","@id":"https:\/\/reservofficerarna.se\/reservofficeren\/pa-djupet\/ar-samhallet-redonar-reservofficerarnalamnar-sina-civila-jobb\/","url":"https:\/\/reservofficerarna.se\/reservofficeren\/pa-djupet\/ar-samhallet-redonar-reservofficerarnalamnar-sina-civila-jobb\/","name":"\u00c4r samh\u00e4llet redo n\u00e4r reservofficerarna l\u00e4mnar sina civila jobb? - Reservofficeren","isPartOf":{"@id":"https:\/\/staging.reservofficerarna.se\/reservofficeren\/#website"},"primaryImageOfPage":{"@id":"https:\/\/reservofficerarna.se\/reservofficeren\/pa-djupet\/ar-samhallet-redonar-reservofficerarnalamnar-sina-civila-jobb\/#primaryimage"},"image":{"@id":"https:\/\/reservofficerarna.se\/reservofficeren\/pa-djupet\/ar-samhallet-redonar-reservofficerarnalamnar-sina-civila-jobb\/#primaryimage"},"thumbnailUrl":"https:\/\/reservofficerarna.se\/app\/uploads\/sites\/2\/2025\/12\/beredskap-dragare.jpg","datePublished":"2025-12-24T07:00:00+00:00","dateModified":"2026-01-25T09:49:58+00:00","author":{"@id":"https:\/\/staging.reservofficerarna.se\/reservofficeren\/#\/schema\/person\/d63322fe51ba95c7e32e60a60190148c"},"breadcrumb":{"@id":"https:\/\/reservofficerarna.se\/reservofficeren\/pa-djupet\/ar-samhallet-redonar-reservofficerarnalamnar-sina-civila-jobb\/#breadcrumb"},"inLanguage":"sv-SE","potentialAction":[{"@type":"ReadAction","target":["https:\/\/reservofficerarna.se\/reservofficeren\/pa-djupet\/ar-samhallet-redonar-reservofficerarnalamnar-sina-civila-jobb\/"]}]},{"@type":"ImageObject","inLanguage":"sv-SE","@id":"https:\/\/reservofficerarna.se\/reservofficeren\/pa-djupet\/ar-samhallet-redonar-reservofficerarnalamnar-sina-civila-jobb\/#primaryimage","url":"https:\/\/reservofficerarna.se\/app\/uploads\/sites\/2\/2025\/12\/beredskap-dragare.jpg","contentUrl":"https:\/\/reservofficerarna.se\/app\/uploads\/sites\/2\/2025\/12\/beredskap-dragare.jpg","width":1920,"height":1080},{"@type":"BreadcrumbList","@id":"https:\/\/reservofficerarna.se\/reservofficeren\/pa-djupet\/ar-samhallet-redonar-reservofficerarnalamnar-sina-civila-jobb\/#breadcrumb","itemListElement":[{"@type":"ListItem","position":1,"name":"Hem","item":"https:\/\/reservofficerarna.se\/reservofficeren\/"},{"@type":"ListItem","position":2,"name":"\u00c4r samh\u00e4llet redo n\u00e4r reservofficerarna l\u00e4mnar sina civila jobb?"}]},{"@type":"WebSite","@id":"https:\/\/staging.reservofficerarna.se\/reservofficeren\/#website","url":"https:\/\/staging.reservofficerarna.se\/reservofficeren\/","name":"Reservofficeren","description":"F\u00f6rbundet Reservofficerarnas tidning","potentialAction":[{"@type":"SearchAction","target":{"@type":"EntryPoint","urlTemplate":"https:\/\/staging.reservofficerarna.se\/reservofficeren\/?s={search_term_string}"},"query-input":{"@type":"PropertyValueSpecification","valueRequired":true,"valueName":"search_term_string"}}],"inLanguage":"sv-SE"},{"@type":"Person","@id":"https:\/\/staging.reservofficerarna.se\/reservofficeren\/#\/schema\/person\/d63322fe51ba95c7e32e60a60190148c","name":"wpreservofficerarna","sameAs":["https:\/\/reservofficerarna.se\/wp"]}]}},"_links":{"self":[{"href":"https:\/\/reservofficerarna.se\/reservofficeren\/wp-json\/wp\/v2\/posts\/1920","targetHints":{"allow":["GET"]}}],"collection":[{"href":"https:\/\/reservofficerarna.se\/reservofficeren\/wp-json\/wp\/v2\/posts"}],"about":[{"href":"https:\/\/reservofficerarna.se\/reservofficeren\/wp-json\/wp\/v2\/types\/post"}],"author":[{"embeddable":true,"href":"https:\/\/reservofficerarna.se\/reservofficeren\/wp-json\/wp\/v2\/users\/1"}],"replies":[{"embeddable":true,"href":"https:\/\/reservofficerarna.se\/reservofficeren\/wp-json\/wp\/v2\/comments?post=1920"}],"version-history":[{"count":12,"href":"https:\/\/reservofficerarna.se\/reservofficeren\/wp-json\/wp\/v2\/posts\/1920\/revisions"}],"predecessor-version":[{"id":1969,"href":"https:\/\/reservofficerarna.se\/reservofficeren\/wp-json\/wp\/v2\/posts\/1920\/revisions\/1969"}],"wp:featuredmedia":[{"embeddable":true,"href":"https:\/\/reservofficerarna.se\/reservofficeren\/wp-json\/wp\/v2\/media\/1921"}],"wp:attachment":[{"href":"https:\/\/reservofficerarna.se\/reservofficeren\/wp-json\/wp\/v2\/media?parent=1920"}],"wp:term":[{"taxonomy":"category","embeddable":true,"href":"https:\/\/reservofficerarna.se\/reservofficeren\/wp-json\/wp\/v2\/categories?post=1920"},{"taxonomy":"post_tag","embeddable":true,"href":"https:\/\/reservofficerarna.se\/reservofficeren\/wp-json\/wp\/v2\/tags?post=1920"}],"curies":[{"name":"wp","href":"https:\/\/api.w.org\/{rel}","templated":true}]}}