{"id":1977,"date":"2026-03-17T11:25:58","date_gmt":"2026-03-17T10:25:58","guid":{"rendered":"https:\/\/reservofficerarna.se\/reservofficeren\/?p=1977"},"modified":"2026-03-17T11:25:58","modified_gmt":"2026-03-17T10:25:58","slug":"andreas-braw-vill-starka-reservofficerssystemet","status":"publish","type":"post","link":"https:\/\/reservofficerarna.se\/reservofficeren\/arets-foredome\/andreas-braw-vill-starka-reservofficerssystemet\/","title":{"rendered":"Andreas Braw vill st\u00e4rka reservofficerssystemet"},"content":{"rendered":"\n<p class=\"has-lead-text-font-size\">Kapten Andreas Braw blir den f\u00f6rste som utses till \u201d\u00c5rets f\u00f6red\u00f6me\u201d av F\u00f6rbundet Reservofficerarna. \u201dDet k\u00e4nns extra bra att bli uppm\u00e4rksammad av just <br>reservofficerare som jag anser \u00e4r en central del av <br>F\u00f6rsvarsmakten, s\u00e4ger han.<\/p>\n\n\n\n<p>Enligt motiveringen lyfter han i sitt dagliga ledarskap och i g\u00e4rningen som redakt\u00f6r f\u00f6r Milit\u00e4r Debatt fram reserv\u00adofficerssystemets betydelse och st\u00e4rker d\u00e4rmed f\u00f6rsvarsf\u00f6rm\u00e5gan avsev\u00e4rt\u201d.<\/p>\n\n\n\n<p>Tanken bakom utm\u00e4rkelsen \u00e4r att uppm\u00e4rksamma goda krafter som \u2013 i det civila eller milit\u00e4ra \u2013 verkar f\u00f6r reserv\u00adofficerares b\u00e4sta.<\/p>\n\n\n\n<p>\u2013 De reservofficerare som jag har arbetat och arbetar med, i huvudsak plutonchefer, \u00e4r l\u00f6sningsorienterade, kreativa och arbetsvilliga. Min bild \u00e4r att det finns en v\u00e4ldigt stor of\u00f6rl\u00f6st kraft i dem, s\u00e4ger Andreas Braw.<\/p>\n\n\n\n<p>\u2013 En stor skillnad mellan reserv- och yrkesofficerare \u00e4r att reservofficerare ofta \u00e4r mer systemkritiska och frit\u00e4nkande \u00e4n vad m\u00e5nga yrkesofficerare \u00e4r.<\/p>\n\n\n\n<p><strong>Och det beh\u00f6ver F\u00f6rsvarsmakten?<\/strong><br>\u2013 Ja, verkligen. Reservofficerare befinner sig b\u00e5de utanf\u00f6r och innanf\u00f6r systemet. Det g\u00f6r att de inte beh\u00f6ver f\u00f6rh\u00e5lla sig till hierarkier p\u00e5 riktigt samma s\u00e4tt som yrkesofficerare. Det tror jag \u00e4r j\u00e4ttenyttigt f\u00f6r F\u00f6rsvarsmakten.<\/p>\n\n\n\n<p>Andreas Braw betonar betydelsen av att se reservofficerare som minst lika viktiga delar av f\u00f6rbanden som yrkesofficerare.<\/p>\n\n\n\n<p>\u2013 Vi beh\u00f6ver sluta betrakta reservofficers\u00adsystemet som n\u00e5got slags bemanningsf\u00f6retag som man kan kalla in n\u00e4r man inte f\u00e5r ihop den dagliga bemanningen.<\/p>\n\n\n\n<p>F\u00f6r att klara den planerade utbyggnaden av F\u00f6rsvarsmakten beh\u00f6ver antalet reservofficerare \u00f6ka, och det ordentligt.<\/p>\n\n\n\n<p>\u2013 Det ska f\u00f6r fler GSS\/K och GSS\/T vara ett naturligt steg att bli reservofficerare. Men det beh\u00f6ver ocks\u00e5 \u00f6ppnas fler v\u00e4gar, g\u00e4rna mer individanpassade, in i yrket.<\/p>\n\n\n\n<p><strong>Hur d\u00e5?<\/strong><br>\u2013 Till exempel genom att se till att m\u00e5nga av kurserna i reservofficersutbildningen g\u00e5r att l\u00e4sa p\u00e5 distans. Det borde vara m\u00f6jligt f\u00f6r studenter p\u00e5 universitet och h\u00f6gskolor att utbilda sig till reserv\u00adofficerare via sommarkurser. Det inneb\u00e4r visserligen att det kanske tar tre kalender\u00e5r att den v\u00e4gen f\u00e5 fram en reservofficer, men det f\u00e5r man acceptera.<\/p>\n\n\n\n<p><strong>M\u00e5nga studenter beh\u00f6ver av ekonomiska sk\u00e4l arbeta p\u00e5 sommaren. B\u00f6r reservofficersutbildningen vara betald?<\/strong><br>\u2013 Det \u00e4r klart att de m\u00e5ste f\u00e5 l\u00f6n om de utbildar sig till reservofficerare som ett sommarjobb, s\u00e4ger Andreas Braw.<\/p>\n\n\n\n<p>\u2013 Redan i dag \u00e4r m\u00e5nga av reserv\u00adofficerarna p\u00e5 min bataljon studenter som \u00e4r inne och tj\u00e4nstg\u00f6r n\u00e4r de har studie\u00aduppeh\u00e5ll under sommaren, en del betydligt mer. Och de f\u00e5r betalt.<\/p>\n\n\n\n<figure class=\"wp-block-image size-large\"><img loading=\"lazy\" decoding=\"async\" width=\"1350\" height=\"900\" src=\"https:\/\/reservofficerarna.se\/app\/uploads\/sites\/2\/2026\/03\/andreas-braw2026foto-tor-johnsson-04-1350x900.jpg\" alt=\"\" class=\"wp-image-1985\" srcset=\"https:\/\/reservofficerarna.se\/app\/uploads\/sites\/2\/2026\/03\/andreas-braw2026foto-tor-johnsson-04-1350x900.jpg 1350w, https:\/\/reservofficerarna.se\/app\/uploads\/sites\/2\/2026\/03\/andreas-braw2026foto-tor-johnsson-04-800x533.jpg 800w, https:\/\/reservofficerarna.se\/app\/uploads\/sites\/2\/2026\/03\/andreas-braw2026foto-tor-johnsson-04-1536x1024.jpg 1536w, https:\/\/reservofficerarna.se\/app\/uploads\/sites\/2\/2026\/03\/andreas-braw2026foto-tor-johnsson-04-300x200.jpg 300w, https:\/\/reservofficerarna.se\/app\/uploads\/sites\/2\/2026\/03\/andreas-braw2026foto-tor-johnsson-04.jpg 1867w\" sizes=\"auto, (max-width: 1350px) 100vw, 1350px\" \/><figcaption class=\"font-sans mt-2 text-sm md:text-base\" class=\"wp-element-caption\">Andreas Braw. <span class=\"text-gray-500\"><span class=\"uppercase\">Foto:<\/span> Tor Johnsson<\/span><\/figcaption><\/figure>\n\n\n\n<p>Andreas Braw lyfter fram det arabiska ordspr\u00e5ket \u201dpengar \u00e4r den b\u00e4sta bud\u00adb\u00e4raren\u201d.<\/p>\n\n\n\n<p>\u2013 En stor del \u00e4r h\u00f6gkvalificerade, en del \u00f6verkvalificerade, f\u00f6r det arbete som vi ber dem att g\u00f6ra. De har stor arbets\u00adkapacitet samtidigt som de \u00e4r i behov av pengar. F\u00f6r oss g\u00e4ller det omv\u00e4nda. Vi har pengar och \u00e4r i behov av arbetskapacitet.<\/p>\n\n\n\n<p>\u2013 Sj\u00e4lvklart beh\u00f6ver det \u00e4ven finnas en ideologisk \u00f6vertygelse om det riktiga i att g\u00f6ra f\u00f6rsvaret starkare. Men det uppfattar jag inte som ett problem. Den \u00e4r till exempel v\u00e4ldigt stark bland de som g\u00f6r v\u00e4rnplikten. Men F\u00f6rsvarsmakten m\u00e5ste uppfattas som en p\u00e5litlig uppdragsgivare som tar sitt ansvar rent arbetsgivar\u00adm\u00e4ssigt f\u00f6r att vara attraktiv.<\/p>\n\n\n\n<p><strong>G\u00f6r man det idag n\u00e4r det g\u00e4ller reservofficerare?<\/strong><br>\u2013 Det \u00e4r v\u00e4ldigt olika. En del f\u00f6rband tappar bort sina reservofficerare n\u00e4stan direkt efter att de har tagit sin examen, medan andra \u00e4r betydligt b\u00e4ttre och ser dem som en viktig del av f\u00f6rbandet.<\/p>\n\n\n\n<p><strong>Hur tycker du att en reservofficer ska vara f\u00f6r att var ett bra f\u00f6red\u00f6me?<\/strong><br>\u2013 Som reservofficerarna p\u00e5 f\u00f6rsta infanteribrigaden. De \u00e4r v\u00e4ldigt seri\u00f6sa, or\u00e4dda, kreativa och ansvarstagande, b\u00e5de gentemot sin personal och i sina befattningar. De \u00e4r ocks\u00e5 v\u00e4ldigt kritiska mot systemet och kan ofta identifiera l\u00f6sningar som f\u00f6r oss yrkesofficerare inte \u00e4r lika uppenbara. Det \u00e4r otroligt inspirerande och l\u00e4rorikt att arbeta tillsammans med dem. Det g\u00f6r mig till en mycket b\u00e4ttre officer.<\/p>\n\n\n<div class=\"wp-block-image\">\n<figure class=\"alignright size-large is-resized\"><img loading=\"lazy\" decoding=\"async\" width=\"600\" height=\"900\" src=\"https:\/\/reservofficerarna.se\/app\/uploads\/sites\/2\/2026\/03\/andreas-braw2026foto-tor-johnsson-11-600x900.jpg\" alt=\"\" class=\"wp-image-1987\" style=\"aspect-ratio:0.6666666666666666;width:238px;height:auto\" srcset=\"https:\/\/reservofficerarna.se\/app\/uploads\/sites\/2\/2026\/03\/andreas-braw2026foto-tor-johnsson-11-600x900.jpg 600w, https:\/\/reservofficerarna.se\/app\/uploads\/sites\/2\/2026\/03\/andreas-braw2026foto-tor-johnsson-11-400x600.jpg 400w, https:\/\/reservofficerarna.se\/app\/uploads\/sites\/2\/2026\/03\/andreas-braw2026foto-tor-johnsson-11-800x1200.jpg 800w, https:\/\/reservofficerarna.se\/app\/uploads\/sites\/2\/2026\/03\/andreas-braw2026foto-tor-johnsson-11-1024x1536.jpg 1024w, https:\/\/reservofficerarna.se\/app\/uploads\/sites\/2\/2026\/03\/andreas-braw2026foto-tor-johnsson-11-300x450.jpg 300w, https:\/\/reservofficerarna.se\/app\/uploads\/sites\/2\/2026\/03\/andreas-braw2026foto-tor-johnsson-11.jpg 1311w\" sizes=\"auto, (max-width: 600px) 100vw, 600px\" \/><\/figure>\n<\/div>\n\n\n<p><strong>ANDREAS BRAW<\/strong><\/p>\n\n\n\n<ul class=\"wp-block-list\">\n<li><strong>\u00c5lder:<\/strong> 37.<\/li>\n\n\n\n<li><strong>Uppvuxen:<\/strong> Alvesta.<\/li>\n\n\n\n<li><strong>Bor:<\/strong> Sigtuna.<\/li>\n\n\n\n<li><strong>Arbete:<\/strong> Utvecklingsofficer p\u00e5 Arm\u00e9staben.<\/li>\n\n\n\n<li><strong>Milit\u00e4r bakgrund:<\/strong> Gjorde lumpen p\u00e5 Livgardet som pj\u00e4sgruppchef p\u00e5 en granat\u00adkastarpluton, arbetade i den befattningen som GSS\/K innan han b\u00f6rjade p\u00e5 officersprogrammet p\u00e5 F\u00f6rsvarsh\u00f6gskolan. Tj\u00e4nstgjorde under n\u00e5gra \u00e5r som plutonchef p\u00e5 K3 (31:a j\u00e4garbataljonen) innan han \u00e5terv\u00e4nde till Livgardet. Har bland annat arbetat IB1 med reservofficers- och GSS\/T-fr\u00e5gor. Var under ett halvt \u00e5r reservofficer.<\/li>\n\n\n\n<li><strong>\u00d6vrigt:<\/strong> Redakt\u00f6r f\u00f6r sajten Milit\u00e4r Debatt som han \u00e4ger och driver.<\/li>\n<\/ul>\n\n\n\n<p><strong>NOMINERA<\/strong><\/p>\n\n\n\n<ul class=\"wp-block-list\">\n<li>Vet du redan nu vem som borde bli \u00c5rets F\u00f6red\u00f6me 2026? N\u00e5gon som s\u00e4rskilt b\u00f6r hedras f\u00f6r att verka f\u00f6r reservofficerares b\u00e4sta. Nominera denna utm\u00e4rkta person! Mejla till <a href=\"mailto:&#107;&#97;&#110;&#115;&#108;i&#64;reser&#118;&#111;&#102;&#102;&#105;c&#101;&#114;&#97;&#114;&#110;&#97;.se\">&#107;a&#110;&#115;li&#64;re&#115;er&#118;&#111;&#102;&#102;&#105;&#99;&#101;&#114;&#97;rna&#46;s&#101;<\/a><\/li>\n<\/ul>\n","protected":false},"excerpt":{"rendered":"<p>Kapten Andreas Braw blir den f\u00f6rste som utses till \u201d\u00c5rets f\u00f6red\u00f6me\u201d av F\u00f6rbundet Reservofficerarna. \u201dDet k\u00e4nns extra bra att bli uppm\u00e4rksammad av just reservofficerare som jag anser \u00e4r en central del av F\u00f6rsvarsmakten, s\u00e4ger han. Enligt motiveringen lyfter han i sitt dagliga ledarskap och i g\u00e4rningen som redakt\u00f6r f\u00f6r Milit\u00e4r Debatt fram reserv\u00adofficerssystemets betydelse och &hellip;<\/p>\n","protected":false},"author":1,"featured_media":1980,"comment_status":"closed","ping_status":"closed","sticky":true,"template":"","format":"standard","meta":{"_acf_changed":false,"footnotes":""},"categories":[29],"tags":[],"class_list":["post-1977","post","type-post","status-publish","format-standard","has-post-thumbnail","hentry","category-arets-foredome"],"acf":[],"yoast_head":"<!-- This site is optimized with the Yoast SEO plugin v27.4 - https:\/\/yoast.com\/product\/yoast-seo-wordpress\/ -->\n<title>Andreas Braw vill st\u00e4rka reservofficerssystemet - Reservofficeren<\/title>\n<meta name=\"robots\" content=\"index, follow, max-snippet:-1, max-image-preview:large, max-video-preview:-1\" \/>\n<link rel=\"canonical\" href=\"https:\/\/reservofficerarna.se\/reservofficeren\/arets-foredome\/andreas-braw-vill-starka-reservofficerssystemet\/\" \/>\n<meta property=\"og:locale\" content=\"sv_SE\" \/>\n<meta property=\"og:type\" content=\"article\" \/>\n<meta property=\"og:title\" content=\"Andreas Braw vill st\u00e4rka reservofficerssystemet - Reservofficeren\" \/>\n<meta property=\"og:description\" content=\"Kapten Andreas Braw blir den f\u00f6rste som utses till \u201d\u00c5rets f\u00f6red\u00f6me\u201d av F\u00f6rbundet Reservofficerarna. \u201dDet k\u00e4nns extra bra att bli uppm\u00e4rksammad av just reservofficerare som jag anser \u00e4r en central del av F\u00f6rsvarsmakten, s\u00e4ger han. Enligt motiveringen lyfter han i sitt dagliga ledarskap och i g\u00e4rningen som redakt\u00f6r f\u00f6r Milit\u00e4r Debatt fram reserv\u00adofficerssystemets betydelse och &hellip;\" \/>\n<meta property=\"og:url\" content=\"https:\/\/reservofficerarna.se\/reservofficeren\/arets-foredome\/andreas-braw-vill-starka-reservofficerssystemet\/\" \/>\n<meta property=\"og:site_name\" content=\"Reservofficeren\" \/>\n<meta property=\"article:published_time\" content=\"2026-03-17T10:25:58+00:00\" \/>\n<meta property=\"og:image\" content=\"https:\/\/reservofficerarna.se\/app\/uploads\/sites\/2\/2026\/03\/andreas-braw2026foto-tor-johnsson-02-fix.jpg\" \/>\n\t<meta property=\"og:image:width\" content=\"1689\" \/>\n\t<meta property=\"og:image:height\" content=\"1127\" \/>\n\t<meta property=\"og:image:type\" content=\"image\/jpeg\" \/>\n<meta name=\"author\" content=\"wpreservofficerarna\" \/>\n<meta name=\"twitter:card\" content=\"summary_large_image\" \/>\n<meta name=\"twitter:label1\" content=\"Skriven av\" \/>\n\t<meta name=\"twitter:data1\" content=\"wpreservofficerarna\" \/>\n\t<meta name=\"twitter:label2\" content=\"Ber\u00e4knad l\u00e4stid\" \/>\n\t<meta name=\"twitter:data2\" content=\"4 minuter\" \/>\n<script type=\"application\/ld+json\" class=\"yoast-schema-graph\">{\"@context\":\"https:\\\/\\\/schema.org\",\"@graph\":[{\"@type\":\"Article\",\"@id\":\"https:\\\/\\\/reservofficerarna.se\\\/reservofficeren\\\/arets-foredome\\\/andreas-braw-vill-starka-reservofficerssystemet\\\/#article\",\"isPartOf\":{\"@id\":\"https:\\\/\\\/reservofficerarna.se\\\/reservofficeren\\\/arets-foredome\\\/andreas-braw-vill-starka-reservofficerssystemet\\\/\"},\"author\":{\"name\":\"wpreservofficerarna\",\"@id\":\"https:\\\/\\\/staging.reservofficerarna.se\\\/reservofficeren\\\/#\\\/schema\\\/person\\\/d63322fe51ba95c7e32e60a60190148c\"},\"headline\":\"Andreas Braw vill st\u00e4rka reservofficerssystemet\",\"datePublished\":\"2026-03-17T10:25:58+00:00\",\"mainEntityOfPage\":{\"@id\":\"https:\\\/\\\/reservofficerarna.se\\\/reservofficeren\\\/arets-foredome\\\/andreas-braw-vill-starka-reservofficerssystemet\\\/\"},\"wordCount\":867,\"image\":{\"@id\":\"https:\\\/\\\/reservofficerarna.se\\\/reservofficeren\\\/arets-foredome\\\/andreas-braw-vill-starka-reservofficerssystemet\\\/#primaryimage\"},\"thumbnailUrl\":\"https:\\\/\\\/reservofficerarna.se\\\/app\\\/uploads\\\/sites\\\/2\\\/2026\\\/03\\\/andreas-braw2026foto-tor-johnsson-02-fix.jpg\",\"articleSection\":[\"\u00c5rets f\u00f6red\u00f6me\"],\"inLanguage\":\"sv-SE\"},{\"@type\":\"WebPage\",\"@id\":\"https:\\\/\\\/reservofficerarna.se\\\/reservofficeren\\\/arets-foredome\\\/andreas-braw-vill-starka-reservofficerssystemet\\\/\",\"url\":\"https:\\\/\\\/reservofficerarna.se\\\/reservofficeren\\\/arets-foredome\\\/andreas-braw-vill-starka-reservofficerssystemet\\\/\",\"name\":\"Andreas Braw vill st\u00e4rka reservofficerssystemet - Reservofficeren\",\"isPartOf\":{\"@id\":\"https:\\\/\\\/staging.reservofficerarna.se\\\/reservofficeren\\\/#website\"},\"primaryImageOfPage\":{\"@id\":\"https:\\\/\\\/reservofficerarna.se\\\/reservofficeren\\\/arets-foredome\\\/andreas-braw-vill-starka-reservofficerssystemet\\\/#primaryimage\"},\"image\":{\"@id\":\"https:\\\/\\\/reservofficerarna.se\\\/reservofficeren\\\/arets-foredome\\\/andreas-braw-vill-starka-reservofficerssystemet\\\/#primaryimage\"},\"thumbnailUrl\":\"https:\\\/\\\/reservofficerarna.se\\\/app\\\/uploads\\\/sites\\\/2\\\/2026\\\/03\\\/andreas-braw2026foto-tor-johnsson-02-fix.jpg\",\"datePublished\":\"2026-03-17T10:25:58+00:00\",\"author\":{\"@id\":\"https:\\\/\\\/staging.reservofficerarna.se\\\/reservofficeren\\\/#\\\/schema\\\/person\\\/d63322fe51ba95c7e32e60a60190148c\"},\"breadcrumb\":{\"@id\":\"https:\\\/\\\/reservofficerarna.se\\\/reservofficeren\\\/arets-foredome\\\/andreas-braw-vill-starka-reservofficerssystemet\\\/#breadcrumb\"},\"inLanguage\":\"sv-SE\",\"potentialAction\":[{\"@type\":\"ReadAction\",\"target\":[\"https:\\\/\\\/reservofficerarna.se\\\/reservofficeren\\\/arets-foredome\\\/andreas-braw-vill-starka-reservofficerssystemet\\\/\"]}]},{\"@type\":\"ImageObject\",\"inLanguage\":\"sv-SE\",\"@id\":\"https:\\\/\\\/reservofficerarna.se\\\/reservofficeren\\\/arets-foredome\\\/andreas-braw-vill-starka-reservofficerssystemet\\\/#primaryimage\",\"url\":\"https:\\\/\\\/reservofficerarna.se\\\/app\\\/uploads\\\/sites\\\/2\\\/2026\\\/03\\\/andreas-braw2026foto-tor-johnsson-02-fix.jpg\",\"contentUrl\":\"https:\\\/\\\/reservofficerarna.se\\\/app\\\/uploads\\\/sites\\\/2\\\/2026\\\/03\\\/andreas-braw2026foto-tor-johnsson-02-fix.jpg\",\"width\":1689,\"height\":1127,\"caption\":\"Andreas Braw \u00e4r \u00c5rets f\u00f6red\u00f6me 2025.\"},{\"@type\":\"BreadcrumbList\",\"@id\":\"https:\\\/\\\/reservofficerarna.se\\\/reservofficeren\\\/arets-foredome\\\/andreas-braw-vill-starka-reservofficerssystemet\\\/#breadcrumb\",\"itemListElement\":[{\"@type\":\"ListItem\",\"position\":1,\"name\":\"Hem\",\"item\":\"https:\\\/\\\/reservofficerarna.se\\\/reservofficeren\\\/\"},{\"@type\":\"ListItem\",\"position\":2,\"name\":\"Andreas Braw vill st\u00e4rka reservofficerssystemet\"}]},{\"@type\":\"WebSite\",\"@id\":\"https:\\\/\\\/staging.reservofficerarna.se\\\/reservofficeren\\\/#website\",\"url\":\"https:\\\/\\\/staging.reservofficerarna.se\\\/reservofficeren\\\/\",\"name\":\"Reservofficeren\",\"description\":\"F\u00f6rbundet Reservofficerarnas tidning\",\"potentialAction\":[{\"@type\":\"SearchAction\",\"target\":{\"@type\":\"EntryPoint\",\"urlTemplate\":\"https:\\\/\\\/staging.reservofficerarna.se\\\/reservofficeren\\\/?s={search_term_string}\"},\"query-input\":{\"@type\":\"PropertyValueSpecification\",\"valueRequired\":true,\"valueName\":\"search_term_string\"}}],\"inLanguage\":\"sv-SE\"},{\"@type\":\"Person\",\"@id\":\"https:\\\/\\\/staging.reservofficerarna.se\\\/reservofficeren\\\/#\\\/schema\\\/person\\\/d63322fe51ba95c7e32e60a60190148c\",\"name\":\"wpreservofficerarna\",\"sameAs\":[\"https:\\\/\\\/reservofficerarna.se\\\/wp\"]}]}<\/script>\n<!-- \/ Yoast SEO plugin. -->","yoast_head_json":{"title":"Andreas Braw vill st\u00e4rka reservofficerssystemet - Reservofficeren","robots":{"index":"index","follow":"follow","max-snippet":"max-snippet:-1","max-image-preview":"max-image-preview:large","max-video-preview":"max-video-preview:-1"},"canonical":"https:\/\/reservofficerarna.se\/reservofficeren\/arets-foredome\/andreas-braw-vill-starka-reservofficerssystemet\/","og_locale":"sv_SE","og_type":"article","og_title":"Andreas Braw vill st\u00e4rka reservofficerssystemet - Reservofficeren","og_description":"Kapten Andreas Braw blir den f\u00f6rste som utses till \u201d\u00c5rets f\u00f6red\u00f6me\u201d av F\u00f6rbundet Reservofficerarna. \u201dDet k\u00e4nns extra bra att bli uppm\u00e4rksammad av just reservofficerare som jag anser \u00e4r en central del av F\u00f6rsvarsmakten, s\u00e4ger han. Enligt motiveringen lyfter han i sitt dagliga ledarskap och i g\u00e4rningen som redakt\u00f6r f\u00f6r Milit\u00e4r Debatt fram reserv\u00adofficerssystemets betydelse och &hellip;","og_url":"https:\/\/reservofficerarna.se\/reservofficeren\/arets-foredome\/andreas-braw-vill-starka-reservofficerssystemet\/","og_site_name":"Reservofficeren","article_published_time":"2026-03-17T10:25:58+00:00","og_image":[{"width":1689,"height":1127,"url":"https:\/\/reservofficerarna.se\/app\/uploads\/sites\/2\/2026\/03\/andreas-braw2026foto-tor-johnsson-02-fix.jpg","type":"image\/jpeg"}],"author":"wpreservofficerarna","twitter_card":"summary_large_image","twitter_misc":{"Skriven av":"wpreservofficerarna","Ber\u00e4knad l\u00e4stid":"4 minuter"},"schema":{"@context":"https:\/\/schema.org","@graph":[{"@type":"Article","@id":"https:\/\/reservofficerarna.se\/reservofficeren\/arets-foredome\/andreas-braw-vill-starka-reservofficerssystemet\/#article","isPartOf":{"@id":"https:\/\/reservofficerarna.se\/reservofficeren\/arets-foredome\/andreas-braw-vill-starka-reservofficerssystemet\/"},"author":{"name":"wpreservofficerarna","@id":"https:\/\/staging.reservofficerarna.se\/reservofficeren\/#\/schema\/person\/d63322fe51ba95c7e32e60a60190148c"},"headline":"Andreas Braw vill st\u00e4rka reservofficerssystemet","datePublished":"2026-03-17T10:25:58+00:00","mainEntityOfPage":{"@id":"https:\/\/reservofficerarna.se\/reservofficeren\/arets-foredome\/andreas-braw-vill-starka-reservofficerssystemet\/"},"wordCount":867,"image":{"@id":"https:\/\/reservofficerarna.se\/reservofficeren\/arets-foredome\/andreas-braw-vill-starka-reservofficerssystemet\/#primaryimage"},"thumbnailUrl":"https:\/\/reservofficerarna.se\/app\/uploads\/sites\/2\/2026\/03\/andreas-braw2026foto-tor-johnsson-02-fix.jpg","articleSection":["\u00c5rets f\u00f6red\u00f6me"],"inLanguage":"sv-SE"},{"@type":"WebPage","@id":"https:\/\/reservofficerarna.se\/reservofficeren\/arets-foredome\/andreas-braw-vill-starka-reservofficerssystemet\/","url":"https:\/\/reservofficerarna.se\/reservofficeren\/arets-foredome\/andreas-braw-vill-starka-reservofficerssystemet\/","name":"Andreas Braw vill st\u00e4rka reservofficerssystemet - Reservofficeren","isPartOf":{"@id":"https:\/\/staging.reservofficerarna.se\/reservofficeren\/#website"},"primaryImageOfPage":{"@id":"https:\/\/reservofficerarna.se\/reservofficeren\/arets-foredome\/andreas-braw-vill-starka-reservofficerssystemet\/#primaryimage"},"image":{"@id":"https:\/\/reservofficerarna.se\/reservofficeren\/arets-foredome\/andreas-braw-vill-starka-reservofficerssystemet\/#primaryimage"},"thumbnailUrl":"https:\/\/reservofficerarna.se\/app\/uploads\/sites\/2\/2026\/03\/andreas-braw2026foto-tor-johnsson-02-fix.jpg","datePublished":"2026-03-17T10:25:58+00:00","author":{"@id":"https:\/\/staging.reservofficerarna.se\/reservofficeren\/#\/schema\/person\/d63322fe51ba95c7e32e60a60190148c"},"breadcrumb":{"@id":"https:\/\/reservofficerarna.se\/reservofficeren\/arets-foredome\/andreas-braw-vill-starka-reservofficerssystemet\/#breadcrumb"},"inLanguage":"sv-SE","potentialAction":[{"@type":"ReadAction","target":["https:\/\/reservofficerarna.se\/reservofficeren\/arets-foredome\/andreas-braw-vill-starka-reservofficerssystemet\/"]}]},{"@type":"ImageObject","inLanguage":"sv-SE","@id":"https:\/\/reservofficerarna.se\/reservofficeren\/arets-foredome\/andreas-braw-vill-starka-reservofficerssystemet\/#primaryimage","url":"https:\/\/reservofficerarna.se\/app\/uploads\/sites\/2\/2026\/03\/andreas-braw2026foto-tor-johnsson-02-fix.jpg","contentUrl":"https:\/\/reservofficerarna.se\/app\/uploads\/sites\/2\/2026\/03\/andreas-braw2026foto-tor-johnsson-02-fix.jpg","width":1689,"height":1127,"caption":"Andreas Braw \u00e4r \u00c5rets f\u00f6red\u00f6me 2025."},{"@type":"BreadcrumbList","@id":"https:\/\/reservofficerarna.se\/reservofficeren\/arets-foredome\/andreas-braw-vill-starka-reservofficerssystemet\/#breadcrumb","itemListElement":[{"@type":"ListItem","position":1,"name":"Hem","item":"https:\/\/reservofficerarna.se\/reservofficeren\/"},{"@type":"ListItem","position":2,"name":"Andreas Braw vill st\u00e4rka reservofficerssystemet"}]},{"@type":"WebSite","@id":"https:\/\/staging.reservofficerarna.se\/reservofficeren\/#website","url":"https:\/\/staging.reservofficerarna.se\/reservofficeren\/","name":"Reservofficeren","description":"F\u00f6rbundet Reservofficerarnas tidning","potentialAction":[{"@type":"SearchAction","target":{"@type":"EntryPoint","urlTemplate":"https:\/\/staging.reservofficerarna.se\/reservofficeren\/?s={search_term_string}"},"query-input":{"@type":"PropertyValueSpecification","valueRequired":true,"valueName":"search_term_string"}}],"inLanguage":"sv-SE"},{"@type":"Person","@id":"https:\/\/staging.reservofficerarna.se\/reservofficeren\/#\/schema\/person\/d63322fe51ba95c7e32e60a60190148c","name":"wpreservofficerarna","sameAs":["https:\/\/reservofficerarna.se\/wp"]}]}},"_links":{"self":[{"href":"https:\/\/reservofficerarna.se\/reservofficeren\/wp-json\/wp\/v2\/posts\/1977","targetHints":{"allow":["GET"]}}],"collection":[{"href":"https:\/\/reservofficerarna.se\/reservofficeren\/wp-json\/wp\/v2\/posts"}],"about":[{"href":"https:\/\/reservofficerarna.se\/reservofficeren\/wp-json\/wp\/v2\/types\/post"}],"author":[{"embeddable":true,"href":"https:\/\/reservofficerarna.se\/reservofficeren\/wp-json\/wp\/v2\/users\/1"}],"replies":[{"embeddable":true,"href":"https:\/\/reservofficerarna.se\/reservofficeren\/wp-json\/wp\/v2\/comments?post=1977"}],"version-history":[{"count":14,"href":"https:\/\/reservofficerarna.se\/reservofficeren\/wp-json\/wp\/v2\/posts\/1977\/revisions"}],"predecessor-version":[{"id":1996,"href":"https:\/\/reservofficerarna.se\/reservofficeren\/wp-json\/wp\/v2\/posts\/1977\/revisions\/1996"}],"wp:featuredmedia":[{"embeddable":true,"href":"https:\/\/reservofficerarna.se\/reservofficeren\/wp-json\/wp\/v2\/media\/1980"}],"wp:attachment":[{"href":"https:\/\/reservofficerarna.se\/reservofficeren\/wp-json\/wp\/v2\/media?parent=1977"}],"wp:term":[{"taxonomy":"category","embeddable":true,"href":"https:\/\/reservofficerarna.se\/reservofficeren\/wp-json\/wp\/v2\/categories?post=1977"},{"taxonomy":"post_tag","embeddable":true,"href":"https:\/\/reservofficerarna.se\/reservofficeren\/wp-json\/wp\/v2\/tags?post=1977"}],"curies":[{"name":"wp","href":"https:\/\/api.w.org\/{rel}","templated":true}]}}