{"id":2066,"date":"2026-04-28T09:00:00","date_gmt":"2026-04-28T07:00:00","guid":{"rendered":"https:\/\/reservofficerarna.se\/reservofficeren\/?p=2066"},"modified":"2026-03-18T11:45:03","modified_gmt":"2026-03-18T10:45:03","slug":"nytt-kunskapslyft-ger-tillgang-till-forsvarsmaktens-kurser","status":"publish","type":"post","link":"https:\/\/reservofficerarna.se\/reservofficeren\/utbildning\/nytt-kunskapslyft-ger-tillgang-till-forsvarsmaktens-kurser\/","title":{"rendered":"Nytt kunskapslyft ger tillg\u00e5ng till F\u00f6rsvarsmaktens kurser"},"content":{"rendered":"\n<p class=\"has-lead-text-font-size\">P\u00e5 Mellersta milit\u00e4r\u00adregionen f\u00e5r reserv\u00adofficerare tillg\u00e5ng till F\u00f6rsvarsmaktens kurskatalog i ett nytt projekt riktat just till reservare. Kunskapslyftet st\u00e4rker staben, \u00f6kar chanserna att fler tj\u00e4nstg\u00f6r och har blivit s\u00e5 popul\u00e4rt att det nu ska genomf\u00f6ras varje \u00e5r.<\/p>\n\n\n\n<p>N\u00e4r reservofficerare \u00e5ter b\u00f6rjar att tj\u00e4nstg\u00f6ra efter flera \u00e5rs uppeh\u00e5ll \u00e4r det m\u00e5nga som efterfr\u00e5gar utbildning f\u00f6r att fr\u00e4scha upp de gamla kunskaperna och f\u00e5 m\u00f6jlighet ta till sig ny utrustning, teknik och arbetss\u00e4tt f\u00f6r att kunna verka i sin roll och komma till sin r\u00e4tt som stabsofficer.<\/p>\n\n\n\n<p>P\u00e5 Mellersta milit\u00e4rregionen i Kungs\u00e4ngen har man m\u00f6tt \u00f6nskem\u00e5len med en serie uppskattade kurser, som tillsammans kallas \u201dKompetenslyft reservofficerare\u201d. Uppl\u00e4gget har skapats av ledningssystemofficer Jonas Winqvist och information management officer Niklas Bj\u00f6rkegren.<\/p>\n\n\n\n<p>\u2013 Vi ville st\u00e4rka b\u00e5de staben och den enskilde medarbetaren. Genom att v\u00e4ssa oss blir tr\u00f6skeln ocks\u00e5 l\u00e4gre f\u00f6r reserv\u00adofficerare att komma in f\u00f6r tj\u00e4nstg\u00f6ring, och det \u00e4r vad vi vill, f\u00f6rklarar RO\/Kn Jonas Winqvist som sj\u00e4lv haft ett uppeh\u00e5ll p\u00e5 20 \u00e5r men nu \u00e4r \u00e5ter i tj\u00e4nst.<\/p>\n\n\n<div class=\"wp-block-image\">\n<figure class=\"alignleft size-large is-resized\"><img loading=\"lazy\" decoding=\"async\" width=\"700\" height=\"900\" src=\"https:\/\/reservofficerarna.se\/app\/uploads\/sites\/2\/2026\/03\/s-10-700x900.jpg\" alt=\"\" class=\"wp-image-2067\" style=\"aspect-ratio:0.7777777777777778;width:302px;height:auto\" srcset=\"https:\/\/reservofficerarna.se\/app\/uploads\/sites\/2\/2026\/03\/s-10-700x900.jpg 700w, https:\/\/reservofficerarna.se\/app\/uploads\/sites\/2\/2026\/03\/s-10-467x600.jpg 467w, https:\/\/reservofficerarna.se\/app\/uploads\/sites\/2\/2026\/03\/s-10-800x1029.jpg 800w, https:\/\/reservofficerarna.se\/app\/uploads\/sites\/2\/2026\/03\/s-10-300x386.jpg 300w, https:\/\/reservofficerarna.se\/app\/uploads\/sites\/2\/2026\/03\/s-10.jpg 1120w\" sizes=\"auto, (max-width: 700px) 100vw, 700px\" \/><\/figure>\n<\/div>\n\n\n<p>De fyra kurserna \u00e4r uppdelade i grundl\u00e4ggande f\u00f6rm\u00e5ga, stabsf\u00f6rm\u00e5ga, specialistf\u00f6rm\u00e5ga och skyddsf\u00f6rm\u00e5ga. Man tr\u00e4nas i bland annat ny stabsmetodik och f\u00f6rdjupningar i den egna funktionen med nya arbetss\u00e4tt, rapporter, mallar och teknik i fokus, i ett led i att bli mer digitala och interoperabla s\u00e5v\u00e4l nationellt som internationellt. Ytterligare ett moment i kompetenslyftet \u00e4r att \u00f6ka f\u00f6rm\u00e5gan till sj\u00e4lvf\u00f6rsvar genom utbildning och \u00f6vning i pistolskytte.<\/p>\n\n\n\n<p>Kurserna \u00e4r f\u00f6rlagda till helger f\u00f6r att s\u00e5 m\u00e5nga som m\u00f6jligt ska kunna delta och genomf\u00f6rs i M\u00e4lardalen. Allt sker p\u00e5 arbetstid med kollektivavtalade villkor f\u00f6r l\u00f6n, boende, resor och annan ers\u00e4ttning.<\/p>\n\n\n\n<p>Den f\u00f6rsta kursen sker p\u00e5 distans. Deltagarna f\u00e5r inloggningsuppgifter till l\u00e4rportalen Moodle d\u00e4r F\u00f6rsvarsmaktens kompletta kurskatalog finns. Deltagarna f\u00f6rv\u00e4ntas studera en rekommenderad kursplan och ta diplom hemifr\u00e5n innan kurs nummer tv\u00e5 startar.<\/p>\n\n\n\n<p>\u2013 V\u00e5rt nya uppl\u00e4gg handlar om att reservofficerare ska vara b\u00e4ttre rustade f\u00f6r den nya f\u00f6rsvarsmakt som nu byggs. Dels handlar det om digitalisering, och dels om arbetsmetoder som anpassas till Natomedlemskapets krav, s\u00e4ger Niklas Bj\u00f6rkegren.<\/p>\n\n\n\n<p>Kompetenslyftet startade i h\u00f6stas med ett 40-tal deltagare och ambitionen \u00e4r att det framgent ska genomf\u00f6ras \u00e5rligen. Den st\u00f6rsta begr\u00e4nsningen \u00e4r f\u00f6r tillf\u00e4llet att hitta datorer och utbildningsmilj\u00f6er till alla, men det har l\u00f6st sig genom samarbete och l\u00e5n fr\u00e5n andra f\u00f6rband.<\/p>\n\n\n\n<p>\u2013 Vi startade kompetenslyftet f\u00f6r att m\u00f6ta de starka \u00f6nskem\u00e5l som fanns hos reservofficerare som framkom i utv\u00e4rdering av nyligen genomf\u00f6rda \u00f6vningar, men vi ser att behovet och intresset \u00e4r stort \u00e4ven f\u00f6r K-personal, s\u00e4ger Niklas Bj\u00f6rkegren.<\/p>\n\n\n\n<p>\u2013 Kompetenslyftet beh\u00f6vs ocks\u00e5 f\u00f6r att MR M stab vuxit kraftigt och f\u00e5tt in flera nya officerare som beh\u00f6ver utbildas f\u00f6r att komma in i sina roller, s\u00e4ger Jonas Winqvist<\/p>\n\n\n\n<p>Ut\u00f6ver att startstr\u00e4ckan f\u00f6r att kunna jobba skarpt i stab kortas och att deltagarna blir s\u00e4krare och mer effektiva i sina funktioner finns \u00e4ven andra f\u00f6rdelar, f\u00f6rtydligar Jonas Winqvist.<\/p>\n\n\n\n<p>\u2013 Det ger kollegial tillh\u00f6righet, b\u00e5de inom reservofficersgruppen och mellan K- och T-personal som l\u00e4r k\u00e4nna varandra. Vi som har g\u00e5tt de h\u00e4r kurserna k\u00e4nner varandra v\u00e4l och d\u00e5 blir det \u00e4nnu roligare och mer intressant att tj\u00e4nstg\u00f6ra tillsammans.<\/p>\n","protected":false},"excerpt":{"rendered":"<p>P\u00e5 Mellersta milit\u00e4r\u00adregionen f\u00e5r reserv\u00adofficerare tillg\u00e5ng till F\u00f6rsvarsmaktens kurskatalog i ett nytt projekt riktat just till reservare. Kunskapslyftet st\u00e4rker staben, \u00f6kar chanserna att fler tj\u00e4nstg\u00f6r och har blivit s\u00e5 popul\u00e4rt att det nu ska genomf\u00f6ras varje \u00e5r. N\u00e4r reservofficerare \u00e5ter b\u00f6rjar att tj\u00e4nstg\u00f6ra efter flera \u00e5rs uppeh\u00e5ll \u00e4r det m\u00e5nga som efterfr\u00e5gar utbildning f\u00f6r att &hellip;<\/p>\n","protected":false},"author":1,"featured_media":2065,"comment_status":"closed","ping_status":"closed","sticky":true,"template":"","format":"standard","meta":{"_acf_changed":false,"footnotes":""},"categories":[5],"tags":[],"class_list":["post-2066","post","type-post","status-publish","format-standard","has-post-thumbnail","hentry","category-utbildning"],"acf":[],"yoast_head":"<!-- This site is optimized with the Yoast SEO plugin v27.4 - https:\/\/yoast.com\/product\/yoast-seo-wordpress\/ -->\n<title>Nytt kunskapslyft ger tillg\u00e5ng till F\u00f6rsvarsmaktens kurser - Reservofficeren<\/title>\n<meta name=\"robots\" content=\"index, follow, max-snippet:-1, max-image-preview:large, max-video-preview:-1\" \/>\n<link rel=\"canonical\" href=\"https:\/\/reservofficerarna.se\/reservofficeren\/utbildning\/nytt-kunskapslyft-ger-tillgang-till-forsvarsmaktens-kurser\/\" \/>\n<meta property=\"og:locale\" content=\"sv_SE\" \/>\n<meta property=\"og:type\" content=\"article\" \/>\n<meta property=\"og:title\" content=\"Nytt kunskapslyft ger tillg\u00e5ng till F\u00f6rsvarsmaktens kurser - Reservofficeren\" \/>\n<meta property=\"og:description\" content=\"P\u00e5 Mellersta milit\u00e4r\u00adregionen f\u00e5r reserv\u00adofficerare tillg\u00e5ng till F\u00f6rsvarsmaktens kurskatalog i ett nytt projekt riktat just till reservare. Kunskapslyftet st\u00e4rker staben, \u00f6kar chanserna att fler tj\u00e4nstg\u00f6r och har blivit s\u00e5 popul\u00e4rt att det nu ska genomf\u00f6ras varje \u00e5r. N\u00e4r reservofficerare \u00e5ter b\u00f6rjar att tj\u00e4nstg\u00f6ra efter flera \u00e5rs uppeh\u00e5ll \u00e4r det m\u00e5nga som efterfr\u00e5gar utbildning f\u00f6r att &hellip;\" \/>\n<meta property=\"og:url\" content=\"https:\/\/reservofficerarna.se\/reservofficeren\/utbildning\/nytt-kunskapslyft-ger-tillgang-till-forsvarsmaktens-kurser\/\" \/>\n<meta property=\"og:site_name\" content=\"Reservofficeren\" \/>\n<meta property=\"article:published_time\" content=\"2026-04-28T07:00:00+00:00\" \/>\n<meta property=\"og:image\" content=\"https:\/\/reservofficerarna.se\/app\/uploads\/sites\/2\/2026\/03\/20260127-jonas-och-niklas-002-fillun06-fix.jpg\" \/>\n\t<meta property=\"og:image:width\" content=\"1920\" \/>\n\t<meta property=\"og:image:height\" content=\"1279\" \/>\n\t<meta property=\"og:image:type\" content=\"image\/jpeg\" \/>\n<meta name=\"author\" content=\"wpreservofficerarna\" \/>\n<meta name=\"twitter:card\" content=\"summary_large_image\" \/>\n<meta name=\"twitter:label1\" content=\"Skriven av\" \/>\n\t<meta name=\"twitter:data1\" content=\"wpreservofficerarna\" \/>\n\t<meta name=\"twitter:label2\" content=\"Ber\u00e4knad l\u00e4stid\" \/>\n\t<meta name=\"twitter:data2\" content=\"3 minuter\" \/>\n<script type=\"application\/ld+json\" class=\"yoast-schema-graph\">{\"@context\":\"https:\\\/\\\/schema.org\",\"@graph\":[{\"@type\":\"Article\",\"@id\":\"https:\\\/\\\/reservofficerarna.se\\\/reservofficeren\\\/utbildning\\\/nytt-kunskapslyft-ger-tillgang-till-forsvarsmaktens-kurser\\\/#article\",\"isPartOf\":{\"@id\":\"https:\\\/\\\/reservofficerarna.se\\\/reservofficeren\\\/utbildning\\\/nytt-kunskapslyft-ger-tillgang-till-forsvarsmaktens-kurser\\\/\"},\"author\":{\"name\":\"wpreservofficerarna\",\"@id\":\"https:\\\/\\\/staging.reservofficerarna.se\\\/reservofficeren\\\/#\\\/schema\\\/person\\\/d63322fe51ba95c7e32e60a60190148c\"},\"headline\":\"Nytt kunskapslyft ger tillg\u00e5ng till F\u00f6rsvarsmaktens kurser\",\"datePublished\":\"2026-04-28T07:00:00+00:00\",\"mainEntityOfPage\":{\"@id\":\"https:\\\/\\\/reservofficerarna.se\\\/reservofficeren\\\/utbildning\\\/nytt-kunskapslyft-ger-tillgang-till-forsvarsmaktens-kurser\\\/\"},\"wordCount\":639,\"image\":{\"@id\":\"https:\\\/\\\/reservofficerarna.se\\\/reservofficeren\\\/utbildning\\\/nytt-kunskapslyft-ger-tillgang-till-forsvarsmaktens-kurser\\\/#primaryimage\"},\"thumbnailUrl\":\"https:\\\/\\\/reservofficerarna.se\\\/app\\\/uploads\\\/sites\\\/2\\\/2026\\\/03\\\/20260127-jonas-och-niklas-002-fillun06-fix.jpg\",\"articleSection\":[\"Utbildning\"],\"inLanguage\":\"sv-SE\"},{\"@type\":\"WebPage\",\"@id\":\"https:\\\/\\\/reservofficerarna.se\\\/reservofficeren\\\/utbildning\\\/nytt-kunskapslyft-ger-tillgang-till-forsvarsmaktens-kurser\\\/\",\"url\":\"https:\\\/\\\/reservofficerarna.se\\\/reservofficeren\\\/utbildning\\\/nytt-kunskapslyft-ger-tillgang-till-forsvarsmaktens-kurser\\\/\",\"name\":\"Nytt kunskapslyft ger tillg\u00e5ng till F\u00f6rsvarsmaktens kurser - Reservofficeren\",\"isPartOf\":{\"@id\":\"https:\\\/\\\/staging.reservofficerarna.se\\\/reservofficeren\\\/#website\"},\"primaryImageOfPage\":{\"@id\":\"https:\\\/\\\/reservofficerarna.se\\\/reservofficeren\\\/utbildning\\\/nytt-kunskapslyft-ger-tillgang-till-forsvarsmaktens-kurser\\\/#primaryimage\"},\"image\":{\"@id\":\"https:\\\/\\\/reservofficerarna.se\\\/reservofficeren\\\/utbildning\\\/nytt-kunskapslyft-ger-tillgang-till-forsvarsmaktens-kurser\\\/#primaryimage\"},\"thumbnailUrl\":\"https:\\\/\\\/reservofficerarna.se\\\/app\\\/uploads\\\/sites\\\/2\\\/2026\\\/03\\\/20260127-jonas-och-niklas-002-fillun06-fix.jpg\",\"datePublished\":\"2026-04-28T07:00:00+00:00\",\"author\":{\"@id\":\"https:\\\/\\\/staging.reservofficerarna.se\\\/reservofficeren\\\/#\\\/schema\\\/person\\\/d63322fe51ba95c7e32e60a60190148c\"},\"breadcrumb\":{\"@id\":\"https:\\\/\\\/reservofficerarna.se\\\/reservofficeren\\\/utbildning\\\/nytt-kunskapslyft-ger-tillgang-till-forsvarsmaktens-kurser\\\/#breadcrumb\"},\"inLanguage\":\"sv-SE\",\"potentialAction\":[{\"@type\":\"ReadAction\",\"target\":[\"https:\\\/\\\/reservofficerarna.se\\\/reservofficeren\\\/utbildning\\\/nytt-kunskapslyft-ger-tillgang-till-forsvarsmaktens-kurser\\\/\"]}]},{\"@type\":\"ImageObject\",\"inLanguage\":\"sv-SE\",\"@id\":\"https:\\\/\\\/reservofficerarna.se\\\/reservofficeren\\\/utbildning\\\/nytt-kunskapslyft-ger-tillgang-till-forsvarsmaktens-kurser\\\/#primaryimage\",\"url\":\"https:\\\/\\\/reservofficerarna.se\\\/app\\\/uploads\\\/sites\\\/2\\\/2026\\\/03\\\/20260127-jonas-och-niklas-002-fillun06-fix.jpg\",\"contentUrl\":\"https:\\\/\\\/reservofficerarna.se\\\/app\\\/uploads\\\/sites\\\/2\\\/2026\\\/03\\\/20260127-jonas-och-niklas-002-fillun06-fix.jpg\",\"width\":1920,\"height\":1279,\"caption\":\"Mellersta milit\u00e4rregionens reservofficerare ville uppdatera sina kunskaper. Jonas Winqvist och Niklas Bj\u00f6rkegren skapade ett kompetenslyft.\"},{\"@type\":\"BreadcrumbList\",\"@id\":\"https:\\\/\\\/reservofficerarna.se\\\/reservofficeren\\\/utbildning\\\/nytt-kunskapslyft-ger-tillgang-till-forsvarsmaktens-kurser\\\/#breadcrumb\",\"itemListElement\":[{\"@type\":\"ListItem\",\"position\":1,\"name\":\"Hem\",\"item\":\"https:\\\/\\\/reservofficerarna.se\\\/reservofficeren\\\/\"},{\"@type\":\"ListItem\",\"position\":2,\"name\":\"Nytt kunskapslyft ger tillg\u00e5ng till F\u00f6rsvarsmaktens kurser\"}]},{\"@type\":\"WebSite\",\"@id\":\"https:\\\/\\\/staging.reservofficerarna.se\\\/reservofficeren\\\/#website\",\"url\":\"https:\\\/\\\/staging.reservofficerarna.se\\\/reservofficeren\\\/\",\"name\":\"Reservofficeren\",\"description\":\"F\u00f6rbundet Reservofficerarnas tidning\",\"potentialAction\":[{\"@type\":\"SearchAction\",\"target\":{\"@type\":\"EntryPoint\",\"urlTemplate\":\"https:\\\/\\\/staging.reservofficerarna.se\\\/reservofficeren\\\/?s={search_term_string}\"},\"query-input\":{\"@type\":\"PropertyValueSpecification\",\"valueRequired\":true,\"valueName\":\"search_term_string\"}}],\"inLanguage\":\"sv-SE\"},{\"@type\":\"Person\",\"@id\":\"https:\\\/\\\/staging.reservofficerarna.se\\\/reservofficeren\\\/#\\\/schema\\\/person\\\/d63322fe51ba95c7e32e60a60190148c\",\"name\":\"wpreservofficerarna\",\"sameAs\":[\"https:\\\/\\\/reservofficerarna.se\\\/wp\"]}]}<\/script>\n<!-- \/ Yoast SEO plugin. -->","yoast_head_json":{"title":"Nytt kunskapslyft ger tillg\u00e5ng till F\u00f6rsvarsmaktens kurser - Reservofficeren","robots":{"index":"index","follow":"follow","max-snippet":"max-snippet:-1","max-image-preview":"max-image-preview:large","max-video-preview":"max-video-preview:-1"},"canonical":"https:\/\/reservofficerarna.se\/reservofficeren\/utbildning\/nytt-kunskapslyft-ger-tillgang-till-forsvarsmaktens-kurser\/","og_locale":"sv_SE","og_type":"article","og_title":"Nytt kunskapslyft ger tillg\u00e5ng till F\u00f6rsvarsmaktens kurser - Reservofficeren","og_description":"P\u00e5 Mellersta milit\u00e4r\u00adregionen f\u00e5r reserv\u00adofficerare tillg\u00e5ng till F\u00f6rsvarsmaktens kurskatalog i ett nytt projekt riktat just till reservare. Kunskapslyftet st\u00e4rker staben, \u00f6kar chanserna att fler tj\u00e4nstg\u00f6r och har blivit s\u00e5 popul\u00e4rt att det nu ska genomf\u00f6ras varje \u00e5r. N\u00e4r reservofficerare \u00e5ter b\u00f6rjar att tj\u00e4nstg\u00f6ra efter flera \u00e5rs uppeh\u00e5ll \u00e4r det m\u00e5nga som efterfr\u00e5gar utbildning f\u00f6r att &hellip;","og_url":"https:\/\/reservofficerarna.se\/reservofficeren\/utbildning\/nytt-kunskapslyft-ger-tillgang-till-forsvarsmaktens-kurser\/","og_site_name":"Reservofficeren","article_published_time":"2026-04-28T07:00:00+00:00","og_image":[{"width":1920,"height":1279,"url":"https:\/\/reservofficerarna.se\/app\/uploads\/sites\/2\/2026\/03\/20260127-jonas-och-niklas-002-fillun06-fix.jpg","type":"image\/jpeg"}],"author":"wpreservofficerarna","twitter_card":"summary_large_image","twitter_misc":{"Skriven av":"wpreservofficerarna","Ber\u00e4knad l\u00e4stid":"3 minuter"},"schema":{"@context":"https:\/\/schema.org","@graph":[{"@type":"Article","@id":"https:\/\/reservofficerarna.se\/reservofficeren\/utbildning\/nytt-kunskapslyft-ger-tillgang-till-forsvarsmaktens-kurser\/#article","isPartOf":{"@id":"https:\/\/reservofficerarna.se\/reservofficeren\/utbildning\/nytt-kunskapslyft-ger-tillgang-till-forsvarsmaktens-kurser\/"},"author":{"name":"wpreservofficerarna","@id":"https:\/\/staging.reservofficerarna.se\/reservofficeren\/#\/schema\/person\/d63322fe51ba95c7e32e60a60190148c"},"headline":"Nytt kunskapslyft ger tillg\u00e5ng till F\u00f6rsvarsmaktens kurser","datePublished":"2026-04-28T07:00:00+00:00","mainEntityOfPage":{"@id":"https:\/\/reservofficerarna.se\/reservofficeren\/utbildning\/nytt-kunskapslyft-ger-tillgang-till-forsvarsmaktens-kurser\/"},"wordCount":639,"image":{"@id":"https:\/\/reservofficerarna.se\/reservofficeren\/utbildning\/nytt-kunskapslyft-ger-tillgang-till-forsvarsmaktens-kurser\/#primaryimage"},"thumbnailUrl":"https:\/\/reservofficerarna.se\/app\/uploads\/sites\/2\/2026\/03\/20260127-jonas-och-niklas-002-fillun06-fix.jpg","articleSection":["Utbildning"],"inLanguage":"sv-SE"},{"@type":"WebPage","@id":"https:\/\/reservofficerarna.se\/reservofficeren\/utbildning\/nytt-kunskapslyft-ger-tillgang-till-forsvarsmaktens-kurser\/","url":"https:\/\/reservofficerarna.se\/reservofficeren\/utbildning\/nytt-kunskapslyft-ger-tillgang-till-forsvarsmaktens-kurser\/","name":"Nytt kunskapslyft ger tillg\u00e5ng till F\u00f6rsvarsmaktens kurser - Reservofficeren","isPartOf":{"@id":"https:\/\/staging.reservofficerarna.se\/reservofficeren\/#website"},"primaryImageOfPage":{"@id":"https:\/\/reservofficerarna.se\/reservofficeren\/utbildning\/nytt-kunskapslyft-ger-tillgang-till-forsvarsmaktens-kurser\/#primaryimage"},"image":{"@id":"https:\/\/reservofficerarna.se\/reservofficeren\/utbildning\/nytt-kunskapslyft-ger-tillgang-till-forsvarsmaktens-kurser\/#primaryimage"},"thumbnailUrl":"https:\/\/reservofficerarna.se\/app\/uploads\/sites\/2\/2026\/03\/20260127-jonas-och-niklas-002-fillun06-fix.jpg","datePublished":"2026-04-28T07:00:00+00:00","author":{"@id":"https:\/\/staging.reservofficerarna.se\/reservofficeren\/#\/schema\/person\/d63322fe51ba95c7e32e60a60190148c"},"breadcrumb":{"@id":"https:\/\/reservofficerarna.se\/reservofficeren\/utbildning\/nytt-kunskapslyft-ger-tillgang-till-forsvarsmaktens-kurser\/#breadcrumb"},"inLanguage":"sv-SE","potentialAction":[{"@type":"ReadAction","target":["https:\/\/reservofficerarna.se\/reservofficeren\/utbildning\/nytt-kunskapslyft-ger-tillgang-till-forsvarsmaktens-kurser\/"]}]},{"@type":"ImageObject","inLanguage":"sv-SE","@id":"https:\/\/reservofficerarna.se\/reservofficeren\/utbildning\/nytt-kunskapslyft-ger-tillgang-till-forsvarsmaktens-kurser\/#primaryimage","url":"https:\/\/reservofficerarna.se\/app\/uploads\/sites\/2\/2026\/03\/20260127-jonas-och-niklas-002-fillun06-fix.jpg","contentUrl":"https:\/\/reservofficerarna.se\/app\/uploads\/sites\/2\/2026\/03\/20260127-jonas-och-niklas-002-fillun06-fix.jpg","width":1920,"height":1279,"caption":"Mellersta milit\u00e4rregionens reservofficerare ville uppdatera sina kunskaper. Jonas Winqvist och Niklas Bj\u00f6rkegren skapade ett kompetenslyft."},{"@type":"BreadcrumbList","@id":"https:\/\/reservofficerarna.se\/reservofficeren\/utbildning\/nytt-kunskapslyft-ger-tillgang-till-forsvarsmaktens-kurser\/#breadcrumb","itemListElement":[{"@type":"ListItem","position":1,"name":"Hem","item":"https:\/\/reservofficerarna.se\/reservofficeren\/"},{"@type":"ListItem","position":2,"name":"Nytt kunskapslyft ger tillg\u00e5ng till F\u00f6rsvarsmaktens kurser"}]},{"@type":"WebSite","@id":"https:\/\/staging.reservofficerarna.se\/reservofficeren\/#website","url":"https:\/\/staging.reservofficerarna.se\/reservofficeren\/","name":"Reservofficeren","description":"F\u00f6rbundet Reservofficerarnas tidning","potentialAction":[{"@type":"SearchAction","target":{"@type":"EntryPoint","urlTemplate":"https:\/\/staging.reservofficerarna.se\/reservofficeren\/?s={search_term_string}"},"query-input":{"@type":"PropertyValueSpecification","valueRequired":true,"valueName":"search_term_string"}}],"inLanguage":"sv-SE"},{"@type":"Person","@id":"https:\/\/staging.reservofficerarna.se\/reservofficeren\/#\/schema\/person\/d63322fe51ba95c7e32e60a60190148c","name":"wpreservofficerarna","sameAs":["https:\/\/reservofficerarna.se\/wp"]}]}},"_links":{"self":[{"href":"https:\/\/reservofficerarna.se\/reservofficeren\/wp-json\/wp\/v2\/posts\/2066","targetHints":{"allow":["GET"]}}],"collection":[{"href":"https:\/\/reservofficerarna.se\/reservofficeren\/wp-json\/wp\/v2\/posts"}],"about":[{"href":"https:\/\/reservofficerarna.se\/reservofficeren\/wp-json\/wp\/v2\/types\/post"}],"author":[{"embeddable":true,"href":"https:\/\/reservofficerarna.se\/reservofficeren\/wp-json\/wp\/v2\/users\/1"}],"replies":[{"embeddable":true,"href":"https:\/\/reservofficerarna.se\/reservofficeren\/wp-json\/wp\/v2\/comments?post=2066"}],"version-history":[{"count":4,"href":"https:\/\/reservofficerarna.se\/reservofficeren\/wp-json\/wp\/v2\/posts\/2066\/revisions"}],"predecessor-version":[{"id":2071,"href":"https:\/\/reservofficerarna.se\/reservofficeren\/wp-json\/wp\/v2\/posts\/2066\/revisions\/2071"}],"wp:featuredmedia":[{"embeddable":true,"href":"https:\/\/reservofficerarna.se\/reservofficeren\/wp-json\/wp\/v2\/media\/2065"}],"wp:attachment":[{"href":"https:\/\/reservofficerarna.se\/reservofficeren\/wp-json\/wp\/v2\/media?parent=2066"}],"wp:term":[{"taxonomy":"category","embeddable":true,"href":"https:\/\/reservofficerarna.se\/reservofficeren\/wp-json\/wp\/v2\/categories?post=2066"},{"taxonomy":"post_tag","embeddable":true,"href":"https:\/\/reservofficerarna.se\/reservofficeren\/wp-json\/wp\/v2\/tags?post=2066"}],"curies":[{"name":"wp","href":"https:\/\/api.w.org\/{rel}","templated":true}]}}