{"id":262,"date":"2022-06-14T21:50:21","date_gmt":"2022-06-14T19:50:21","guid":{"rendered":"https:\/\/reservofficerarna.se\/reservofficeren\/?p=262"},"modified":"2022-10-11T11:48:42","modified_gmt":"2022-10-11T09:48:42","slug":"volvo-ger-sina-reservare-full-loneutfyllnad","status":"publish","type":"post","link":"https:\/\/reservofficerarna.se\/reservofficeren\/nyheter\/volvo-ger-sina-reservare-full-loneutfyllnad\/","title":{"rendered":"Volvo ger sina reservare full l\u00f6neutfyllnad"},"content":{"rendered":"\n<p><strong>Nu fyller Sveriges st\u00f6rsta f\u00f6retag Volvo ut sina reservofficerares l\u00f6n \u2013 helt och utan tidsbegr\u00e4nsning.<\/strong><\/p>\n\n\n\n<p><strong>\u2013 Vi beh\u00f6ver alla goda krafter f\u00f6r att f\u00f6rsvara v\u00e5rt land. Vi som f\u00f6retag har en skyldighet att bidra till att f\u00f6rsvara m\u00e4nskliga r\u00e4ttigheter och demokrati, f\u00f6rklarar Andreas Svenungsson beslutet.<\/strong><\/p>\n\n\n\n<p>Inte nog med att AB Volvo fr\u00e5n b\u00f6rjan av april ger sina reservofficerare tj\u00e4nstledigt med full l\u00f6neutfyllnad. De f\u00e5r \u00e4ven beh\u00e5lla eventuella bonusar, semesterdagar \u2013 och det finns ingen tidsbegr\u00e4nsning f\u00f6r hur l\u00e4nge de f\u00e5r tj\u00e4nstg\u00f6ra milit\u00e4rt med kompensation f\u00f6r inkomstbortfallet. Beslutet, som \u00e4ven g\u00e4ller hemv\u00e4rnspersonal och ett antal frivilligorganisationer, f\u00f6rst\u00e5s l\u00e4tt om det s\u00e4tts i ett sammanhang, s\u00e4ger Andreas Svenungsson, som \u00e4r chef f\u00f6r Volvo Defense.<\/p>\n\n\n\n<p>Volvo bildades 1927 och redan 1928 inleddes samarbete med F\u00f6rsvarsmakten, som sedan dess har fortsatt p\u00e5 olika s\u00e4tt. Till och med 1990-talet var Volvo ett K-f\u00f6retag (krigs- och krigsviktigt f\u00f6retag), och som s\u00e5dant en naturlig del av totalf\u00f6rsvaret. Dialogen med F\u00f6rsvarsmakten handlar bland annat om personalrotation och kompetensutbyte, men ocks\u00e5 om fabriker och m\u00f6jlighet till omst\u00e4llning av produktion om behov skulle uppst\u00e5.&nbsp;<\/p>\n\n\n\n<p>M\u00e5nga reservofficerare arbetar inom Volvo \u2013&nbsp;man har till och med ett eget n\u00e4tverk \u2013&nbsp;och f\u00f6retagets engagemang i \u00e5teruppbyggnaden av totalf\u00f6rsvaret \u00e4r starkt.&nbsp;<\/p>\n\n\n\n<p>\u2013&nbsp;M\u00e5nga blev \u00f6verraskade den 24 februari, men det har ju faktiskt talats om ett f\u00f6rs\u00e4mrat s\u00e4kerhetsl\u00e4ge under m\u00e5nga \u00e5r. Vi ville inte v\u00e4nta p\u00e5 utredningar, utan agera, s\u00e4ger Andreas Svenungsson och forts\u00e4tter:<\/p>\n\n\n\n<p>\u2013 Vi fr\u00e5gade oss om v\u00e5ra medarbetare hade r\u00e4tt f\u00f6ruts\u00e4ttningar f\u00f6r att kunna bidra i f\u00f6rsvaret, och kom fram till att f\u00f6ruts\u00e4ttningarna borde vara b\u00e4ttre, konstaterar han.<\/p>\n\n\n\n<p>Fr\u00e5n insikt till beslut var steget kort. AB Volvo fyller numera allts\u00e5 ut mellanskillnaden mellan den milit\u00e4ra l\u00f6nen och den civila inkomsten \u2013 hela v\u00e4gen.<\/p>\n\n\n\n<p><strong>\u00c4r det kostsamt f\u00f6r er?<\/strong><\/p>\n\n\n\n<p>\u2013&nbsp;Nej. I f\u00f6rh\u00e5llande till v\u00e4rdet var detta ett l\u00e4tt beslut att ta. Vi ska vara en aktiv del av totalf\u00f6rsvaret, s\u00e4ger Andreas Svenungsson.<\/p>\n\n\n\n<p><strong>Varf\u00f6r d\u00e5, borde inte staten ordna det?<\/strong><\/p>\n\n\n\n<p>\u2013&nbsp;Mycket av resurserna och kompetenserna i totalf\u00f6rsvaret finns inom n\u00e4ringslivet, och m\u00e5ste finnas d\u00e4r. Fler f\u00f6retag borde g\u00f6ra som vi, inte minst de statligt \u00e4gda bolagen. F\u00f6rsvar och s\u00e4kerhet i v\u00e5rt land \u00e4r en f\u00f6ruts\u00e4ttning b\u00e5de f\u00f6r n\u00e4ringslivet och f\u00f6r v\u00e5r h\u00e5llbarhet. Vi m\u00e5ste alla hj\u00e4lpa till och Volvo har inga problem med att vara f\u00f6reg\u00e5ngare.<\/p>\n\n\n<div class=\"my-8 pt-4 relative md:my-16 md:pt-5\">\n  <div class=\"w-full h-3 absolute left-0 top-0 bg-gray-800 md:h-4\"><\/div>\n\n  <h3 class=\"uppercase\">\n    G\u00e5 med i Volvo-n\u00e4tverket\n  <\/h3>\n\n  <div class=\"font-sans\">\n    <p>\u00c4r du reservofficer och jobbar civilt inom Volvo-koncernen? Hitta andra kollegor och anslut dig till Volvos <a href=\"mailto:&#118;&#111;l&#118;&#111;&#100;e&#102;ens&#101;&#64;&#118;&#111;l&#118;&#111;&#46;c&#111;&#109;\">reservofficersn\u00e4tverk<\/a>!<\/p>\n\n  <\/div>\n<\/div>\n\n\n\n<p>Jenny Harlin<\/p>\n\n\n<div class=\"my-8 pt-4 relative md:my-16 md:pt-5\">\n  <div class=\"w-full h-3 absolute left-0 top-0 bg-gray-800 md:h-4\"><\/div>\n\n  <h3 class=\"uppercase\">\n    L\u00f6neutfyllnad \u00e4ven p\u00e5 Volvo Cars\n  <\/h3>\n\n  <div class=\"font-sans\">\n    <p>\u00c4ven Geely-\u00e4gda Volvo Cars ger sina reservofficerare l\u00f6neutfyllnad, och st\u00e5r f\u00f6r skillnaden mellan den milit\u00e4ra och civila l\u00f6nen.<\/p>\n\n  <\/div>\n<\/div>\n","protected":false},"excerpt":{"rendered":"<p>Nu fyller Sveriges st\u00f6rsta f\u00f6retag Volvo ut sina reservofficerares l\u00f6n \u2013 helt och utan tidsbegr\u00e4nsning. \u2013 Vi beh\u00f6ver alla goda krafter f\u00f6r att f\u00f6rsvara v\u00e5rt land. Vi som f\u00f6retag har en skyldighet att bidra till att f\u00f6rsvara m\u00e4nskliga r\u00e4ttigheter och demokrati, f\u00f6rklarar Andreas Svenungsson beslutet. Inte nog med att AB Volvo fr\u00e5n b\u00f6rjan av april &hellip;<\/p>\n","protected":false},"author":5,"featured_media":307,"comment_status":"closed","ping_status":"closed","sticky":false,"template":"","format":"standard","meta":{"_acf_changed":false,"footnotes":""},"categories":[1],"tags":[],"class_list":["post-262","post","type-post","status-publish","format-standard","has-post-thumbnail","hentry","category-nyheter"],"acf":[],"yoast_head":"<!-- This site is optimized with the Yoast SEO plugin v27.4 - https:\/\/yoast.com\/product\/yoast-seo-wordpress\/ -->\n<title>Volvo ger sina reservare full l\u00f6neutfyllnad - Reservofficeren<\/title>\n<meta name=\"robots\" content=\"index, follow, max-snippet:-1, max-image-preview:large, max-video-preview:-1\" \/>\n<link rel=\"canonical\" href=\"https:\/\/reservofficerarna.se\/reservofficeren\/nyheter\/volvo-ger-sina-reservare-full-loneutfyllnad\/\" \/>\n<meta property=\"og:locale\" content=\"sv_SE\" \/>\n<meta property=\"og:type\" content=\"article\" \/>\n<meta property=\"og:title\" content=\"Volvo ger sina reservare full l\u00f6neutfyllnad - Reservofficeren\" \/>\n<meta property=\"og:description\" content=\"Nu fyller Sveriges st\u00f6rsta f\u00f6retag Volvo ut sina reservofficerares l\u00f6n \u2013 helt och utan tidsbegr\u00e4nsning. \u2013 Vi beh\u00f6ver alla goda krafter f\u00f6r att f\u00f6rsvara v\u00e5rt land. Vi som f\u00f6retag har en skyldighet att bidra till att f\u00f6rsvara m\u00e4nskliga r\u00e4ttigheter och demokrati, f\u00f6rklarar Andreas Svenungsson beslutet. Inte nog med att AB Volvo fr\u00e5n b\u00f6rjan av april &hellip;\" \/>\n<meta property=\"og:url\" content=\"https:\/\/reservofficerarna.se\/reservofficeren\/nyheter\/volvo-ger-sina-reservare-full-loneutfyllnad\/\" \/>\n<meta property=\"og:site_name\" content=\"Reservofficeren\" \/>\n<meta property=\"article:published_time\" content=\"2022-06-14T19:50:21+00:00\" \/>\n<meta property=\"article:modified_time\" content=\"2022-10-11T09:48:42+00:00\" \/>\n<meta property=\"og:image\" content=\"https:\/\/reservofficerarna.se\/app\/uploads\/sites\/2\/2022\/06\/s-8.-svenungsson-scaled.jpg\" \/>\n\t<meta property=\"og:image:width\" content=\"2560\" \/>\n\t<meta property=\"og:image:height\" content=\"1710\" \/>\n\t<meta property=\"og:image:type\" content=\"image\/jpeg\" \/>\n<meta name=\"author\" content=\"jenny\" \/>\n<meta name=\"twitter:card\" content=\"summary_large_image\" \/>\n<meta name=\"twitter:label1\" content=\"Skriven av\" \/>\n\t<meta name=\"twitter:data1\" content=\"jenny\" \/>\n\t<meta name=\"twitter:label2\" content=\"Ber\u00e4knad l\u00e4stid\" \/>\n\t<meta name=\"twitter:data2\" content=\"2 minuter\" \/>\n<script type=\"application\/ld+json\" class=\"yoast-schema-graph\">{\"@context\":\"https:\\\/\\\/schema.org\",\"@graph\":[{\"@type\":\"Article\",\"@id\":\"https:\\\/\\\/reservofficerarna.se\\\/reservofficeren\\\/nyheter\\\/volvo-ger-sina-reservare-full-loneutfyllnad\\\/#article\",\"isPartOf\":{\"@id\":\"https:\\\/\\\/reservofficerarna.se\\\/reservofficeren\\\/nyheter\\\/volvo-ger-sina-reservare-full-loneutfyllnad\\\/\"},\"author\":{\"name\":\"jenny\",\"@id\":\"https:\\\/\\\/staging.reservofficerarna.se\\\/reservofficeren\\\/#\\\/schema\\\/person\\\/3d832d539616c18c4c43c4dd694d55f0\"},\"headline\":\"Volvo ger sina reservare full l\u00f6neutfyllnad\",\"datePublished\":\"2022-06-14T19:50:21+00:00\",\"dateModified\":\"2022-10-11T09:48:42+00:00\",\"mainEntityOfPage\":{\"@id\":\"https:\\\/\\\/reservofficerarna.se\\\/reservofficeren\\\/nyheter\\\/volvo-ger-sina-reservare-full-loneutfyllnad\\\/\"},\"wordCount\":479,\"image\":{\"@id\":\"https:\\\/\\\/reservofficerarna.se\\\/reservofficeren\\\/nyheter\\\/volvo-ger-sina-reservare-full-loneutfyllnad\\\/#primaryimage\"},\"thumbnailUrl\":\"https:\\\/\\\/reservofficerarna.se\\\/app\\\/uploads\\\/sites\\\/2\\\/2022\\\/06\\\/s-8.-svenungsson-scaled.jpg\",\"articleSection\":[\"Nyheter\"],\"inLanguage\":\"sv-SE\"},{\"@type\":\"WebPage\",\"@id\":\"https:\\\/\\\/reservofficerarna.se\\\/reservofficeren\\\/nyheter\\\/volvo-ger-sina-reservare-full-loneutfyllnad\\\/\",\"url\":\"https:\\\/\\\/reservofficerarna.se\\\/reservofficeren\\\/nyheter\\\/volvo-ger-sina-reservare-full-loneutfyllnad\\\/\",\"name\":\"Volvo ger sina reservare full l\u00f6neutfyllnad - Reservofficeren\",\"isPartOf\":{\"@id\":\"https:\\\/\\\/staging.reservofficerarna.se\\\/reservofficeren\\\/#website\"},\"primaryImageOfPage\":{\"@id\":\"https:\\\/\\\/reservofficerarna.se\\\/reservofficeren\\\/nyheter\\\/volvo-ger-sina-reservare-full-loneutfyllnad\\\/#primaryimage\"},\"image\":{\"@id\":\"https:\\\/\\\/reservofficerarna.se\\\/reservofficeren\\\/nyheter\\\/volvo-ger-sina-reservare-full-loneutfyllnad\\\/#primaryimage\"},\"thumbnailUrl\":\"https:\\\/\\\/reservofficerarna.se\\\/app\\\/uploads\\\/sites\\\/2\\\/2022\\\/06\\\/s-8.-svenungsson-scaled.jpg\",\"datePublished\":\"2022-06-14T19:50:21+00:00\",\"dateModified\":\"2022-10-11T09:48:42+00:00\",\"author\":{\"@id\":\"https:\\\/\\\/staging.reservofficerarna.se\\\/reservofficeren\\\/#\\\/schema\\\/person\\\/3d832d539616c18c4c43c4dd694d55f0\"},\"breadcrumb\":{\"@id\":\"https:\\\/\\\/reservofficerarna.se\\\/reservofficeren\\\/nyheter\\\/volvo-ger-sina-reservare-full-loneutfyllnad\\\/#breadcrumb\"},\"inLanguage\":\"sv-SE\",\"potentialAction\":[{\"@type\":\"ReadAction\",\"target\":[\"https:\\\/\\\/reservofficerarna.se\\\/reservofficeren\\\/nyheter\\\/volvo-ger-sina-reservare-full-loneutfyllnad\\\/\"]}]},{\"@type\":\"ImageObject\",\"inLanguage\":\"sv-SE\",\"@id\":\"https:\\\/\\\/reservofficerarna.se\\\/reservofficeren\\\/nyheter\\\/volvo-ger-sina-reservare-full-loneutfyllnad\\\/#primaryimage\",\"url\":\"https:\\\/\\\/reservofficerarna.se\\\/app\\\/uploads\\\/sites\\\/2\\\/2022\\\/06\\\/s-8.-svenungsson-scaled.jpg\",\"contentUrl\":\"https:\\\/\\\/reservofficerarna.se\\\/app\\\/uploads\\\/sites\\\/2\\\/2022\\\/06\\\/s-8.-svenungsson-scaled.jpg\",\"width\":2560,\"height\":1710,\"caption\":\"160324-AB Volvo Portr\u00e4tt p\u00e5 Andreas Svenungsson. Bild: Cicci Jonson, Bilduppdraget\"},{\"@type\":\"BreadcrumbList\",\"@id\":\"https:\\\/\\\/reservofficerarna.se\\\/reservofficeren\\\/nyheter\\\/volvo-ger-sina-reservare-full-loneutfyllnad\\\/#breadcrumb\",\"itemListElement\":[{\"@type\":\"ListItem\",\"position\":1,\"name\":\"Hem\",\"item\":\"https:\\\/\\\/reservofficerarna.se\\\/reservofficeren\\\/\"},{\"@type\":\"ListItem\",\"position\":2,\"name\":\"Volvo ger sina reservare full l\u00f6neutfyllnad\"}]},{\"@type\":\"WebSite\",\"@id\":\"https:\\\/\\\/staging.reservofficerarna.se\\\/reservofficeren\\\/#website\",\"url\":\"https:\\\/\\\/staging.reservofficerarna.se\\\/reservofficeren\\\/\",\"name\":\"Reservofficeren\",\"description\":\"F\u00f6rbundet Reservofficerarnas tidning\",\"potentialAction\":[{\"@type\":\"SearchAction\",\"target\":{\"@type\":\"EntryPoint\",\"urlTemplate\":\"https:\\\/\\\/staging.reservofficerarna.se\\\/reservofficeren\\\/?s={search_term_string}\"},\"query-input\":{\"@type\":\"PropertyValueSpecification\",\"valueRequired\":true,\"valueName\":\"search_term_string\"}}],\"inLanguage\":\"sv-SE\"},{\"@type\":\"Person\",\"@id\":\"https:\\\/\\\/staging.reservofficerarna.se\\\/reservofficeren\\\/#\\\/schema\\\/person\\\/3d832d539616c18c4c43c4dd694d55f0\",\"name\":\"jenny\"}]}<\/script>\n<!-- \/ Yoast SEO plugin. -->","yoast_head_json":{"title":"Volvo ger sina reservare full l\u00f6neutfyllnad - Reservofficeren","robots":{"index":"index","follow":"follow","max-snippet":"max-snippet:-1","max-image-preview":"max-image-preview:large","max-video-preview":"max-video-preview:-1"},"canonical":"https:\/\/reservofficerarna.se\/reservofficeren\/nyheter\/volvo-ger-sina-reservare-full-loneutfyllnad\/","og_locale":"sv_SE","og_type":"article","og_title":"Volvo ger sina reservare full l\u00f6neutfyllnad - Reservofficeren","og_description":"Nu fyller Sveriges st\u00f6rsta f\u00f6retag Volvo ut sina reservofficerares l\u00f6n \u2013 helt och utan tidsbegr\u00e4nsning. \u2013 Vi beh\u00f6ver alla goda krafter f\u00f6r att f\u00f6rsvara v\u00e5rt land. Vi som f\u00f6retag har en skyldighet att bidra till att f\u00f6rsvara m\u00e4nskliga r\u00e4ttigheter och demokrati, f\u00f6rklarar Andreas Svenungsson beslutet. Inte nog med att AB Volvo fr\u00e5n b\u00f6rjan av april &hellip;","og_url":"https:\/\/reservofficerarna.se\/reservofficeren\/nyheter\/volvo-ger-sina-reservare-full-loneutfyllnad\/","og_site_name":"Reservofficeren","article_published_time":"2022-06-14T19:50:21+00:00","article_modified_time":"2022-10-11T09:48:42+00:00","og_image":[{"width":2560,"height":1710,"url":"https:\/\/reservofficerarna.se\/app\/uploads\/sites\/2\/2022\/06\/s-8.-svenungsson-scaled.jpg","type":"image\/jpeg"}],"author":"jenny","twitter_card":"summary_large_image","twitter_misc":{"Skriven av":"jenny","Ber\u00e4knad l\u00e4stid":"2 minuter"},"schema":{"@context":"https:\/\/schema.org","@graph":[{"@type":"Article","@id":"https:\/\/reservofficerarna.se\/reservofficeren\/nyheter\/volvo-ger-sina-reservare-full-loneutfyllnad\/#article","isPartOf":{"@id":"https:\/\/reservofficerarna.se\/reservofficeren\/nyheter\/volvo-ger-sina-reservare-full-loneutfyllnad\/"},"author":{"name":"jenny","@id":"https:\/\/staging.reservofficerarna.se\/reservofficeren\/#\/schema\/person\/3d832d539616c18c4c43c4dd694d55f0"},"headline":"Volvo ger sina reservare full l\u00f6neutfyllnad","datePublished":"2022-06-14T19:50:21+00:00","dateModified":"2022-10-11T09:48:42+00:00","mainEntityOfPage":{"@id":"https:\/\/reservofficerarna.se\/reservofficeren\/nyheter\/volvo-ger-sina-reservare-full-loneutfyllnad\/"},"wordCount":479,"image":{"@id":"https:\/\/reservofficerarna.se\/reservofficeren\/nyheter\/volvo-ger-sina-reservare-full-loneutfyllnad\/#primaryimage"},"thumbnailUrl":"https:\/\/reservofficerarna.se\/app\/uploads\/sites\/2\/2022\/06\/s-8.-svenungsson-scaled.jpg","articleSection":["Nyheter"],"inLanguage":"sv-SE"},{"@type":"WebPage","@id":"https:\/\/reservofficerarna.se\/reservofficeren\/nyheter\/volvo-ger-sina-reservare-full-loneutfyllnad\/","url":"https:\/\/reservofficerarna.se\/reservofficeren\/nyheter\/volvo-ger-sina-reservare-full-loneutfyllnad\/","name":"Volvo ger sina reservare full l\u00f6neutfyllnad - Reservofficeren","isPartOf":{"@id":"https:\/\/staging.reservofficerarna.se\/reservofficeren\/#website"},"primaryImageOfPage":{"@id":"https:\/\/reservofficerarna.se\/reservofficeren\/nyheter\/volvo-ger-sina-reservare-full-loneutfyllnad\/#primaryimage"},"image":{"@id":"https:\/\/reservofficerarna.se\/reservofficeren\/nyheter\/volvo-ger-sina-reservare-full-loneutfyllnad\/#primaryimage"},"thumbnailUrl":"https:\/\/reservofficerarna.se\/app\/uploads\/sites\/2\/2022\/06\/s-8.-svenungsson-scaled.jpg","datePublished":"2022-06-14T19:50:21+00:00","dateModified":"2022-10-11T09:48:42+00:00","author":{"@id":"https:\/\/staging.reservofficerarna.se\/reservofficeren\/#\/schema\/person\/3d832d539616c18c4c43c4dd694d55f0"},"breadcrumb":{"@id":"https:\/\/reservofficerarna.se\/reservofficeren\/nyheter\/volvo-ger-sina-reservare-full-loneutfyllnad\/#breadcrumb"},"inLanguage":"sv-SE","potentialAction":[{"@type":"ReadAction","target":["https:\/\/reservofficerarna.se\/reservofficeren\/nyheter\/volvo-ger-sina-reservare-full-loneutfyllnad\/"]}]},{"@type":"ImageObject","inLanguage":"sv-SE","@id":"https:\/\/reservofficerarna.se\/reservofficeren\/nyheter\/volvo-ger-sina-reservare-full-loneutfyllnad\/#primaryimage","url":"https:\/\/reservofficerarna.se\/app\/uploads\/sites\/2\/2022\/06\/s-8.-svenungsson-scaled.jpg","contentUrl":"https:\/\/reservofficerarna.se\/app\/uploads\/sites\/2\/2022\/06\/s-8.-svenungsson-scaled.jpg","width":2560,"height":1710,"caption":"160324-AB Volvo Portr\u00e4tt p\u00e5 Andreas Svenungsson. Bild: Cicci Jonson, Bilduppdraget"},{"@type":"BreadcrumbList","@id":"https:\/\/reservofficerarna.se\/reservofficeren\/nyheter\/volvo-ger-sina-reservare-full-loneutfyllnad\/#breadcrumb","itemListElement":[{"@type":"ListItem","position":1,"name":"Hem","item":"https:\/\/reservofficerarna.se\/reservofficeren\/"},{"@type":"ListItem","position":2,"name":"Volvo ger sina reservare full l\u00f6neutfyllnad"}]},{"@type":"WebSite","@id":"https:\/\/staging.reservofficerarna.se\/reservofficeren\/#website","url":"https:\/\/staging.reservofficerarna.se\/reservofficeren\/","name":"Reservofficeren","description":"F\u00f6rbundet Reservofficerarnas tidning","potentialAction":[{"@type":"SearchAction","target":{"@type":"EntryPoint","urlTemplate":"https:\/\/staging.reservofficerarna.se\/reservofficeren\/?s={search_term_string}"},"query-input":{"@type":"PropertyValueSpecification","valueRequired":true,"valueName":"search_term_string"}}],"inLanguage":"sv-SE"},{"@type":"Person","@id":"https:\/\/staging.reservofficerarna.se\/reservofficeren\/#\/schema\/person\/3d832d539616c18c4c43c4dd694d55f0","name":"jenny"}]}},"_links":{"self":[{"href":"https:\/\/reservofficerarna.se\/reservofficeren\/wp-json\/wp\/v2\/posts\/262","targetHints":{"allow":["GET"]}}],"collection":[{"href":"https:\/\/reservofficerarna.se\/reservofficeren\/wp-json\/wp\/v2\/posts"}],"about":[{"href":"https:\/\/reservofficerarna.se\/reservofficeren\/wp-json\/wp\/v2\/types\/post"}],"author":[{"embeddable":true,"href":"https:\/\/reservofficerarna.se\/reservofficeren\/wp-json\/wp\/v2\/users\/5"}],"replies":[{"embeddable":true,"href":"https:\/\/reservofficerarna.se\/reservofficeren\/wp-json\/wp\/v2\/comments?post=262"}],"version-history":[{"count":13,"href":"https:\/\/reservofficerarna.se\/reservofficeren\/wp-json\/wp\/v2\/posts\/262\/revisions"}],"predecessor-version":[{"id":327,"href":"https:\/\/reservofficerarna.se\/reservofficeren\/wp-json\/wp\/v2\/posts\/262\/revisions\/327"}],"wp:featuredmedia":[{"embeddable":true,"href":"https:\/\/reservofficerarna.se\/reservofficeren\/wp-json\/wp\/v2\/media\/307"}],"wp:attachment":[{"href":"https:\/\/reservofficerarna.se\/reservofficeren\/wp-json\/wp\/v2\/media?parent=262"}],"wp:term":[{"taxonomy":"category","embeddable":true,"href":"https:\/\/reservofficerarna.se\/reservofficeren\/wp-json\/wp\/v2\/categories?post=262"},{"taxonomy":"post_tag","embeddable":true,"href":"https:\/\/reservofficerarna.se\/reservofficeren\/wp-json\/wp\/v2\/tags?post=262"}],"curies":[{"name":"wp","href":"https:\/\/api.w.org\/{rel}","templated":true}]}}