{"id":269,"date":"2022-06-14T22:02:50","date_gmt":"2022-06-14T20:02:50","guid":{"rendered":"https:\/\/reservofficerarna.se\/reservofficeren\/?p=269"},"modified":"2022-06-14T22:02:50","modified_gmt":"2022-06-14T20:02:50","slug":"269","status":"publish","type":"post","link":"https:\/\/reservofficerarna.se\/reservofficeren\/nyheter\/269\/","title":{"rendered":""},"content":{"rendered":"\n<h1 class=\"wp-block-heading\"><strong>R\u00e4tten till tj\u00e4nstledighet kvar p\u00e5 f\u00f6rsvarsministerns bord<\/strong><\/h1>\n\n\n\n<p><strong>Fr\u00e5gan om r\u00e4tt till tj\u00e4nstledighet f\u00f6r reservofficerare ligger kvar p\u00e5 f\u00f6rsvarsministerns bord i v\u00e4ntan p\u00e5 F\u00f6rsvarsmaktens analys av l\u00e4get.\u00a0<\/strong><\/p>\n\n\n\n<p>&#8211; F\u00f6r mig och regeringen \u00e4r det av vikt att s\u00e4kerst\u00e4lla tillg\u00e4ngligheten p\u00e5 personal, oavsett kategori, f\u00f6r uppgifter i fred och vid h\u00f6jd beredskap. Enligt mina uppgifter ser F\u00f6rsvarsmakten \u00f6ver dessa fr\u00e5gor och jag avser att inv\u00e4nta myndighetens syn i dess egenskap av arbetsgivare. Med utg\u00e5ngspunkt i F\u00f6rsvarsmaktens analys kommer regeringen vid behov att \u00e5terkomma till riksdagen, s\u00e4ger f\u00f6rsvarsminister Peter Hultqvist i ett skriftligt svar till tidningen Reservofficeren.&nbsp;<\/p>\n\n\n\n<p>F\u00f6rsvarsministern har inte velat st\u00e4lla upp p\u00e5 n\u00e5gon intervju, och heller inte velat svara p\u00e5 fr\u00e5gan varf\u00f6r inte riksdagsbeslutet fr\u00e5n 2021 r\u00e4cker som beslutsunderlag.<\/p>\n\n\n\n<p>\u2013 En reservofficer ska inte tvingas dividera med sin civila chef f\u00f6r att f\u00e5 ledigt, d\u00e5 \u00e4r ju risken stor att man ist\u00e4llet tackar nej till tj\u00e4nstg\u00f6ring \u2013 det sker redan idag. F\u00f6rsvarsmakten borde rimligtvis vilja att reservofficerare kommer till \u00f6vningar. Jag f\u00f6rst\u00e5r inte varf\u00f6r man skulle tacka nej till n\u00e5got som underl\u00e4ttar verksamheten, s\u00e4rskilt inte i dessa tider. Krigsf\u00f6rbanden beh\u00f6ver fyllas upp av personal som kan komma n\u00e4r F\u00f6rsvarsmakten kallar, s\u00e4ger Magnus Konradsson, F\u00f6rbundet Reservofficerarnas ordf\u00f6rande.<\/p>\n","protected":false},"excerpt":{"rendered":"<p>R\u00e4tten till tj\u00e4nstledighet kvar p\u00e5 f\u00f6rsvarsministerns bord Fr\u00e5gan om r\u00e4tt till tj\u00e4nstledighet f\u00f6r reservofficerare ligger kvar p\u00e5 f\u00f6rsvarsministerns bord i v\u00e4ntan p\u00e5 F\u00f6rsvarsmaktens analys av l\u00e4get.\u00a0 &#8211; F\u00f6r mig och regeringen \u00e4r det av vikt att s\u00e4kerst\u00e4lla tillg\u00e4ngligheten p\u00e5 personal, oavsett kategori, f\u00f6r uppgifter i fred och vid h\u00f6jd beredskap. Enligt mina uppgifter ser F\u00f6rsvarsmakten &hellip;<\/p>\n","protected":false},"author":5,"featured_media":0,"comment_status":"closed","ping_status":"closed","sticky":false,"template":"","format":"standard","meta":{"_acf_changed":false,"footnotes":""},"categories":[1],"tags":[],"class_list":["post-269","post","type-post","status-publish","format-standard","hentry","category-nyheter"],"acf":[],"yoast_head":"<!-- This site is optimized with the Yoast SEO plugin v27.4 - https:\/\/yoast.com\/product\/yoast-seo-wordpress\/ -->\n<title>- Reservofficeren<\/title>\n<meta name=\"robots\" content=\"index, follow, max-snippet:-1, max-image-preview:large, max-video-preview:-1\" \/>\n<link rel=\"canonical\" href=\"https:\/\/reservofficerarna.se\/reservofficeren\/nyheter\/269\/\" \/>\n<meta property=\"og:locale\" content=\"sv_SE\" \/>\n<meta property=\"og:type\" content=\"article\" \/>\n<meta property=\"og:title\" content=\"- Reservofficeren\" \/>\n<meta property=\"og:description\" content=\"R\u00e4tten till tj\u00e4nstledighet kvar p\u00e5 f\u00f6rsvarsministerns bord Fr\u00e5gan om r\u00e4tt till tj\u00e4nstledighet f\u00f6r reservofficerare ligger kvar p\u00e5 f\u00f6rsvarsministerns bord i v\u00e4ntan p\u00e5 F\u00f6rsvarsmaktens analys av l\u00e4get.\u00a0 &#8211; F\u00f6r mig och regeringen \u00e4r det av vikt att s\u00e4kerst\u00e4lla tillg\u00e4ngligheten p\u00e5 personal, oavsett kategori, f\u00f6r uppgifter i fred och vid h\u00f6jd beredskap. Enligt mina uppgifter ser F\u00f6rsvarsmakten &hellip;\" \/>\n<meta property=\"og:url\" content=\"https:\/\/reservofficerarna.se\/reservofficeren\/nyheter\/269\/\" \/>\n<meta property=\"og:site_name\" content=\"Reservofficeren\" \/>\n<meta property=\"article:published_time\" content=\"2022-06-14T20:02:50+00:00\" \/>\n<meta property=\"og:image\" content=\"https:\/\/reservofficerarna.se\/app\/uploads\/sites\/2\/2022\/04\/og-reservofficerarna.png\" \/>\n\t<meta property=\"og:image:width\" content=\"1200\" \/>\n\t<meta property=\"og:image:height\" content=\"630\" \/>\n\t<meta property=\"og:image:type\" content=\"image\/png\" \/>\n<meta name=\"author\" content=\"jenny\" \/>\n<meta name=\"twitter:card\" content=\"summary_large_image\" \/>\n<meta name=\"twitter:label1\" content=\"Skriven av\" \/>\n\t<meta name=\"twitter:data1\" content=\"jenny\" \/>\n\t<meta name=\"twitter:label2\" content=\"Ber\u00e4knad l\u00e4stid\" \/>\n\t<meta name=\"twitter:data2\" content=\"1 minut\" \/>\n<script type=\"application\/ld+json\" class=\"yoast-schema-graph\">{\"@context\":\"https:\\\/\\\/schema.org\",\"@graph\":[{\"@type\":\"Article\",\"@id\":\"https:\\\/\\\/reservofficerarna.se\\\/reservofficeren\\\/nyheter\\\/269\\\/#article\",\"isPartOf\":{\"@id\":\"https:\\\/\\\/reservofficerarna.se\\\/reservofficeren\\\/nyheter\\\/269\\\/\"},\"author\":{\"name\":\"jenny\",\"@id\":\"https:\\\/\\\/staging.reservofficerarna.se\\\/reservofficeren\\\/#\\\/schema\\\/person\\\/3d832d539616c18c4c43c4dd694d55f0\"},\"headline\":\"Ingen rubrik\",\"datePublished\":\"2022-06-14T20:02:50+00:00\",\"mainEntityOfPage\":{\"@id\":\"https:\\\/\\\/reservofficerarna.se\\\/reservofficeren\\\/nyheter\\\/269\\\/\"},\"wordCount\":242,\"articleSection\":[\"Nyheter\"],\"inLanguage\":\"sv-SE\"},{\"@type\":\"WebPage\",\"@id\":\"https:\\\/\\\/reservofficerarna.se\\\/reservofficeren\\\/nyheter\\\/269\\\/\",\"url\":\"https:\\\/\\\/reservofficerarna.se\\\/reservofficeren\\\/nyheter\\\/269\\\/\",\"name\":\"- Reservofficeren\",\"isPartOf\":{\"@id\":\"https:\\\/\\\/staging.reservofficerarna.se\\\/reservofficeren\\\/#website\"},\"datePublished\":\"2022-06-14T20:02:50+00:00\",\"author\":{\"@id\":\"https:\\\/\\\/staging.reservofficerarna.se\\\/reservofficeren\\\/#\\\/schema\\\/person\\\/3d832d539616c18c4c43c4dd694d55f0\"},\"inLanguage\":\"sv-SE\",\"potentialAction\":[{\"@type\":\"ReadAction\",\"target\":[\"https:\\\/\\\/reservofficerarna.se\\\/reservofficeren\\\/nyheter\\\/269\\\/\"]}]},{\"@type\":\"WebSite\",\"@id\":\"https:\\\/\\\/staging.reservofficerarna.se\\\/reservofficeren\\\/#website\",\"url\":\"https:\\\/\\\/staging.reservofficerarna.se\\\/reservofficeren\\\/\",\"name\":\"Reservofficeren\",\"description\":\"F\u00f6rbundet Reservofficerarnas tidning\",\"potentialAction\":[{\"@type\":\"SearchAction\",\"target\":{\"@type\":\"EntryPoint\",\"urlTemplate\":\"https:\\\/\\\/staging.reservofficerarna.se\\\/reservofficeren\\\/?s={search_term_string}\"},\"query-input\":{\"@type\":\"PropertyValueSpecification\",\"valueRequired\":true,\"valueName\":\"search_term_string\"}}],\"inLanguage\":\"sv-SE\"},{\"@type\":\"Person\",\"@id\":\"https:\\\/\\\/staging.reservofficerarna.se\\\/reservofficeren\\\/#\\\/schema\\\/person\\\/3d832d539616c18c4c43c4dd694d55f0\",\"name\":\"jenny\"}]}<\/script>\n<!-- \/ Yoast SEO plugin. -->","yoast_head_json":{"title":"- Reservofficeren","robots":{"index":"index","follow":"follow","max-snippet":"max-snippet:-1","max-image-preview":"max-image-preview:large","max-video-preview":"max-video-preview:-1"},"canonical":"https:\/\/reservofficerarna.se\/reservofficeren\/nyheter\/269\/","og_locale":"sv_SE","og_type":"article","og_title":"- Reservofficeren","og_description":"R\u00e4tten till tj\u00e4nstledighet kvar p\u00e5 f\u00f6rsvarsministerns bord Fr\u00e5gan om r\u00e4tt till tj\u00e4nstledighet f\u00f6r reservofficerare ligger kvar p\u00e5 f\u00f6rsvarsministerns bord i v\u00e4ntan p\u00e5 F\u00f6rsvarsmaktens analys av l\u00e4get.\u00a0 &#8211; F\u00f6r mig och regeringen \u00e4r det av vikt att s\u00e4kerst\u00e4lla tillg\u00e4ngligheten p\u00e5 personal, oavsett kategori, f\u00f6r uppgifter i fred och vid h\u00f6jd beredskap. Enligt mina uppgifter ser F\u00f6rsvarsmakten &hellip;","og_url":"https:\/\/reservofficerarna.se\/reservofficeren\/nyheter\/269\/","og_site_name":"Reservofficeren","article_published_time":"2022-06-14T20:02:50+00:00","og_image":[{"width":1200,"height":630,"url":"https:\/\/reservofficerarna.se\/app\/uploads\/sites\/2\/2022\/04\/og-reservofficerarna.png","type":"image\/png"}],"author":"jenny","twitter_card":"summary_large_image","twitter_misc":{"Skriven av":"jenny","Ber\u00e4knad l\u00e4stid":"1 minut"},"schema":{"@context":"https:\/\/schema.org","@graph":[{"@type":"Article","@id":"https:\/\/reservofficerarna.se\/reservofficeren\/nyheter\/269\/#article","isPartOf":{"@id":"https:\/\/reservofficerarna.se\/reservofficeren\/nyheter\/269\/"},"author":{"name":"jenny","@id":"https:\/\/staging.reservofficerarna.se\/reservofficeren\/#\/schema\/person\/3d832d539616c18c4c43c4dd694d55f0"},"headline":"Ingen rubrik","datePublished":"2022-06-14T20:02:50+00:00","mainEntityOfPage":{"@id":"https:\/\/reservofficerarna.se\/reservofficeren\/nyheter\/269\/"},"wordCount":242,"articleSection":["Nyheter"],"inLanguage":"sv-SE"},{"@type":"WebPage","@id":"https:\/\/reservofficerarna.se\/reservofficeren\/nyheter\/269\/","url":"https:\/\/reservofficerarna.se\/reservofficeren\/nyheter\/269\/","name":"- Reservofficeren","isPartOf":{"@id":"https:\/\/staging.reservofficerarna.se\/reservofficeren\/#website"},"datePublished":"2022-06-14T20:02:50+00:00","author":{"@id":"https:\/\/staging.reservofficerarna.se\/reservofficeren\/#\/schema\/person\/3d832d539616c18c4c43c4dd694d55f0"},"inLanguage":"sv-SE","potentialAction":[{"@type":"ReadAction","target":["https:\/\/reservofficerarna.se\/reservofficeren\/nyheter\/269\/"]}]},{"@type":"WebSite","@id":"https:\/\/staging.reservofficerarna.se\/reservofficeren\/#website","url":"https:\/\/staging.reservofficerarna.se\/reservofficeren\/","name":"Reservofficeren","description":"F\u00f6rbundet Reservofficerarnas tidning","potentialAction":[{"@type":"SearchAction","target":{"@type":"EntryPoint","urlTemplate":"https:\/\/staging.reservofficerarna.se\/reservofficeren\/?s={search_term_string}"},"query-input":{"@type":"PropertyValueSpecification","valueRequired":true,"valueName":"search_term_string"}}],"inLanguage":"sv-SE"},{"@type":"Person","@id":"https:\/\/staging.reservofficerarna.se\/reservofficeren\/#\/schema\/person\/3d832d539616c18c4c43c4dd694d55f0","name":"jenny"}]}},"_links":{"self":[{"href":"https:\/\/reservofficerarna.se\/reservofficeren\/wp-json\/wp\/v2\/posts\/269","targetHints":{"allow":["GET"]}}],"collection":[{"href":"https:\/\/reservofficerarna.se\/reservofficeren\/wp-json\/wp\/v2\/posts"}],"about":[{"href":"https:\/\/reservofficerarna.se\/reservofficeren\/wp-json\/wp\/v2\/types\/post"}],"author":[{"embeddable":true,"href":"https:\/\/reservofficerarna.se\/reservofficeren\/wp-json\/wp\/v2\/users\/5"}],"replies":[{"embeddable":true,"href":"https:\/\/reservofficerarna.se\/reservofficeren\/wp-json\/wp\/v2\/comments?post=269"}],"version-history":[{"count":6,"href":"https:\/\/reservofficerarna.se\/reservofficeren\/wp-json\/wp\/v2\/posts\/269\/revisions"}],"predecessor-version":[{"id":275,"href":"https:\/\/reservofficerarna.se\/reservofficeren\/wp-json\/wp\/v2\/posts\/269\/revisions\/275"}],"wp:attachment":[{"href":"https:\/\/reservofficerarna.se\/reservofficeren\/wp-json\/wp\/v2\/media?parent=269"}],"wp:term":[{"taxonomy":"category","embeddable":true,"href":"https:\/\/reservofficerarna.se\/reservofficeren\/wp-json\/wp\/v2\/categories?post=269"},{"taxonomy":"post_tag","embeddable":true,"href":"https:\/\/reservofficerarna.se\/reservofficeren\/wp-json\/wp\/v2\/tags?post=269"}],"curies":[{"name":"wp","href":"https:\/\/api.w.org\/{rel}","templated":true}]}}