{"id":281,"date":"2022-06-17T11:19:37","date_gmt":"2022-06-17T09:19:37","guid":{"rendered":"https:\/\/reservofficerarna.se\/reservofficeren\/?p=281"},"modified":"2022-06-17T11:19:38","modified_gmt":"2022-06-17T09:19:38","slug":"darfor-bor-aven-reservofficerare-belonas-for-nit-och-redlighet","status":"publish","type":"post","link":"https:\/\/reservofficerarna.se\/reservofficeren\/nyheter\/darfor-bor-aven-reservofficerare-belonas-for-nit-och-redlighet\/","title":{"rendered":"D\u00e4rf\u00f6r b\u00f6r \u00e4ven reservofficerare bel\u00f6nas f\u00f6r nit och redlighet"},"content":{"rendered":"\n<p><strong>Tvisten om NOR handlar inte om en medalj \u2013 utan om ett erk\u00e4nnande fr\u00e5n staten n\u00e4r reservofficeren har st\u00e5tt till f\u00f6rfogande i kanske \u00f6ver 40 \u00e5r f\u00f6r f\u00f6rsvaret av Sverige. D\u00e4rf\u00f6r driver F\u00f6rbundet Reservofficerarna fr\u00e5gan s\u00e5 l\u00e5ngt det kr\u00e4vs.&nbsp;<\/strong><\/p>\n\n\n\n<p>Statstj\u00e4nstem\u00e4n som varit anst\u00e4llda i 30 \u00e5r tilldelas utm\u00e4rkelsen F\u00f6r Nit och Redlighet i Rikets tj\u00e4nst, NOR. Ut\u00f6ver uppskattningen handlar det om ett guldur, konstglas eller en medalj i \u00e4kta guld. Men den uppskattningen g\u00e4ller idag inte reservofficerare. Trots att reservofficeren ofta st\u00e5r till F\u00f6rsvarsmaktens f\u00f6rfogande under hela sitt yrkesliv, g\u00f6r staten ett undantag \u2013 just f\u00f6r reservofficeren.<\/p>\n\n\n\n<p>\u2013&nbsp;Vi har inlett tvistef\u00f6rhandling i fr\u00e5gan. Det \u00e4r viktigt att alla personalgrupper i staten behandlas lika och att staten faktiskt ocks\u00e5 uppm\u00e4rksammar de tidvis tj\u00e4nstg\u00f6rande officerarna, s\u00e4ger Jonas Wiberg, F\u00f6rbundet Reservofficerarnas f\u00f6rhandlingschef.<\/p>\n\n\n\n<p>Av f\u00f6rordningen&nbsp;(1974:225) om utm\u00e4rkelsen \u201dF\u00f6r nit och redlighet i rikets&nbsp;<\/p>\n\n\n\n<p>tj\u00e4nst\u201d framg\u00e5r&nbsp;att det \u00e4r anst\u00e4llningstiden som ska r\u00e4knas, varvid arbetstidsm\u00e5ttet inte ska ges n\u00e5gon betydelse. Det framg\u00e5r s\u00e5ledes av f\u00f6rfattning av reservofficerare har r\u00e4tt att tilldelas NOR efter 30 \u00e5rs anst\u00e4llning i F\u00f6rsvarsmakten.&nbsp;<\/p>\n\n\n\n<p>Trots detta menar Arbetsgivarverket att reservofficeren inte ska tilldelas NOR, och F\u00f6rsvarsmakten f\u00f6ljer verkets inriktning.&nbsp;<\/p>\n\n\n\n<p>\u2013&nbsp;Statens till\u00e4mpning av best\u00e4mmelserna betr\u00e4ffande tilldelning av NOR strider mot lagen om f\u00f6rbud mot diskriminering av deltids- och visstidsanst\u00e4llda, s\u00e4ger Jonas Wiberg, som p\u00e5pekar att statstj\u00e4nstem\u00e4n som varit tj\u00e4nstlediga p\u00e5 grund av f\u00f6r\u00e4ldraskap, studier eller andra sk\u00e4l tilldelas NOR utan att ha arbetat i 30 \u00e5r inom staten.<\/p>\n\n\n\n<p>\u2013&nbsp;Detta f\u00f6r att det handlar om anst\u00e4llningstid, det st\u00e5r uttryckligen att man ska bortse fr\u00e5n tj\u00e4nstg\u00f6ringens faktiska omfattning om ej s\u00e4rskilda sk\u00e4l f\u00f6ranleder annat. Men reservofficeren ska tydligen inte f\u00e5 NOR, och vilka sk\u00e4l som ligger bakom anges inte.&nbsp;<\/p>\n\n\n\n<p>\u2013 Av tradition i Sverige har m\u00e4nniskor som st\u00e4ller upp extra f\u00f6r F\u00f6rsvarsmakten inte uppskattats tillr\u00e4ckligt. Det \u00e4r kr\u00e4vande att vara borta fr\u00e5n sitt ordinarie jobb d\u00e5 och d\u00e5 f\u00f6r att vara en del av F\u00f6rsvarsmaktens ordinarie personal. F\u00f6rbundet menar att det \u00e4r dags f\u00f6r staten att visa reservofficeren samma typ av uppskattning som visas alla \u00f6vriga statsanst\u00e4llda.&nbsp;&nbsp;<\/p>\n\n\n\n<p><\/p>\n","protected":false},"excerpt":{"rendered":"<p>Tvisten om NOR handlar inte om en medalj \u2013 utan om ett erk\u00e4nnande fr\u00e5n staten n\u00e4r reservofficeren har st\u00e5tt till f\u00f6rfogande i kanske \u00f6ver 40 \u00e5r f\u00f6r f\u00f6rsvaret av Sverige. D\u00e4rf\u00f6r driver F\u00f6rbundet Reservofficerarna fr\u00e5gan s\u00e5 l\u00e5ngt det kr\u00e4vs.&nbsp; Statstj\u00e4nstem\u00e4n som varit anst\u00e4llda i 30 \u00e5r tilldelas utm\u00e4rkelsen F\u00f6r Nit och Redlighet i Rikets tj\u00e4nst, &hellip;<\/p>\n","protected":false},"author":5,"featured_media":0,"comment_status":"closed","ping_status":"closed","sticky":false,"template":"","format":"standard","meta":{"_acf_changed":false,"footnotes":""},"categories":[1],"tags":[],"class_list":["post-281","post","type-post","status-publish","format-standard","hentry","category-nyheter"],"acf":[],"yoast_head":"<!-- This site is optimized with the Yoast SEO plugin v27.4 - https:\/\/yoast.com\/product\/yoast-seo-wordpress\/ -->\n<title>D\u00e4rf\u00f6r b\u00f6r \u00e4ven reservofficerare bel\u00f6nas f\u00f6r nit och redlighet - Reservofficeren<\/title>\n<meta name=\"robots\" content=\"index, follow, max-snippet:-1, max-image-preview:large, max-video-preview:-1\" \/>\n<link rel=\"canonical\" href=\"https:\/\/reservofficerarna.se\/reservofficeren\/nyheter\/darfor-bor-aven-reservofficerare-belonas-for-nit-och-redlighet\/\" \/>\n<meta property=\"og:locale\" content=\"sv_SE\" \/>\n<meta property=\"og:type\" content=\"article\" \/>\n<meta property=\"og:title\" content=\"D\u00e4rf\u00f6r b\u00f6r \u00e4ven reservofficerare bel\u00f6nas f\u00f6r nit och redlighet - Reservofficeren\" \/>\n<meta property=\"og:description\" content=\"Tvisten om NOR handlar inte om en medalj \u2013 utan om ett erk\u00e4nnande fr\u00e5n staten n\u00e4r reservofficeren har st\u00e5tt till f\u00f6rfogande i kanske \u00f6ver 40 \u00e5r f\u00f6r f\u00f6rsvaret av Sverige. D\u00e4rf\u00f6r driver F\u00f6rbundet Reservofficerarna fr\u00e5gan s\u00e5 l\u00e5ngt det kr\u00e4vs.&nbsp; Statstj\u00e4nstem\u00e4n som varit anst\u00e4llda i 30 \u00e5r tilldelas utm\u00e4rkelsen F\u00f6r Nit och Redlighet i Rikets tj\u00e4nst, &hellip;\" \/>\n<meta property=\"og:url\" content=\"https:\/\/reservofficerarna.se\/reservofficeren\/nyheter\/darfor-bor-aven-reservofficerare-belonas-for-nit-och-redlighet\/\" \/>\n<meta property=\"og:site_name\" content=\"Reservofficeren\" \/>\n<meta property=\"article:published_time\" content=\"2022-06-17T09:19:37+00:00\" \/>\n<meta property=\"article:modified_time\" content=\"2022-06-17T09:19:38+00:00\" \/>\n<meta property=\"og:image\" content=\"https:\/\/reservofficerarna.se\/app\/uploads\/sites\/2\/2022\/04\/og-reservofficerarna.png\" \/>\n\t<meta property=\"og:image:width\" content=\"1200\" \/>\n\t<meta property=\"og:image:height\" content=\"630\" \/>\n\t<meta property=\"og:image:type\" content=\"image\/png\" \/>\n<meta name=\"author\" content=\"jenny\" \/>\n<meta name=\"twitter:card\" content=\"summary_large_image\" \/>\n<meta name=\"twitter:label1\" content=\"Skriven av\" \/>\n\t<meta name=\"twitter:data1\" content=\"jenny\" \/>\n\t<meta name=\"twitter:label2\" content=\"Ber\u00e4knad l\u00e4stid\" \/>\n\t<meta name=\"twitter:data2\" content=\"2 minuter\" \/>\n<script type=\"application\/ld+json\" class=\"yoast-schema-graph\">{\"@context\":\"https:\\\/\\\/schema.org\",\"@graph\":[{\"@type\":\"Article\",\"@id\":\"https:\\\/\\\/reservofficerarna.se\\\/reservofficeren\\\/nyheter\\\/darfor-bor-aven-reservofficerare-belonas-for-nit-och-redlighet\\\/#article\",\"isPartOf\":{\"@id\":\"https:\\\/\\\/reservofficerarna.se\\\/reservofficeren\\\/nyheter\\\/darfor-bor-aven-reservofficerare-belonas-for-nit-och-redlighet\\\/\"},\"author\":{\"name\":\"jenny\",\"@id\":\"https:\\\/\\\/staging.reservofficerarna.se\\\/reservofficeren\\\/#\\\/schema\\\/person\\\/3d832d539616c18c4c43c4dd694d55f0\"},\"headline\":\"D\u00e4rf\u00f6r b\u00f6r \u00e4ven reservofficerare bel\u00f6nas f\u00f6r nit och redlighet\",\"datePublished\":\"2022-06-17T09:19:37+00:00\",\"dateModified\":\"2022-06-17T09:19:38+00:00\",\"mainEntityOfPage\":{\"@id\":\"https:\\\/\\\/reservofficerarna.se\\\/reservofficeren\\\/nyheter\\\/darfor-bor-aven-reservofficerare-belonas-for-nit-och-redlighet\\\/\"},\"wordCount\":438,\"articleSection\":[\"Nyheter\"],\"inLanguage\":\"sv-SE\"},{\"@type\":\"WebPage\",\"@id\":\"https:\\\/\\\/reservofficerarna.se\\\/reservofficeren\\\/nyheter\\\/darfor-bor-aven-reservofficerare-belonas-for-nit-och-redlighet\\\/\",\"url\":\"https:\\\/\\\/reservofficerarna.se\\\/reservofficeren\\\/nyheter\\\/darfor-bor-aven-reservofficerare-belonas-for-nit-och-redlighet\\\/\",\"name\":\"D\u00e4rf\u00f6r b\u00f6r \u00e4ven reservofficerare bel\u00f6nas f\u00f6r nit och redlighet - Reservofficeren\",\"isPartOf\":{\"@id\":\"https:\\\/\\\/staging.reservofficerarna.se\\\/reservofficeren\\\/#website\"},\"datePublished\":\"2022-06-17T09:19:37+00:00\",\"dateModified\":\"2022-06-17T09:19:38+00:00\",\"author\":{\"@id\":\"https:\\\/\\\/staging.reservofficerarna.se\\\/reservofficeren\\\/#\\\/schema\\\/person\\\/3d832d539616c18c4c43c4dd694d55f0\"},\"breadcrumb\":{\"@id\":\"https:\\\/\\\/reservofficerarna.se\\\/reservofficeren\\\/nyheter\\\/darfor-bor-aven-reservofficerare-belonas-for-nit-och-redlighet\\\/#breadcrumb\"},\"inLanguage\":\"sv-SE\",\"potentialAction\":[{\"@type\":\"ReadAction\",\"target\":[\"https:\\\/\\\/reservofficerarna.se\\\/reservofficeren\\\/nyheter\\\/darfor-bor-aven-reservofficerare-belonas-for-nit-och-redlighet\\\/\"]}]},{\"@type\":\"BreadcrumbList\",\"@id\":\"https:\\\/\\\/reservofficerarna.se\\\/reservofficeren\\\/nyheter\\\/darfor-bor-aven-reservofficerare-belonas-for-nit-och-redlighet\\\/#breadcrumb\",\"itemListElement\":[{\"@type\":\"ListItem\",\"position\":1,\"name\":\"Hem\",\"item\":\"https:\\\/\\\/reservofficerarna.se\\\/reservofficeren\\\/\"},{\"@type\":\"ListItem\",\"position\":2,\"name\":\"D\u00e4rf\u00f6r b\u00f6r \u00e4ven reservofficerare bel\u00f6nas f\u00f6r nit och redlighet\"}]},{\"@type\":\"WebSite\",\"@id\":\"https:\\\/\\\/staging.reservofficerarna.se\\\/reservofficeren\\\/#website\",\"url\":\"https:\\\/\\\/staging.reservofficerarna.se\\\/reservofficeren\\\/\",\"name\":\"Reservofficeren\",\"description\":\"F\u00f6rbundet Reservofficerarnas tidning\",\"potentialAction\":[{\"@type\":\"SearchAction\",\"target\":{\"@type\":\"EntryPoint\",\"urlTemplate\":\"https:\\\/\\\/staging.reservofficerarna.se\\\/reservofficeren\\\/?s={search_term_string}\"},\"query-input\":{\"@type\":\"PropertyValueSpecification\",\"valueRequired\":true,\"valueName\":\"search_term_string\"}}],\"inLanguage\":\"sv-SE\"},{\"@type\":\"Person\",\"@id\":\"https:\\\/\\\/staging.reservofficerarna.se\\\/reservofficeren\\\/#\\\/schema\\\/person\\\/3d832d539616c18c4c43c4dd694d55f0\",\"name\":\"jenny\"}]}<\/script>\n<!-- \/ Yoast SEO plugin. -->","yoast_head_json":{"title":"D\u00e4rf\u00f6r b\u00f6r \u00e4ven reservofficerare bel\u00f6nas f\u00f6r nit och redlighet - Reservofficeren","robots":{"index":"index","follow":"follow","max-snippet":"max-snippet:-1","max-image-preview":"max-image-preview:large","max-video-preview":"max-video-preview:-1"},"canonical":"https:\/\/reservofficerarna.se\/reservofficeren\/nyheter\/darfor-bor-aven-reservofficerare-belonas-for-nit-och-redlighet\/","og_locale":"sv_SE","og_type":"article","og_title":"D\u00e4rf\u00f6r b\u00f6r \u00e4ven reservofficerare bel\u00f6nas f\u00f6r nit och redlighet - Reservofficeren","og_description":"Tvisten om NOR handlar inte om en medalj \u2013 utan om ett erk\u00e4nnande fr\u00e5n staten n\u00e4r reservofficeren har st\u00e5tt till f\u00f6rfogande i kanske \u00f6ver 40 \u00e5r f\u00f6r f\u00f6rsvaret av Sverige. D\u00e4rf\u00f6r driver F\u00f6rbundet Reservofficerarna fr\u00e5gan s\u00e5 l\u00e5ngt det kr\u00e4vs.&nbsp; Statstj\u00e4nstem\u00e4n som varit anst\u00e4llda i 30 \u00e5r tilldelas utm\u00e4rkelsen F\u00f6r Nit och Redlighet i Rikets tj\u00e4nst, &hellip;","og_url":"https:\/\/reservofficerarna.se\/reservofficeren\/nyheter\/darfor-bor-aven-reservofficerare-belonas-for-nit-och-redlighet\/","og_site_name":"Reservofficeren","article_published_time":"2022-06-17T09:19:37+00:00","article_modified_time":"2022-06-17T09:19:38+00:00","og_image":[{"width":1200,"height":630,"url":"https:\/\/reservofficerarna.se\/app\/uploads\/sites\/2\/2022\/04\/og-reservofficerarna.png","type":"image\/png"}],"author":"jenny","twitter_card":"summary_large_image","twitter_misc":{"Skriven av":"jenny","Ber\u00e4knad l\u00e4stid":"2 minuter"},"schema":{"@context":"https:\/\/schema.org","@graph":[{"@type":"Article","@id":"https:\/\/reservofficerarna.se\/reservofficeren\/nyheter\/darfor-bor-aven-reservofficerare-belonas-for-nit-och-redlighet\/#article","isPartOf":{"@id":"https:\/\/reservofficerarna.se\/reservofficeren\/nyheter\/darfor-bor-aven-reservofficerare-belonas-for-nit-och-redlighet\/"},"author":{"name":"jenny","@id":"https:\/\/staging.reservofficerarna.se\/reservofficeren\/#\/schema\/person\/3d832d539616c18c4c43c4dd694d55f0"},"headline":"D\u00e4rf\u00f6r b\u00f6r \u00e4ven reservofficerare bel\u00f6nas f\u00f6r nit och redlighet","datePublished":"2022-06-17T09:19:37+00:00","dateModified":"2022-06-17T09:19:38+00:00","mainEntityOfPage":{"@id":"https:\/\/reservofficerarna.se\/reservofficeren\/nyheter\/darfor-bor-aven-reservofficerare-belonas-for-nit-och-redlighet\/"},"wordCount":438,"articleSection":["Nyheter"],"inLanguage":"sv-SE"},{"@type":"WebPage","@id":"https:\/\/reservofficerarna.se\/reservofficeren\/nyheter\/darfor-bor-aven-reservofficerare-belonas-for-nit-och-redlighet\/","url":"https:\/\/reservofficerarna.se\/reservofficeren\/nyheter\/darfor-bor-aven-reservofficerare-belonas-for-nit-och-redlighet\/","name":"D\u00e4rf\u00f6r b\u00f6r \u00e4ven reservofficerare bel\u00f6nas f\u00f6r nit och redlighet - Reservofficeren","isPartOf":{"@id":"https:\/\/staging.reservofficerarna.se\/reservofficeren\/#website"},"datePublished":"2022-06-17T09:19:37+00:00","dateModified":"2022-06-17T09:19:38+00:00","author":{"@id":"https:\/\/staging.reservofficerarna.se\/reservofficeren\/#\/schema\/person\/3d832d539616c18c4c43c4dd694d55f0"},"breadcrumb":{"@id":"https:\/\/reservofficerarna.se\/reservofficeren\/nyheter\/darfor-bor-aven-reservofficerare-belonas-for-nit-och-redlighet\/#breadcrumb"},"inLanguage":"sv-SE","potentialAction":[{"@type":"ReadAction","target":["https:\/\/reservofficerarna.se\/reservofficeren\/nyheter\/darfor-bor-aven-reservofficerare-belonas-for-nit-och-redlighet\/"]}]},{"@type":"BreadcrumbList","@id":"https:\/\/reservofficerarna.se\/reservofficeren\/nyheter\/darfor-bor-aven-reservofficerare-belonas-for-nit-och-redlighet\/#breadcrumb","itemListElement":[{"@type":"ListItem","position":1,"name":"Hem","item":"https:\/\/reservofficerarna.se\/reservofficeren\/"},{"@type":"ListItem","position":2,"name":"D\u00e4rf\u00f6r b\u00f6r \u00e4ven reservofficerare bel\u00f6nas f\u00f6r nit och redlighet"}]},{"@type":"WebSite","@id":"https:\/\/staging.reservofficerarna.se\/reservofficeren\/#website","url":"https:\/\/staging.reservofficerarna.se\/reservofficeren\/","name":"Reservofficeren","description":"F\u00f6rbundet Reservofficerarnas tidning","potentialAction":[{"@type":"SearchAction","target":{"@type":"EntryPoint","urlTemplate":"https:\/\/staging.reservofficerarna.se\/reservofficeren\/?s={search_term_string}"},"query-input":{"@type":"PropertyValueSpecification","valueRequired":true,"valueName":"search_term_string"}}],"inLanguage":"sv-SE"},{"@type":"Person","@id":"https:\/\/staging.reservofficerarna.se\/reservofficeren\/#\/schema\/person\/3d832d539616c18c4c43c4dd694d55f0","name":"jenny"}]}},"_links":{"self":[{"href":"https:\/\/reservofficerarna.se\/reservofficeren\/wp-json\/wp\/v2\/posts\/281","targetHints":{"allow":["GET"]}}],"collection":[{"href":"https:\/\/reservofficerarna.se\/reservofficeren\/wp-json\/wp\/v2\/posts"}],"about":[{"href":"https:\/\/reservofficerarna.se\/reservofficeren\/wp-json\/wp\/v2\/types\/post"}],"author":[{"embeddable":true,"href":"https:\/\/reservofficerarna.se\/reservofficeren\/wp-json\/wp\/v2\/users\/5"}],"replies":[{"embeddable":true,"href":"https:\/\/reservofficerarna.se\/reservofficeren\/wp-json\/wp\/v2\/comments?post=281"}],"version-history":[{"count":3,"href":"https:\/\/reservofficerarna.se\/reservofficeren\/wp-json\/wp\/v2\/posts\/281\/revisions"}],"predecessor-version":[{"id":284,"href":"https:\/\/reservofficerarna.se\/reservofficeren\/wp-json\/wp\/v2\/posts\/281\/revisions\/284"}],"wp:attachment":[{"href":"https:\/\/reservofficerarna.se\/reservofficeren\/wp-json\/wp\/v2\/media?parent=281"}],"wp:term":[{"taxonomy":"category","embeddable":true,"href":"https:\/\/reservofficerarna.se\/reservofficeren\/wp-json\/wp\/v2\/categories?post=281"},{"taxonomy":"post_tag","embeddable":true,"href":"https:\/\/reservofficerarna.se\/reservofficeren\/wp-json\/wp\/v2\/tags?post=281"}],"curies":[{"name":"wp","href":"https:\/\/api.w.org\/{rel}","templated":true}]}}