{"id":285,"date":"2022-06-17T11:23:46","date_gmt":"2022-06-17T09:23:46","guid":{"rendered":"https:\/\/reservofficerarna.se\/reservofficeren\/?p=285"},"modified":"2022-06-17T11:23:47","modified_gmt":"2022-06-17T09:23:47","slug":"nu-finns-pengar-for-kompetensutveckling","status":"publish","type":"post","link":"https:\/\/reservofficerarna.se\/reservofficeren\/nyheter\/nu-finns-pengar-for-kompetensutveckling\/","title":{"rendered":"Nu finns pengar f\u00f6r kompetensutveckling"},"content":{"rendered":"\n<p><strong>M\u00e5nga reservofficerare efterlyser kompetensutveckling. Nu finns f\u00f6rb\u00e4ttrade chanser, \u00e4ven n\u00e4r f\u00f6rbandet inte har m\u00f6jlighet att b\u00e4ra kostnaden.<\/strong><\/p>\n\n\n\n<p>Inom avtalet mellan F\u00f6rsvarsmakten och Sverof finns medel avdelade f\u00f6r att verka f\u00f6r kompetensutveckling av reservofficerare d\u00e4r f\u00f6rbandet av olika anledningar inte har m\u00f6jlighet att b\u00e4ra kostnaden.<\/p>\n\n\n\n<p>Syftet med kompetensutvecklingen ska vara att g\u00f6ra reservofficerare krigsplaceringsbara eller h\u00f6ja personalkvaliteten (PersQ) p\u00e5 reservofficeren i befintlig eller blivande krigsbefattning. Det kan g\u00f6ras genom exempelvis yrkes- och befattningskurser (YBK), interna utbildningar vid respektive OrgE, utbildning i F\u00f6rsvarsutbildarnas eller F\u00f6rsvarsh\u00f6gskolans regi eller deltagande i olika \u00f6vningar, till exempel stabs\u00f6vningar och f\u00f6rsvarsmakts\u00f6vning. Avdelade medel avser utbildningar och verksamhet utanf\u00f6r f\u00f6rbandets ordinarie ram.<\/p>\n\n\n\n<p>\u2013 Allt som kan g\u00f6ras f\u00f6r att fler reservofficerare ska bli krigsplaceringsbara, b\u00f6r ocks\u00e5 g\u00f6ras, s\u00e4ger Sverofs ordf\u00f6rande Magnus Konradsson, som uppmuntrar alla att sprida informationen om m\u00f6jligheten.<\/p>\n\n\n\n<p>F\u00f6rbandschefer med reservofficerare i sin organisation kan hemst\u00e4lla om medel f\u00f6r att genomf\u00f6ra ovanst\u00e5ende. Ans\u00f6kan st\u00e4lls med sekretessbed\u00f6mt mail till: <a href=\"mailto:&#70;M-&#83;ver&#111;f&#64;mil&#46;s&#101;\">FM&#45;&#83;ver&#111;f&#64;mil&#46;se<\/a> d\u00e4r f\u00f6ljande ska framg\u00e5:<\/p>\n\n\n\n<ul class=\"wp-block-list\"><li>Personuppgifter p\u00e5 utbildningsdeltagare alternativt antal deltagare<\/li><li>Typ av aktivitet<\/li><li>Tidpunkt (-er)<\/li><li>Motiv till utbildning kopplat till h\u00f6jning av PersQ och krigsplaceringsbarheten p\u00e5 deltagare<\/li><li>F\u00f6rbandschefs yttrande<\/li><li>Ber\u00e4knad kostnad<\/li><\/ul>\n\n\n\n<p>Ans\u00f6kan kan g\u00f6ras l\u00f6pande under \u00e5ret! Det \u00e4r Other Ranks-enheten vid Milit\u00e4rh\u00f6gskolan Halmstad som handl\u00e4gger ans\u00f6kningarna.<\/p>\n\n\n\n<p>Efter genomf\u00f6rd kompetensutveckling s\u00e4nds en slutrapport till MHS H med sammanfattande resultat och ekonomiskt utfall.<\/p>\n","protected":false},"excerpt":{"rendered":"<p>M\u00e5nga reservofficerare efterlyser kompetensutveckling. Nu finns f\u00f6rb\u00e4ttrade chanser, \u00e4ven n\u00e4r f\u00f6rbandet inte har m\u00f6jlighet att b\u00e4ra kostnaden. Inom avtalet mellan F\u00f6rsvarsmakten och Sverof finns medel avdelade f\u00f6r att verka f\u00f6r kompetensutveckling av reservofficerare d\u00e4r f\u00f6rbandet av olika anledningar inte har m\u00f6jlighet att b\u00e4ra kostnaden. Syftet med kompetensutvecklingen ska vara att g\u00f6ra reservofficerare krigsplaceringsbara eller h\u00f6ja &hellip;<\/p>\n","protected":false},"author":5,"featured_media":0,"comment_status":"closed","ping_status":"closed","sticky":false,"template":"","format":"standard","meta":{"_acf_changed":false,"footnotes":""},"categories":[1,5],"tags":[],"class_list":["post-285","post","type-post","status-publish","format-standard","hentry","category-nyheter","category-utbildning"],"acf":[],"yoast_head":"<!-- This site is optimized with the Yoast SEO plugin v27.4 - https:\/\/yoast.com\/product\/yoast-seo-wordpress\/ -->\n<title>Nu finns pengar f\u00f6r kompetensutveckling - Reservofficeren<\/title>\n<meta name=\"robots\" content=\"index, follow, max-snippet:-1, max-image-preview:large, max-video-preview:-1\" \/>\n<link rel=\"canonical\" href=\"https:\/\/reservofficerarna.se\/reservofficeren\/nyheter\/nu-finns-pengar-for-kompetensutveckling\/\" \/>\n<meta property=\"og:locale\" content=\"sv_SE\" \/>\n<meta property=\"og:type\" content=\"article\" \/>\n<meta property=\"og:title\" content=\"Nu finns pengar f\u00f6r kompetensutveckling - Reservofficeren\" \/>\n<meta property=\"og:description\" content=\"M\u00e5nga reservofficerare efterlyser kompetensutveckling. Nu finns f\u00f6rb\u00e4ttrade chanser, \u00e4ven n\u00e4r f\u00f6rbandet inte har m\u00f6jlighet att b\u00e4ra kostnaden. Inom avtalet mellan F\u00f6rsvarsmakten och Sverof finns medel avdelade f\u00f6r att verka f\u00f6r kompetensutveckling av reservofficerare d\u00e4r f\u00f6rbandet av olika anledningar inte har m\u00f6jlighet att b\u00e4ra kostnaden. Syftet med kompetensutvecklingen ska vara att g\u00f6ra reservofficerare krigsplaceringsbara eller h\u00f6ja &hellip;\" \/>\n<meta property=\"og:url\" content=\"https:\/\/reservofficerarna.se\/reservofficeren\/nyheter\/nu-finns-pengar-for-kompetensutveckling\/\" \/>\n<meta property=\"og:site_name\" content=\"Reservofficeren\" \/>\n<meta property=\"article:published_time\" content=\"2022-06-17T09:23:46+00:00\" \/>\n<meta property=\"article:modified_time\" content=\"2022-06-17T09:23:47+00:00\" \/>\n<meta property=\"og:image\" content=\"https:\/\/reservofficerarna.se\/app\/uploads\/sites\/2\/2022\/04\/og-reservofficerarna.png\" \/>\n\t<meta property=\"og:image:width\" content=\"1200\" \/>\n\t<meta property=\"og:image:height\" content=\"630\" \/>\n\t<meta property=\"og:image:type\" content=\"image\/png\" \/>\n<meta name=\"author\" content=\"jenny\" \/>\n<meta name=\"twitter:card\" content=\"summary_large_image\" \/>\n<meta name=\"twitter:label1\" content=\"Skriven av\" \/>\n\t<meta name=\"twitter:data1\" content=\"jenny\" \/>\n\t<meta name=\"twitter:label2\" content=\"Ber\u00e4knad l\u00e4stid\" \/>\n\t<meta name=\"twitter:data2\" content=\"2 minuter\" \/>\n<script type=\"application\/ld+json\" class=\"yoast-schema-graph\">{\"@context\":\"https:\\\/\\\/schema.org\",\"@graph\":[{\"@type\":\"Article\",\"@id\":\"https:\\\/\\\/reservofficerarna.se\\\/reservofficeren\\\/nyheter\\\/nu-finns-pengar-for-kompetensutveckling\\\/#article\",\"isPartOf\":{\"@id\":\"https:\\\/\\\/reservofficerarna.se\\\/reservofficeren\\\/nyheter\\\/nu-finns-pengar-for-kompetensutveckling\\\/\"},\"author\":{\"name\":\"jenny\",\"@id\":\"https:\\\/\\\/staging.reservofficerarna.se\\\/reservofficeren\\\/#\\\/schema\\\/person\\\/3d832d539616c18c4c43c4dd694d55f0\"},\"headline\":\"Nu finns pengar f\u00f6r kompetensutveckling\",\"datePublished\":\"2022-06-17T09:23:46+00:00\",\"dateModified\":\"2022-06-17T09:23:47+00:00\",\"mainEntityOfPage\":{\"@id\":\"https:\\\/\\\/reservofficerarna.se\\\/reservofficeren\\\/nyheter\\\/nu-finns-pengar-for-kompetensutveckling\\\/\"},\"wordCount\":276,\"articleSection\":[\"Nyheter\",\"Utbildning\"],\"inLanguage\":\"sv-SE\"},{\"@type\":\"WebPage\",\"@id\":\"https:\\\/\\\/reservofficerarna.se\\\/reservofficeren\\\/nyheter\\\/nu-finns-pengar-for-kompetensutveckling\\\/\",\"url\":\"https:\\\/\\\/reservofficerarna.se\\\/reservofficeren\\\/nyheter\\\/nu-finns-pengar-for-kompetensutveckling\\\/\",\"name\":\"Nu finns pengar f\u00f6r kompetensutveckling - Reservofficeren\",\"isPartOf\":{\"@id\":\"https:\\\/\\\/staging.reservofficerarna.se\\\/reservofficeren\\\/#website\"},\"datePublished\":\"2022-06-17T09:23:46+00:00\",\"dateModified\":\"2022-06-17T09:23:47+00:00\",\"author\":{\"@id\":\"https:\\\/\\\/staging.reservofficerarna.se\\\/reservofficeren\\\/#\\\/schema\\\/person\\\/3d832d539616c18c4c43c4dd694d55f0\"},\"breadcrumb\":{\"@id\":\"https:\\\/\\\/reservofficerarna.se\\\/reservofficeren\\\/nyheter\\\/nu-finns-pengar-for-kompetensutveckling\\\/#breadcrumb\"},\"inLanguage\":\"sv-SE\",\"potentialAction\":[{\"@type\":\"ReadAction\",\"target\":[\"https:\\\/\\\/reservofficerarna.se\\\/reservofficeren\\\/nyheter\\\/nu-finns-pengar-for-kompetensutveckling\\\/\"]}]},{\"@type\":\"BreadcrumbList\",\"@id\":\"https:\\\/\\\/reservofficerarna.se\\\/reservofficeren\\\/nyheter\\\/nu-finns-pengar-for-kompetensutveckling\\\/#breadcrumb\",\"itemListElement\":[{\"@type\":\"ListItem\",\"position\":1,\"name\":\"Hem\",\"item\":\"https:\\\/\\\/reservofficerarna.se\\\/reservofficeren\\\/\"},{\"@type\":\"ListItem\",\"position\":2,\"name\":\"Nu finns pengar f\u00f6r kompetensutveckling\"}]},{\"@type\":\"WebSite\",\"@id\":\"https:\\\/\\\/staging.reservofficerarna.se\\\/reservofficeren\\\/#website\",\"url\":\"https:\\\/\\\/staging.reservofficerarna.se\\\/reservofficeren\\\/\",\"name\":\"Reservofficeren\",\"description\":\"F\u00f6rbundet Reservofficerarnas tidning\",\"potentialAction\":[{\"@type\":\"SearchAction\",\"target\":{\"@type\":\"EntryPoint\",\"urlTemplate\":\"https:\\\/\\\/staging.reservofficerarna.se\\\/reservofficeren\\\/?s={search_term_string}\"},\"query-input\":{\"@type\":\"PropertyValueSpecification\",\"valueRequired\":true,\"valueName\":\"search_term_string\"}}],\"inLanguage\":\"sv-SE\"},{\"@type\":\"Person\",\"@id\":\"https:\\\/\\\/staging.reservofficerarna.se\\\/reservofficeren\\\/#\\\/schema\\\/person\\\/3d832d539616c18c4c43c4dd694d55f0\",\"name\":\"jenny\"}]}<\/script>\n<!-- \/ Yoast SEO plugin. -->","yoast_head_json":{"title":"Nu finns pengar f\u00f6r kompetensutveckling - Reservofficeren","robots":{"index":"index","follow":"follow","max-snippet":"max-snippet:-1","max-image-preview":"max-image-preview:large","max-video-preview":"max-video-preview:-1"},"canonical":"https:\/\/reservofficerarna.se\/reservofficeren\/nyheter\/nu-finns-pengar-for-kompetensutveckling\/","og_locale":"sv_SE","og_type":"article","og_title":"Nu finns pengar f\u00f6r kompetensutveckling - Reservofficeren","og_description":"M\u00e5nga reservofficerare efterlyser kompetensutveckling. Nu finns f\u00f6rb\u00e4ttrade chanser, \u00e4ven n\u00e4r f\u00f6rbandet inte har m\u00f6jlighet att b\u00e4ra kostnaden. Inom avtalet mellan F\u00f6rsvarsmakten och Sverof finns medel avdelade f\u00f6r att verka f\u00f6r kompetensutveckling av reservofficerare d\u00e4r f\u00f6rbandet av olika anledningar inte har m\u00f6jlighet att b\u00e4ra kostnaden. Syftet med kompetensutvecklingen ska vara att g\u00f6ra reservofficerare krigsplaceringsbara eller h\u00f6ja &hellip;","og_url":"https:\/\/reservofficerarna.se\/reservofficeren\/nyheter\/nu-finns-pengar-for-kompetensutveckling\/","og_site_name":"Reservofficeren","article_published_time":"2022-06-17T09:23:46+00:00","article_modified_time":"2022-06-17T09:23:47+00:00","og_image":[{"width":1200,"height":630,"url":"https:\/\/reservofficerarna.se\/app\/uploads\/sites\/2\/2022\/04\/og-reservofficerarna.png","type":"image\/png"}],"author":"jenny","twitter_card":"summary_large_image","twitter_misc":{"Skriven av":"jenny","Ber\u00e4knad l\u00e4stid":"2 minuter"},"schema":{"@context":"https:\/\/schema.org","@graph":[{"@type":"Article","@id":"https:\/\/reservofficerarna.se\/reservofficeren\/nyheter\/nu-finns-pengar-for-kompetensutveckling\/#article","isPartOf":{"@id":"https:\/\/reservofficerarna.se\/reservofficeren\/nyheter\/nu-finns-pengar-for-kompetensutveckling\/"},"author":{"name":"jenny","@id":"https:\/\/staging.reservofficerarna.se\/reservofficeren\/#\/schema\/person\/3d832d539616c18c4c43c4dd694d55f0"},"headline":"Nu finns pengar f\u00f6r kompetensutveckling","datePublished":"2022-06-17T09:23:46+00:00","dateModified":"2022-06-17T09:23:47+00:00","mainEntityOfPage":{"@id":"https:\/\/reservofficerarna.se\/reservofficeren\/nyheter\/nu-finns-pengar-for-kompetensutveckling\/"},"wordCount":276,"articleSection":["Nyheter","Utbildning"],"inLanguage":"sv-SE"},{"@type":"WebPage","@id":"https:\/\/reservofficerarna.se\/reservofficeren\/nyheter\/nu-finns-pengar-for-kompetensutveckling\/","url":"https:\/\/reservofficerarna.se\/reservofficeren\/nyheter\/nu-finns-pengar-for-kompetensutveckling\/","name":"Nu finns pengar f\u00f6r kompetensutveckling - Reservofficeren","isPartOf":{"@id":"https:\/\/staging.reservofficerarna.se\/reservofficeren\/#website"},"datePublished":"2022-06-17T09:23:46+00:00","dateModified":"2022-06-17T09:23:47+00:00","author":{"@id":"https:\/\/staging.reservofficerarna.se\/reservofficeren\/#\/schema\/person\/3d832d539616c18c4c43c4dd694d55f0"},"breadcrumb":{"@id":"https:\/\/reservofficerarna.se\/reservofficeren\/nyheter\/nu-finns-pengar-for-kompetensutveckling\/#breadcrumb"},"inLanguage":"sv-SE","potentialAction":[{"@type":"ReadAction","target":["https:\/\/reservofficerarna.se\/reservofficeren\/nyheter\/nu-finns-pengar-for-kompetensutveckling\/"]}]},{"@type":"BreadcrumbList","@id":"https:\/\/reservofficerarna.se\/reservofficeren\/nyheter\/nu-finns-pengar-for-kompetensutveckling\/#breadcrumb","itemListElement":[{"@type":"ListItem","position":1,"name":"Hem","item":"https:\/\/reservofficerarna.se\/reservofficeren\/"},{"@type":"ListItem","position":2,"name":"Nu finns pengar f\u00f6r kompetensutveckling"}]},{"@type":"WebSite","@id":"https:\/\/staging.reservofficerarna.se\/reservofficeren\/#website","url":"https:\/\/staging.reservofficerarna.se\/reservofficeren\/","name":"Reservofficeren","description":"F\u00f6rbundet Reservofficerarnas tidning","potentialAction":[{"@type":"SearchAction","target":{"@type":"EntryPoint","urlTemplate":"https:\/\/staging.reservofficerarna.se\/reservofficeren\/?s={search_term_string}"},"query-input":{"@type":"PropertyValueSpecification","valueRequired":true,"valueName":"search_term_string"}}],"inLanguage":"sv-SE"},{"@type":"Person","@id":"https:\/\/staging.reservofficerarna.se\/reservofficeren\/#\/schema\/person\/3d832d539616c18c4c43c4dd694d55f0","name":"jenny"}]}},"_links":{"self":[{"href":"https:\/\/reservofficerarna.se\/reservofficeren\/wp-json\/wp\/v2\/posts\/285","targetHints":{"allow":["GET"]}}],"collection":[{"href":"https:\/\/reservofficerarna.se\/reservofficeren\/wp-json\/wp\/v2\/posts"}],"about":[{"href":"https:\/\/reservofficerarna.se\/reservofficeren\/wp-json\/wp\/v2\/types\/post"}],"author":[{"embeddable":true,"href":"https:\/\/reservofficerarna.se\/reservofficeren\/wp-json\/wp\/v2\/users\/5"}],"replies":[{"embeddable":true,"href":"https:\/\/reservofficerarna.se\/reservofficeren\/wp-json\/wp\/v2\/comments?post=285"}],"version-history":[{"count":2,"href":"https:\/\/reservofficerarna.se\/reservofficeren\/wp-json\/wp\/v2\/posts\/285\/revisions"}],"predecessor-version":[{"id":287,"href":"https:\/\/reservofficerarna.se\/reservofficeren\/wp-json\/wp\/v2\/posts\/285\/revisions\/287"}],"wp:attachment":[{"href":"https:\/\/reservofficerarna.se\/reservofficeren\/wp-json\/wp\/v2\/media?parent=285"}],"wp:term":[{"taxonomy":"category","embeddable":true,"href":"https:\/\/reservofficerarna.se\/reservofficeren\/wp-json\/wp\/v2\/categories?post=285"},{"taxonomy":"post_tag","embeddable":true,"href":"https:\/\/reservofficerarna.se\/reservofficeren\/wp-json\/wp\/v2\/tags?post=285"}],"curies":[{"name":"wp","href":"https:\/\/api.w.org\/{rel}","templated":true}]}}