{"id":288,"date":"2022-06-17T11:30:23","date_gmt":"2022-06-17T09:30:23","guid":{"rendered":"https:\/\/reservofficerarna.se\/reservofficeren\/?p=288"},"modified":"2022-06-17T11:30:23","modified_gmt":"2022-06-17T09:30:23","slug":"ny-ledamot-i-reservofficerarnas-styrelse","status":"publish","type":"post","link":"https:\/\/reservofficerarna.se\/reservofficeren\/nyheter\/ny-ledamot-i-reservofficerarnas-styrelse\/","title":{"rendered":"Ny ledamot i Reservofficerarnas styrelse"},"content":{"rendered":"\n<figure class=\"wp-block-image size-large\"><img loading=\"lazy\" decoding=\"async\" width=\"675\" height=\"900\" src=\"https:\/\/reservofficerarna.se\/app\/uploads\/sites\/2\/2022\/06\/s-5.-lindstrom-675x900.jpeg\" alt=\"\" class=\"wp-image-289\" srcset=\"https:\/\/reservofficerarna.se\/app\/uploads\/sites\/2\/2022\/06\/s-5.-lindstrom-675x900.jpeg 675w, https:\/\/reservofficerarna.se\/app\/uploads\/sites\/2\/2022\/06\/s-5.-lindstrom-450x600.jpeg 450w, https:\/\/reservofficerarna.se\/app\/uploads\/sites\/2\/2022\/06\/s-5.-lindstrom-800x1067.jpeg 800w, https:\/\/reservofficerarna.se\/app\/uploads\/sites\/2\/2022\/06\/s-5.-lindstrom-1152x1536.jpeg 1152w, https:\/\/reservofficerarna.se\/app\/uploads\/sites\/2\/2022\/06\/s-5.-lindstrom-1536x2048.jpeg 1536w, https:\/\/reservofficerarna.se\/app\/uploads\/sites\/2\/2022\/06\/s-5.-lindstrom-300x400.jpeg 300w, https:\/\/reservofficerarna.se\/app\/uploads\/sites\/2\/2022\/06\/s-5.-lindstrom-scaled.jpeg 1920w\" sizes=\"auto, (max-width: 675px) 100vw, 675px\" \/><figcaption class=\"font-sans mt-2 text-sm md:text-base\">rpt<\/figcaption><\/figure>\n\n\n\n<p>F\u00f6rbundet Reservofficerarnas \u00e5rsst\u00e4mma h\u00f6lls den 25 mars i Link\u00f6ping. Kk Patrik Selling fr\u00e5n SFRO l\u00e4mnade sin post f\u00f6r att i st\u00e4llet ing\u00e5 i f\u00f6rbundets valn\u00e4mnd. Ny ledamot blev Kn Johan Lindstr\u00f6m, SFRO. I \u00f6vrigt omvaldes ordf\u00f6rande, vice ordf\u00f6rande och samtliga ledam\u00f6ter av en enh\u00e4llig st\u00e4mma.<\/p>\n\n\n\n<p>\u2013 Jag \u00e4r glad och tacksam f\u00f6r det fortsatta f\u00f6rtroendet. Vi \u00e4r en v\u00e4l fungerande styrelse och v\u00e5ra fr\u00e5gor \u00e4r mer aktuella \u00e4n n\u00e5gonsin, s\u00e5 vi har mycket att g\u00f6ra, sade Magnus Konradsson efter st\u00e4mman, som avslutades med middag tillsammans med delegater fr\u00e5n Sverofs st\u00e4mma som skulle h\u00e5llas dagen d\u00e4rp\u00e5.\u00a0<\/p>\n\n\n\n<p>Ut\u00f6ver sedvanliga beslut om styrelsens ansvarsfrihet och val av ledam\u00f6ter, beslutade f\u00f6rbundsst\u00e4mman om en stadge\u00e4ndring ang\u00e5ende medlemsavgiften, f\u00f6rbundets verksamhetsplan f\u00f6r 2022 samt direktiv till valn\u00e4mnden. \u00c5rets medlemsavgift sattes till 20&nbsp;000 kronor f\u00f6r Sverof och 10&nbsp;000 kronor f\u00f6r SFRO.<\/p>\n\n\n\n<p>Den nya styrelsen best\u00e5r av Magnus Konradsson, ordf\u00f6rande, Johan Hamneg\u00e5rd, vice ordf\u00f6rande samt ledam\u00f6terna Jonas Wiberg, Markus Z Widborg, Magnus Andersson, Sara Eklund och Johan Lindstr\u00f6m.<\/p>\n\n\n\n<p><strong>Hej, Johan Lindstr\u00f6m, ny ledamot! Vem \u00e4r du som reservofficer?<\/strong><\/p>\n\n\n\n<p>\u2013 Jag b\u00f6rjade min milit\u00e4ra bana med totalf\u00f6rsvarsplikten januari 1997 som PB Rasign i flottan. Blev placerad 18 m\u00e5nader p\u00e5 HMS Hugin, 18. Patrullb\u00e5tsdivisionen, i G\u00f6teborg efter grundtj\u00e4nstg\u00f6ringen. Den tiden var mycket bra och medf\u00f6rde blodad tand som gjorde att jag skickade in ans\u00f6kan till ROK-99 och blev antagen f\u00f6r utbildningslinjen HM-SLO (Hj\u00e4lpMinfartyg-StridsLedningsOfficer). Inryckning januari 1999 f\u00f6r ett \u00e5rs studietid med efterf\u00f6ljande 1,5 \u00e5rs f\u00e4nriks\u00e5r ombord HMS Carlskrona i tj\u00e4nsten som signalofficer.\u00a0<\/p>\n\n\n\n<p><strong>Och i det civila?<\/strong><\/p>\n\n\n\n<p>\u2013\u00a0Jag har en roll som utredningsledare av allvarliga arbetsmilj\u00f6h\u00e4ndelser p\u00e5 koncernniv\u00e5 i Peab. Bor i Svedala med hustru och tv\u00e5 s\u00f6ner, 8 och 5 \u00e5r. Jag \u00e4r ocks\u00e5 ledamot i Svenska Flottans Reservofficersf\u00f6rbund och d\u00e4rigenom ordf\u00f6rande f\u00f6r den kretsf\u00f6rening som utf\u00f6r f\u00f6rbundets aktiviteter i Sk\u00e5ne samt \u00e4ven adjungerad till Reservofficersf\u00f6reningen i Sk\u00e5ne.<\/p>\n\n\n\n<p><strong>Hur ser du p\u00e5 ditt uppdrag i styrelsen?<\/strong><\/p>\n\n\n\n<p>\u2013 Som ledamot \u00e4r jag mycket tacksam f\u00f6r f\u00f6rtroendet att f\u00f6ra fram flottans reservofficerares fr\u00e5gor. Min uppgift blir att vara lyh\u00f6rd och f\u00e5nga medlemmarnas \u00e5sikter och synpunkter.<\/p>\n\n\n\n<p><strong>Vilka fr\u00e5gor tycker du \u00e4r viktigast att driva?<\/strong><\/p>\n\n\n\n<p>\u2013 De fr\u00e5gor som jag k\u00e4nner ligger n\u00e4rmast vad jag kan p\u00e5verka \u00e4r l\u00f6neutfyllnad och r\u00e4tten till tj\u00e4nstledighet f\u00f6r i f\u00f6rsta hand privatanst\u00e4llda reservofficerare. Ut\u00f6ver det anser jag att f\u00f6rbundet ska driva fr\u00e5gor mot F\u00f6rsvarsmakten f\u00f6r likabehandling i alla fr\u00e5gor. Vi som har valt att utbilda oss och g\u00f6ra oss tillg\u00e4ngliga f\u00f6r inkallning av F\u00f6rsvarsmakten anser jag ska hanteras p\u00e5 samma s\u00e4tt som de som har valt att bli yrkesofficerare.<\/p>\n\n\n\n<p><\/p>\n","protected":false},"excerpt":{"rendered":"<p>F\u00f6rbundet Reservofficerarnas \u00e5rsst\u00e4mma h\u00f6lls den 25 mars i Link\u00f6ping. Kk Patrik Selling fr\u00e5n SFRO l\u00e4mnade sin post f\u00f6r att i st\u00e4llet ing\u00e5 i f\u00f6rbundets valn\u00e4mnd. Ny ledamot blev Kn Johan Lindstr\u00f6m, SFRO. I \u00f6vrigt omvaldes ordf\u00f6rande, vice ordf\u00f6rande och samtliga ledam\u00f6ter av en enh\u00e4llig st\u00e4mma. \u2013 Jag \u00e4r glad och tacksam f\u00f6r det fortsatta f\u00f6rtroendet. &hellip;<\/p>\n","protected":false},"author":5,"featured_media":0,"comment_status":"closed","ping_status":"closed","sticky":false,"template":"","format":"standard","meta":{"_acf_changed":false,"footnotes":""},"categories":[1],"tags":[],"class_list":["post-288","post","type-post","status-publish","format-standard","hentry","category-nyheter"],"acf":[],"yoast_head":"<!-- This site is optimized with the Yoast SEO plugin v27.4 - https:\/\/yoast.com\/product\/yoast-seo-wordpress\/ -->\n<title>Ny ledamot i Reservofficerarnas styrelse - Reservofficeren<\/title>\n<meta name=\"robots\" content=\"index, follow, max-snippet:-1, max-image-preview:large, max-video-preview:-1\" \/>\n<link rel=\"canonical\" href=\"https:\/\/reservofficerarna.se\/reservofficeren\/nyheter\/ny-ledamot-i-reservofficerarnas-styrelse\/\" \/>\n<meta property=\"og:locale\" content=\"sv_SE\" \/>\n<meta property=\"og:type\" content=\"article\" \/>\n<meta property=\"og:title\" content=\"Ny ledamot i Reservofficerarnas styrelse - Reservofficeren\" \/>\n<meta property=\"og:description\" content=\"F\u00f6rbundet Reservofficerarnas \u00e5rsst\u00e4mma h\u00f6lls den 25 mars i Link\u00f6ping. Kk Patrik Selling fr\u00e5n SFRO l\u00e4mnade sin post f\u00f6r att i st\u00e4llet ing\u00e5 i f\u00f6rbundets valn\u00e4mnd. Ny ledamot blev Kn Johan Lindstr\u00f6m, SFRO. I \u00f6vrigt omvaldes ordf\u00f6rande, vice ordf\u00f6rande och samtliga ledam\u00f6ter av en enh\u00e4llig st\u00e4mma. \u2013 Jag \u00e4r glad och tacksam f\u00f6r det fortsatta f\u00f6rtroendet. &hellip;\" \/>\n<meta property=\"og:url\" content=\"https:\/\/reservofficerarna.se\/reservofficeren\/nyheter\/ny-ledamot-i-reservofficerarnas-styrelse\/\" \/>\n<meta property=\"og:site_name\" content=\"Reservofficeren\" \/>\n<meta property=\"article:published_time\" content=\"2022-06-17T09:30:23+00:00\" \/>\n<meta property=\"og:image\" content=\"https:\/\/reservofficerarna.se\/app\/uploads\/sites\/2\/2022\/06\/s-5.-lindstrom-675x900.jpeg\" \/>\n<meta name=\"author\" content=\"jenny\" \/>\n<meta name=\"twitter:card\" content=\"summary_large_image\" \/>\n<meta name=\"twitter:label1\" content=\"Skriven av\" \/>\n\t<meta name=\"twitter:data1\" content=\"jenny\" \/>\n\t<meta name=\"twitter:label2\" content=\"Ber\u00e4knad l\u00e4stid\" \/>\n\t<meta name=\"twitter:data2\" content=\"3 minuter\" \/>\n<script type=\"application\/ld+json\" class=\"yoast-schema-graph\">{\"@context\":\"https:\\\/\\\/schema.org\",\"@graph\":[{\"@type\":\"Article\",\"@id\":\"https:\\\/\\\/reservofficerarna.se\\\/reservofficeren\\\/nyheter\\\/ny-ledamot-i-reservofficerarnas-styrelse\\\/#article\",\"isPartOf\":{\"@id\":\"https:\\\/\\\/reservofficerarna.se\\\/reservofficeren\\\/nyheter\\\/ny-ledamot-i-reservofficerarnas-styrelse\\\/\"},\"author\":{\"name\":\"jenny\",\"@id\":\"https:\\\/\\\/staging.reservofficerarna.se\\\/reservofficeren\\\/#\\\/schema\\\/person\\\/3d832d539616c18c4c43c4dd694d55f0\"},\"headline\":\"Ny ledamot i Reservofficerarnas styrelse\",\"datePublished\":\"2022-06-17T09:30:23+00:00\",\"mainEntityOfPage\":{\"@id\":\"https:\\\/\\\/reservofficerarna.se\\\/reservofficeren\\\/nyheter\\\/ny-ledamot-i-reservofficerarnas-styrelse\\\/\"},\"wordCount\":507,\"image\":{\"@id\":\"https:\\\/\\\/reservofficerarna.se\\\/reservofficeren\\\/nyheter\\\/ny-ledamot-i-reservofficerarnas-styrelse\\\/#primaryimage\"},\"thumbnailUrl\":\"https:\\\/\\\/reservofficerarna.se\\\/app\\\/uploads\\\/sites\\\/2\\\/2022\\\/06\\\/s-5.-lindstrom-675x900.jpeg\",\"articleSection\":[\"Nyheter\"],\"inLanguage\":\"sv-SE\"},{\"@type\":\"WebPage\",\"@id\":\"https:\\\/\\\/reservofficerarna.se\\\/reservofficeren\\\/nyheter\\\/ny-ledamot-i-reservofficerarnas-styrelse\\\/\",\"url\":\"https:\\\/\\\/reservofficerarna.se\\\/reservofficeren\\\/nyheter\\\/ny-ledamot-i-reservofficerarnas-styrelse\\\/\",\"name\":\"Ny ledamot i Reservofficerarnas styrelse - Reservofficeren\",\"isPartOf\":{\"@id\":\"https:\\\/\\\/staging.reservofficerarna.se\\\/reservofficeren\\\/#website\"},\"primaryImageOfPage\":{\"@id\":\"https:\\\/\\\/reservofficerarna.se\\\/reservofficeren\\\/nyheter\\\/ny-ledamot-i-reservofficerarnas-styrelse\\\/#primaryimage\"},\"image\":{\"@id\":\"https:\\\/\\\/reservofficerarna.se\\\/reservofficeren\\\/nyheter\\\/ny-ledamot-i-reservofficerarnas-styrelse\\\/#primaryimage\"},\"thumbnailUrl\":\"https:\\\/\\\/reservofficerarna.se\\\/app\\\/uploads\\\/sites\\\/2\\\/2022\\\/06\\\/s-5.-lindstrom-675x900.jpeg\",\"datePublished\":\"2022-06-17T09:30:23+00:00\",\"author\":{\"@id\":\"https:\\\/\\\/staging.reservofficerarna.se\\\/reservofficeren\\\/#\\\/schema\\\/person\\\/3d832d539616c18c4c43c4dd694d55f0\"},\"breadcrumb\":{\"@id\":\"https:\\\/\\\/reservofficerarna.se\\\/reservofficeren\\\/nyheter\\\/ny-ledamot-i-reservofficerarnas-styrelse\\\/#breadcrumb\"},\"inLanguage\":\"sv-SE\",\"potentialAction\":[{\"@type\":\"ReadAction\",\"target\":[\"https:\\\/\\\/reservofficerarna.se\\\/reservofficeren\\\/nyheter\\\/ny-ledamot-i-reservofficerarnas-styrelse\\\/\"]}]},{\"@type\":\"ImageObject\",\"inLanguage\":\"sv-SE\",\"@id\":\"https:\\\/\\\/reservofficerarna.se\\\/reservofficeren\\\/nyheter\\\/ny-ledamot-i-reservofficerarnas-styrelse\\\/#primaryimage\",\"url\":\"https:\\\/\\\/reservofficerarna.se\\\/app\\\/uploads\\\/sites\\\/2\\\/2022\\\/06\\\/s-5.-lindstrom-675x900.jpeg\",\"contentUrl\":\"https:\\\/\\\/reservofficerarna.se\\\/app\\\/uploads\\\/sites\\\/2\\\/2022\\\/06\\\/s-5.-lindstrom-675x900.jpeg\"},{\"@type\":\"BreadcrumbList\",\"@id\":\"https:\\\/\\\/reservofficerarna.se\\\/reservofficeren\\\/nyheter\\\/ny-ledamot-i-reservofficerarnas-styrelse\\\/#breadcrumb\",\"itemListElement\":[{\"@type\":\"ListItem\",\"position\":1,\"name\":\"Hem\",\"item\":\"https:\\\/\\\/reservofficerarna.se\\\/reservofficeren\\\/\"},{\"@type\":\"ListItem\",\"position\":2,\"name\":\"Ny ledamot i Reservofficerarnas styrelse\"}]},{\"@type\":\"WebSite\",\"@id\":\"https:\\\/\\\/staging.reservofficerarna.se\\\/reservofficeren\\\/#website\",\"url\":\"https:\\\/\\\/staging.reservofficerarna.se\\\/reservofficeren\\\/\",\"name\":\"Reservofficeren\",\"description\":\"F\u00f6rbundet Reservofficerarnas tidning\",\"potentialAction\":[{\"@type\":\"SearchAction\",\"target\":{\"@type\":\"EntryPoint\",\"urlTemplate\":\"https:\\\/\\\/staging.reservofficerarna.se\\\/reservofficeren\\\/?s={search_term_string}\"},\"query-input\":{\"@type\":\"PropertyValueSpecification\",\"valueRequired\":true,\"valueName\":\"search_term_string\"}}],\"inLanguage\":\"sv-SE\"},{\"@type\":\"Person\",\"@id\":\"https:\\\/\\\/staging.reservofficerarna.se\\\/reservofficeren\\\/#\\\/schema\\\/person\\\/3d832d539616c18c4c43c4dd694d55f0\",\"name\":\"jenny\"}]}<\/script>\n<!-- \/ Yoast SEO plugin. -->","yoast_head_json":{"title":"Ny ledamot i Reservofficerarnas styrelse - Reservofficeren","robots":{"index":"index","follow":"follow","max-snippet":"max-snippet:-1","max-image-preview":"max-image-preview:large","max-video-preview":"max-video-preview:-1"},"canonical":"https:\/\/reservofficerarna.se\/reservofficeren\/nyheter\/ny-ledamot-i-reservofficerarnas-styrelse\/","og_locale":"sv_SE","og_type":"article","og_title":"Ny ledamot i Reservofficerarnas styrelse - Reservofficeren","og_description":"F\u00f6rbundet Reservofficerarnas \u00e5rsst\u00e4mma h\u00f6lls den 25 mars i Link\u00f6ping. Kk Patrik Selling fr\u00e5n SFRO l\u00e4mnade sin post f\u00f6r att i st\u00e4llet ing\u00e5 i f\u00f6rbundets valn\u00e4mnd. Ny ledamot blev Kn Johan Lindstr\u00f6m, SFRO. I \u00f6vrigt omvaldes ordf\u00f6rande, vice ordf\u00f6rande och samtliga ledam\u00f6ter av en enh\u00e4llig st\u00e4mma. \u2013 Jag \u00e4r glad och tacksam f\u00f6r det fortsatta f\u00f6rtroendet. &hellip;","og_url":"https:\/\/reservofficerarna.se\/reservofficeren\/nyheter\/ny-ledamot-i-reservofficerarnas-styrelse\/","og_site_name":"Reservofficeren","article_published_time":"2022-06-17T09:30:23+00:00","og_image":[{"url":"https:\/\/reservofficerarna.se\/app\/uploads\/sites\/2\/2022\/06\/s-5.-lindstrom-675x900.jpeg","type":"","width":"","height":""}],"author":"jenny","twitter_card":"summary_large_image","twitter_misc":{"Skriven av":"jenny","Ber\u00e4knad l\u00e4stid":"3 minuter"},"schema":{"@context":"https:\/\/schema.org","@graph":[{"@type":"Article","@id":"https:\/\/reservofficerarna.se\/reservofficeren\/nyheter\/ny-ledamot-i-reservofficerarnas-styrelse\/#article","isPartOf":{"@id":"https:\/\/reservofficerarna.se\/reservofficeren\/nyheter\/ny-ledamot-i-reservofficerarnas-styrelse\/"},"author":{"name":"jenny","@id":"https:\/\/staging.reservofficerarna.se\/reservofficeren\/#\/schema\/person\/3d832d539616c18c4c43c4dd694d55f0"},"headline":"Ny ledamot i Reservofficerarnas styrelse","datePublished":"2022-06-17T09:30:23+00:00","mainEntityOfPage":{"@id":"https:\/\/reservofficerarna.se\/reservofficeren\/nyheter\/ny-ledamot-i-reservofficerarnas-styrelse\/"},"wordCount":507,"image":{"@id":"https:\/\/reservofficerarna.se\/reservofficeren\/nyheter\/ny-ledamot-i-reservofficerarnas-styrelse\/#primaryimage"},"thumbnailUrl":"https:\/\/reservofficerarna.se\/app\/uploads\/sites\/2\/2022\/06\/s-5.-lindstrom-675x900.jpeg","articleSection":["Nyheter"],"inLanguage":"sv-SE"},{"@type":"WebPage","@id":"https:\/\/reservofficerarna.se\/reservofficeren\/nyheter\/ny-ledamot-i-reservofficerarnas-styrelse\/","url":"https:\/\/reservofficerarna.se\/reservofficeren\/nyheter\/ny-ledamot-i-reservofficerarnas-styrelse\/","name":"Ny ledamot i Reservofficerarnas styrelse - Reservofficeren","isPartOf":{"@id":"https:\/\/staging.reservofficerarna.se\/reservofficeren\/#website"},"primaryImageOfPage":{"@id":"https:\/\/reservofficerarna.se\/reservofficeren\/nyheter\/ny-ledamot-i-reservofficerarnas-styrelse\/#primaryimage"},"image":{"@id":"https:\/\/reservofficerarna.se\/reservofficeren\/nyheter\/ny-ledamot-i-reservofficerarnas-styrelse\/#primaryimage"},"thumbnailUrl":"https:\/\/reservofficerarna.se\/app\/uploads\/sites\/2\/2022\/06\/s-5.-lindstrom-675x900.jpeg","datePublished":"2022-06-17T09:30:23+00:00","author":{"@id":"https:\/\/staging.reservofficerarna.se\/reservofficeren\/#\/schema\/person\/3d832d539616c18c4c43c4dd694d55f0"},"breadcrumb":{"@id":"https:\/\/reservofficerarna.se\/reservofficeren\/nyheter\/ny-ledamot-i-reservofficerarnas-styrelse\/#breadcrumb"},"inLanguage":"sv-SE","potentialAction":[{"@type":"ReadAction","target":["https:\/\/reservofficerarna.se\/reservofficeren\/nyheter\/ny-ledamot-i-reservofficerarnas-styrelse\/"]}]},{"@type":"ImageObject","inLanguage":"sv-SE","@id":"https:\/\/reservofficerarna.se\/reservofficeren\/nyheter\/ny-ledamot-i-reservofficerarnas-styrelse\/#primaryimage","url":"https:\/\/reservofficerarna.se\/app\/uploads\/sites\/2\/2022\/06\/s-5.-lindstrom-675x900.jpeg","contentUrl":"https:\/\/reservofficerarna.se\/app\/uploads\/sites\/2\/2022\/06\/s-5.-lindstrom-675x900.jpeg"},{"@type":"BreadcrumbList","@id":"https:\/\/reservofficerarna.se\/reservofficeren\/nyheter\/ny-ledamot-i-reservofficerarnas-styrelse\/#breadcrumb","itemListElement":[{"@type":"ListItem","position":1,"name":"Hem","item":"https:\/\/reservofficerarna.se\/reservofficeren\/"},{"@type":"ListItem","position":2,"name":"Ny ledamot i Reservofficerarnas styrelse"}]},{"@type":"WebSite","@id":"https:\/\/staging.reservofficerarna.se\/reservofficeren\/#website","url":"https:\/\/staging.reservofficerarna.se\/reservofficeren\/","name":"Reservofficeren","description":"F\u00f6rbundet Reservofficerarnas tidning","potentialAction":[{"@type":"SearchAction","target":{"@type":"EntryPoint","urlTemplate":"https:\/\/staging.reservofficerarna.se\/reservofficeren\/?s={search_term_string}"},"query-input":{"@type":"PropertyValueSpecification","valueRequired":true,"valueName":"search_term_string"}}],"inLanguage":"sv-SE"},{"@type":"Person","@id":"https:\/\/staging.reservofficerarna.se\/reservofficeren\/#\/schema\/person\/3d832d539616c18c4c43c4dd694d55f0","name":"jenny"}]}},"_links":{"self":[{"href":"https:\/\/reservofficerarna.se\/reservofficeren\/wp-json\/wp\/v2\/posts\/288","targetHints":{"allow":["GET"]}}],"collection":[{"href":"https:\/\/reservofficerarna.se\/reservofficeren\/wp-json\/wp\/v2\/posts"}],"about":[{"href":"https:\/\/reservofficerarna.se\/reservofficeren\/wp-json\/wp\/v2\/types\/post"}],"author":[{"embeddable":true,"href":"https:\/\/reservofficerarna.se\/reservofficeren\/wp-json\/wp\/v2\/users\/5"}],"replies":[{"embeddable":true,"href":"https:\/\/reservofficerarna.se\/reservofficeren\/wp-json\/wp\/v2\/comments?post=288"}],"version-history":[{"count":2,"href":"https:\/\/reservofficerarna.se\/reservofficeren\/wp-json\/wp\/v2\/posts\/288\/revisions"}],"predecessor-version":[{"id":291,"href":"https:\/\/reservofficerarna.se\/reservofficeren\/wp-json\/wp\/v2\/posts\/288\/revisions\/291"}],"wp:attachment":[{"href":"https:\/\/reservofficerarna.se\/reservofficeren\/wp-json\/wp\/v2\/media?parent=288"}],"wp:term":[{"taxonomy":"category","embeddable":true,"href":"https:\/\/reservofficerarna.se\/reservofficeren\/wp-json\/wp\/v2\/categories?post=288"},{"taxonomy":"post_tag","embeddable":true,"href":"https:\/\/reservofficerarna.se\/reservofficeren\/wp-json\/wp\/v2\/tags?post=288"}],"curies":[{"name":"wp","href":"https:\/\/api.w.org\/{rel}","templated":true}]}}