{"id":400,"date":"2022-12-07T08:21:29","date_gmt":"2022-12-07T07:21:29","guid":{"rendered":"https:\/\/reservofficerarna.se\/reservofficeren\/?p=400"},"modified":"2022-12-13T11:02:34","modified_gmt":"2022-12-13T10:02:34","slug":"darfor-tackar-varannan-antagen-nej-till-utbildningen","status":"publish","type":"post","link":"https:\/\/reservofficerarna.se\/reservofficeren\/nyheter\/darfor-tackar-varannan-antagen-nej-till-utbildningen\/","title":{"rendered":"D\u00e4rf\u00f6r tackar varannan antagen nej till utbildningen"},"content":{"rendered":"\n<p><strong>Av 89 antagna var det knappt 40 som p\u00e5b\u00f6rjade \u00e5rets ROU. En bortfallsanalys visar vad som fick s\u00e5 m\u00e5nga att tacka nej.<\/strong><\/p>\n\n\n\n<p>P\u00e5 uppdrag av F\u00f6rsvarsmaktens LEDS Pers har en grundlig bortfallsanalys gjorts d\u00e4r 24 av dem som inte p\u00e5b\u00f6rjade ROU har djupintervjuats.<\/p>\n\n\n\n<p>Svaren \u00e4r entydiga. Ska man uttrycka det enkelt tycks informationen om ROU ha varit d\u00e5lig och otillr\u00e4cklig. Det tycks dessutom r\u00e5da stor f\u00f6rvirring runt antagningsprocessen d\u00e5 flera av de intervjuade upplever att de faktiskt aldrig tackat ja till att g\u00e5 utbildningen. Och de som fick information om att de var antagna fick den v\u00e4ldigt sent.<\/p>\n\n\n\n<p>&#8221;Sv\u00e5rt att flytta sex timmar ner i landet p\u00e5 bara n\u00e5gra veckor&#8221; konstaterar n\u00e5gon i sin intervju.<\/p>\n\n\n\n<p>Det \u00e4r ocks\u00e5 uppenbart att f\u00f6rv\u00e4ntningarna bland de v\u00e4rnpliktiga \u00e4r att ans\u00f6kningsprocessen ska likna den p\u00e5 h\u00f6gskolor och universitet. Man ans\u00f6ker ocks\u00e5 som man g\u00f6r till andra utbildningar, det vill s\u00e4ga man s\u00f6ker &#8221;allt&#8221; &#8211; sen n\u00e4r man f\u00e5tt antagningsbesked fr\u00e5n m\u00e5nga v\u00e4ljer man vad man vill g\u00f6ra.<\/p>\n\n\n\n<p>M\u00e5nga svarar ocks\u00e5 att de i st\u00e4llet valt studier, resor eller n\u00e5got annat arbete. Samt att informationen om utbildningen varit d\u00e5lig. De visste inte var utbildningen skulle genomf\u00f6ras, vad den skulle inneh\u00e5lla och n\u00e4r den skulle b\u00f6rja.<\/p>\n\n\n\n<p>&#8221;N\u00e4r jag s\u00f6kte visste jag inte om jag skulle vara i Sk\u00f6vde, Halmstad eller n\u00e5gon annanstans. Skulle jag bo borta p\u00e5 logement, eller hemma&#8221;, svarar n\u00e5gon.<\/p>\n\n\n\n<p>Enligt analysen var det ocks\u00e5 de som upplevde sig pressade att s\u00f6ka:<\/p>\n\n\n\n<p>&#8221;Vi fick det v\u00e4ldigt upptryckt i ansiktet, redan tredje veckan b\u00f6rjade de snacka om att vi skulle bli RO. Har du s\u00f6kt? Har du s\u00f6kt? Grupptrycket gjorde nog att folk s\u00f6kte, sedan backade de ut &#8221;jag vill ju inte det h\u00e4r&#8221;&#8230;&#8221;<\/p>\n\n\n\n<blockquote class=\"wp-block-quote is-layout-flow wp-block-quote-is-layout-flow\">\n            <p>\n            <span class=\"block w-16 mb-5\">\n                <svg class=\"max-w-full fill-current\" viewBox=\"0 0 57 40\" version=\"1.1\" xmlns=\"http:\/\/www.w3.org\/2000\/svg\" xmlns:xlink=\"http:\/\/www.w3.org\/1999\/xlink\">\n                    <g stroke=\"none\" stroke-width=\"1\" fill=\"none\" fill-rule=\"evenodd\">\n                        <g fill=\"#131717\" fill-rule=\"nonzero\">\n                            <path d=\"M14.9513213,40 L28.8734353,22.2531293 L28.8734353,17.7329624 L15.1877608,0 L0,0 L10.3198887,20.0556328 L0,40 L14.9513213,40 Z M42.3087622,40 L56.2308762,22.2531293 L56.2308762,17.7329624 L42.6564673,0 L27.3574409,0 L37.6773296,20.0556328 L27.3574409,40 L42.3087622,40 Z\"><\/path>\n                        <\/g>\n                    <\/g>\n                <\/svg>\n            <\/span>\n            Med de h\u00e4r f\u00f6ruts\u00e4ttningarna \u00e4r det inte konstigt att man inte fyller platserna p\u00e5 ROU<\/p><cite>Magnus Konradsson, f\u00f6rbundet Reservofficerarnas ordf\u00f6rande<\/cite><\/blockquote>\n\n\n\n<p>N\u00e5got som \u00e5terkommer i flera intervjuer \u00e4r de besvikelser som KB-elever upplevt. I intervjuerna ber\u00e4ttar de om negativ s\u00e4rbehandling under utbildningen, nedprioriterade ceremonier och bristande respekt i bem\u00f6tande fr\u00e5n regementet i stort. Upplevelserna gjorde att de inte ville vara kvar inom F\u00f6rsvarsmakten efter KB-tiden.<\/p>\n\n\n\n<p>Den bortfallsanalys som gjorts inneh\u00e5ller ocks\u00e5 rekommendationer p\u00e5 vad som nu b\u00f6r g\u00f6ras.<\/p>\n\n\n\n<p>Man konstaterar att ROU\/RO har ett tydligt statusproblem som skapar farh\u00e5gor och hinder f\u00f6r fler att v\u00e4lja utbildningen.<\/p>\n\n\n\n<p>H\u00f6gre kunskap och tydlig struktur g\u00e4llande omh\u00e4ndertagandet av nyexade RO-anst\u00e4llda \u00e4r ocks\u00e5 viktigt b\u00e5de f\u00f6r att f\u00e5 fler att s\u00f6ka och tacka ja till ROU, men \u00e4ven f\u00f6r att beh\u00e5lla RO-personal \u00f6ver tid, konstaterar man i analysen.<\/p>\n\n\n\n<p>I rekommendationerna pekar man ocks\u00e5 p\u00e5<\/p>\n\n\n\n<p>* Vikten av f\u00f6rebilder bland reservofficerare.<\/p>\n\n\n\n<p>* B\u00e4ttre information om s\u00e5v\u00e4l utbildning som ans\u00f6kningsprocesser.<\/p>\n\n\n\n<ul class=\"wp-block-list\"><li>Den h\u00e4r analysen bekr\u00e4ftar tyv\u00e4rr bara de signaler vi f\u00e5tt och flaggat f\u00f6r. Rekrytering av och kunskap om reservofficerare m\u00e5ste prioriteras och antagningsprocessen m\u00e5ste verkligen f\u00f6rb\u00e4ttras. Med de h\u00e4r f\u00f6ruts\u00e4ttningarna \u00e4r det inte konstigt att man inte fyller platserna p\u00e5 ROU, s\u00e4ger F\u00f6rbundet Reservofficerarnas ordf\u00f6rande Magnus Konradsson och till\u00e4gger:<\/li><li>Om F\u00f6rsvarsmakten ska kunna bemanna krigsorganisationen har man inte r\u00e5d att hantera reservofficerskollektivet taffligt. Det m\u00e5ste till en f\u00f6r\u00e4ndring.<\/li><\/ul>\n\n\n\n<p>L\u00e4s mer om reservofficersutbildningen p\u00e5 <a href=\"https:\/\/jobb.forsvarsmakten.se\/sv\/utbildning\/utbildningsstarter\/reservofficersutbildning\/#\/startDate\/2023-06-19\" target=\"_blank\" rel=\"noreferrer noopener\">F\u00f6rsvarsmaktens webbplats<\/a><\/p>\n\n\n\n<p>Text: Helene Claesson<\/p>\n","protected":false},"excerpt":{"rendered":"<p>Av 89 antagna var det knappt 40 som p\u00e5b\u00f6rjade \u00e5rets ROU. En bortfallsanalys visar vad som fick s\u00e5 m\u00e5nga att tacka nej. P\u00e5 uppdrag av F\u00f6rsvarsmaktens LEDS Pers har en grundlig bortfallsanalys gjorts d\u00e4r 24 av dem som inte p\u00e5b\u00f6rjade ROU har djupintervjuats. Svaren \u00e4r entydiga. Ska man uttrycka det enkelt tycks informationen om ROU &hellip;<\/p>\n","protected":false},"author":1,"featured_media":0,"comment_status":"closed","ping_status":"closed","sticky":true,"template":"","format":"standard","meta":{"_acf_changed":false,"footnotes":""},"categories":[1],"tags":[],"class_list":["post-400","post","type-post","status-publish","format-standard","hentry","category-nyheter"],"acf":[],"yoast_head":"<!-- This site is optimized with the Yoast SEO plugin v27.4 - https:\/\/yoast.com\/product\/yoast-seo-wordpress\/ -->\n<title>D\u00e4rf\u00f6r tackar varannan antagen nej till utbildningen - Reservofficeren<\/title>\n<meta name=\"robots\" content=\"index, follow, max-snippet:-1, max-image-preview:large, max-video-preview:-1\" \/>\n<link rel=\"canonical\" href=\"https:\/\/reservofficerarna.se\/reservofficeren\/nyheter\/darfor-tackar-varannan-antagen-nej-till-utbildningen\/\" \/>\n<meta property=\"og:locale\" content=\"sv_SE\" \/>\n<meta property=\"og:type\" content=\"article\" \/>\n<meta property=\"og:title\" content=\"D\u00e4rf\u00f6r tackar varannan antagen nej till utbildningen - Reservofficeren\" \/>\n<meta property=\"og:description\" content=\"Av 89 antagna var det knappt 40 som p\u00e5b\u00f6rjade \u00e5rets ROU. En bortfallsanalys visar vad som fick s\u00e5 m\u00e5nga att tacka nej. P\u00e5 uppdrag av F\u00f6rsvarsmaktens LEDS Pers har en grundlig bortfallsanalys gjorts d\u00e4r 24 av dem som inte p\u00e5b\u00f6rjade ROU har djupintervjuats. Svaren \u00e4r entydiga. Ska man uttrycka det enkelt tycks informationen om ROU &hellip;\" \/>\n<meta property=\"og:url\" content=\"https:\/\/reservofficerarna.se\/reservofficeren\/nyheter\/darfor-tackar-varannan-antagen-nej-till-utbildningen\/\" \/>\n<meta property=\"og:site_name\" content=\"Reservofficeren\" \/>\n<meta property=\"article:published_time\" content=\"2022-12-07T07:21:29+00:00\" \/>\n<meta property=\"article:modified_time\" content=\"2022-12-13T10:02:34+00:00\" \/>\n<meta property=\"og:image\" content=\"https:\/\/reservofficerarna.se\/app\/uploads\/sites\/2\/2022\/04\/og-reservofficerarna.png\" \/>\n\t<meta property=\"og:image:width\" content=\"1200\" \/>\n\t<meta property=\"og:image:height\" content=\"630\" \/>\n\t<meta property=\"og:image:type\" content=\"image\/png\" \/>\n<meta name=\"author\" content=\"wpreservofficerarna\" \/>\n<meta name=\"twitter:card\" content=\"summary_large_image\" \/>\n<meta name=\"twitter:label1\" content=\"Skriven av\" \/>\n\t<meta name=\"twitter:data1\" content=\"wpreservofficerarna\" \/>\n\t<meta name=\"twitter:label2\" content=\"Ber\u00e4knad l\u00e4stid\" \/>\n\t<meta name=\"twitter:data2\" content=\"3 minuter\" \/>\n<script type=\"application\/ld+json\" class=\"yoast-schema-graph\">{\"@context\":\"https:\\\/\\\/schema.org\",\"@graph\":[{\"@type\":\"Article\",\"@id\":\"https:\\\/\\\/reservofficerarna.se\\\/reservofficeren\\\/nyheter\\\/darfor-tackar-varannan-antagen-nej-till-utbildningen\\\/#article\",\"isPartOf\":{\"@id\":\"https:\\\/\\\/reservofficerarna.se\\\/reservofficeren\\\/nyheter\\\/darfor-tackar-varannan-antagen-nej-till-utbildningen\\\/\"},\"author\":{\"name\":\"wpreservofficerarna\",\"@id\":\"https:\\\/\\\/staging.reservofficerarna.se\\\/reservofficeren\\\/#\\\/schema\\\/person\\\/d63322fe51ba95c7e32e60a60190148c\"},\"headline\":\"D\u00e4rf\u00f6r tackar varannan antagen nej till utbildningen\",\"datePublished\":\"2022-12-07T07:21:29+00:00\",\"dateModified\":\"2022-12-13T10:02:34+00:00\",\"mainEntityOfPage\":{\"@id\":\"https:\\\/\\\/reservofficerarna.se\\\/reservofficeren\\\/nyheter\\\/darfor-tackar-varannan-antagen-nej-till-utbildningen\\\/\"},\"wordCount\":618,\"articleSection\":[\"Nyheter\"],\"inLanguage\":\"sv-SE\"},{\"@type\":\"WebPage\",\"@id\":\"https:\\\/\\\/reservofficerarna.se\\\/reservofficeren\\\/nyheter\\\/darfor-tackar-varannan-antagen-nej-till-utbildningen\\\/\",\"url\":\"https:\\\/\\\/reservofficerarna.se\\\/reservofficeren\\\/nyheter\\\/darfor-tackar-varannan-antagen-nej-till-utbildningen\\\/\",\"name\":\"D\u00e4rf\u00f6r tackar varannan antagen nej till utbildningen - Reservofficeren\",\"isPartOf\":{\"@id\":\"https:\\\/\\\/staging.reservofficerarna.se\\\/reservofficeren\\\/#website\"},\"datePublished\":\"2022-12-07T07:21:29+00:00\",\"dateModified\":\"2022-12-13T10:02:34+00:00\",\"author\":{\"@id\":\"https:\\\/\\\/staging.reservofficerarna.se\\\/reservofficeren\\\/#\\\/schema\\\/person\\\/d63322fe51ba95c7e32e60a60190148c\"},\"breadcrumb\":{\"@id\":\"https:\\\/\\\/reservofficerarna.se\\\/reservofficeren\\\/nyheter\\\/darfor-tackar-varannan-antagen-nej-till-utbildningen\\\/#breadcrumb\"},\"inLanguage\":\"sv-SE\",\"potentialAction\":[{\"@type\":\"ReadAction\",\"target\":[\"https:\\\/\\\/reservofficerarna.se\\\/reservofficeren\\\/nyheter\\\/darfor-tackar-varannan-antagen-nej-till-utbildningen\\\/\"]}]},{\"@type\":\"BreadcrumbList\",\"@id\":\"https:\\\/\\\/reservofficerarna.se\\\/reservofficeren\\\/nyheter\\\/darfor-tackar-varannan-antagen-nej-till-utbildningen\\\/#breadcrumb\",\"itemListElement\":[{\"@type\":\"ListItem\",\"position\":1,\"name\":\"Hem\",\"item\":\"https:\\\/\\\/reservofficerarna.se\\\/reservofficeren\\\/\"},{\"@type\":\"ListItem\",\"position\":2,\"name\":\"D\u00e4rf\u00f6r tackar varannan antagen nej till utbildningen\"}]},{\"@type\":\"WebSite\",\"@id\":\"https:\\\/\\\/staging.reservofficerarna.se\\\/reservofficeren\\\/#website\",\"url\":\"https:\\\/\\\/staging.reservofficerarna.se\\\/reservofficeren\\\/\",\"name\":\"Reservofficeren\",\"description\":\"F\u00f6rbundet Reservofficerarnas tidning\",\"potentialAction\":[{\"@type\":\"SearchAction\",\"target\":{\"@type\":\"EntryPoint\",\"urlTemplate\":\"https:\\\/\\\/staging.reservofficerarna.se\\\/reservofficeren\\\/?s={search_term_string}\"},\"query-input\":{\"@type\":\"PropertyValueSpecification\",\"valueRequired\":true,\"valueName\":\"search_term_string\"}}],\"inLanguage\":\"sv-SE\"},{\"@type\":\"Person\",\"@id\":\"https:\\\/\\\/staging.reservofficerarna.se\\\/reservofficeren\\\/#\\\/schema\\\/person\\\/d63322fe51ba95c7e32e60a60190148c\",\"name\":\"wpreservofficerarna\",\"sameAs\":[\"https:\\\/\\\/reservofficerarna.se\\\/wp\"]}]}<\/script>\n<!-- \/ Yoast SEO plugin. -->","yoast_head_json":{"title":"D\u00e4rf\u00f6r tackar varannan antagen nej till utbildningen - Reservofficeren","robots":{"index":"index","follow":"follow","max-snippet":"max-snippet:-1","max-image-preview":"max-image-preview:large","max-video-preview":"max-video-preview:-1"},"canonical":"https:\/\/reservofficerarna.se\/reservofficeren\/nyheter\/darfor-tackar-varannan-antagen-nej-till-utbildningen\/","og_locale":"sv_SE","og_type":"article","og_title":"D\u00e4rf\u00f6r tackar varannan antagen nej till utbildningen - Reservofficeren","og_description":"Av 89 antagna var det knappt 40 som p\u00e5b\u00f6rjade \u00e5rets ROU. En bortfallsanalys visar vad som fick s\u00e5 m\u00e5nga att tacka nej. P\u00e5 uppdrag av F\u00f6rsvarsmaktens LEDS Pers har en grundlig bortfallsanalys gjorts d\u00e4r 24 av dem som inte p\u00e5b\u00f6rjade ROU har djupintervjuats. Svaren \u00e4r entydiga. Ska man uttrycka det enkelt tycks informationen om ROU &hellip;","og_url":"https:\/\/reservofficerarna.se\/reservofficeren\/nyheter\/darfor-tackar-varannan-antagen-nej-till-utbildningen\/","og_site_name":"Reservofficeren","article_published_time":"2022-12-07T07:21:29+00:00","article_modified_time":"2022-12-13T10:02:34+00:00","og_image":[{"width":1200,"height":630,"url":"https:\/\/reservofficerarna.se\/app\/uploads\/sites\/2\/2022\/04\/og-reservofficerarna.png","type":"image\/png"}],"author":"wpreservofficerarna","twitter_card":"summary_large_image","twitter_misc":{"Skriven av":"wpreservofficerarna","Ber\u00e4knad l\u00e4stid":"3 minuter"},"schema":{"@context":"https:\/\/schema.org","@graph":[{"@type":"Article","@id":"https:\/\/reservofficerarna.se\/reservofficeren\/nyheter\/darfor-tackar-varannan-antagen-nej-till-utbildningen\/#article","isPartOf":{"@id":"https:\/\/reservofficerarna.se\/reservofficeren\/nyheter\/darfor-tackar-varannan-antagen-nej-till-utbildningen\/"},"author":{"name":"wpreservofficerarna","@id":"https:\/\/staging.reservofficerarna.se\/reservofficeren\/#\/schema\/person\/d63322fe51ba95c7e32e60a60190148c"},"headline":"D\u00e4rf\u00f6r tackar varannan antagen nej till utbildningen","datePublished":"2022-12-07T07:21:29+00:00","dateModified":"2022-12-13T10:02:34+00:00","mainEntityOfPage":{"@id":"https:\/\/reservofficerarna.se\/reservofficeren\/nyheter\/darfor-tackar-varannan-antagen-nej-till-utbildningen\/"},"wordCount":618,"articleSection":["Nyheter"],"inLanguage":"sv-SE"},{"@type":"WebPage","@id":"https:\/\/reservofficerarna.se\/reservofficeren\/nyheter\/darfor-tackar-varannan-antagen-nej-till-utbildningen\/","url":"https:\/\/reservofficerarna.se\/reservofficeren\/nyheter\/darfor-tackar-varannan-antagen-nej-till-utbildningen\/","name":"D\u00e4rf\u00f6r tackar varannan antagen nej till utbildningen - Reservofficeren","isPartOf":{"@id":"https:\/\/staging.reservofficerarna.se\/reservofficeren\/#website"},"datePublished":"2022-12-07T07:21:29+00:00","dateModified":"2022-12-13T10:02:34+00:00","author":{"@id":"https:\/\/staging.reservofficerarna.se\/reservofficeren\/#\/schema\/person\/d63322fe51ba95c7e32e60a60190148c"},"breadcrumb":{"@id":"https:\/\/reservofficerarna.se\/reservofficeren\/nyheter\/darfor-tackar-varannan-antagen-nej-till-utbildningen\/#breadcrumb"},"inLanguage":"sv-SE","potentialAction":[{"@type":"ReadAction","target":["https:\/\/reservofficerarna.se\/reservofficeren\/nyheter\/darfor-tackar-varannan-antagen-nej-till-utbildningen\/"]}]},{"@type":"BreadcrumbList","@id":"https:\/\/reservofficerarna.se\/reservofficeren\/nyheter\/darfor-tackar-varannan-antagen-nej-till-utbildningen\/#breadcrumb","itemListElement":[{"@type":"ListItem","position":1,"name":"Hem","item":"https:\/\/reservofficerarna.se\/reservofficeren\/"},{"@type":"ListItem","position":2,"name":"D\u00e4rf\u00f6r tackar varannan antagen nej till utbildningen"}]},{"@type":"WebSite","@id":"https:\/\/staging.reservofficerarna.se\/reservofficeren\/#website","url":"https:\/\/staging.reservofficerarna.se\/reservofficeren\/","name":"Reservofficeren","description":"F\u00f6rbundet Reservofficerarnas tidning","potentialAction":[{"@type":"SearchAction","target":{"@type":"EntryPoint","urlTemplate":"https:\/\/staging.reservofficerarna.se\/reservofficeren\/?s={search_term_string}"},"query-input":{"@type":"PropertyValueSpecification","valueRequired":true,"valueName":"search_term_string"}}],"inLanguage":"sv-SE"},{"@type":"Person","@id":"https:\/\/staging.reservofficerarna.se\/reservofficeren\/#\/schema\/person\/d63322fe51ba95c7e32e60a60190148c","name":"wpreservofficerarna","sameAs":["https:\/\/reservofficerarna.se\/wp"]}]}},"_links":{"self":[{"href":"https:\/\/reservofficerarna.se\/reservofficeren\/wp-json\/wp\/v2\/posts\/400","targetHints":{"allow":["GET"]}}],"collection":[{"href":"https:\/\/reservofficerarna.se\/reservofficeren\/wp-json\/wp\/v2\/posts"}],"about":[{"href":"https:\/\/reservofficerarna.se\/reservofficeren\/wp-json\/wp\/v2\/types\/post"}],"author":[{"embeddable":true,"href":"https:\/\/reservofficerarna.se\/reservofficeren\/wp-json\/wp\/v2\/users\/1"}],"replies":[{"embeddable":true,"href":"https:\/\/reservofficerarna.se\/reservofficeren\/wp-json\/wp\/v2\/comments?post=400"}],"version-history":[{"count":5,"href":"https:\/\/reservofficerarna.se\/reservofficeren\/wp-json\/wp\/v2\/posts\/400\/revisions"}],"predecessor-version":[{"id":440,"href":"https:\/\/reservofficerarna.se\/reservofficeren\/wp-json\/wp\/v2\/posts\/400\/revisions\/440"}],"wp:attachment":[{"href":"https:\/\/reservofficerarna.se\/reservofficeren\/wp-json\/wp\/v2\/media?parent=400"}],"wp:term":[{"taxonomy":"category","embeddable":true,"href":"https:\/\/reservofficerarna.se\/reservofficeren\/wp-json\/wp\/v2\/categories?post=400"},{"taxonomy":"post_tag","embeddable":true,"href":"https:\/\/reservofficerarna.se\/reservofficeren\/wp-json\/wp\/v2\/tags?post=400"}],"curies":[{"name":"wp","href":"https:\/\/api.w.org\/{rel}","templated":true}]}}