{"id":47,"date":"2022-01-24T16:55:53","date_gmt":"2022-01-24T15:55:53","guid":{"rendered":"https:\/\/reservofficerarna.se\/reservofficeren\/?p=47"},"modified":"2022-05-13T14:48:21","modified_gmt":"2022-05-13T12:48:21","slug":"forbanden-har-fullt-upp-med-annat-ingen-kommer-att-lyssna","status":"publish","type":"post","link":"https:\/\/reservofficerarna.se\/reservofficeren\/nyheter\/forbanden-har-fullt-upp-med-annat-ingen-kommer-att-lyssna\/","title":{"rendered":"\u201dF\u00f6rbanden har fullt upp med annat \u2013 ingen kommer att lyssna\u201d"},"content":{"rendered":"\n<p class=\"has-lead-text-font-size\">F\u00f6rsvarsmaktens planerade kunskapsupp\u00adh\u00e4mtning g\u00e4llande reserv\u00adofficerare f\u00e5r v\u00e4nta. Organisa\u00adtionen \u00e4r inte redo \u00e4nnu, menar \u00f6v Peter Tagesson, planeringschef vid Lednings\u00adstabens personal\u00adavdelning.<\/p>\n\n\n\n<p>I det samarbetsavtal som Sverof och F\u00f6rsvarsmakten har g\u00e4llande vidare\u00adutveckling av reservofficerare finns en punkt man kallar &#8221;konferenser&#8221; om reservofficerare.<\/p>\n\n\n\n<p>Konferenserna handlar om kunskapsupph\u00e4mtning. Under 20 \u00e5rs har mycket kunskap om reservofficerare g\u00e5tt f\u00f6rlorad hos F\u00f6rsvarsmakten, b\u00e5de inom HR och p\u00e5 f\u00f6rbanden. Tanken \u00e4r att de h\u00e4r konferenserna ska \u00e5tg\u00e4rda detta och f\u00f6r ett halv\u00e5r sedan var F\u00f6rsvarsmakten p\u00e5 v\u00e4g att dra i g\u00e5ng dem. Men sedan drog man pl\u00f6tsligt i handbromsen och nu pratar man snarare om att de blir av i slutet av 2022, eller troligare n\u00e5gon g\u00e5ng under 2023.<\/p>\n\n\n\n<p><strong>Vad var det som h\u00e4nde?<\/strong><\/p>\n\n\n\n<p>\u2013 Vi ins\u00e5g att f\u00f6rbanden inte var redo f\u00f6r den h\u00e4r informationen \u00e4nnu, s\u00e4ger Peter Tagesson.<\/p>\n\n\n\n<p>Han menar att f\u00f6rbanden och F\u00f6rsvarsmakten som helhet har fullt upp med annat just nu. Tusentals v\u00e4rnpliktiga str\u00f6mmar in p\u00e5 landets f\u00f6rband, fem nya regementen har \u00f6ppnat, det filas p\u00e5 en ny organisation.<\/p>\n\n\n\n<p>\u2013 En os\u00e4kerhetsfaktor \u00e4r att F\u00f6rsvarsmakten fortfarande arbetar med hur den framtida organisationen ska se ut, s\u00e5ledes vet f\u00f6rbanden inte exakt vilka kompetenser de kommer att beh\u00f6va, eller exakt hur m\u00e5nga reserv\u00adofficerare de kommer att beh\u00f6va. Att i det l\u00e4get b\u00f6rja prata om hur regelverket runt reservofficerare ser ut \u00e4r inte s\u00e5 smart. F\u00f6rbanden har fullt upp med annat och ingen kommer att lyssna. N\u00e5gra av dem kommer dessutom hinna l\u00e4mna sinabefattningar innan det \u00e4r dags att b\u00f6rja rekrytera reservofficerare p\u00e5 allvar, s\u00e4ger Peter Tagesson.<\/p>\n\n\n\n<p>Han menar att det \u00e4r dags att h\u00e5lla konferenserna den dagen man kan s\u00e4ga att NU \u00e4r det dags att b\u00f6rja rekrytera reservofficerare, NU \u00e4r det dags att se \u00f6ver personer med nollavtal \u2013 vilket inte b\u00f6r ske f\u00f6rr\u00e4n<br>i slutet av 2022.<\/p>\n\n\n\n<p>\u2013Kunskapen m\u00e5ste vara f\u00e4rsk. Informerar vi nu och sedan \u00e4r det dags att agera 2023 \u2013 ja d\u00e5 finns risken att behovet av kunskapsupph\u00e4mtning \u00e4r lika stort d\u00e5 trots genomf\u00f6rda konferenser. <\/p>\n","protected":false},"excerpt":{"rendered":"<p>F\u00f6rsvarsmaktens planerade kunskapsupp\u00adh\u00e4mtning g\u00e4llande reserv\u00adofficerare f\u00e5r v\u00e4nta. Organisa\u00adtionen \u00e4r inte redo \u00e4nnu, menar \u00f6v Peter Tagesson, planeringschef vid Lednings\u00adstabens personal\u00adavdelning. I det samarbetsavtal som Sverof och F\u00f6rsvarsmakten har g\u00e4llande vidare\u00adutveckling av reservofficerare finns en punkt man kallar &#8221;konferenser&#8221; om reservofficerare. Konferenserna handlar om kunskapsupph\u00e4mtning. Under 20 \u00e5rs har mycket kunskap om reservofficerare g\u00e5tt f\u00f6rlorad hos &hellip;<\/p>\n","protected":false},"author":3,"featured_media":50,"comment_status":"closed","ping_status":"closed","sticky":false,"template":"","format":"standard","meta":{"_acf_changed":false,"footnotes":""},"categories":[1],"tags":[],"class_list":["post-47","post","type-post","status-publish","format-standard","has-post-thumbnail","hentry","category-nyheter"],"acf":[],"yoast_head":"<!-- This site is optimized with the Yoast SEO plugin v27.4 - https:\/\/yoast.com\/product\/yoast-seo-wordpress\/ -->\n<title>\u201dF\u00f6rbanden har fullt upp med annat \u2013 ingen kommer att lyssna\u201d - Reservofficeren<\/title>\n<meta name=\"robots\" content=\"index, follow, max-snippet:-1, max-image-preview:large, max-video-preview:-1\" \/>\n<link rel=\"canonical\" href=\"https:\/\/reservofficerarna.se\/reservofficeren\/nyheter\/forbanden-har-fullt-upp-med-annat-ingen-kommer-att-lyssna\/\" \/>\n<meta property=\"og:locale\" content=\"sv_SE\" \/>\n<meta property=\"og:type\" content=\"article\" \/>\n<meta property=\"og:title\" content=\"\u201dF\u00f6rbanden har fullt upp med annat \u2013 ingen kommer att lyssna\u201d - Reservofficeren\" \/>\n<meta property=\"og:description\" content=\"F\u00f6rsvarsmaktens planerade kunskapsupp\u00adh\u00e4mtning g\u00e4llande reserv\u00adofficerare f\u00e5r v\u00e4nta. Organisa\u00adtionen \u00e4r inte redo \u00e4nnu, menar \u00f6v Peter Tagesson, planeringschef vid Lednings\u00adstabens personal\u00adavdelning. I det samarbetsavtal som Sverof och F\u00f6rsvarsmakten har g\u00e4llande vidare\u00adutveckling av reservofficerare finns en punkt man kallar &#8221;konferenser&#8221; om reservofficerare. Konferenserna handlar om kunskapsupph\u00e4mtning. Under 20 \u00e5rs har mycket kunskap om reservofficerare g\u00e5tt f\u00f6rlorad hos &hellip;\" \/>\n<meta property=\"og:url\" content=\"https:\/\/reservofficerarna.se\/reservofficeren\/nyheter\/forbanden-har-fullt-upp-med-annat-ingen-kommer-att-lyssna\/\" \/>\n<meta property=\"og:site_name\" content=\"Reservofficeren\" \/>\n<meta property=\"article:published_time\" content=\"2022-01-24T15:55:53+00:00\" \/>\n<meta property=\"article:modified_time\" content=\"2022-05-13T12:48:21+00:00\" \/>\n<meta property=\"og:image\" content=\"https:\/\/reservofficerarna.se\/app\/uploads\/sites\/2\/2022\/01\/20210901_antseh01_AJB_K4_TARFALA_KEB_021.jpg\" \/>\n\t<meta property=\"og:image:width\" content=\"1200\" \/>\n\t<meta property=\"og:image:height\" content=\"800\" \/>\n\t<meta property=\"og:image:type\" content=\"image\/jpeg\" \/>\n<meta name=\"author\" content=\"peppe\" \/>\n<meta name=\"twitter:card\" content=\"summary_large_image\" \/>\n<meta name=\"twitter:label1\" content=\"Skriven av\" \/>\n\t<meta name=\"twitter:data1\" content=\"peppe\" \/>\n\t<meta name=\"twitter:label2\" content=\"Ber\u00e4knad l\u00e4stid\" \/>\n\t<meta name=\"twitter:data2\" content=\"2 minuter\" \/>\n<script type=\"application\/ld+json\" class=\"yoast-schema-graph\">{\"@context\":\"https:\\\/\\\/schema.org\",\"@graph\":[{\"@type\":\"Article\",\"@id\":\"https:\\\/\\\/reservofficerarna.se\\\/reservofficeren\\\/nyheter\\\/forbanden-har-fullt-upp-med-annat-ingen-kommer-att-lyssna\\\/#article\",\"isPartOf\":{\"@id\":\"https:\\\/\\\/reservofficerarna.se\\\/reservofficeren\\\/nyheter\\\/forbanden-har-fullt-upp-med-annat-ingen-kommer-att-lyssna\\\/\"},\"author\":{\"name\":\"peppe\",\"@id\":\"https:\\\/\\\/staging.reservofficerarna.se\\\/reservofficeren\\\/#\\\/schema\\\/person\\\/e54d4ce6e97dafa99e73f02a5296a8b8\"},\"headline\":\"\u201dF\u00f6rbanden har fullt upp med annat \u2013 ingen kommer att lyssna\u201d\",\"datePublished\":\"2022-01-24T15:55:53+00:00\",\"dateModified\":\"2022-05-13T12:48:21+00:00\",\"mainEntityOfPage\":{\"@id\":\"https:\\\/\\\/reservofficerarna.se\\\/reservofficeren\\\/nyheter\\\/forbanden-har-fullt-upp-med-annat-ingen-kommer-att-lyssna\\\/\"},\"wordCount\":391,\"image\":{\"@id\":\"https:\\\/\\\/reservofficerarna.se\\\/reservofficeren\\\/nyheter\\\/forbanden-har-fullt-upp-med-annat-ingen-kommer-att-lyssna\\\/#primaryimage\"},\"thumbnailUrl\":\"https:\\\/\\\/reservofficerarna.se\\\/app\\\/uploads\\\/sites\\\/2\\\/2022\\\/01\\\/20210901_antseh01_AJB_K4_TARFALA_KEB_021.jpg\",\"articleSection\":[\"Nyheter\"],\"inLanguage\":\"sv-SE\"},{\"@type\":\"WebPage\",\"@id\":\"https:\\\/\\\/reservofficerarna.se\\\/reservofficeren\\\/nyheter\\\/forbanden-har-fullt-upp-med-annat-ingen-kommer-att-lyssna\\\/\",\"url\":\"https:\\\/\\\/reservofficerarna.se\\\/reservofficeren\\\/nyheter\\\/forbanden-har-fullt-upp-med-annat-ingen-kommer-att-lyssna\\\/\",\"name\":\"\u201dF\u00f6rbanden har fullt upp med annat \u2013 ingen kommer att lyssna\u201d - Reservofficeren\",\"isPartOf\":{\"@id\":\"https:\\\/\\\/staging.reservofficerarna.se\\\/reservofficeren\\\/#website\"},\"primaryImageOfPage\":{\"@id\":\"https:\\\/\\\/reservofficerarna.se\\\/reservofficeren\\\/nyheter\\\/forbanden-har-fullt-upp-med-annat-ingen-kommer-att-lyssna\\\/#primaryimage\"},\"image\":{\"@id\":\"https:\\\/\\\/reservofficerarna.se\\\/reservofficeren\\\/nyheter\\\/forbanden-har-fullt-upp-med-annat-ingen-kommer-att-lyssna\\\/#primaryimage\"},\"thumbnailUrl\":\"https:\\\/\\\/reservofficerarna.se\\\/app\\\/uploads\\\/sites\\\/2\\\/2022\\\/01\\\/20210901_antseh01_AJB_K4_TARFALA_KEB_021.jpg\",\"datePublished\":\"2022-01-24T15:55:53+00:00\",\"dateModified\":\"2022-05-13T12:48:21+00:00\",\"author\":{\"@id\":\"https:\\\/\\\/staging.reservofficerarna.se\\\/reservofficeren\\\/#\\\/schema\\\/person\\\/e54d4ce6e97dafa99e73f02a5296a8b8\"},\"breadcrumb\":{\"@id\":\"https:\\\/\\\/reservofficerarna.se\\\/reservofficeren\\\/nyheter\\\/forbanden-har-fullt-upp-med-annat-ingen-kommer-att-lyssna\\\/#breadcrumb\"},\"inLanguage\":\"sv-SE\",\"potentialAction\":[{\"@type\":\"ReadAction\",\"target\":[\"https:\\\/\\\/reservofficerarna.se\\\/reservofficeren\\\/nyheter\\\/forbanden-har-fullt-upp-med-annat-ingen-kommer-att-lyssna\\\/\"]}]},{\"@type\":\"ImageObject\",\"inLanguage\":\"sv-SE\",\"@id\":\"https:\\\/\\\/reservofficerarna.se\\\/reservofficeren\\\/nyheter\\\/forbanden-har-fullt-upp-med-annat-ingen-kommer-att-lyssna\\\/#primaryimage\",\"url\":\"https:\\\/\\\/reservofficerarna.se\\\/app\\\/uploads\\\/sites\\\/2\\\/2022\\\/01\\\/20210901_antseh01_AJB_K4_TARFALA_KEB_021.jpg\",\"contentUrl\":\"https:\\\/\\\/reservofficerarna.se\\\/app\\\/uploads\\\/sites\\\/2\\\/2022\\\/01\\\/20210901_antseh01_AJB_K4_TARFALA_KEB_021.jpg\",\"width\":1200,\"height\":800,\"caption\":\"Det h\u00e4nder f\u00f6r mycket i f\u00f6rsvaret just nu \u2013 d\u00e4rf\u00f6r skjuter man p\u00e5 den planerade kunskapsupph\u00e4mtningen, enligt \u00f6v Peter Tagesson.\"},{\"@type\":\"BreadcrumbList\",\"@id\":\"https:\\\/\\\/reservofficerarna.se\\\/reservofficeren\\\/nyheter\\\/forbanden-har-fullt-upp-med-annat-ingen-kommer-att-lyssna\\\/#breadcrumb\",\"itemListElement\":[{\"@type\":\"ListItem\",\"position\":1,\"name\":\"Hem\",\"item\":\"https:\\\/\\\/reservofficerarna.se\\\/reservofficeren\\\/\"},{\"@type\":\"ListItem\",\"position\":2,\"name\":\"\u201dF\u00f6rbanden har fullt upp med annat \u2013 ingen kommer att lyssna\u201d\"}]},{\"@type\":\"WebSite\",\"@id\":\"https:\\\/\\\/staging.reservofficerarna.se\\\/reservofficeren\\\/#website\",\"url\":\"https:\\\/\\\/staging.reservofficerarna.se\\\/reservofficeren\\\/\",\"name\":\"Reservofficeren\",\"description\":\"F\u00f6rbundet Reservofficerarnas tidning\",\"potentialAction\":[{\"@type\":\"SearchAction\",\"target\":{\"@type\":\"EntryPoint\",\"urlTemplate\":\"https:\\\/\\\/staging.reservofficerarna.se\\\/reservofficeren\\\/?s={search_term_string}\"},\"query-input\":{\"@type\":\"PropertyValueSpecification\",\"valueRequired\":true,\"valueName\":\"search_term_string\"}}],\"inLanguage\":\"sv-SE\"},{\"@type\":\"Person\",\"@id\":\"https:\\\/\\\/staging.reservofficerarna.se\\\/reservofficeren\\\/#\\\/schema\\\/person\\\/e54d4ce6e97dafa99e73f02a5296a8b8\",\"name\":\"peppe\"}]}<\/script>\n<!-- \/ Yoast SEO plugin. -->","yoast_head_json":{"title":"\u201dF\u00f6rbanden har fullt upp med annat \u2013 ingen kommer att lyssna\u201d - Reservofficeren","robots":{"index":"index","follow":"follow","max-snippet":"max-snippet:-1","max-image-preview":"max-image-preview:large","max-video-preview":"max-video-preview:-1"},"canonical":"https:\/\/reservofficerarna.se\/reservofficeren\/nyheter\/forbanden-har-fullt-upp-med-annat-ingen-kommer-att-lyssna\/","og_locale":"sv_SE","og_type":"article","og_title":"\u201dF\u00f6rbanden har fullt upp med annat \u2013 ingen kommer att lyssna\u201d - Reservofficeren","og_description":"F\u00f6rsvarsmaktens planerade kunskapsupp\u00adh\u00e4mtning g\u00e4llande reserv\u00adofficerare f\u00e5r v\u00e4nta. Organisa\u00adtionen \u00e4r inte redo \u00e4nnu, menar \u00f6v Peter Tagesson, planeringschef vid Lednings\u00adstabens personal\u00adavdelning. I det samarbetsavtal som Sverof och F\u00f6rsvarsmakten har g\u00e4llande vidare\u00adutveckling av reservofficerare finns en punkt man kallar &#8221;konferenser&#8221; om reservofficerare. Konferenserna handlar om kunskapsupph\u00e4mtning. Under 20 \u00e5rs har mycket kunskap om reservofficerare g\u00e5tt f\u00f6rlorad hos &hellip;","og_url":"https:\/\/reservofficerarna.se\/reservofficeren\/nyheter\/forbanden-har-fullt-upp-med-annat-ingen-kommer-att-lyssna\/","og_site_name":"Reservofficeren","article_published_time":"2022-01-24T15:55:53+00:00","article_modified_time":"2022-05-13T12:48:21+00:00","og_image":[{"width":1200,"height":800,"url":"https:\/\/reservofficerarna.se\/app\/uploads\/sites\/2\/2022\/01\/20210901_antseh01_AJB_K4_TARFALA_KEB_021.jpg","type":"image\/jpeg"}],"author":"peppe","twitter_card":"summary_large_image","twitter_misc":{"Skriven av":"peppe","Ber\u00e4knad l\u00e4stid":"2 minuter"},"schema":{"@context":"https:\/\/schema.org","@graph":[{"@type":"Article","@id":"https:\/\/reservofficerarna.se\/reservofficeren\/nyheter\/forbanden-har-fullt-upp-med-annat-ingen-kommer-att-lyssna\/#article","isPartOf":{"@id":"https:\/\/reservofficerarna.se\/reservofficeren\/nyheter\/forbanden-har-fullt-upp-med-annat-ingen-kommer-att-lyssna\/"},"author":{"name":"peppe","@id":"https:\/\/staging.reservofficerarna.se\/reservofficeren\/#\/schema\/person\/e54d4ce6e97dafa99e73f02a5296a8b8"},"headline":"\u201dF\u00f6rbanden har fullt upp med annat \u2013 ingen kommer att lyssna\u201d","datePublished":"2022-01-24T15:55:53+00:00","dateModified":"2022-05-13T12:48:21+00:00","mainEntityOfPage":{"@id":"https:\/\/reservofficerarna.se\/reservofficeren\/nyheter\/forbanden-har-fullt-upp-med-annat-ingen-kommer-att-lyssna\/"},"wordCount":391,"image":{"@id":"https:\/\/reservofficerarna.se\/reservofficeren\/nyheter\/forbanden-har-fullt-upp-med-annat-ingen-kommer-att-lyssna\/#primaryimage"},"thumbnailUrl":"https:\/\/reservofficerarna.se\/app\/uploads\/sites\/2\/2022\/01\/20210901_antseh01_AJB_K4_TARFALA_KEB_021.jpg","articleSection":["Nyheter"],"inLanguage":"sv-SE"},{"@type":"WebPage","@id":"https:\/\/reservofficerarna.se\/reservofficeren\/nyheter\/forbanden-har-fullt-upp-med-annat-ingen-kommer-att-lyssna\/","url":"https:\/\/reservofficerarna.se\/reservofficeren\/nyheter\/forbanden-har-fullt-upp-med-annat-ingen-kommer-att-lyssna\/","name":"\u201dF\u00f6rbanden har fullt upp med annat \u2013 ingen kommer att lyssna\u201d - Reservofficeren","isPartOf":{"@id":"https:\/\/staging.reservofficerarna.se\/reservofficeren\/#website"},"primaryImageOfPage":{"@id":"https:\/\/reservofficerarna.se\/reservofficeren\/nyheter\/forbanden-har-fullt-upp-med-annat-ingen-kommer-att-lyssna\/#primaryimage"},"image":{"@id":"https:\/\/reservofficerarna.se\/reservofficeren\/nyheter\/forbanden-har-fullt-upp-med-annat-ingen-kommer-att-lyssna\/#primaryimage"},"thumbnailUrl":"https:\/\/reservofficerarna.se\/app\/uploads\/sites\/2\/2022\/01\/20210901_antseh01_AJB_K4_TARFALA_KEB_021.jpg","datePublished":"2022-01-24T15:55:53+00:00","dateModified":"2022-05-13T12:48:21+00:00","author":{"@id":"https:\/\/staging.reservofficerarna.se\/reservofficeren\/#\/schema\/person\/e54d4ce6e97dafa99e73f02a5296a8b8"},"breadcrumb":{"@id":"https:\/\/reservofficerarna.se\/reservofficeren\/nyheter\/forbanden-har-fullt-upp-med-annat-ingen-kommer-att-lyssna\/#breadcrumb"},"inLanguage":"sv-SE","potentialAction":[{"@type":"ReadAction","target":["https:\/\/reservofficerarna.se\/reservofficeren\/nyheter\/forbanden-har-fullt-upp-med-annat-ingen-kommer-att-lyssna\/"]}]},{"@type":"ImageObject","inLanguage":"sv-SE","@id":"https:\/\/reservofficerarna.se\/reservofficeren\/nyheter\/forbanden-har-fullt-upp-med-annat-ingen-kommer-att-lyssna\/#primaryimage","url":"https:\/\/reservofficerarna.se\/app\/uploads\/sites\/2\/2022\/01\/20210901_antseh01_AJB_K4_TARFALA_KEB_021.jpg","contentUrl":"https:\/\/reservofficerarna.se\/app\/uploads\/sites\/2\/2022\/01\/20210901_antseh01_AJB_K4_TARFALA_KEB_021.jpg","width":1200,"height":800,"caption":"Det h\u00e4nder f\u00f6r mycket i f\u00f6rsvaret just nu \u2013 d\u00e4rf\u00f6r skjuter man p\u00e5 den planerade kunskapsupph\u00e4mtningen, enligt \u00f6v Peter Tagesson."},{"@type":"BreadcrumbList","@id":"https:\/\/reservofficerarna.se\/reservofficeren\/nyheter\/forbanden-har-fullt-upp-med-annat-ingen-kommer-att-lyssna\/#breadcrumb","itemListElement":[{"@type":"ListItem","position":1,"name":"Hem","item":"https:\/\/reservofficerarna.se\/reservofficeren\/"},{"@type":"ListItem","position":2,"name":"\u201dF\u00f6rbanden har fullt upp med annat \u2013 ingen kommer att lyssna\u201d"}]},{"@type":"WebSite","@id":"https:\/\/staging.reservofficerarna.se\/reservofficeren\/#website","url":"https:\/\/staging.reservofficerarna.se\/reservofficeren\/","name":"Reservofficeren","description":"F\u00f6rbundet Reservofficerarnas tidning","potentialAction":[{"@type":"SearchAction","target":{"@type":"EntryPoint","urlTemplate":"https:\/\/staging.reservofficerarna.se\/reservofficeren\/?s={search_term_string}"},"query-input":{"@type":"PropertyValueSpecification","valueRequired":true,"valueName":"search_term_string"}}],"inLanguage":"sv-SE"},{"@type":"Person","@id":"https:\/\/staging.reservofficerarna.se\/reservofficeren\/#\/schema\/person\/e54d4ce6e97dafa99e73f02a5296a8b8","name":"peppe"}]}},"_links":{"self":[{"href":"https:\/\/reservofficerarna.se\/reservofficeren\/wp-json\/wp\/v2\/posts\/47","targetHints":{"allow":["GET"]}}],"collection":[{"href":"https:\/\/reservofficerarna.se\/reservofficeren\/wp-json\/wp\/v2\/posts"}],"about":[{"href":"https:\/\/reservofficerarna.se\/reservofficeren\/wp-json\/wp\/v2\/types\/post"}],"author":[{"embeddable":true,"href":"https:\/\/reservofficerarna.se\/reservofficeren\/wp-json\/wp\/v2\/users\/3"}],"replies":[{"embeddable":true,"href":"https:\/\/reservofficerarna.se\/reservofficeren\/wp-json\/wp\/v2\/comments?post=47"}],"version-history":[{"count":4,"href":"https:\/\/reservofficerarna.se\/reservofficeren\/wp-json\/wp\/v2\/posts\/47\/revisions"}],"predecessor-version":[{"id":244,"href":"https:\/\/reservofficerarna.se\/reservofficeren\/wp-json\/wp\/v2\/posts\/47\/revisions\/244"}],"wp:featuredmedia":[{"embeddable":true,"href":"https:\/\/reservofficerarna.se\/reservofficeren\/wp-json\/wp\/v2\/media\/50"}],"wp:attachment":[{"href":"https:\/\/reservofficerarna.se\/reservofficeren\/wp-json\/wp\/v2\/media?parent=47"}],"wp:term":[{"taxonomy":"category","embeddable":true,"href":"https:\/\/reservofficerarna.se\/reservofficeren\/wp-json\/wp\/v2\/categories?post=47"},{"taxonomy":"post_tag","embeddable":true,"href":"https:\/\/reservofficerarna.se\/reservofficeren\/wp-json\/wp\/v2\/tags?post=47"}],"curies":[{"name":"wp","href":"https:\/\/api.w.org\/{rel}","templated":true}]}}