{"id":608,"date":"2023-03-15T15:31:02","date_gmt":"2023-03-15T14:31:02","guid":{"rendered":"https:\/\/reservofficerarna.se\/reservofficeren\/?p=608"},"modified":"2024-08-12T10:20:48","modified_gmt":"2024-08-12T08:20:48","slug":"utmaningen-tusentals-reservare-nara-pension","status":"publish","type":"post","link":"https:\/\/reservofficerarna.se\/reservofficeren\/nyheter\/utmaningen-tusentals-reservare-nara-pension\/","title":{"rendered":"Utmaningen: Tusentals\u00a0reservare n\u00e4ra pension"},"content":{"rendered":"\n<p class=\"has-lead-text-font-size\">N\u00e4stan 80 procent av Sveriges reservofficerare \u00e4r mer \u00e4n 45 \u00e5r gamla. Om tio \u00e5r har m\u00e5nga g\u00e5tt i pension.<\/p>\n\n\n\n<p>G\u00f6r man en \u00e5lderskurva \u00f6ver de svenska reservofficerarna, samtidigt som man noterar F\u00f6rsvarsmaktens framtida behov av dem \u2013 ja, d\u00e5 finns anledning till oro.&nbsp;<\/p>\n\n\n\n<p>2035 har F\u00f6rsvarsmakten ett behov av 5\u2009000 reservofficerare.&nbsp;<\/p>\n\n\n\n<p>2035 har ocks\u00e5 drygt 4\u2009100 av de 6\u2009800 reservofficerare som finns idag g\u00e5tt i pension.<\/p>\n\n\n\n<p>Kvar?<\/p>\n\n\n\n<p>2\u2009700 \u2013 inte purunga \u2013 reservare.&nbsp;<\/p>\n\n\n<div class=\"wp-block-image\">\n<figure class=\"alignleft size-large is-resized\"><img loading=\"lazy\" decoding=\"async\" width=\"600\" height=\"900\" src=\"https:\/\/reservofficerarna.se\/app\/uploads\/sites\/2\/2023\/03\/andersson-glad-600x900.jpg\" alt=\"\" class=\"wp-image-609\" style=\"width:163px;height:245px\" srcset=\"https:\/\/reservofficerarna.se\/app\/uploads\/sites\/2\/2023\/03\/andersson-glad-600x900.jpg 600w, https:\/\/reservofficerarna.se\/app\/uploads\/sites\/2\/2023\/03\/andersson-glad-400x600.jpg 400w, https:\/\/reservofficerarna.se\/app\/uploads\/sites\/2\/2023\/03\/andersson-glad-800x1200.jpg 800w, https:\/\/reservofficerarna.se\/app\/uploads\/sites\/2\/2023\/03\/andersson-glad-1024x1536.jpg 1024w, https:\/\/reservofficerarna.se\/app\/uploads\/sites\/2\/2023\/03\/andersson-glad-300x450.jpg 300w, https:\/\/reservofficerarna.se\/app\/uploads\/sites\/2\/2023\/03\/andersson-glad.jpg 1251w\" sizes=\"auto, (max-width: 600px) 100vw, 600px\" \/><figcaption class=\"font-sans mt-2 text-sm md:text-base\" class=\"wp-element-caption\">Magnus Andersson<\/figcaption><\/figure>\n<\/div>\n\n\n<p>\u2013 Det betyder att 2\u2009300 reserv\u00adofficerare beh\u00f6ver utbildas p\u00e5 12 \u00e5r, enbart f\u00f6r att t\u00e4cka pensionsavg\u00e5ngarna. Det kommer att kr\u00e4vas enorma insatser f\u00f6r att klara det, konstaterar Magnus Andersson, styrelseledamot i F\u00f6rbundet Reserv\u00adofficerarna, som gjort en genomg\u00e5ng av reservofficerarnas \u00e5ldersstruktur.<\/p>\n\n\n\n<p>F\u00f6rsvarsmakten har tidigare angivit att h\u00e4lften av de nya reserv\u00adofficerarna kommer att best\u00e5 av f\u00f6rtidsavg\u00e5ngna yrkesofficerare. Magnus Andersson tycker inte att det l\u00e5ter trov\u00e4rdigt. Det beh\u00f6vs ju ocks\u00e5 yrkesofficerare, varf\u00f6r skulle F\u00f6rsvarsmakten sl\u00e4ppa s\u00e5 m\u00e5nga? Och s\u00e5 var det ju det h\u00e4r med \u00e5ldern&#8230;<\/p>\n\n\n\n<p>\u2013 De som karri\u00e4rv\u00e4xlar till reserv\u00adofficer l\u00e4r ju ocks\u00e5 n\u00e4rma sig 50, 60&#8230;<\/p>\n\n\n\n<p><strong>\u00c4r det ett problem?<\/strong><\/p>\n\n\n\n<p>&nbsp;\u2013 F\u00f6rsvarsmakten har sj\u00e4lva sagt att de kommande \u00e5rens stora tillv\u00e4xt ska ske p\u00e5 kompani- och plutonsniv\u00e5. Och d\u00e4r har man h\u00f6ga fysiska krav.<\/p>\n\n\n\n<p>\u2013 Om man ska teckna en bild s\u00e5 beh\u00f6vs det reservofficerare som klarar en situation d\u00e4r man har 30, 40 stycken 19-\u00e5ringar som springer framf\u00f6r en i skogen, d\u00e4r man ska springa efter och ge order om kullen ska tas fr\u00e5n h\u00f6ger eller v\u00e4nster. Den reserv\u00adofficer som g\u00e5r in h\u00e4r ska klara 19-\u00e5ringars tempo med 20 kilos packning.&nbsp;<\/p>\n\n\n\n<p>Kontentan?<strong> <\/strong>Rekryteringsbehovet \u00e4r enormt. Magnus Andersson s\u00e4ger att minst 285 reservofficerare m\u00e5ste utbildas varje \u00e5r. (De senaste fem \u00e5ren har i snitt 45 utbildats \u00e5rligen.)&nbsp;<\/p>\n\n\n\n<p><strong>Men g\u00e5r det ens?&nbsp;<\/strong><\/p>\n\n\n\n<p>\u2013 Ja, det g\u00e5r. Men d\u00e5 kr\u00e4vs det att man g\u00e5r till handling, s\u00e4ger Magnus Andersson.<\/p>\n\n\n\n<p>Han menar att s\u00e5v\u00e4l F\u00f6rsvarsmakt som samh\u00e4lle beh\u00f6ver engagera sig i detta. F\u00f6rsvarsmakten m\u00e5ste skapa fler utbildningsplatser och f\u00f6rb\u00e4ttra information, rutiner och regler runt antagningen. Det kr\u00e4vs att man v\u00e5gar t\u00e4nka fritt f\u00f6r att n\u00e5 m\u00e5len.<\/p>\n\n\n\n<p>Samh\u00e4llet i stort m\u00e5ste v\u00e4rdera och bel\u00f6na den som vill st\u00e4rka Sveriges F\u00f6rsvarsmakt genom att bli reservofficer.&nbsp;<\/p>\n\n\n\n<p>\u2013 Idag \u00e4r det till exempel s\u00e5 att den som pluggar och vill ta ett \u00e5r studietj\u00e4nst\u00adledigt f\u00f6r att bli reservofficer f\u00f6rlorar sin studentbostad. Det stoppar naturligtvis m\u00e5nga fr\u00e5n att ens t\u00e4nka tanken, s\u00e4ger Magnus Andersson.&nbsp;<\/p>\n\n\n\n<p>F\u00f6r att kraftigt ut\u00f6ka antalet utbildningsplatser tror han att man ocks\u00e5 beh\u00f6ver se \u00f6ver utbildningarna.<\/p>\n\n\n\n<p>\u2013 De beh\u00f6ver kopplas n\u00e4rmare f\u00f6rsvarsgrenarnas behov och samordnas med yrkesofficersutbildningen \u2013 p\u00e5 s\u00e5 vis kan man uppn\u00e5 effektivitetsvinster samtidigt som utbildningens kvalitet kan h\u00e5llas fortsatt h\u00f6g.&nbsp;<\/p>\n\n\n\n<p>\u2013 Men om detta ska kunna genomf\u00f6ras kr\u00e4vs centrala beslut inom F\u00f6rsvarsmakten och eleverna beh\u00f6ver f\u00f6rdelas ut bland de skolor som finns. Ju l\u00e4ngre vi v\u00e4ntar, desto sv\u00e5rare blir det att n\u00e5 m\u00e5len.<\/p>\n\n\n\n<p>Fr\u00e5n F\u00f6rsvarsmaktens sida \u00e4r man medveten om den \u00e5ldersutmaning som finns i reservofficersk\u00e5ren.&nbsp;<\/p>\n\n\n<div class=\"wp-block-image\">\n<figure class=\"portrait alignleft size-full is-resized\"><img loading=\"lazy\" decoding=\"async\" width=\"240\" height=\"370\" src=\"https:\/\/reservofficerarna.se\/app\/uploads\/sites\/2\/2023\/03\/cherinet-edited-1.jpg\" alt=\"\" class=\"wp-image-612\" style=\"width:142px\" \/><figcaption class=\"font-sans mt-2 text-sm md:text-base\" class=\"wp-element-caption\">Michael Cherinet.<\/figcaption><\/figure>\n<\/div>\n\n\n<p>\u2013 Vi kommer att beh\u00f6va utbilda m\u00e5nga reservofficerare fram\u00f6ver. F\u00f6r att veta exakt vilka kompetenser vi beh\u00f6ver m\u00e5ste vi g\u00f6ra en ordentlig inventering av vad vi har, och hur behoven ser ut. Klart \u00e4r att vi alla m\u00e5ste vara kreativa och flexibla f\u00f6r att f\u00e5 fram de utbildningsplatser som beh\u00f6vs, s\u00e4ger Michael Cherinet, chef p\u00e5 f\u00f6rsvarsstabens genomf\u00f6randeenhet.<\/p>\n\n\n\n<p><strong>Idag s\u00e4ger man att behovet 2035 \u00e4r 5\u2009000 reservofficerare. \u00c4r den siffran fortfarande relevant?<\/strong><\/p>\n\n\n\n<p>\u2013 Vi kommer i alla fall inte beh\u00f6va f\u00e4rre \u00e4n s\u00e5. I den tillv\u00e4xtresa F\u00f6rsvarsmakten nu g\u00f6r \u00e4r reservofficerarna v\u00e4ldigt viktiga.<\/p>\n\n\n\n<figure class=\"wp-block-image size-large\"><img loading=\"lazy\" decoding=\"async\" width=\"1250\" height=\"900\" src=\"https:\/\/reservofficerarna.se\/app\/uploads\/sites\/2\/2023\/03\/skarmavbild-2023-03-15-kl.-15.13.50-1250x900.png\" alt=\"\" class=\"wp-image-613\" srcset=\"https:\/\/reservofficerarna.se\/app\/uploads\/sites\/2\/2023\/03\/skarmavbild-2023-03-15-kl.-15.13.50-1250x900.png 1250w, https:\/\/reservofficerarna.se\/app\/uploads\/sites\/2\/2023\/03\/skarmavbild-2023-03-15-kl.-15.13.50-800x576.png 800w, https:\/\/reservofficerarna.se\/app\/uploads\/sites\/2\/2023\/03\/skarmavbild-2023-03-15-kl.-15.13.50-1536x1106.png 1536w, https:\/\/reservofficerarna.se\/app\/uploads\/sites\/2\/2023\/03\/skarmavbild-2023-03-15-kl.-15.13.50-300x216.png 300w, https:\/\/reservofficerarna.se\/app\/uploads\/sites\/2\/2023\/03\/skarmavbild-2023-03-15-kl.-15.13.50.png 1699w\" sizes=\"auto, (max-width: 1250px) 100vw, 1250px\" \/><\/figure>\n","protected":false},"excerpt":{"rendered":"<p>N\u00e4stan 80 procent av Sveriges reservofficerare \u00e4r mer \u00e4n 45 \u00e5r gamla. Om tio \u00e5r har m\u00e5nga g\u00e5tt i pension. G\u00f6r man en \u00e5lderskurva \u00f6ver de svenska reservofficerarna, samtidigt som man noterar F\u00f6rsvarsmaktens framtida behov av dem \u2013 ja, d\u00e5 finns anledning till oro.&nbsp; 2035 har F\u00f6rsvarsmakten ett behov av 5\u2009000 reservofficerare.&nbsp; 2035 har ocks\u00e5 &hellip;<\/p>\n","protected":false},"author":6,"featured_media":620,"comment_status":"closed","ping_status":"closed","sticky":true,"template":"","format":"standard","meta":{"_acf_changed":false,"footnotes":""},"categories":[1],"tags":[],"class_list":["post-608","post","type-post","status-publish","format-standard","has-post-thumbnail","hentry","category-nyheter"],"acf":[],"yoast_head":"<!-- This site is optimized with the Yoast SEO plugin v27.4 - https:\/\/yoast.com\/product\/yoast-seo-wordpress\/ -->\n<title>Utmaningen: Tusentals\u00a0reservare n\u00e4ra pension - Reservofficeren<\/title>\n<meta name=\"robots\" content=\"index, follow, max-snippet:-1, max-image-preview:large, max-video-preview:-1\" \/>\n<link rel=\"canonical\" href=\"https:\/\/reservofficerarna.se\/reservofficeren\/nyheter\/utmaningen-tusentals-reservare-nara-pension\/\" \/>\n<meta property=\"og:locale\" content=\"sv_SE\" \/>\n<meta property=\"og:type\" content=\"article\" \/>\n<meta property=\"og:title\" content=\"Utmaningen: Tusentals\u00a0reservare n\u00e4ra pension - Reservofficeren\" \/>\n<meta property=\"og:description\" content=\"N\u00e4stan 80 procent av Sveriges reservofficerare \u00e4r mer \u00e4n 45 \u00e5r gamla. Om tio \u00e5r har m\u00e5nga g\u00e5tt i pension. G\u00f6r man en \u00e5lderskurva \u00f6ver de svenska reservofficerarna, samtidigt som man noterar F\u00f6rsvarsmaktens framtida behov av dem \u2013 ja, d\u00e5 finns anledning till oro.&nbsp; 2035 har F\u00f6rsvarsmakten ett behov av 5\u2009000 reservofficerare.&nbsp; 2035 har ocks\u00e5 &hellip;\" \/>\n<meta property=\"og:url\" content=\"https:\/\/reservofficerarna.se\/reservofficeren\/nyheter\/utmaningen-tusentals-reservare-nara-pension\/\" \/>\n<meta property=\"og:site_name\" content=\"Reservofficeren\" \/>\n<meta property=\"article:published_time\" content=\"2023-03-15T14:31:02+00:00\" \/>\n<meta property=\"article:modified_time\" content=\"2024-08-12T08:20:48+00:00\" \/>\n<meta property=\"og:image\" content=\"https:\/\/reservofficerarna.se\/app\/uploads\/sites\/2\/2023\/03\/skarmavbild-2023-03-15-kl.-15.25.45.jpg\" \/>\n\t<meta property=\"og:image:width\" content=\"750\" \/>\n\t<meta property=\"og:image:height\" content=\"422\" \/>\n\t<meta property=\"og:image:type\" content=\"image\/jpeg\" \/>\n<meta name=\"author\" content=\"stefankarlsson\" \/>\n<meta name=\"twitter:card\" content=\"summary_large_image\" \/>\n<meta name=\"twitter:label1\" content=\"Skriven av\" \/>\n\t<meta name=\"twitter:data1\" content=\"stefankarlsson\" \/>\n\t<meta name=\"twitter:label2\" content=\"Ber\u00e4knad l\u00e4stid\" \/>\n\t<meta name=\"twitter:data2\" content=\"4 minuter\" \/>\n<script type=\"application\/ld+json\" class=\"yoast-schema-graph\">{\"@context\":\"https:\\\/\\\/schema.org\",\"@graph\":[{\"@type\":\"Article\",\"@id\":\"https:\\\/\\\/reservofficerarna.se\\\/reservofficeren\\\/nyheter\\\/utmaningen-tusentals-reservare-nara-pension\\\/#article\",\"isPartOf\":{\"@id\":\"https:\\\/\\\/reservofficerarna.se\\\/reservofficeren\\\/nyheter\\\/utmaningen-tusentals-reservare-nara-pension\\\/\"},\"author\":{\"name\":\"stefankarlsson\",\"@id\":\"https:\\\/\\\/staging.reservofficerarna.se\\\/reservofficeren\\\/#\\\/schema\\\/person\\\/4651143909a9d29449002ffe05af7cc0\"},\"headline\":\"Utmaningen: Tusentals\u00a0reservare n\u00e4ra pension\",\"datePublished\":\"2023-03-15T14:31:02+00:00\",\"dateModified\":\"2024-08-12T08:20:48+00:00\",\"mainEntityOfPage\":{\"@id\":\"https:\\\/\\\/reservofficerarna.se\\\/reservofficeren\\\/nyheter\\\/utmaningen-tusentals-reservare-nara-pension\\\/\"},\"wordCount\":686,\"image\":{\"@id\":\"https:\\\/\\\/reservofficerarna.se\\\/reservofficeren\\\/nyheter\\\/utmaningen-tusentals-reservare-nara-pension\\\/#primaryimage\"},\"thumbnailUrl\":\"https:\\\/\\\/reservofficerarna.se\\\/app\\\/uploads\\\/sites\\\/2\\\/2023\\\/03\\\/skarmavbild-2023-03-15-kl.-15.25.45.jpg\",\"articleSection\":[\"Nyheter\"],\"inLanguage\":\"sv-SE\"},{\"@type\":\"WebPage\",\"@id\":\"https:\\\/\\\/reservofficerarna.se\\\/reservofficeren\\\/nyheter\\\/utmaningen-tusentals-reservare-nara-pension\\\/\",\"url\":\"https:\\\/\\\/reservofficerarna.se\\\/reservofficeren\\\/nyheter\\\/utmaningen-tusentals-reservare-nara-pension\\\/\",\"name\":\"Utmaningen: Tusentals\u00a0reservare n\u00e4ra pension - Reservofficeren\",\"isPartOf\":{\"@id\":\"https:\\\/\\\/staging.reservofficerarna.se\\\/reservofficeren\\\/#website\"},\"primaryImageOfPage\":{\"@id\":\"https:\\\/\\\/reservofficerarna.se\\\/reservofficeren\\\/nyheter\\\/utmaningen-tusentals-reservare-nara-pension\\\/#primaryimage\"},\"image\":{\"@id\":\"https:\\\/\\\/reservofficerarna.se\\\/reservofficeren\\\/nyheter\\\/utmaningen-tusentals-reservare-nara-pension\\\/#primaryimage\"},\"thumbnailUrl\":\"https:\\\/\\\/reservofficerarna.se\\\/app\\\/uploads\\\/sites\\\/2\\\/2023\\\/03\\\/skarmavbild-2023-03-15-kl.-15.25.45.jpg\",\"datePublished\":\"2023-03-15T14:31:02+00:00\",\"dateModified\":\"2024-08-12T08:20:48+00:00\",\"author\":{\"@id\":\"https:\\\/\\\/staging.reservofficerarna.se\\\/reservofficeren\\\/#\\\/schema\\\/person\\\/4651143909a9d29449002ffe05af7cc0\"},\"breadcrumb\":{\"@id\":\"https:\\\/\\\/reservofficerarna.se\\\/reservofficeren\\\/nyheter\\\/utmaningen-tusentals-reservare-nara-pension\\\/#breadcrumb\"},\"inLanguage\":\"sv-SE\",\"potentialAction\":[{\"@type\":\"ReadAction\",\"target\":[\"https:\\\/\\\/reservofficerarna.se\\\/reservofficeren\\\/nyheter\\\/utmaningen-tusentals-reservare-nara-pension\\\/\"]}]},{\"@type\":\"ImageObject\",\"inLanguage\":\"sv-SE\",\"@id\":\"https:\\\/\\\/reservofficerarna.se\\\/reservofficeren\\\/nyheter\\\/utmaningen-tusentals-reservare-nara-pension\\\/#primaryimage\",\"url\":\"https:\\\/\\\/reservofficerarna.se\\\/app\\\/uploads\\\/sites\\\/2\\\/2023\\\/03\\\/skarmavbild-2023-03-15-kl.-15.25.45.jpg\",\"contentUrl\":\"https:\\\/\\\/reservofficerarna.se\\\/app\\\/uploads\\\/sites\\\/2\\\/2023\\\/03\\\/skarmavbild-2023-03-15-kl.-15.25.45.jpg\",\"width\":750,\"height\":422},{\"@type\":\"BreadcrumbList\",\"@id\":\"https:\\\/\\\/reservofficerarna.se\\\/reservofficeren\\\/nyheter\\\/utmaningen-tusentals-reservare-nara-pension\\\/#breadcrumb\",\"itemListElement\":[{\"@type\":\"ListItem\",\"position\":1,\"name\":\"Hem\",\"item\":\"https:\\\/\\\/reservofficerarna.se\\\/reservofficeren\\\/\"},{\"@type\":\"ListItem\",\"position\":2,\"name\":\"Utmaningen: Tusentals\u00a0reservare n\u00e4ra pension\"}]},{\"@type\":\"WebSite\",\"@id\":\"https:\\\/\\\/staging.reservofficerarna.se\\\/reservofficeren\\\/#website\",\"url\":\"https:\\\/\\\/staging.reservofficerarna.se\\\/reservofficeren\\\/\",\"name\":\"Reservofficeren\",\"description\":\"F\u00f6rbundet Reservofficerarnas tidning\",\"potentialAction\":[{\"@type\":\"SearchAction\",\"target\":{\"@type\":\"EntryPoint\",\"urlTemplate\":\"https:\\\/\\\/staging.reservofficerarna.se\\\/reservofficeren\\\/?s={search_term_string}\"},\"query-input\":{\"@type\":\"PropertyValueSpecification\",\"valueRequired\":true,\"valueName\":\"search_term_string\"}}],\"inLanguage\":\"sv-SE\"},{\"@type\":\"Person\",\"@id\":\"https:\\\/\\\/staging.reservofficerarna.se\\\/reservofficeren\\\/#\\\/schema\\\/person\\\/4651143909a9d29449002ffe05af7cc0\",\"name\":\"stefankarlsson\"}]}<\/script>\n<!-- \/ Yoast SEO plugin. -->","yoast_head_json":{"title":"Utmaningen: Tusentals\u00a0reservare n\u00e4ra pension - Reservofficeren","robots":{"index":"index","follow":"follow","max-snippet":"max-snippet:-1","max-image-preview":"max-image-preview:large","max-video-preview":"max-video-preview:-1"},"canonical":"https:\/\/reservofficerarna.se\/reservofficeren\/nyheter\/utmaningen-tusentals-reservare-nara-pension\/","og_locale":"sv_SE","og_type":"article","og_title":"Utmaningen: Tusentals\u00a0reservare n\u00e4ra pension - Reservofficeren","og_description":"N\u00e4stan 80 procent av Sveriges reservofficerare \u00e4r mer \u00e4n 45 \u00e5r gamla. Om tio \u00e5r har m\u00e5nga g\u00e5tt i pension. G\u00f6r man en \u00e5lderskurva \u00f6ver de svenska reservofficerarna, samtidigt som man noterar F\u00f6rsvarsmaktens framtida behov av dem \u2013 ja, d\u00e5 finns anledning till oro.&nbsp; 2035 har F\u00f6rsvarsmakten ett behov av 5\u2009000 reservofficerare.&nbsp; 2035 har ocks\u00e5 &hellip;","og_url":"https:\/\/reservofficerarna.se\/reservofficeren\/nyheter\/utmaningen-tusentals-reservare-nara-pension\/","og_site_name":"Reservofficeren","article_published_time":"2023-03-15T14:31:02+00:00","article_modified_time":"2024-08-12T08:20:48+00:00","og_image":[{"width":750,"height":422,"url":"https:\/\/reservofficerarna.se\/app\/uploads\/sites\/2\/2023\/03\/skarmavbild-2023-03-15-kl.-15.25.45.jpg","type":"image\/jpeg"}],"author":"stefankarlsson","twitter_card":"summary_large_image","twitter_misc":{"Skriven av":"stefankarlsson","Ber\u00e4knad l\u00e4stid":"4 minuter"},"schema":{"@context":"https:\/\/schema.org","@graph":[{"@type":"Article","@id":"https:\/\/reservofficerarna.se\/reservofficeren\/nyheter\/utmaningen-tusentals-reservare-nara-pension\/#article","isPartOf":{"@id":"https:\/\/reservofficerarna.se\/reservofficeren\/nyheter\/utmaningen-tusentals-reservare-nara-pension\/"},"author":{"name":"stefankarlsson","@id":"https:\/\/staging.reservofficerarna.se\/reservofficeren\/#\/schema\/person\/4651143909a9d29449002ffe05af7cc0"},"headline":"Utmaningen: Tusentals\u00a0reservare n\u00e4ra pension","datePublished":"2023-03-15T14:31:02+00:00","dateModified":"2024-08-12T08:20:48+00:00","mainEntityOfPage":{"@id":"https:\/\/reservofficerarna.se\/reservofficeren\/nyheter\/utmaningen-tusentals-reservare-nara-pension\/"},"wordCount":686,"image":{"@id":"https:\/\/reservofficerarna.se\/reservofficeren\/nyheter\/utmaningen-tusentals-reservare-nara-pension\/#primaryimage"},"thumbnailUrl":"https:\/\/reservofficerarna.se\/app\/uploads\/sites\/2\/2023\/03\/skarmavbild-2023-03-15-kl.-15.25.45.jpg","articleSection":["Nyheter"],"inLanguage":"sv-SE"},{"@type":"WebPage","@id":"https:\/\/reservofficerarna.se\/reservofficeren\/nyheter\/utmaningen-tusentals-reservare-nara-pension\/","url":"https:\/\/reservofficerarna.se\/reservofficeren\/nyheter\/utmaningen-tusentals-reservare-nara-pension\/","name":"Utmaningen: Tusentals\u00a0reservare n\u00e4ra pension - Reservofficeren","isPartOf":{"@id":"https:\/\/staging.reservofficerarna.se\/reservofficeren\/#website"},"primaryImageOfPage":{"@id":"https:\/\/reservofficerarna.se\/reservofficeren\/nyheter\/utmaningen-tusentals-reservare-nara-pension\/#primaryimage"},"image":{"@id":"https:\/\/reservofficerarna.se\/reservofficeren\/nyheter\/utmaningen-tusentals-reservare-nara-pension\/#primaryimage"},"thumbnailUrl":"https:\/\/reservofficerarna.se\/app\/uploads\/sites\/2\/2023\/03\/skarmavbild-2023-03-15-kl.-15.25.45.jpg","datePublished":"2023-03-15T14:31:02+00:00","dateModified":"2024-08-12T08:20:48+00:00","author":{"@id":"https:\/\/staging.reservofficerarna.se\/reservofficeren\/#\/schema\/person\/4651143909a9d29449002ffe05af7cc0"},"breadcrumb":{"@id":"https:\/\/reservofficerarna.se\/reservofficeren\/nyheter\/utmaningen-tusentals-reservare-nara-pension\/#breadcrumb"},"inLanguage":"sv-SE","potentialAction":[{"@type":"ReadAction","target":["https:\/\/reservofficerarna.se\/reservofficeren\/nyheter\/utmaningen-tusentals-reservare-nara-pension\/"]}]},{"@type":"ImageObject","inLanguage":"sv-SE","@id":"https:\/\/reservofficerarna.se\/reservofficeren\/nyheter\/utmaningen-tusentals-reservare-nara-pension\/#primaryimage","url":"https:\/\/reservofficerarna.se\/app\/uploads\/sites\/2\/2023\/03\/skarmavbild-2023-03-15-kl.-15.25.45.jpg","contentUrl":"https:\/\/reservofficerarna.se\/app\/uploads\/sites\/2\/2023\/03\/skarmavbild-2023-03-15-kl.-15.25.45.jpg","width":750,"height":422},{"@type":"BreadcrumbList","@id":"https:\/\/reservofficerarna.se\/reservofficeren\/nyheter\/utmaningen-tusentals-reservare-nara-pension\/#breadcrumb","itemListElement":[{"@type":"ListItem","position":1,"name":"Hem","item":"https:\/\/reservofficerarna.se\/reservofficeren\/"},{"@type":"ListItem","position":2,"name":"Utmaningen: Tusentals\u00a0reservare n\u00e4ra pension"}]},{"@type":"WebSite","@id":"https:\/\/staging.reservofficerarna.se\/reservofficeren\/#website","url":"https:\/\/staging.reservofficerarna.se\/reservofficeren\/","name":"Reservofficeren","description":"F\u00f6rbundet Reservofficerarnas tidning","potentialAction":[{"@type":"SearchAction","target":{"@type":"EntryPoint","urlTemplate":"https:\/\/staging.reservofficerarna.se\/reservofficeren\/?s={search_term_string}"},"query-input":{"@type":"PropertyValueSpecification","valueRequired":true,"valueName":"search_term_string"}}],"inLanguage":"sv-SE"},{"@type":"Person","@id":"https:\/\/staging.reservofficerarna.se\/reservofficeren\/#\/schema\/person\/4651143909a9d29449002ffe05af7cc0","name":"stefankarlsson"}]}},"_links":{"self":[{"href":"https:\/\/reservofficerarna.se\/reservofficeren\/wp-json\/wp\/v2\/posts\/608","targetHints":{"allow":["GET"]}}],"collection":[{"href":"https:\/\/reservofficerarna.se\/reservofficeren\/wp-json\/wp\/v2\/posts"}],"about":[{"href":"https:\/\/reservofficerarna.se\/reservofficeren\/wp-json\/wp\/v2\/types\/post"}],"author":[{"embeddable":true,"href":"https:\/\/reservofficerarna.se\/reservofficeren\/wp-json\/wp\/v2\/users\/6"}],"replies":[{"embeddable":true,"href":"https:\/\/reservofficerarna.se\/reservofficeren\/wp-json\/wp\/v2\/comments?post=608"}],"version-history":[{"count":10,"href":"https:\/\/reservofficerarna.se\/reservofficeren\/wp-json\/wp\/v2\/posts\/608\/revisions"}],"predecessor-version":[{"id":1320,"href":"https:\/\/reservofficerarna.se\/reservofficeren\/wp-json\/wp\/v2\/posts\/608\/revisions\/1320"}],"wp:featuredmedia":[{"embeddable":true,"href":"https:\/\/reservofficerarna.se\/reservofficeren\/wp-json\/wp\/v2\/media\/620"}],"wp:attachment":[{"href":"https:\/\/reservofficerarna.se\/reservofficeren\/wp-json\/wp\/v2\/media?parent=608"}],"wp:term":[{"taxonomy":"category","embeddable":true,"href":"https:\/\/reservofficerarna.se\/reservofficeren\/wp-json\/wp\/v2\/categories?post=608"},{"taxonomy":"post_tag","embeddable":true,"href":"https:\/\/reservofficerarna.se\/reservofficeren\/wp-json\/wp\/v2\/tags?post=608"}],"curies":[{"name":"wp","href":"https:\/\/api.w.org\/{rel}","templated":true}]}}