{"id":643,"date":"2023-03-24T12:17:59","date_gmt":"2023-03-24T11:17:59","guid":{"rendered":"https:\/\/reservofficerarna.se\/reservofficeren\/?p=643"},"modified":"2023-03-24T12:17:59","modified_gmt":"2023-03-24T11:17:59","slug":"popular-sommarkurs-stalls-in","status":"publish","type":"post","link":"https:\/\/reservofficerarna.se\/reservofficeren\/nyheter\/popular-sommarkurs-stalls-in\/","title":{"rendered":"Popul\u00e4r sommarkurs st\u00e4lls in"},"content":{"rendered":"\n<p class=\"has-lead-text-font-size\">Reservofficers\u00adutbildningarna har lika m\u00e5nga s\u00f6kande som f\u00f6rra \u00e5ret. Men inget har gjorts f\u00f6r att \u00e5tg\u00e4rda det stora bortfall av s\u00f6kande man hade 2022.<\/p>\n\n\n\n<p>F\u00f6rra \u00e5ret kunde F\u00f6rsvarsmakten gl\u00e4djas \u00e5t en \u00f6kning av s\u00f6kande till reservofficersutbildningarna d\u00e5 cirka 300 personer s\u00f6kte till AROU och ROU. D\u00e5varande rekryteringsansvarig, \u00f6v Peter Nilsson, var optimistisk och sa sig ha \u201dgoda f\u00f6rhoppningar att det vi nu ser \u00e4r ett paradigmskifte\u201d n\u00e4r Reservofficeren intervjuande honom i februari 2022.<\/p>\n\n\n\n<p>Mindre roligt blev det n\u00e4r det var dags f\u00f6r inryck. Av drygt 80 antagna var det knappt 40 som p\u00e5b\u00f6rjade utbildningen. I den bortfallsanalys som sedan gjordes sa man att det bland annat berodde p\u00e5 den extremt korta tiden mellan antagningsbesked och kursstart. Det tycktes dessutom r\u00e5da stor f\u00f6rvirring runt antagningsprocessen d\u00e5 flera av de intervjuade i bortfallsanalysen upplevde att de aldrig tackat ja till att g\u00e5 utbildningen.<\/p>\n\n\n<div class=\"wp-block-image\">\n<figure class=\"portrait alignleft size-full is-resized\"><img decoding=\"async\" src=\"https:\/\/reservofficerarna.se\/app\/uploads\/sites\/2\/2023\/03\/cherinet-edited-2.jpg\" alt=\"\" class=\"wp-image-647\" width=\"139\" \/><figcaption class=\"font-sans mt-2 text-sm md:text-base\">Michael Cherinet.<\/figcaption><\/figure>\n<\/div>\n\n\n<p>Michael Cherinet, enhetschef p\u00e5 genomf\u00f6randeenheten, f\u00f6rsvars\u00adstaben, s\u00e4ger att det framf\u00f6r allt \u00e4r en sak han tar med sig fr\u00e5n bortfallsanalysen.\u00a0<\/p>\n\n\n\n<p>\u2013 Vi beh\u00f6ver jobba vidare med f\u00f6rebilder och information om yrket reservofficer. Vad \u00e4r det f\u00f6r slags yrke? Hur ser utbildningen ut? Vad f\u00f6rv\u00e4ntas av mig som reservare? En person som \u00e4r motiverad och verkligen vill bli reservofficer \u00e4r mycket enklare att attrahera till utbildningen, s\u00e4ger han.<\/p>\n\n\n\n<p>Att F\u00f6rsvarsmakten kan ha sv\u00e5rt att konkurrera med civila utbildningar ser han som sj\u00e4lvklart. Men den som v\u00e4ljer en civil utbildning direkt efter v\u00e4rnplikten kanske kommer tillbaka till F\u00f6rsvarsmakten efter n\u00e5gra \u00e5r f\u00f6r att bli reservare? Om man bara fr\u00e5n start lyckats informera om f\u00f6rdelarna med yrket och utbildningen.<\/p>\n\n\n\n<p>Det administrativa kr\u00e5ngel som bortfallsanalysen visade p\u00e5 handlade inte minst om den korta tiden mellan besked om antagning och kursstart, n\u00e5got som inte har \u00e4ndrats till \u00e5rets antagning. &nbsp;<\/p>\n\n\n\n<p>\u2013 Att det ska falla p\u00e5 praktiska ting \u00e4r ju inte bra. Men h\u00e4r f\u00e5r vi se vad vi kan jobba vidare med. Framf\u00f6r allt ska vi fundera p\u00e5 vilka \u00e5tg\u00e4rder som har st\u00f6rst effekt, s\u00e4ger Michael Cherinet och till\u00e4gger att de sena antagningsbeskeden kanske inte \u00e4r ett lika stort problem f\u00f6r elever som \u00e4r motiverade och verkligen vill g\u00e5 en reservofficersutbildning?&nbsp;<\/p>\n\n\n<div class=\"wp-block-image\">\n<figure class=\"alignleft size-large is-resized\"><img decoding=\"async\" src=\"https:\/\/reservofficerarna.se\/app\/uploads\/sites\/2\/2023\/03\/stefan-klawitter-edited.jpg\" alt=\"\" class=\"wp-image-646\" width=\"134\" srcset=\"https:\/\/reservofficerarna.se\/app\/uploads\/sites\/2\/2023\/03\/stefan-klawitter-edited.jpg 1518w, https:\/\/reservofficerarna.se\/app\/uploads\/sites\/2\/2023\/03\/stefan-klawitter-edited-448x600.jpg 448w, https:\/\/reservofficerarna.se\/app\/uploads\/sites\/2\/2023\/03\/stefan-klawitter-edited-672x900.jpg 672w, https:\/\/reservofficerarna.se\/app\/uploads\/sites\/2\/2023\/03\/stefan-klawitter-edited-800x1071.jpg 800w, https:\/\/reservofficerarna.se\/app\/uploads\/sites\/2\/2023\/03\/stefan-klawitter-edited-1147x1536.jpg 1147w, https:\/\/reservofficerarna.se\/app\/uploads\/sites\/2\/2023\/03\/stefan-klawitter-edited-300x402.jpg 300w\" sizes=\"(max-width: 1518px) 100vw, 1518px\" \/><figcaption class=\"font-sans mt-2 text-sm md:text-base\">Stefan Klawitter.<\/figcaption><\/figure>\n<\/div>\n\n\n<p>Stefan Klawitter, Milit\u00e4rh\u00f6gskolan Halmstad, hoppas att de sena antagningsbeskeden kan motverkas av att f\u00f6rbanden &#8221;varmh\u00e5ller&#8221; de s\u00f6kande.\u00a0<\/p>\n\n\n\n<p>\u2013 Samtidigt \u00e4r det d\u00e4r en sv\u00e5r balansg\u00e5ng. Vi har ju haft s\u00f6kande som uppfattat ett samtal fr\u00e5n ett f\u00f6rband som ett beslut och sedan blivit mycket besviken n\u00e4r de inte kommit in, s\u00e4ger han.<\/p>\n\n\n\n<p>En sak som faktiskt \u00e4r annorlunda j\u00e4mf\u00f6rt med f\u00f6rra \u00e5ret \u00e4r att AROU, den mest popul\u00e4ra kursen som genomf\u00f6rs under tv\u00e5 somrar, \u00e4r borta. Den utbildningen g\u00e5r nu i st\u00e4llet som en l\u00e5ng kurs med start vecka 34. &nbsp;<\/p>\n\n\n\n<p>\u2013 Det har mest med rationalitet att g\u00f6ra. Ur rekryteringssynpunkt \u00e4r det nog inte lika bra. Sommarkursen har varit popul\u00e4r d\u00e5 m\u00e5nga studenter gjort den som &#8221;sommarjobb&#8221;, konstaterar Stefan Klawitter. &nbsp;<\/p>\n\n\n\n<p>Rationaliteten best\u00e5r i att AROU nu kommer att samk\u00f6ras med specialist\u00adofficersutbildningen.<\/p>\n\n\n\n<p>\u2013 Det inneb\u00e4r ocks\u00e5 en f\u00f6r\u00e4ndring i inneh\u00e5ll. Nu blir det ju den kurs man alltid k\u00f6rt f\u00f6r specialistofficerare vilket inte \u00e4r densamma som den vi k\u00f6rt f\u00f6r reservofficerarna. Specialistofficerare utbildas trots allt framf\u00f6r allt f\u00f6r att utbilda andra, reservofficerare utbildas f\u00f6r krig. Men vi testar nu s\u00e5 utv\u00e4rderar vi sen, s\u00e4ger Stefan Klawitter.&nbsp;<\/p>\n\n\n\n<p>\u2013 Beslutet handlar framf\u00f6r allt om resurser p\u00e5 Milit\u00e4rh\u00f6gskolan Halmstad. Beslutet har fattats i samr\u00e5d med arm\u00e9staben som s\u00e4ger att deras behov i nul\u00e4get fylls av de utbildningar som finns, s\u00e4ger Michael Cherinet.<\/p>\n\n\n\n<p><strong>S\u00f6kande till reserv\u00adofficersutbildningar 2023<\/strong><\/p>\n\n\n\n<ul class=\"wp-block-list\"><li>ROU (med inryckv. 25): 260 s\u00f6kande till ca 40 platser.<\/li><li>AROU (med inryck v. 34) \u2013 38 s\u00f6kande till ca 30 platser.<\/li><\/ul>\n","protected":false},"excerpt":{"rendered":"<p>Reservofficers\u00adutbildningarna har lika m\u00e5nga s\u00f6kande som f\u00f6rra \u00e5ret. Men inget har gjorts f\u00f6r att \u00e5tg\u00e4rda det stora bortfall av s\u00f6kande man hade 2022. F\u00f6rra \u00e5ret kunde F\u00f6rsvarsmakten gl\u00e4djas \u00e5t en \u00f6kning av s\u00f6kande till reservofficersutbildningarna d\u00e5 cirka 300 personer s\u00f6kte till AROU och ROU. D\u00e5varande rekryteringsansvarig, \u00f6v Peter Nilsson, var optimistisk och sa sig ha &hellip;<\/p>\n","protected":false},"author":6,"featured_media":644,"comment_status":"closed","ping_status":"closed","sticky":true,"template":"","format":"standard","meta":{"_acf_changed":false,"footnotes":""},"categories":[1],"tags":[],"class_list":["post-643","post","type-post","status-publish","format-standard","has-post-thumbnail","hentry","category-nyheter"],"acf":[],"yoast_head":"<!-- This site is optimized with the Yoast SEO plugin v27.4 - https:\/\/yoast.com\/product\/yoast-seo-wordpress\/ -->\n<title>Popul\u00e4r sommarkurs st\u00e4lls in - Reservofficeren<\/title>\n<meta name=\"robots\" content=\"index, follow, max-snippet:-1, max-image-preview:large, max-video-preview:-1\" \/>\n<link rel=\"canonical\" href=\"https:\/\/reservofficerarna.se\/reservofficeren\/nyheter\/popular-sommarkurs-stalls-in\/\" \/>\n<meta property=\"og:locale\" content=\"sv_SE\" \/>\n<meta property=\"og:type\" content=\"article\" \/>\n<meta property=\"og:title\" content=\"Popul\u00e4r sommarkurs st\u00e4lls in - Reservofficeren\" \/>\n<meta property=\"og:description\" content=\"Reservofficers\u00adutbildningarna har lika m\u00e5nga s\u00f6kande som f\u00f6rra \u00e5ret. Men inget har gjorts f\u00f6r att \u00e5tg\u00e4rda det stora bortfall av s\u00f6kande man hade 2022. F\u00f6rra \u00e5ret kunde F\u00f6rsvarsmakten gl\u00e4djas \u00e5t en \u00f6kning av s\u00f6kande till reservofficersutbildningarna d\u00e5 cirka 300 personer s\u00f6kte till AROU och ROU. D\u00e5varande rekryteringsansvarig, \u00f6v Peter Nilsson, var optimistisk och sa sig ha &hellip;\" \/>\n<meta property=\"og:url\" content=\"https:\/\/reservofficerarna.se\/reservofficeren\/nyheter\/popular-sommarkurs-stalls-in\/\" \/>\n<meta property=\"og:site_name\" content=\"Reservofficeren\" \/>\n<meta property=\"article:published_time\" content=\"2023-03-24T11:17:59+00:00\" \/>\n<meta property=\"og:image\" content=\"https:\/\/reservofficerarna.se\/app\/uploads\/sites\/2\/2023\/03\/dragare-sommarkursinstalld.jpg\" \/>\n\t<meta property=\"og:image:width\" content=\"1920\" \/>\n\t<meta property=\"og:image:height\" content=\"1280\" \/>\n\t<meta property=\"og:image:type\" content=\"image\/jpeg\" \/>\n<meta name=\"author\" content=\"stefankarlsson\" \/>\n<meta name=\"twitter:card\" content=\"summary_large_image\" \/>\n<meta name=\"twitter:label1\" content=\"Skriven av\" \/>\n\t<meta name=\"twitter:data1\" content=\"stefankarlsson\" \/>\n\t<meta name=\"twitter:label2\" content=\"Ber\u00e4knad l\u00e4stid\" \/>\n\t<meta name=\"twitter:data2\" content=\"4 minuter\" \/>\n<script type=\"application\/ld+json\" class=\"yoast-schema-graph\">{\"@context\":\"https:\\\/\\\/schema.org\",\"@graph\":[{\"@type\":\"Article\",\"@id\":\"https:\\\/\\\/reservofficerarna.se\\\/reservofficeren\\\/nyheter\\\/popular-sommarkurs-stalls-in\\\/#article\",\"isPartOf\":{\"@id\":\"https:\\\/\\\/reservofficerarna.se\\\/reservofficeren\\\/nyheter\\\/popular-sommarkurs-stalls-in\\\/\"},\"author\":{\"name\":\"stefankarlsson\",\"@id\":\"https:\\\/\\\/staging.reservofficerarna.se\\\/reservofficeren\\\/#\\\/schema\\\/person\\\/4651143909a9d29449002ffe05af7cc0\"},\"headline\":\"Popul\u00e4r sommarkurs st\u00e4lls in\",\"datePublished\":\"2023-03-24T11:17:59+00:00\",\"mainEntityOfPage\":{\"@id\":\"https:\\\/\\\/reservofficerarna.se\\\/reservofficeren\\\/nyheter\\\/popular-sommarkurs-stalls-in\\\/\"},\"wordCount\":690,\"image\":{\"@id\":\"https:\\\/\\\/reservofficerarna.se\\\/reservofficeren\\\/nyheter\\\/popular-sommarkurs-stalls-in\\\/#primaryimage\"},\"thumbnailUrl\":\"https:\\\/\\\/reservofficerarna.se\\\/app\\\/uploads\\\/sites\\\/2\\\/2023\\\/03\\\/dragare-sommarkursinstalld.jpg\",\"articleSection\":[\"Nyheter\"],\"inLanguage\":\"sv-SE\"},{\"@type\":\"WebPage\",\"@id\":\"https:\\\/\\\/reservofficerarna.se\\\/reservofficeren\\\/nyheter\\\/popular-sommarkurs-stalls-in\\\/\",\"url\":\"https:\\\/\\\/reservofficerarna.se\\\/reservofficeren\\\/nyheter\\\/popular-sommarkurs-stalls-in\\\/\",\"name\":\"Popul\u00e4r sommarkurs st\u00e4lls in - Reservofficeren\",\"isPartOf\":{\"@id\":\"https:\\\/\\\/staging.reservofficerarna.se\\\/reservofficeren\\\/#website\"},\"primaryImageOfPage\":{\"@id\":\"https:\\\/\\\/reservofficerarna.se\\\/reservofficeren\\\/nyheter\\\/popular-sommarkurs-stalls-in\\\/#primaryimage\"},\"image\":{\"@id\":\"https:\\\/\\\/reservofficerarna.se\\\/reservofficeren\\\/nyheter\\\/popular-sommarkurs-stalls-in\\\/#primaryimage\"},\"thumbnailUrl\":\"https:\\\/\\\/reservofficerarna.se\\\/app\\\/uploads\\\/sites\\\/2\\\/2023\\\/03\\\/dragare-sommarkursinstalld.jpg\",\"datePublished\":\"2023-03-24T11:17:59+00:00\",\"author\":{\"@id\":\"https:\\\/\\\/staging.reservofficerarna.se\\\/reservofficeren\\\/#\\\/schema\\\/person\\\/4651143909a9d29449002ffe05af7cc0\"},\"breadcrumb\":{\"@id\":\"https:\\\/\\\/reservofficerarna.se\\\/reservofficeren\\\/nyheter\\\/popular-sommarkurs-stalls-in\\\/#breadcrumb\"},\"inLanguage\":\"sv-SE\",\"potentialAction\":[{\"@type\":\"ReadAction\",\"target\":[\"https:\\\/\\\/reservofficerarna.se\\\/reservofficeren\\\/nyheter\\\/popular-sommarkurs-stalls-in\\\/\"]}]},{\"@type\":\"ImageObject\",\"inLanguage\":\"sv-SE\",\"@id\":\"https:\\\/\\\/reservofficerarna.se\\\/reservofficeren\\\/nyheter\\\/popular-sommarkurs-stalls-in\\\/#primaryimage\",\"url\":\"https:\\\/\\\/reservofficerarna.se\\\/app\\\/uploads\\\/sites\\\/2\\\/2023\\\/03\\\/dragare-sommarkursinstalld.jpg\",\"contentUrl\":\"https:\\\/\\\/reservofficerarna.se\\\/app\\\/uploads\\\/sites\\\/2\\\/2023\\\/03\\\/dragare-sommarkursinstalld.jpg\",\"width\":1920,\"height\":1280,\"caption\":\"Bortfallsanalysen visade p\u00e5 att m\u00e5nga s\u00f6kande upplevde administrativt kr\u00e5ngel.\"},{\"@type\":\"BreadcrumbList\",\"@id\":\"https:\\\/\\\/reservofficerarna.se\\\/reservofficeren\\\/nyheter\\\/popular-sommarkurs-stalls-in\\\/#breadcrumb\",\"itemListElement\":[{\"@type\":\"ListItem\",\"position\":1,\"name\":\"Hem\",\"item\":\"https:\\\/\\\/reservofficerarna.se\\\/reservofficeren\\\/\"},{\"@type\":\"ListItem\",\"position\":2,\"name\":\"Popul\u00e4r sommarkurs st\u00e4lls in\"}]},{\"@type\":\"WebSite\",\"@id\":\"https:\\\/\\\/staging.reservofficerarna.se\\\/reservofficeren\\\/#website\",\"url\":\"https:\\\/\\\/staging.reservofficerarna.se\\\/reservofficeren\\\/\",\"name\":\"Reservofficeren\",\"description\":\"F\u00f6rbundet Reservofficerarnas tidning\",\"potentialAction\":[{\"@type\":\"SearchAction\",\"target\":{\"@type\":\"EntryPoint\",\"urlTemplate\":\"https:\\\/\\\/staging.reservofficerarna.se\\\/reservofficeren\\\/?s={search_term_string}\"},\"query-input\":{\"@type\":\"PropertyValueSpecification\",\"valueRequired\":true,\"valueName\":\"search_term_string\"}}],\"inLanguage\":\"sv-SE\"},{\"@type\":\"Person\",\"@id\":\"https:\\\/\\\/staging.reservofficerarna.se\\\/reservofficeren\\\/#\\\/schema\\\/person\\\/4651143909a9d29449002ffe05af7cc0\",\"name\":\"stefankarlsson\"}]}<\/script>\n<!-- \/ Yoast SEO plugin. -->","yoast_head_json":{"title":"Popul\u00e4r sommarkurs st\u00e4lls in - Reservofficeren","robots":{"index":"index","follow":"follow","max-snippet":"max-snippet:-1","max-image-preview":"max-image-preview:large","max-video-preview":"max-video-preview:-1"},"canonical":"https:\/\/reservofficerarna.se\/reservofficeren\/nyheter\/popular-sommarkurs-stalls-in\/","og_locale":"sv_SE","og_type":"article","og_title":"Popul\u00e4r sommarkurs st\u00e4lls in - Reservofficeren","og_description":"Reservofficers\u00adutbildningarna har lika m\u00e5nga s\u00f6kande som f\u00f6rra \u00e5ret. Men inget har gjorts f\u00f6r att \u00e5tg\u00e4rda det stora bortfall av s\u00f6kande man hade 2022. F\u00f6rra \u00e5ret kunde F\u00f6rsvarsmakten gl\u00e4djas \u00e5t en \u00f6kning av s\u00f6kande till reservofficersutbildningarna d\u00e5 cirka 300 personer s\u00f6kte till AROU och ROU. D\u00e5varande rekryteringsansvarig, \u00f6v Peter Nilsson, var optimistisk och sa sig ha &hellip;","og_url":"https:\/\/reservofficerarna.se\/reservofficeren\/nyheter\/popular-sommarkurs-stalls-in\/","og_site_name":"Reservofficeren","article_published_time":"2023-03-24T11:17:59+00:00","og_image":[{"width":1920,"height":1280,"url":"https:\/\/reservofficerarna.se\/app\/uploads\/sites\/2\/2023\/03\/dragare-sommarkursinstalld.jpg","type":"image\/jpeg"}],"author":"stefankarlsson","twitter_card":"summary_large_image","twitter_misc":{"Skriven av":"stefankarlsson","Ber\u00e4knad l\u00e4stid":"4 minuter"},"schema":{"@context":"https:\/\/schema.org","@graph":[{"@type":"Article","@id":"https:\/\/reservofficerarna.se\/reservofficeren\/nyheter\/popular-sommarkurs-stalls-in\/#article","isPartOf":{"@id":"https:\/\/reservofficerarna.se\/reservofficeren\/nyheter\/popular-sommarkurs-stalls-in\/"},"author":{"name":"stefankarlsson","@id":"https:\/\/staging.reservofficerarna.se\/reservofficeren\/#\/schema\/person\/4651143909a9d29449002ffe05af7cc0"},"headline":"Popul\u00e4r sommarkurs st\u00e4lls in","datePublished":"2023-03-24T11:17:59+00:00","mainEntityOfPage":{"@id":"https:\/\/reservofficerarna.se\/reservofficeren\/nyheter\/popular-sommarkurs-stalls-in\/"},"wordCount":690,"image":{"@id":"https:\/\/reservofficerarna.se\/reservofficeren\/nyheter\/popular-sommarkurs-stalls-in\/#primaryimage"},"thumbnailUrl":"https:\/\/reservofficerarna.se\/app\/uploads\/sites\/2\/2023\/03\/dragare-sommarkursinstalld.jpg","articleSection":["Nyheter"],"inLanguage":"sv-SE"},{"@type":"WebPage","@id":"https:\/\/reservofficerarna.se\/reservofficeren\/nyheter\/popular-sommarkurs-stalls-in\/","url":"https:\/\/reservofficerarna.se\/reservofficeren\/nyheter\/popular-sommarkurs-stalls-in\/","name":"Popul\u00e4r sommarkurs st\u00e4lls in - Reservofficeren","isPartOf":{"@id":"https:\/\/staging.reservofficerarna.se\/reservofficeren\/#website"},"primaryImageOfPage":{"@id":"https:\/\/reservofficerarna.se\/reservofficeren\/nyheter\/popular-sommarkurs-stalls-in\/#primaryimage"},"image":{"@id":"https:\/\/reservofficerarna.se\/reservofficeren\/nyheter\/popular-sommarkurs-stalls-in\/#primaryimage"},"thumbnailUrl":"https:\/\/reservofficerarna.se\/app\/uploads\/sites\/2\/2023\/03\/dragare-sommarkursinstalld.jpg","datePublished":"2023-03-24T11:17:59+00:00","author":{"@id":"https:\/\/staging.reservofficerarna.se\/reservofficeren\/#\/schema\/person\/4651143909a9d29449002ffe05af7cc0"},"breadcrumb":{"@id":"https:\/\/reservofficerarna.se\/reservofficeren\/nyheter\/popular-sommarkurs-stalls-in\/#breadcrumb"},"inLanguage":"sv-SE","potentialAction":[{"@type":"ReadAction","target":["https:\/\/reservofficerarna.se\/reservofficeren\/nyheter\/popular-sommarkurs-stalls-in\/"]}]},{"@type":"ImageObject","inLanguage":"sv-SE","@id":"https:\/\/reservofficerarna.se\/reservofficeren\/nyheter\/popular-sommarkurs-stalls-in\/#primaryimage","url":"https:\/\/reservofficerarna.se\/app\/uploads\/sites\/2\/2023\/03\/dragare-sommarkursinstalld.jpg","contentUrl":"https:\/\/reservofficerarna.se\/app\/uploads\/sites\/2\/2023\/03\/dragare-sommarkursinstalld.jpg","width":1920,"height":1280,"caption":"Bortfallsanalysen visade p\u00e5 att m\u00e5nga s\u00f6kande upplevde administrativt kr\u00e5ngel."},{"@type":"BreadcrumbList","@id":"https:\/\/reservofficerarna.se\/reservofficeren\/nyheter\/popular-sommarkurs-stalls-in\/#breadcrumb","itemListElement":[{"@type":"ListItem","position":1,"name":"Hem","item":"https:\/\/reservofficerarna.se\/reservofficeren\/"},{"@type":"ListItem","position":2,"name":"Popul\u00e4r sommarkurs st\u00e4lls in"}]},{"@type":"WebSite","@id":"https:\/\/staging.reservofficerarna.se\/reservofficeren\/#website","url":"https:\/\/staging.reservofficerarna.se\/reservofficeren\/","name":"Reservofficeren","description":"F\u00f6rbundet Reservofficerarnas tidning","potentialAction":[{"@type":"SearchAction","target":{"@type":"EntryPoint","urlTemplate":"https:\/\/staging.reservofficerarna.se\/reservofficeren\/?s={search_term_string}"},"query-input":{"@type":"PropertyValueSpecification","valueRequired":true,"valueName":"search_term_string"}}],"inLanguage":"sv-SE"},{"@type":"Person","@id":"https:\/\/staging.reservofficerarna.se\/reservofficeren\/#\/schema\/person\/4651143909a9d29449002ffe05af7cc0","name":"stefankarlsson"}]}},"_links":{"self":[{"href":"https:\/\/reservofficerarna.se\/reservofficeren\/wp-json\/wp\/v2\/posts\/643","targetHints":{"allow":["GET"]}}],"collection":[{"href":"https:\/\/reservofficerarna.se\/reservofficeren\/wp-json\/wp\/v2\/posts"}],"about":[{"href":"https:\/\/reservofficerarna.se\/reservofficeren\/wp-json\/wp\/v2\/types\/post"}],"author":[{"embeddable":true,"href":"https:\/\/reservofficerarna.se\/reservofficeren\/wp-json\/wp\/v2\/users\/6"}],"replies":[{"embeddable":true,"href":"https:\/\/reservofficerarna.se\/reservofficeren\/wp-json\/wp\/v2\/comments?post=643"}],"version-history":[{"count":5,"href":"https:\/\/reservofficerarna.se\/reservofficeren\/wp-json\/wp\/v2\/posts\/643\/revisions"}],"predecessor-version":[{"id":652,"href":"https:\/\/reservofficerarna.se\/reservofficeren\/wp-json\/wp\/v2\/posts\/643\/revisions\/652"}],"wp:featuredmedia":[{"embeddable":true,"href":"https:\/\/reservofficerarna.se\/reservofficeren\/wp-json\/wp\/v2\/media\/644"}],"wp:attachment":[{"href":"https:\/\/reservofficerarna.se\/reservofficeren\/wp-json\/wp\/v2\/media?parent=643"}],"wp:term":[{"taxonomy":"category","embeddable":true,"href":"https:\/\/reservofficerarna.se\/reservofficeren\/wp-json\/wp\/v2\/categories?post=643"},{"taxonomy":"post_tag","embeddable":true,"href":"https:\/\/reservofficerarna.se\/reservofficeren\/wp-json\/wp\/v2\/tags?post=643"}],"curies":[{"name":"wp","href":"https:\/\/api.w.org\/{rel}","templated":true}]}}