{"id":846,"date":"2023-07-03T14:17:44","date_gmt":"2023-07-03T12:17:44","guid":{"rendered":"https:\/\/reservofficerarna.se\/reservofficeren\/?p=846"},"modified":"2023-07-03T14:18:13","modified_gmt":"2023-07-03T12:18:13","slug":"nytt-kollektivavtal-for-reservofficerare","status":"publish","type":"post","link":"https:\/\/reservofficerarna.se\/reservofficeren\/nyheter\/nytt-kollektivavtal-for-reservofficerare\/","title":{"rendered":"Nytt kollektivavtal f\u00f6r reservofficerare"},"content":{"rendered":"\n<p><strong>Sedan den 1 juli g\u00e4ller ett nytt kollektivavtal f\u00f6r Sveriges reservofficerare. De viktigaste fr\u00e5gorna r\u00f6r r\u00e4tt till premie, avskaffande av kalenderdagl\u00f6n samt RO3. <a href=\"https:\/\/reservofficerarna.se\/app\/uploads\/sites\/2\/2023\/07\/fm2023-16561-avtal-om-anstaxxllningsvillkor-foxxr-reservofficerare.pdf\" target=\"_blank\" rel=\"noreferrer noopener\">L\u00e4s avtalet h\u00e4r<\/a>.<\/strong><\/p>\n\n\n\n<p>Ing\u00e5ende information om avtalet och dess betydelse kommer efter sommaren.<\/p>\n","protected":false},"excerpt":{"rendered":"<p>Sedan den 1 juli g\u00e4ller ett nytt kollektivavtal f\u00f6r Sveriges reservofficerare. De viktigaste fr\u00e5gorna r\u00f6r r\u00e4tt till premie, avskaffande av kalenderdagl\u00f6n samt RO3. L\u00e4s avtalet h\u00e4r. Ing\u00e5ende information om avtalet och dess betydelse kommer efter sommaren.<\/p>\n","protected":false},"author":3,"featured_media":0,"comment_status":"closed","ping_status":"closed","sticky":true,"template":"","format":"standard","meta":{"_acf_changed":false,"footnotes":""},"categories":[1],"tags":[],"class_list":["post-846","post","type-post","status-publish","format-standard","hentry","category-nyheter"],"acf":[],"yoast_head":"<!-- This site is optimized with the Yoast SEO plugin v27.4 - https:\/\/yoast.com\/product\/yoast-seo-wordpress\/ -->\n<title>Nytt kollektivavtal f\u00f6r reservofficerare - Reservofficeren<\/title>\n<meta name=\"robots\" content=\"index, follow, max-snippet:-1, max-image-preview:large, max-video-preview:-1\" \/>\n<link rel=\"canonical\" href=\"https:\/\/reservofficerarna.se\/reservofficeren\/nyheter\/nytt-kollektivavtal-for-reservofficerare\/\" \/>\n<meta property=\"og:locale\" content=\"sv_SE\" \/>\n<meta property=\"og:type\" content=\"article\" \/>\n<meta property=\"og:title\" content=\"Nytt kollektivavtal f\u00f6r reservofficerare - Reservofficeren\" \/>\n<meta property=\"og:description\" content=\"Sedan den 1 juli g\u00e4ller ett nytt kollektivavtal f\u00f6r Sveriges reservofficerare. De viktigaste fr\u00e5gorna r\u00f6r r\u00e4tt till premie, avskaffande av kalenderdagl\u00f6n samt RO3. L\u00e4s avtalet h\u00e4r. Ing\u00e5ende information om avtalet och dess betydelse kommer efter sommaren.\" \/>\n<meta property=\"og:url\" content=\"https:\/\/reservofficerarna.se\/reservofficeren\/nyheter\/nytt-kollektivavtal-for-reservofficerare\/\" \/>\n<meta property=\"og:site_name\" content=\"Reservofficeren\" \/>\n<meta property=\"article:published_time\" content=\"2023-07-03T12:17:44+00:00\" \/>\n<meta property=\"article:modified_time\" content=\"2023-07-03T12:18:13+00:00\" \/>\n<meta property=\"og:image\" content=\"https:\/\/reservofficerarna.se\/app\/uploads\/sites\/2\/2022\/04\/og-reservofficerarna.png\" \/>\n\t<meta property=\"og:image:width\" content=\"1200\" \/>\n\t<meta property=\"og:image:height\" content=\"630\" \/>\n\t<meta property=\"og:image:type\" content=\"image\/png\" \/>\n<meta name=\"author\" content=\"peppe\" \/>\n<meta name=\"twitter:card\" content=\"summary_large_image\" \/>\n<meta name=\"twitter:label1\" content=\"Skriven av\" \/>\n\t<meta name=\"twitter:data1\" content=\"peppe\" \/>\n\t<meta name=\"twitter:label2\" content=\"Ber\u00e4knad l\u00e4stid\" \/>\n\t<meta name=\"twitter:data2\" content=\"1 minut\" \/>\n<script type=\"application\/ld+json\" class=\"yoast-schema-graph\">{\"@context\":\"https:\\\/\\\/schema.org\",\"@graph\":[{\"@type\":\"Article\",\"@id\":\"https:\\\/\\\/reservofficerarna.se\\\/reservofficeren\\\/nyheter\\\/nytt-kollektivavtal-for-reservofficerare\\\/#article\",\"isPartOf\":{\"@id\":\"https:\\\/\\\/reservofficerarna.se\\\/reservofficeren\\\/nyheter\\\/nytt-kollektivavtal-for-reservofficerare\\\/\"},\"author\":{\"name\":\"peppe\",\"@id\":\"https:\\\/\\\/staging.reservofficerarna.se\\\/reservofficeren\\\/#\\\/schema\\\/person\\\/e54d4ce6e97dafa99e73f02a5296a8b8\"},\"headline\":\"Nytt kollektivavtal f\u00f6r reservofficerare\",\"datePublished\":\"2023-07-03T12:17:44+00:00\",\"dateModified\":\"2023-07-03T12:18:13+00:00\",\"mainEntityOfPage\":{\"@id\":\"https:\\\/\\\/reservofficerarna.se\\\/reservofficeren\\\/nyheter\\\/nytt-kollektivavtal-for-reservofficerare\\\/\"},\"wordCount\":49,\"articleSection\":[\"Nyheter\"],\"inLanguage\":\"sv-SE\"},{\"@type\":\"WebPage\",\"@id\":\"https:\\\/\\\/reservofficerarna.se\\\/reservofficeren\\\/nyheter\\\/nytt-kollektivavtal-for-reservofficerare\\\/\",\"url\":\"https:\\\/\\\/reservofficerarna.se\\\/reservofficeren\\\/nyheter\\\/nytt-kollektivavtal-for-reservofficerare\\\/\",\"name\":\"Nytt kollektivavtal f\u00f6r reservofficerare - Reservofficeren\",\"isPartOf\":{\"@id\":\"https:\\\/\\\/staging.reservofficerarna.se\\\/reservofficeren\\\/#website\"},\"datePublished\":\"2023-07-03T12:17:44+00:00\",\"dateModified\":\"2023-07-03T12:18:13+00:00\",\"author\":{\"@id\":\"https:\\\/\\\/staging.reservofficerarna.se\\\/reservofficeren\\\/#\\\/schema\\\/person\\\/e54d4ce6e97dafa99e73f02a5296a8b8\"},\"breadcrumb\":{\"@id\":\"https:\\\/\\\/reservofficerarna.se\\\/reservofficeren\\\/nyheter\\\/nytt-kollektivavtal-for-reservofficerare\\\/#breadcrumb\"},\"inLanguage\":\"sv-SE\",\"potentialAction\":[{\"@type\":\"ReadAction\",\"target\":[\"https:\\\/\\\/reservofficerarna.se\\\/reservofficeren\\\/nyheter\\\/nytt-kollektivavtal-for-reservofficerare\\\/\"]}]},{\"@type\":\"BreadcrumbList\",\"@id\":\"https:\\\/\\\/reservofficerarna.se\\\/reservofficeren\\\/nyheter\\\/nytt-kollektivavtal-for-reservofficerare\\\/#breadcrumb\",\"itemListElement\":[{\"@type\":\"ListItem\",\"position\":1,\"name\":\"Hem\",\"item\":\"https:\\\/\\\/reservofficerarna.se\\\/reservofficeren\\\/\"},{\"@type\":\"ListItem\",\"position\":2,\"name\":\"Nytt kollektivavtal f\u00f6r reservofficerare\"}]},{\"@type\":\"WebSite\",\"@id\":\"https:\\\/\\\/staging.reservofficerarna.se\\\/reservofficeren\\\/#website\",\"url\":\"https:\\\/\\\/staging.reservofficerarna.se\\\/reservofficeren\\\/\",\"name\":\"Reservofficeren\",\"description\":\"F\u00f6rbundet Reservofficerarnas tidning\",\"potentialAction\":[{\"@type\":\"SearchAction\",\"target\":{\"@type\":\"EntryPoint\",\"urlTemplate\":\"https:\\\/\\\/staging.reservofficerarna.se\\\/reservofficeren\\\/?s={search_term_string}\"},\"query-input\":{\"@type\":\"PropertyValueSpecification\",\"valueRequired\":true,\"valueName\":\"search_term_string\"}}],\"inLanguage\":\"sv-SE\"},{\"@type\":\"Person\",\"@id\":\"https:\\\/\\\/staging.reservofficerarna.se\\\/reservofficeren\\\/#\\\/schema\\\/person\\\/e54d4ce6e97dafa99e73f02a5296a8b8\",\"name\":\"peppe\"}]}<\/script>\n<!-- \/ Yoast SEO plugin. -->","yoast_head_json":{"title":"Nytt kollektivavtal f\u00f6r reservofficerare - Reservofficeren","robots":{"index":"index","follow":"follow","max-snippet":"max-snippet:-1","max-image-preview":"max-image-preview:large","max-video-preview":"max-video-preview:-1"},"canonical":"https:\/\/reservofficerarna.se\/reservofficeren\/nyheter\/nytt-kollektivavtal-for-reservofficerare\/","og_locale":"sv_SE","og_type":"article","og_title":"Nytt kollektivavtal f\u00f6r reservofficerare - Reservofficeren","og_description":"Sedan den 1 juli g\u00e4ller ett nytt kollektivavtal f\u00f6r Sveriges reservofficerare. De viktigaste fr\u00e5gorna r\u00f6r r\u00e4tt till premie, avskaffande av kalenderdagl\u00f6n samt RO3. L\u00e4s avtalet h\u00e4r. Ing\u00e5ende information om avtalet och dess betydelse kommer efter sommaren.","og_url":"https:\/\/reservofficerarna.se\/reservofficeren\/nyheter\/nytt-kollektivavtal-for-reservofficerare\/","og_site_name":"Reservofficeren","article_published_time":"2023-07-03T12:17:44+00:00","article_modified_time":"2023-07-03T12:18:13+00:00","og_image":[{"width":1200,"height":630,"url":"https:\/\/reservofficerarna.se\/app\/uploads\/sites\/2\/2022\/04\/og-reservofficerarna.png","type":"image\/png"}],"author":"peppe","twitter_card":"summary_large_image","twitter_misc":{"Skriven av":"peppe","Ber\u00e4knad l\u00e4stid":"1 minut"},"schema":{"@context":"https:\/\/schema.org","@graph":[{"@type":"Article","@id":"https:\/\/reservofficerarna.se\/reservofficeren\/nyheter\/nytt-kollektivavtal-for-reservofficerare\/#article","isPartOf":{"@id":"https:\/\/reservofficerarna.se\/reservofficeren\/nyheter\/nytt-kollektivavtal-for-reservofficerare\/"},"author":{"name":"peppe","@id":"https:\/\/staging.reservofficerarna.se\/reservofficeren\/#\/schema\/person\/e54d4ce6e97dafa99e73f02a5296a8b8"},"headline":"Nytt kollektivavtal f\u00f6r reservofficerare","datePublished":"2023-07-03T12:17:44+00:00","dateModified":"2023-07-03T12:18:13+00:00","mainEntityOfPage":{"@id":"https:\/\/reservofficerarna.se\/reservofficeren\/nyheter\/nytt-kollektivavtal-for-reservofficerare\/"},"wordCount":49,"articleSection":["Nyheter"],"inLanguage":"sv-SE"},{"@type":"WebPage","@id":"https:\/\/reservofficerarna.se\/reservofficeren\/nyheter\/nytt-kollektivavtal-for-reservofficerare\/","url":"https:\/\/reservofficerarna.se\/reservofficeren\/nyheter\/nytt-kollektivavtal-for-reservofficerare\/","name":"Nytt kollektivavtal f\u00f6r reservofficerare - Reservofficeren","isPartOf":{"@id":"https:\/\/staging.reservofficerarna.se\/reservofficeren\/#website"},"datePublished":"2023-07-03T12:17:44+00:00","dateModified":"2023-07-03T12:18:13+00:00","author":{"@id":"https:\/\/staging.reservofficerarna.se\/reservofficeren\/#\/schema\/person\/e54d4ce6e97dafa99e73f02a5296a8b8"},"breadcrumb":{"@id":"https:\/\/reservofficerarna.se\/reservofficeren\/nyheter\/nytt-kollektivavtal-for-reservofficerare\/#breadcrumb"},"inLanguage":"sv-SE","potentialAction":[{"@type":"ReadAction","target":["https:\/\/reservofficerarna.se\/reservofficeren\/nyheter\/nytt-kollektivavtal-for-reservofficerare\/"]}]},{"@type":"BreadcrumbList","@id":"https:\/\/reservofficerarna.se\/reservofficeren\/nyheter\/nytt-kollektivavtal-for-reservofficerare\/#breadcrumb","itemListElement":[{"@type":"ListItem","position":1,"name":"Hem","item":"https:\/\/reservofficerarna.se\/reservofficeren\/"},{"@type":"ListItem","position":2,"name":"Nytt kollektivavtal f\u00f6r reservofficerare"}]},{"@type":"WebSite","@id":"https:\/\/staging.reservofficerarna.se\/reservofficeren\/#website","url":"https:\/\/staging.reservofficerarna.se\/reservofficeren\/","name":"Reservofficeren","description":"F\u00f6rbundet Reservofficerarnas tidning","potentialAction":[{"@type":"SearchAction","target":{"@type":"EntryPoint","urlTemplate":"https:\/\/staging.reservofficerarna.se\/reservofficeren\/?s={search_term_string}"},"query-input":{"@type":"PropertyValueSpecification","valueRequired":true,"valueName":"search_term_string"}}],"inLanguage":"sv-SE"},{"@type":"Person","@id":"https:\/\/staging.reservofficerarna.se\/reservofficeren\/#\/schema\/person\/e54d4ce6e97dafa99e73f02a5296a8b8","name":"peppe"}]}},"_links":{"self":[{"href":"https:\/\/reservofficerarna.se\/reservofficeren\/wp-json\/wp\/v2\/posts\/846","targetHints":{"allow":["GET"]}}],"collection":[{"href":"https:\/\/reservofficerarna.se\/reservofficeren\/wp-json\/wp\/v2\/posts"}],"about":[{"href":"https:\/\/reservofficerarna.se\/reservofficeren\/wp-json\/wp\/v2\/types\/post"}],"author":[{"embeddable":true,"href":"https:\/\/reservofficerarna.se\/reservofficeren\/wp-json\/wp\/v2\/users\/3"}],"replies":[{"embeddable":true,"href":"https:\/\/reservofficerarna.se\/reservofficeren\/wp-json\/wp\/v2\/comments?post=846"}],"version-history":[{"count":2,"href":"https:\/\/reservofficerarna.se\/reservofficeren\/wp-json\/wp\/v2\/posts\/846\/revisions"}],"predecessor-version":[{"id":849,"href":"https:\/\/reservofficerarna.se\/reservofficeren\/wp-json\/wp\/v2\/posts\/846\/revisions\/849"}],"wp:attachment":[{"href":"https:\/\/reservofficerarna.se\/reservofficeren\/wp-json\/wp\/v2\/media?parent=846"}],"wp:term":[{"taxonomy":"category","embeddable":true,"href":"https:\/\/reservofficerarna.se\/reservofficeren\/wp-json\/wp\/v2\/categories?post=846"},{"taxonomy":"post_tag","embeddable":true,"href":"https:\/\/reservofficerarna.se\/reservofficeren\/wp-json\/wp\/v2\/tags?post=846"}],"curies":[{"name":"wp","href":"https:\/\/api.w.org\/{rel}","templated":true}]}}