{"id":859,"date":"2023-08-15T09:00:00","date_gmt":"2023-08-15T07:00:00","guid":{"rendered":"https:\/\/reservofficerarna.se\/reservofficeren\/?p=859"},"modified":"2023-08-01T12:40:17","modified_gmt":"2023-08-01T10:40:17","slug":"reservare-ar-en-resurs-for-hela-totalforsvaret","status":"publish","type":"post","link":"https:\/\/reservofficerarna.se\/reservofficeren\/nyheter\/reservare-ar-en-resurs-for-hela-totalforsvaret\/","title":{"rendered":"Reservare \u00e4r en resurs f\u00f6r hela totalf\u00f6rsvaret"},"content":{"rendered":"\n<p class=\"has-lead-text-font-size\">I slutet av april genomf\u00f6rdes ett m\u00f6te p\u00e5 departementet f\u00f6r civilt f\u00f6rsvar, i syfte att visa p\u00e5 vilken resurs som reservofficerare kan utg\u00f6ra i hela totalf\u00f6rsvaret.<\/p>\n\n\n<div class=\"wp-block-image\">\n<figure class=\"alignleft size-full is-resized\"><img decoding=\"async\" src=\"https:\/\/reservofficerarna.se\/app\/uploads\/sites\/2\/2023\/08\/johan-berggren-edited.jpg\" alt=\"\" class=\"wp-image-865\" width=\"239\" srcset=\"https:\/\/reservofficerarna.se\/app\/uploads\/sites\/2\/2023\/08\/johan-berggren-edited.jpg 534w, https:\/\/reservofficerarna.se\/app\/uploads\/sites\/2\/2023\/08\/johan-berggren-edited-300x200.jpg 300w\" sizes=\"(max-width: 534px) 100vw, 534px\" \/><figcaption class=\"font-sans mt-2 text-sm md:text-base\">Johan Berggren.<\/figcaption><\/figure>\n<\/div>\n\n\n<p>\u2013 Statssekreteraren Johan Berggren visade stort intresse, s\u00e4ger Nils Kjellgren, som deltog i m\u00f6tet.<\/p>\n\n\n\n<p>Av F\u00f6rsvarsmaktens 6\u2009800 reservofficerare finns en stor kompetens som s\u00e4llan eller aldrig nyttjas. Behovet av reservofficerare kommer att \u00f6ka kraftfullt, men inte alla kommer att vara aktuella f\u00f6r tj\u00e4nstg\u00f6ring.<\/p>\n\n\n\n<p>Ett f\u00f6rslag fr\u00e5n F\u00f6rbundet Reserv\u00adofficerarna \u00e4r d\u00e4rf\u00f6r att bredda reservofficerens tj\u00e4nstg\u00f6ringsomr\u00e5de till hela totalf\u00f6rsvaret. En kompetens\u00adinventering b\u00f6r g\u00f6ras, d\u00e4r milit\u00e4ra och civila kompetenser analyseras. D\u00e4refter b\u00f6r r\u00e4tt reservofficer matchas med r\u00e4tt befattning, s\u00e5 att den milit\u00e4ra krigsorganisationen i f\u00f6rsta hand bemannas. De som kan och vill, ska erbjudas krigsplacering och olika befattningar i totalf\u00f6rsvaret, exempelvis som samverkans\u00adofficer i andra myndigheter, l\u00e4ns\u00adstyrelser, regioner eller kommuner.<\/p>\n\n\n<div class=\"wp-block-image\">\n<figure class=\"alignleft size-large is-resized\"><img loading=\"lazy\" decoding=\"async\" src=\"https:\/\/reservofficerarna.se\/app\/uploads\/sites\/2\/2023\/08\/nils-kjellgren-edited-2.jpg\" alt=\"\" class=\"wp-image-873\" width=\"235\" height=\"146\" srcset=\"https:\/\/reservofficerarna.se\/app\/uploads\/sites\/2\/2023\/08\/nils-kjellgren-edited-2.jpg 974w, https:\/\/reservofficerarna.se\/app\/uploads\/sites\/2\/2023\/08\/nils-kjellgren-edited-2-800x500.jpg 800w, https:\/\/reservofficerarna.se\/app\/uploads\/sites\/2\/2023\/08\/nils-kjellgren-edited-2-300x188.jpg 300w\" sizes=\"auto, (max-width: 235px) 100vw, 235px\" \/><figcaption class=\"font-sans mt-2 text-sm md:text-base\">Nils Kjellgren.<\/figcaption><\/figure>\n<\/div>\n\n\n<p>\u2013 Jag tror att vi lyckades tillf\u00f6ra en ny dimension avseende bemanningen av totalf\u00f6rsvaret. Jag \u00e4r \u00f6vertygad om att reservofficerare kan tillf\u00f6ra mycket kompetens och erfarenhet som skulle gynna b\u00e5de F\u00f6rsvarsmakten och akt\u00f6rer inom civilt f\u00f6rsvar, f\u00f6rklarar Nils Kjellgren.<\/p>\n","protected":false},"excerpt":{"rendered":"<p>I slutet av april genomf\u00f6rdes ett m\u00f6te p\u00e5 departementet f\u00f6r civilt f\u00f6rsvar, i syfte att visa p\u00e5 vilken resurs som reservofficerare kan utg\u00f6ra i hela totalf\u00f6rsvaret. \u2013 Statssekreteraren Johan Berggren visade stort intresse, s\u00e4ger Nils Kjellgren, som deltog i m\u00f6tet. Av F\u00f6rsvarsmaktens 6\u2009800 reservofficerare finns en stor kompetens som s\u00e4llan eller aldrig nyttjas. Behovet av &hellip;<\/p>\n","protected":false},"author":1,"featured_media":0,"comment_status":"closed","ping_status":"closed","sticky":true,"template":"","format":"standard","meta":{"_acf_changed":false,"footnotes":""},"categories":[1],"tags":[],"class_list":["post-859","post","type-post","status-publish","format-standard","hentry","category-nyheter"],"acf":[],"yoast_head":"<!-- This site is optimized with the Yoast SEO plugin v27.4 - https:\/\/yoast.com\/product\/yoast-seo-wordpress\/ -->\n<title>Reservare \u00e4r en resurs f\u00f6r hela totalf\u00f6rsvaret - Reservofficeren<\/title>\n<meta name=\"robots\" content=\"index, follow, max-snippet:-1, max-image-preview:large, max-video-preview:-1\" \/>\n<link rel=\"canonical\" href=\"https:\/\/reservofficerarna.se\/reservofficeren\/nyheter\/reservare-ar-en-resurs-for-hela-totalforsvaret\/\" \/>\n<meta property=\"og:locale\" content=\"sv_SE\" \/>\n<meta property=\"og:type\" content=\"article\" \/>\n<meta property=\"og:title\" content=\"Reservare \u00e4r en resurs f\u00f6r hela totalf\u00f6rsvaret - Reservofficeren\" \/>\n<meta property=\"og:description\" content=\"I slutet av april genomf\u00f6rdes ett m\u00f6te p\u00e5 departementet f\u00f6r civilt f\u00f6rsvar, i syfte att visa p\u00e5 vilken resurs som reservofficerare kan utg\u00f6ra i hela totalf\u00f6rsvaret. \u2013 Statssekreteraren Johan Berggren visade stort intresse, s\u00e4ger Nils Kjellgren, som deltog i m\u00f6tet. Av F\u00f6rsvarsmaktens 6\u2009800 reservofficerare finns en stor kompetens som s\u00e4llan eller aldrig nyttjas. Behovet av &hellip;\" \/>\n<meta property=\"og:url\" content=\"https:\/\/reservofficerarna.se\/reservofficeren\/nyheter\/reservare-ar-en-resurs-for-hela-totalforsvaret\/\" \/>\n<meta property=\"og:site_name\" content=\"Reservofficeren\" \/>\n<meta property=\"article:published_time\" content=\"2023-08-15T07:00:00+00:00\" \/>\n<meta property=\"og:image\" content=\"https:\/\/reservofficerarna.se\/app\/uploads\/sites\/2\/2023\/08\/johan-berggren-edited.jpg\" \/>\n<meta name=\"author\" content=\"wpreservofficerarna\" \/>\n<meta name=\"twitter:card\" content=\"summary_large_image\" \/>\n<meta name=\"twitter:label1\" content=\"Skriven av\" \/>\n\t<meta name=\"twitter:data1\" content=\"wpreservofficerarna\" \/>\n\t<meta name=\"twitter:label2\" content=\"Ber\u00e4knad l\u00e4stid\" \/>\n\t<meta name=\"twitter:data2\" content=\"2 minuter\" \/>\n<script type=\"application\/ld+json\" class=\"yoast-schema-graph\">{\"@context\":\"https:\\\/\\\/schema.org\",\"@graph\":[{\"@type\":\"Article\",\"@id\":\"https:\\\/\\\/reservofficerarna.se\\\/reservofficeren\\\/nyheter\\\/reservare-ar-en-resurs-for-hela-totalforsvaret\\\/#article\",\"isPartOf\":{\"@id\":\"https:\\\/\\\/reservofficerarna.se\\\/reservofficeren\\\/nyheter\\\/reservare-ar-en-resurs-for-hela-totalforsvaret\\\/\"},\"author\":{\"name\":\"wpreservofficerarna\",\"@id\":\"https:\\\/\\\/staging.reservofficerarna.se\\\/reservofficeren\\\/#\\\/schema\\\/person\\\/d63322fe51ba95c7e32e60a60190148c\"},\"headline\":\"Reservare \u00e4r en resurs f\u00f6r hela totalf\u00f6rsvaret\",\"datePublished\":\"2023-08-15T07:00:00+00:00\",\"mainEntityOfPage\":{\"@id\":\"https:\\\/\\\/reservofficerarna.se\\\/reservofficeren\\\/nyheter\\\/reservare-ar-en-resurs-for-hela-totalforsvaret\\\/\"},\"wordCount\":228,\"image\":{\"@id\":\"https:\\\/\\\/reservofficerarna.se\\\/reservofficeren\\\/nyheter\\\/reservare-ar-en-resurs-for-hela-totalforsvaret\\\/#primaryimage\"},\"thumbnailUrl\":\"https:\\\/\\\/reservofficerarna.se\\\/app\\\/uploads\\\/sites\\\/2\\\/2023\\\/08\\\/johan-berggren-edited.jpg\",\"articleSection\":[\"Nyheter\"],\"inLanguage\":\"sv-SE\"},{\"@type\":\"WebPage\",\"@id\":\"https:\\\/\\\/reservofficerarna.se\\\/reservofficeren\\\/nyheter\\\/reservare-ar-en-resurs-for-hela-totalforsvaret\\\/\",\"url\":\"https:\\\/\\\/reservofficerarna.se\\\/reservofficeren\\\/nyheter\\\/reservare-ar-en-resurs-for-hela-totalforsvaret\\\/\",\"name\":\"Reservare \u00e4r en resurs f\u00f6r hela totalf\u00f6rsvaret - Reservofficeren\",\"isPartOf\":{\"@id\":\"https:\\\/\\\/staging.reservofficerarna.se\\\/reservofficeren\\\/#website\"},\"primaryImageOfPage\":{\"@id\":\"https:\\\/\\\/reservofficerarna.se\\\/reservofficeren\\\/nyheter\\\/reservare-ar-en-resurs-for-hela-totalforsvaret\\\/#primaryimage\"},\"image\":{\"@id\":\"https:\\\/\\\/reservofficerarna.se\\\/reservofficeren\\\/nyheter\\\/reservare-ar-en-resurs-for-hela-totalforsvaret\\\/#primaryimage\"},\"thumbnailUrl\":\"https:\\\/\\\/reservofficerarna.se\\\/app\\\/uploads\\\/sites\\\/2\\\/2023\\\/08\\\/johan-berggren-edited.jpg\",\"datePublished\":\"2023-08-15T07:00:00+00:00\",\"author\":{\"@id\":\"https:\\\/\\\/staging.reservofficerarna.se\\\/reservofficeren\\\/#\\\/schema\\\/person\\\/d63322fe51ba95c7e32e60a60190148c\"},\"breadcrumb\":{\"@id\":\"https:\\\/\\\/reservofficerarna.se\\\/reservofficeren\\\/nyheter\\\/reservare-ar-en-resurs-for-hela-totalforsvaret\\\/#breadcrumb\"},\"inLanguage\":\"sv-SE\",\"potentialAction\":[{\"@type\":\"ReadAction\",\"target\":[\"https:\\\/\\\/reservofficerarna.se\\\/reservofficeren\\\/nyheter\\\/reservare-ar-en-resurs-for-hela-totalforsvaret\\\/\"]}]},{\"@type\":\"ImageObject\",\"inLanguage\":\"sv-SE\",\"@id\":\"https:\\\/\\\/reservofficerarna.se\\\/reservofficeren\\\/nyheter\\\/reservare-ar-en-resurs-for-hela-totalforsvaret\\\/#primaryimage\",\"url\":\"https:\\\/\\\/reservofficerarna.se\\\/app\\\/uploads\\\/sites\\\/2\\\/2023\\\/08\\\/johan-berggren-edited.jpg\",\"contentUrl\":\"https:\\\/\\\/reservofficerarna.se\\\/app\\\/uploads\\\/sites\\\/2\\\/2023\\\/08\\\/johan-berggren-edited.jpg\"},{\"@type\":\"BreadcrumbList\",\"@id\":\"https:\\\/\\\/reservofficerarna.se\\\/reservofficeren\\\/nyheter\\\/reservare-ar-en-resurs-for-hela-totalforsvaret\\\/#breadcrumb\",\"itemListElement\":[{\"@type\":\"ListItem\",\"position\":1,\"name\":\"Hem\",\"item\":\"https:\\\/\\\/reservofficerarna.se\\\/reservofficeren\\\/\"},{\"@type\":\"ListItem\",\"position\":2,\"name\":\"Reservare \u00e4r en resurs f\u00f6r hela totalf\u00f6rsvaret\"}]},{\"@type\":\"WebSite\",\"@id\":\"https:\\\/\\\/staging.reservofficerarna.se\\\/reservofficeren\\\/#website\",\"url\":\"https:\\\/\\\/staging.reservofficerarna.se\\\/reservofficeren\\\/\",\"name\":\"Reservofficeren\",\"description\":\"F\u00f6rbundet Reservofficerarnas tidning\",\"potentialAction\":[{\"@type\":\"SearchAction\",\"target\":{\"@type\":\"EntryPoint\",\"urlTemplate\":\"https:\\\/\\\/staging.reservofficerarna.se\\\/reservofficeren\\\/?s={search_term_string}\"},\"query-input\":{\"@type\":\"PropertyValueSpecification\",\"valueRequired\":true,\"valueName\":\"search_term_string\"}}],\"inLanguage\":\"sv-SE\"},{\"@type\":\"Person\",\"@id\":\"https:\\\/\\\/staging.reservofficerarna.se\\\/reservofficeren\\\/#\\\/schema\\\/person\\\/d63322fe51ba95c7e32e60a60190148c\",\"name\":\"wpreservofficerarna\",\"sameAs\":[\"https:\\\/\\\/reservofficerarna.se\\\/wp\"]}]}<\/script>\n<!-- \/ Yoast SEO plugin. -->","yoast_head_json":{"title":"Reservare \u00e4r en resurs f\u00f6r hela totalf\u00f6rsvaret - Reservofficeren","robots":{"index":"index","follow":"follow","max-snippet":"max-snippet:-1","max-image-preview":"max-image-preview:large","max-video-preview":"max-video-preview:-1"},"canonical":"https:\/\/reservofficerarna.se\/reservofficeren\/nyheter\/reservare-ar-en-resurs-for-hela-totalforsvaret\/","og_locale":"sv_SE","og_type":"article","og_title":"Reservare \u00e4r en resurs f\u00f6r hela totalf\u00f6rsvaret - Reservofficeren","og_description":"I slutet av april genomf\u00f6rdes ett m\u00f6te p\u00e5 departementet f\u00f6r civilt f\u00f6rsvar, i syfte att visa p\u00e5 vilken resurs som reservofficerare kan utg\u00f6ra i hela totalf\u00f6rsvaret. \u2013 Statssekreteraren Johan Berggren visade stort intresse, s\u00e4ger Nils Kjellgren, som deltog i m\u00f6tet. Av F\u00f6rsvarsmaktens 6\u2009800 reservofficerare finns en stor kompetens som s\u00e4llan eller aldrig nyttjas. Behovet av &hellip;","og_url":"https:\/\/reservofficerarna.se\/reservofficeren\/nyheter\/reservare-ar-en-resurs-for-hela-totalforsvaret\/","og_site_name":"Reservofficeren","article_published_time":"2023-08-15T07:00:00+00:00","og_image":[{"url":"https:\/\/reservofficerarna.se\/app\/uploads\/sites\/2\/2023\/08\/johan-berggren-edited.jpg","type":"","width":"","height":""}],"author":"wpreservofficerarna","twitter_card":"summary_large_image","twitter_misc":{"Skriven av":"wpreservofficerarna","Ber\u00e4knad l\u00e4stid":"2 minuter"},"schema":{"@context":"https:\/\/schema.org","@graph":[{"@type":"Article","@id":"https:\/\/reservofficerarna.se\/reservofficeren\/nyheter\/reservare-ar-en-resurs-for-hela-totalforsvaret\/#article","isPartOf":{"@id":"https:\/\/reservofficerarna.se\/reservofficeren\/nyheter\/reservare-ar-en-resurs-for-hela-totalforsvaret\/"},"author":{"name":"wpreservofficerarna","@id":"https:\/\/staging.reservofficerarna.se\/reservofficeren\/#\/schema\/person\/d63322fe51ba95c7e32e60a60190148c"},"headline":"Reservare \u00e4r en resurs f\u00f6r hela totalf\u00f6rsvaret","datePublished":"2023-08-15T07:00:00+00:00","mainEntityOfPage":{"@id":"https:\/\/reservofficerarna.se\/reservofficeren\/nyheter\/reservare-ar-en-resurs-for-hela-totalforsvaret\/"},"wordCount":228,"image":{"@id":"https:\/\/reservofficerarna.se\/reservofficeren\/nyheter\/reservare-ar-en-resurs-for-hela-totalforsvaret\/#primaryimage"},"thumbnailUrl":"https:\/\/reservofficerarna.se\/app\/uploads\/sites\/2\/2023\/08\/johan-berggren-edited.jpg","articleSection":["Nyheter"],"inLanguage":"sv-SE"},{"@type":"WebPage","@id":"https:\/\/reservofficerarna.se\/reservofficeren\/nyheter\/reservare-ar-en-resurs-for-hela-totalforsvaret\/","url":"https:\/\/reservofficerarna.se\/reservofficeren\/nyheter\/reservare-ar-en-resurs-for-hela-totalforsvaret\/","name":"Reservare \u00e4r en resurs f\u00f6r hela totalf\u00f6rsvaret - Reservofficeren","isPartOf":{"@id":"https:\/\/staging.reservofficerarna.se\/reservofficeren\/#website"},"primaryImageOfPage":{"@id":"https:\/\/reservofficerarna.se\/reservofficeren\/nyheter\/reservare-ar-en-resurs-for-hela-totalforsvaret\/#primaryimage"},"image":{"@id":"https:\/\/reservofficerarna.se\/reservofficeren\/nyheter\/reservare-ar-en-resurs-for-hela-totalforsvaret\/#primaryimage"},"thumbnailUrl":"https:\/\/reservofficerarna.se\/app\/uploads\/sites\/2\/2023\/08\/johan-berggren-edited.jpg","datePublished":"2023-08-15T07:00:00+00:00","author":{"@id":"https:\/\/staging.reservofficerarna.se\/reservofficeren\/#\/schema\/person\/d63322fe51ba95c7e32e60a60190148c"},"breadcrumb":{"@id":"https:\/\/reservofficerarna.se\/reservofficeren\/nyheter\/reservare-ar-en-resurs-for-hela-totalforsvaret\/#breadcrumb"},"inLanguage":"sv-SE","potentialAction":[{"@type":"ReadAction","target":["https:\/\/reservofficerarna.se\/reservofficeren\/nyheter\/reservare-ar-en-resurs-for-hela-totalforsvaret\/"]}]},{"@type":"ImageObject","inLanguage":"sv-SE","@id":"https:\/\/reservofficerarna.se\/reservofficeren\/nyheter\/reservare-ar-en-resurs-for-hela-totalforsvaret\/#primaryimage","url":"https:\/\/reservofficerarna.se\/app\/uploads\/sites\/2\/2023\/08\/johan-berggren-edited.jpg","contentUrl":"https:\/\/reservofficerarna.se\/app\/uploads\/sites\/2\/2023\/08\/johan-berggren-edited.jpg"},{"@type":"BreadcrumbList","@id":"https:\/\/reservofficerarna.se\/reservofficeren\/nyheter\/reservare-ar-en-resurs-for-hela-totalforsvaret\/#breadcrumb","itemListElement":[{"@type":"ListItem","position":1,"name":"Hem","item":"https:\/\/reservofficerarna.se\/reservofficeren\/"},{"@type":"ListItem","position":2,"name":"Reservare \u00e4r en resurs f\u00f6r hela totalf\u00f6rsvaret"}]},{"@type":"WebSite","@id":"https:\/\/staging.reservofficerarna.se\/reservofficeren\/#website","url":"https:\/\/staging.reservofficerarna.se\/reservofficeren\/","name":"Reservofficeren","description":"F\u00f6rbundet Reservofficerarnas tidning","potentialAction":[{"@type":"SearchAction","target":{"@type":"EntryPoint","urlTemplate":"https:\/\/staging.reservofficerarna.se\/reservofficeren\/?s={search_term_string}"},"query-input":{"@type":"PropertyValueSpecification","valueRequired":true,"valueName":"search_term_string"}}],"inLanguage":"sv-SE"},{"@type":"Person","@id":"https:\/\/staging.reservofficerarna.se\/reservofficeren\/#\/schema\/person\/d63322fe51ba95c7e32e60a60190148c","name":"wpreservofficerarna","sameAs":["https:\/\/reservofficerarna.se\/wp"]}]}},"_links":{"self":[{"href":"https:\/\/reservofficerarna.se\/reservofficeren\/wp-json\/wp\/v2\/posts\/859","targetHints":{"allow":["GET"]}}],"collection":[{"href":"https:\/\/reservofficerarna.se\/reservofficeren\/wp-json\/wp\/v2\/posts"}],"about":[{"href":"https:\/\/reservofficerarna.se\/reservofficeren\/wp-json\/wp\/v2\/types\/post"}],"author":[{"embeddable":true,"href":"https:\/\/reservofficerarna.se\/reservofficeren\/wp-json\/wp\/v2\/users\/1"}],"replies":[{"embeddable":true,"href":"https:\/\/reservofficerarna.se\/reservofficeren\/wp-json\/wp\/v2\/comments?post=859"}],"version-history":[{"count":8,"href":"https:\/\/reservofficerarna.se\/reservofficeren\/wp-json\/wp\/v2\/posts\/859\/revisions"}],"predecessor-version":[{"id":876,"href":"https:\/\/reservofficerarna.se\/reservofficeren\/wp-json\/wp\/v2\/posts\/859\/revisions\/876"}],"wp:attachment":[{"href":"https:\/\/reservofficerarna.se\/reservofficeren\/wp-json\/wp\/v2\/media?parent=859"}],"wp:term":[{"taxonomy":"category","embeddable":true,"href":"https:\/\/reservofficerarna.se\/reservofficeren\/wp-json\/wp\/v2\/categories?post=859"},{"taxonomy":"post_tag","embeddable":true,"href":"https:\/\/reservofficerarna.se\/reservofficeren\/wp-json\/wp\/v2\/tags?post=859"}],"curies":[{"name":"wp","href":"https:\/\/api.w.org\/{rel}","templated":true}]}}